{"id":213199,"date":"2023-10-21T20:49:15","date_gmt":"2023-10-21T18:49:15","guid":{"rendered":"https:\/\/www.prijedordanas.com\/?p=213199"},"modified":"2023-10-22T11:12:47","modified_gmt":"2023-10-22T09:12:47","slug":"na-velikom-skolskom-casu-u-kragujevcu-izvedena-poema-sum-sumarice-autora-darka-cvijetica-za-koju-je-muziku-napisao-igor-motl","status":"publish","type":"post","link":"https:\/\/www.prijedordanas.com\/?p=213199","title":{"rendered":"Na &#8220;Velikom \u0161kolskom \u010dasu&#8221; u Kragujevcu izvedena poema &#8220;\u0160um \u0160umarice&#8221; autora Darka Cvijeti\u0107a, za koju je muziku napisao Igor Motl"},"content":{"rendered":"<p><a href=\"https:\/\/www.prijedordanas.com\/wp-content\/uploads\/2023\/10\/kragujevac-veliki-skolski-cas-2023-1.jpg\"><img loading=\"lazy\" decoding=\"async\" class=\"alignleft size-medium wp-image-213200\" src=\"https:\/\/www.prijedordanas.com\/wp-content\/uploads\/2023\/10\/kragujevac-veliki-skolski-cas-2023-1-300x225.jpg\" alt=\"\" width=\"300\" height=\"225\" srcset=\"https:\/\/www.prijedordanas.com\/wp-content\/uploads\/2023\/10\/kragujevac-veliki-skolski-cas-2023-1-300x225.jpg 300w, https:\/\/www.prijedordanas.com\/wp-content\/uploads\/2023\/10\/kragujevac-veliki-skolski-cas-2023-1-640x480.jpg 640w, https:\/\/www.prijedordanas.com\/wp-content\/uploads\/2023\/10\/kragujevac-veliki-skolski-cas-2023-1.jpg 667w\" sizes=\"(max-width: 300px) 100vw, 300px\" \/><\/a>Na &#8220;Velikom \u0161kolskom \u010dasu&#8221; u Kragujevcu, povodom obilje\u017eavanja 82 godine od strijeljanja oko 3.000 civila u Drugom svjetskom ratu me\u0111u kojima su bili i \u0111aci i profesori kragujeva\u010dke gimnazije, danas je izvedena poema Darka Cvijeti\u0107a iz Prijedora &#8220;\u0160um \u0160umarice&#8221;, koja je opomena, kroz razgovor \u017eivih i mrtvih, da se ne ponovi.<\/p>\n<p>Poemu, koju je re\u017eirao Marko Misira\u010da iz Kozarske Dubice, muziku napisao Prijedor\u010danin Igor Motl, a izveo gluma\u010dki ansambl Knja\u017eevsko-srpskog teatra iz Kragujevca, \u010dini 20 monologa, ispovijesti bez po\u010detka i kraja, \u017eivih i mrtvih, pre\u017eivjelih, \u017eena, djece i njema\u010dkih vojnika.<\/p>\n<p>Dvadeseti monolog \u010dine pisma i poruke koje su pred strijeljanje ostavili \u0111aci i o\u010devi, kao i poruke iz Knjige \u017ealosti u Muzeju &#8220;21. oktobar&#8221;, objavljeno je na sajtu Vlade Srbije.<\/p>\n<p><a href=\"https:\/\/www.prijedordanas.com\/wp-content\/uploads\/2023\/10\/rse-cvijetic-sumarice.jpg\"><img loading=\"lazy\" decoding=\"async\" class=\"alignleft size-medium wp-image-213202\" src=\"https:\/\/www.prijedordanas.com\/wp-content\/uploads\/2023\/10\/rse-cvijetic-sumarice-300x225.jpg\" alt=\"\" width=\"300\" height=\"225\" srcset=\"https:\/\/www.prijedordanas.com\/wp-content\/uploads\/2023\/10\/rse-cvijetic-sumarice-300x225.jpg 300w, https:\/\/www.prijedordanas.com\/wp-content\/uploads\/2023\/10\/rse-cvijetic-sumarice-640x480.jpg 640w, https:\/\/www.prijedordanas.com\/wp-content\/uploads\/2023\/10\/rse-cvijetic-sumarice.jpg 667w\" sizes=\"(max-width: 300px) 100vw, 300px\" \/><\/a>&#8220;Sad kad sam ovdje osjetim silno uzbu\u0111enje, strah, tremu, osjetim \u010dudnu energiju koju jo\u0161 nisam osvijestio, nisam je racionalizovao i beskrajno sam ponosan \u0161to sam ovde i \u0161to moja mala rije\u010d daje glas tim ljudima&#8221;, rekao je Cvijeti\u0107, pisac poeme &#8220;\u0160um \u0160umarice&#8221;.<\/p>\n<p>Reditelj Marko Misira\u010da rekao je da se ovaj doga\u0111aj desio sad ve\u0107 u nekoj davnoj pro\u0161losti, a zapravo stalno traje. &#8220;Taj Au\u0161vic, Jasenovac, \u0160umarice, stalno su prisutni&#8221;, naveo je Misira\u010da.<\/p>\n<p>Kustos u Spomen-parku &#8220;Kragujeva\u010dki oktobar&#8221; Jelena Davidovi\u0107 rekla je da postoji potresna slika gdje \u017eene \u010dekaju u red za hljeb i sve do jedne nose crne marame, me\u0111u njima i majke 300 \u0111aka, odvedenih iz \u0161kolskih klupa na strati\u0161te.<\/p>\n<p>Istori\u010dar u Spomen-parku &#8220;Kragujeva\u010dki oktobar&#8221; Marko Terzi\u0107 rekao je da je u ovom zlo\u010dinu bilo brutalno ubijanje \u0111aka.<\/p>\n<p><a href=\"https:\/\/www.prijedordanas.com\/wp-content\/uploads\/2023\/10\/kragujevac-veliki-skolski-cas-2023-2.jpg\"><img loading=\"lazy\" decoding=\"async\" src=\"https:\/\/www.prijedordanas.com\/wp-content\/uploads\/2023\/10\/kragujevac-veliki-skolski-cas-2023-2-300x200.jpg\" alt=\"\" width=\"300\" height=\"200\" class=\"alignleft size-medium wp-image-213203\" srcset=\"https:\/\/www.prijedordanas.com\/wp-content\/uploads\/2023\/10\/kragujevac-veliki-skolski-cas-2023-2-300x200.jpg 300w, https:\/\/www.prijedordanas.com\/wp-content\/uploads\/2023\/10\/kragujevac-veliki-skolski-cas-2023-2-480x320.jpg 480w, https:\/\/www.prijedordanas.com\/wp-content\/uploads\/2023\/10\/kragujevac-veliki-skolski-cas-2023-2.jpg 600w\" sizes=\"(max-width: 300px) 100vw, 300px\" \/><\/a>&#8220;Najmla\u0111i de\u010dak za koga mi sigurno znamo identitet, a verovatno je bilo \u010dak i mla\u0111ih, zvao se Dragi\u0161a Nikoli\u0107, imao je nekih 12 godina&#8221;, naveo je Terzi\u0107.<\/p>\n<p>Predsjednik Skup\u0161tine Srbije Vladimir Orli\u0107 izjavio je danas da su Srbi tokom istorije na najte\u017ei mogu\u0107i na\u010din, kroz svoja stradanja, shvatili i nau\u010dili da na ovom svijetu pravde nema.<\/p>\n<p>&#8220;I nema tog prava koje veliki silni i mo\u0107ni nisu u stanju da pogaze ukoliko misle da to \u010dini ne\u0161to njihovim interesima. To smo razumeli&#8221;, rekao je Orli\u0107.<\/p>\n<p>&#8220;Veliki \u0161kolski \u010das&#8221; odr\u017eava se od 1971. godine, uz poruku mira &#8220;Dosta su svetu jedne \u0160umarice&#8221;.<\/p>\n<p>Prvo je jutros slu\u017eena liturgija u Hramu Svetih novomu\u010denika kragujeva\u010dkih u \u0160umaricama, a zatim moleban Svetim novomu\u010denicima kragujeva\u010dkim.<\/p>\n<p>Uz humke strijeljanih vijence su polo\u017eili u\u010denici Prve kragujeva\u010dke gimnazije, dr\u017eavni zvani\u010dnici, predstavnici grada Kragujevca, ambasada, delegacije gradova pobratima, potomci strijeljanih.<\/p>\n<p>Kragujeva\u010dki oktobar ili Kragujeva\u010dki masakr je stravi\u010dni zlo\u010din koji su nad civilnim stanovni\u0161tvom Kragujevca i okolnih sela po\u010dinile okupacione snage nacisti\u010dke NJema\u010dke 19, 20. i 21. oktobra 1941. godine.<\/p>\n<p>NJema\u010dki okupatori su 21. oktobra 1941. godine, u znak odmazde zbog akcije pokreta otpora u kojoj je ubijeno 10 i ranjeno 26 vojnika njema\u010dkog Vermahta, strijeljali 2.796 civila iz Kragujevca i okolnih sela, me\u0111u kojima je bilo 300 \u0111aka i profesora Prve kragujeva\u010dke gimnazije i petnaestoro djece izme\u0111u osam i 15 godina.<\/p>\n<p>NJema\u010dki komandant Franc Beme je 10. oktobra izdao naredbu da se za jednog ubijenog njema\u010dkog vojnika strijelja 100 ljudi, a za jednog ranjenog 50.<\/p>\n<p>Naredba o strijeljanju 100 gra\u0111ana za jednog Nijemca va\u017eila je samo za Srbiju, jer je Hitler zazirao od srpskog otpora, sje\u0107aju\u0107i se Prvog svjetskog rata.<\/p>\n<p>U spomen na \u017ertve strijeljanja, cijeli prostor \u0160umarica pretvoren je u spomen-park.<\/p>\n<p>Memorijalni kompleks obuhvata 352 hektara, a oko njega vodi kru\u017eni put du\u017eine sedam kilometara koji ide ka dolinama Erdoglijskog i Su\u0161i\u010dkog potoka, gdje su strijeljanja izvr\u0161ena.<\/p>\n<p>SRNA<br \/>\nFoto &#8211; Grad kragujevac<br \/>\nFoto &#8211; slobodnaevropa.org<\/p>\n","protected":false},"excerpt":{"rendered":"<p>Na &#8220;Velikom \u0161kolskom \u010dasu&#8221; u Kragujevcu, povodom obilje\u017eavanja 82 godine od strijeljanja oko 3.000 civila u Drugom svjetskom ratu me\u0111u kojima su bili i \u0111aci i profesori kragujeva\u010dke gimnazije, danas [&hellip;]<\/p>\n","protected":false},"author":1,"featured_media":0,"comment_status":"closed","ping_status":"open","sticky":false,"template":"","format":"standard","meta":{"_monsterinsights_skip_tracking":false,"_monsterinsights_sitenote_active":false,"_monsterinsights_sitenote_note":"","_monsterinsights_sitenote_category":0,"footnotes":""},"categories":[8],"tags":[],"yoast_head":"<!-- This site is optimized with the Yoast SEO plugin v21.6 - https:\/\/yoast.com\/wordpress\/plugins\/seo\/ -->\n<title>Na &quot;Velikom \u0161kolskom \u010dasu&quot; u Kragujevcu izvedena poema &quot;\u0160um \u0160umarice&quot; autora Darka Cvijeti\u0107a, za koju je muziku napisao Igor Motl - PrijedorDanas.com - Prijedorski gradski portal<\/title>\n<meta name=\"robots\" content=\"index, follow, max-snippet:-1, max-image-preview:large, max-video-preview:-1\" \/>\n<link rel=\"canonical\" href=\"https:\/\/www.prijedordanas.com\/?p=213199\" \/>\n<meta property=\"og:locale\" content=\"en_US\" \/>\n<meta property=\"og:type\" content=\"article\" \/>\n<meta property=\"og:title\" content=\"Na &quot;Velikom \u0161kolskom \u010dasu&quot; u Kragujevcu izvedena poema &quot;\u0160um \u0160umarice&quot; autora Darka Cvijeti\u0107a, za koju je muziku napisao Igor Motl - PrijedorDanas.com - Prijedorski gradski portal\" \/>\n<meta property=\"og:description\" content=\"Na &#8220;Velikom \u0161kolskom \u010dasu&#8221; u Kragujevcu, povodom obilje\u017eavanja 82 godine od strijeljanja oko 3.000 civila u Drugom svjetskom ratu me\u0111u kojima su bili i \u0111aci i profesori kragujeva\u010dke gimnazije, danas [&hellip;]\" \/>\n<meta property=\"og:url\" content=\"https:\/\/www.prijedordanas.com\/?p=213199\" \/>\n<meta property=\"og:site_name\" content=\"PrijedorDanas.com - Prijedorski gradski portal\" \/>\n<meta property=\"article:publisher\" content=\"https:\/\/www.facebook.com\/PrijedorDanasCom\/\" \/>\n<meta property=\"article:published_time\" content=\"2023-10-21T18:49:15+00:00\" \/>\n<meta property=\"article:modified_time\" content=\"2023-10-22T09:12:47+00:00\" \/>\n<meta property=\"og:image\" content=\"https:\/\/www.prijedordanas.com\/wp-content\/uploads\/2023\/10\/kragujevac-veliki-skolski-cas-2023-1-300x225.jpg\" \/>\n<meta name=\"author\" content=\"admin\" \/>\n<meta name=\"twitter:card\" content=\"summary_large_image\" \/>\n<meta name=\"twitter:label1\" content=\"Written by\" \/>\n\t<meta name=\"twitter:data1\" content=\"admin\" \/>\n\t<meta name=\"twitter:label2\" content=\"Est. reading time\" \/>\n\t<meta name=\"twitter:data2\" content=\"3 minutes\" \/>\n<script type=\"application\/ld+json\" class=\"yoast-schema-graph\">{\"@context\":\"https:\/\/schema.org\",\"@graph\":[{\"@type\":\"Article\",\"@id\":\"https:\/\/www.prijedordanas.com\/?p=213199#article\",\"isPartOf\":{\"@id\":\"https:\/\/www.prijedordanas.com\/?p=213199\"},\"author\":{\"name\":\"admin\",\"@id\":\"https:\/\/www.prijedordanas.com\/#\/schema\/person\/4e08ccf29b506ca916ff86d46bb700e6\"},\"headline\":\"Na &#8220;Velikom \u0161kolskom \u010dasu&#8221; u Kragujevcu izvedena poema &#8220;\u0160um \u0160umarice&#8221; autora Darka Cvijeti\u0107a, za koju je muziku napisao Igor Motl\",\"datePublished\":\"2023-10-21T18:49:15+00:00\",\"dateModified\":\"2023-10-22T09:12:47+00:00\",\"mainEntityOfPage\":{\"@id\":\"https:\/\/www.prijedordanas.com\/?p=213199\"},\"wordCount\":634,\"publisher\":{\"@id\":\"https:\/\/www.prijedordanas.com\/#organization\"},\"articleSection\":[\"Svakodnevno\"],\"inLanguage\":\"en-US\"},{\"@type\":\"WebPage\",\"@id\":\"https:\/\/www.prijedordanas.com\/?p=213199\",\"url\":\"https:\/\/www.prijedordanas.com\/?p=213199\",\"name\":\"Na \\\"Velikom \u0161kolskom \u010dasu\\\" u Kragujevcu izvedena poema \\\"\u0160um \u0160umarice\\\" autora Darka Cvijeti\u0107a, za koju je muziku napisao Igor Motl - PrijedorDanas.com - Prijedorski gradski portal\",\"isPartOf\":{\"@id\":\"https:\/\/www.prijedordanas.com\/#website\"},\"datePublished\":\"2023-10-21T18:49:15+00:00\",\"dateModified\":\"2023-10-22T09:12:47+00:00\",\"breadcrumb\":{\"@id\":\"https:\/\/www.prijedordanas.com\/?p=213199#breadcrumb\"},\"inLanguage\":\"en-US\",\"potentialAction\":[{\"@type\":\"ReadAction\",\"target\":[\"https:\/\/www.prijedordanas.com\/?p=213199\"]}]},{\"@type\":\"BreadcrumbList\",\"@id\":\"https:\/\/www.prijedordanas.com\/?p=213199#breadcrumb\",\"itemListElement\":[{\"@type\":\"ListItem\",\"position\":1,\"name\":\"Home\",\"item\":\"https:\/\/www.prijedordanas.com\/\"},{\"@type\":\"ListItem\",\"position\":2,\"name\":\"Na &#8220;Velikom \u0161kolskom \u010dasu&#8221; u Kragujevcu izvedena poema &#8220;\u0160um \u0160umarice&#8221; autora Darka Cvijeti\u0107a, za koju je muziku napisao Igor Motl\"}]},{\"@type\":\"WebSite\",\"@id\":\"https:\/\/www.prijedordanas.com\/#website\",\"url\":\"https:\/\/www.prijedordanas.com\/\",\"name\":\"PrijedorDanas.com - Prijedorski gradski portal\",\"description\":\"Portal o doga\u0111anjima u gradu Prijedoru\",\"publisher\":{\"@id\":\"https:\/\/www.prijedordanas.com\/#organization\"},\"potentialAction\":[{\"@type\":\"SearchAction\",\"target\":{\"@type\":\"EntryPoint\",\"urlTemplate\":\"https:\/\/www.prijedordanas.com\/?s={search_term_string}\"},\"query-input\":\"required name=search_term_string\"}],\"inLanguage\":\"en-US\"},{\"@type\":\"Organization\",\"@id\":\"https:\/\/www.prijedordanas.com\/#organization\",\"name\":\"PrijedorDanas.com\",\"url\":\"https:\/\/www.prijedordanas.com\/\",\"logo\":{\"@type\":\"ImageObject\",\"inLanguage\":\"en-US\",\"@id\":\"https:\/\/www.prijedordanas.com\/#\/schema\/logo\/image\/\",\"url\":\"http:\/\/www.prijedordanas.com\/wp-content\/uploads\/2021\/12\/logopng.png\",\"contentUrl\":\"http:\/\/www.prijedordanas.com\/wp-content\/uploads\/2021\/12\/logopng.png\",\"width\":1019,\"height\":776,\"caption\":\"PrijedorDanas.com\"},\"image\":{\"@id\":\"https:\/\/www.prijedordanas.com\/#\/schema\/logo\/image\/\"},\"sameAs\":[\"https:\/\/www.facebook.com\/PrijedorDanasCom\/\"]},{\"@type\":\"Person\",\"@id\":\"https:\/\/www.prijedordanas.com\/#\/schema\/person\/4e08ccf29b506ca916ff86d46bb700e6\",\"name\":\"admin\",\"image\":{\"@type\":\"ImageObject\",\"inLanguage\":\"en-US\",\"@id\":\"https:\/\/www.prijedordanas.com\/#\/schema\/person\/image\/\",\"url\":\"https:\/\/secure.gravatar.com\/avatar\/1d3fc949d550f0b53a5f0d51e06dfd79?s=96&d=mm&r=g\",\"contentUrl\":\"https:\/\/secure.gravatar.com\/avatar\/1d3fc949d550f0b53a5f0d51e06dfd79?s=96&d=mm&r=g\",\"caption\":\"admin\"},\"url\":\"https:\/\/www.prijedordanas.com\/?author=1\"}]}<\/script>\n<!-- \/ Yoast SEO plugin. -->","yoast_head_json":{"title":"Na \"Velikom \u0161kolskom \u010dasu\" u Kragujevcu izvedena poema \"\u0160um \u0160umarice\" autora Darka Cvijeti\u0107a, za koju je muziku napisao Igor Motl - PrijedorDanas.com - Prijedorski gradski portal","robots":{"index":"index","follow":"follow","max-snippet":"max-snippet:-1","max-image-preview":"max-image-preview:large","max-video-preview":"max-video-preview:-1"},"canonical":"https:\/\/www.prijedordanas.com\/?p=213199","og_locale":"en_US","og_type":"article","og_title":"Na \"Velikom \u0161kolskom \u010dasu\" u Kragujevcu izvedena poema \"\u0160um \u0160umarice\" autora Darka Cvijeti\u0107a, za koju je muziku napisao Igor Motl - PrijedorDanas.com - Prijedorski gradski portal","og_description":"Na &#8220;Velikom \u0161kolskom \u010dasu&#8221; u Kragujevcu, povodom obilje\u017eavanja 82 godine od strijeljanja oko 3.000 civila u Drugom svjetskom ratu me\u0111u kojima su bili i \u0111aci i profesori kragujeva\u010dke gimnazije, danas [&hellip;]","og_url":"https:\/\/www.prijedordanas.com\/?p=213199","og_site_name":"PrijedorDanas.com - Prijedorski gradski portal","article_publisher":"https:\/\/www.facebook.com\/PrijedorDanasCom\/","article_published_time":"2023-10-21T18:49:15+00:00","article_modified_time":"2023-10-22T09:12:47+00:00","og_image":[{"url":"https:\/\/www.prijedordanas.com\/wp-content\/uploads\/2023\/10\/kragujevac-veliki-skolski-cas-2023-1-300x225.jpg"}],"author":"admin","twitter_card":"summary_large_image","twitter_misc":{"Written by":"admin","Est. reading time":"3 minutes"},"schema":{"@context":"https:\/\/schema.org","@graph":[{"@type":"Article","@id":"https:\/\/www.prijedordanas.com\/?p=213199#article","isPartOf":{"@id":"https:\/\/www.prijedordanas.com\/?p=213199"},"author":{"name":"admin","@id":"https:\/\/www.prijedordanas.com\/#\/schema\/person\/4e08ccf29b506ca916ff86d46bb700e6"},"headline":"Na &#8220;Velikom \u0161kolskom \u010dasu&#8221; u Kragujevcu izvedena poema &#8220;\u0160um \u0160umarice&#8221; autora Darka Cvijeti\u0107a, za koju je muziku napisao Igor Motl","datePublished":"2023-10-21T18:49:15+00:00","dateModified":"2023-10-22T09:12:47+00:00","mainEntityOfPage":{"@id":"https:\/\/www.prijedordanas.com\/?p=213199"},"wordCount":634,"publisher":{"@id":"https:\/\/www.prijedordanas.com\/#organization"},"articleSection":["Svakodnevno"],"inLanguage":"en-US"},{"@type":"WebPage","@id":"https:\/\/www.prijedordanas.com\/?p=213199","url":"https:\/\/www.prijedordanas.com\/?p=213199","name":"Na \"Velikom \u0161kolskom \u010dasu\" u Kragujevcu izvedena poema \"\u0160um \u0160umarice\" autora Darka Cvijeti\u0107a, za koju je muziku napisao Igor Motl - PrijedorDanas.com - Prijedorski gradski portal","isPartOf":{"@id":"https:\/\/www.prijedordanas.com\/#website"},"datePublished":"2023-10-21T18:49:15+00:00","dateModified":"2023-10-22T09:12:47+00:00","breadcrumb":{"@id":"https:\/\/www.prijedordanas.com\/?p=213199#breadcrumb"},"inLanguage":"en-US","potentialAction":[{"@type":"ReadAction","target":["https:\/\/www.prijedordanas.com\/?p=213199"]}]},{"@type":"BreadcrumbList","@id":"https:\/\/www.prijedordanas.com\/?p=213199#breadcrumb","itemListElement":[{"@type":"ListItem","position":1,"name":"Home","item":"https:\/\/www.prijedordanas.com\/"},{"@type":"ListItem","position":2,"name":"Na &#8220;Velikom \u0161kolskom \u010dasu&#8221; u Kragujevcu izvedena poema &#8220;\u0160um \u0160umarice&#8221; autora Darka Cvijeti\u0107a, za koju je muziku napisao Igor Motl"}]},{"@type":"WebSite","@id":"https:\/\/www.prijedordanas.com\/#website","url":"https:\/\/www.prijedordanas.com\/","name":"PrijedorDanas.com - Prijedorski gradski portal","description":"Portal o doga\u0111anjima u gradu Prijedoru","publisher":{"@id":"https:\/\/www.prijedordanas.com\/#organization"},"potentialAction":[{"@type":"SearchAction","target":{"@type":"EntryPoint","urlTemplate":"https:\/\/www.prijedordanas.com\/?s={search_term_string}"},"query-input":"required name=search_term_string"}],"inLanguage":"en-US"},{"@type":"Organization","@id":"https:\/\/www.prijedordanas.com\/#organization","name":"PrijedorDanas.com","url":"https:\/\/www.prijedordanas.com\/","logo":{"@type":"ImageObject","inLanguage":"en-US","@id":"https:\/\/www.prijedordanas.com\/#\/schema\/logo\/image\/","url":"http:\/\/www.prijedordanas.com\/wp-content\/uploads\/2021\/12\/logopng.png","contentUrl":"http:\/\/www.prijedordanas.com\/wp-content\/uploads\/2021\/12\/logopng.png","width":1019,"height":776,"caption":"PrijedorDanas.com"},"image":{"@id":"https:\/\/www.prijedordanas.com\/#\/schema\/logo\/image\/"},"sameAs":["https:\/\/www.facebook.com\/PrijedorDanasCom\/"]},{"@type":"Person","@id":"https:\/\/www.prijedordanas.com\/#\/schema\/person\/4e08ccf29b506ca916ff86d46bb700e6","name":"admin","image":{"@type":"ImageObject","inLanguage":"en-US","@id":"https:\/\/www.prijedordanas.com\/#\/schema\/person\/image\/","url":"https:\/\/secure.gravatar.com\/avatar\/1d3fc949d550f0b53a5f0d51e06dfd79?s=96&d=mm&r=g","contentUrl":"https:\/\/secure.gravatar.com\/avatar\/1d3fc949d550f0b53a5f0d51e06dfd79?s=96&d=mm&r=g","caption":"admin"},"url":"https:\/\/www.prijedordanas.com\/?author=1"}]}},"_links":{"self":[{"href":"https:\/\/www.prijedordanas.com\/index.php?rest_route=\/wp\/v2\/posts\/213199"}],"collection":[{"href":"https:\/\/www.prijedordanas.com\/index.php?rest_route=\/wp\/v2\/posts"}],"about":[{"href":"https:\/\/www.prijedordanas.com\/index.php?rest_route=\/wp\/v2\/types\/post"}],"author":[{"embeddable":true,"href":"https:\/\/www.prijedordanas.com\/index.php?rest_route=\/wp\/v2\/users\/1"}],"replies":[{"embeddable":true,"href":"https:\/\/www.prijedordanas.com\/index.php?rest_route=%2Fwp%2Fv2%2Fcomments&post=213199"}],"version-history":[{"count":1,"href":"https:\/\/www.prijedordanas.com\/index.php?rest_route=\/wp\/v2\/posts\/213199\/revisions"}],"predecessor-version":[{"id":213204,"href":"https:\/\/www.prijedordanas.com\/index.php?rest_route=\/wp\/v2\/posts\/213199\/revisions\/213204"}],"wp:attachment":[{"href":"https:\/\/www.prijedordanas.com\/index.php?rest_route=%2Fwp%2Fv2%2Fmedia&parent=213199"}],"wp:term":[{"taxonomy":"category","embeddable":true,"href":"https:\/\/www.prijedordanas.com\/index.php?rest_route=%2Fwp%2Fv2%2Fcategories&post=213199"},{"taxonomy":"post_tag","embeddable":true,"href":"https:\/\/www.prijedordanas.com\/index.php?rest_route=%2Fwp%2Fv2%2Ftags&post=213199"}],"curies":[{"name":"wp","href":"https:\/\/api.w.org\/{rel}","templated":true}]}}