{"id":212974,"date":"2023-10-17T22:45:16","date_gmt":"2023-10-17T20:45:16","guid":{"rendered":"https:\/\/www.prijedordanas.com\/?p=212974"},"modified":"2023-10-17T22:45:16","modified_gmt":"2023-10-17T20:45:16","slug":"rukometasi-prijedora-deklasirali-srbac-rezultatom-3828-foto","status":"publish","type":"post","link":"https:\/\/www.prijedordanas.com\/?p=212974","title":{"rendered":"Rukometa\u0161i &#8220;Prijedora&#8221; deklasirali &#8220;Srbac&#8221; rezultatom 38:28 &#8211; FOTO"},"content":{"rendered":"<p><a href=\"https:\/\/www.prijedordanas.com\/wp-content\/uploads\/2023\/10\/ork-prijedor-2023jesen.jpg\"><img loading=\"lazy\" decoding=\"async\" class=\"alignleft size-medium wp-image-212979\" src=\"https:\/\/www.prijedordanas.com\/wp-content\/uploads\/2023\/10\/ork-prijedor-2023jesen-300x225.jpg\" alt=\"\" width=\"300\" height=\"225\" srcset=\"https:\/\/www.prijedordanas.com\/wp-content\/uploads\/2023\/10\/ork-prijedor-2023jesen-300x225.jpg 300w, https:\/\/www.prijedordanas.com\/wp-content\/uploads\/2023\/10\/ork-prijedor-2023jesen-640x480.jpg 640w, https:\/\/www.prijedordanas.com\/wp-content\/uploads\/2023\/10\/ork-prijedor-2023jesen.jpg 667w\" sizes=\"(max-width: 300px) 100vw, 300px\" \/><\/a>U susretu 3. kola Druge lige Republike Srpske &#8211; Grupa &#8220;Zapad&#8221;, rukometa\u0161i Prijedora savladali su ekipu RK Srbac rezultatom 38:28 (21:14).<\/p>\n<p>Nakon po\u010detnog vo\u0111stva gostiju, Prijedor\u010dani su se rastr\u010dali po terenu, razbranio se golman Kragulj pa su doma\u0107i iz minuta u minut pove\u0107avali prednost.<\/p>\n<p>Na odmor se oti\u0161lo pri rezultatu 21:14.<\/p>\n<p>Izabranici trenera Radakovi\u0107a su u nastavku odr\u017eavali ste\u010denu prednost.<\/p>\n<p>Do kraja utakmice stigli su i do +10 za kona\u010dnih 38:28.<\/p>\n<p>U redovima doma\u0107ih izdvojili su se Puzi\u0107 i \u0110akovi\u0107 sa 8 te Tubin sa 7 golova, dok je u redovima gostiju bio najefikasniji pojedinac susreta \u0110uri\u0107 sa 11 pogodaka.<\/p>\n<p>Nakon remija i poraza, ovo je bila prva prvenstvena pobjeda ORK Prijedor u novoj sezoni.<\/p>\n<p><a href=\"https:\/\/www.prijedordanas.com\/wp-content\/uploads\/2023\/10\/rukomet-prijedor-srbac-1.jpg\"><img loading=\"lazy\" decoding=\"async\" src=\"https:\/\/www.prijedordanas.com\/wp-content\/uploads\/2023\/10\/rukomet-prijedor-srbac-1-300x225.jpg\" alt=\"\" width=\"300\" height=\"225\" class=\"alignleft size-medium wp-image-212980\" srcset=\"https:\/\/www.prijedordanas.com\/wp-content\/uploads\/2023\/10\/rukomet-prijedor-srbac-1-300x225.jpg 300w, https:\/\/www.prijedordanas.com\/wp-content\/uploads\/2023\/10\/rukomet-prijedor-srbac-1-640x480.jpg 640w, https:\/\/www.prijedordanas.com\/wp-content\/uploads\/2023\/10\/rukomet-prijedor-srbac-1.jpg 667w\" sizes=\"(max-width: 300px) 100vw, 300px\" \/><\/a>ORK Prijedor: RK Srbac 38:28<\/p>\n<p>Prijedor<br \/>\nDvorana Mladost<br \/>\nGledalaca: 50<br \/>\nSudije: Anu\u0161i\u0107\/Anu\u0161i\u0107 (oba iz Prijedora)<br \/>\nSedmerci: Prijedor 4(1), Srbac 4(3)<br \/>\nIsklju\u010denja: Prijedor 6 minuta, Srbac 12 minuta<\/p>\n<p>ORK Prijedor<br \/>\nKragulj, Stevandi\u0107 4, Boji\u0107, Puzi\u0107 8, Davidovi\u0107 5, Mudrini\u0107 2, \u0110akovi\u0107 8, Tubin 7, Novakovi\u0107 2, Milju\u0161, Li\u010danin, Mar\u010deti\u0107, Stojanovi\u0107 2, Kondi\u0107, Vranje\u0161<\/p>\n<p>Srbac<br \/>\nMateri\u0107, Devi\u0107, Babi\u0107 4, Vojinovi\u0107 4, \u0110uri\u0107 11, Mari\u0107 3, Slatinac 3, Vasi\u0107 3<\/p>\n<p>Tekst i foto \u2013 <a href=\"https:\/\/www.prijedordanas.com\" target=\"_blank\" rel=\"noopener noreferrer\">www.prijedordanas.com<\/a><\/p>\n<p><a href=\"https:\/\/www.prijedordanas.com\/wp-content\/uploads\/2023\/10\/rukomet-prijedor-srbac-2.jpg\"><img loading=\"lazy\" decoding=\"async\" src=\"https:\/\/www.prijedordanas.com\/wp-content\/uploads\/2023\/10\/rukomet-prijedor-srbac-2-300x225.jpg\" alt=\"\" width=\"300\" height=\"225\" class=\"alignleft size-medium wp-image-212981\" srcset=\"https:\/\/www.prijedordanas.com\/wp-content\/uploads\/2023\/10\/rukomet-prijedor-srbac-2-300x225.jpg 300w, https:\/\/www.prijedordanas.com\/wp-content\/uploads\/2023\/10\/rukomet-prijedor-srbac-2-640x480.jpg 640w, https:\/\/www.prijedordanas.com\/wp-content\/uploads\/2023\/10\/rukomet-prijedor-srbac-2.jpg 667w\" sizes=\"(max-width: 300px) 100vw, 300px\" \/><\/a> <a href=\"https:\/\/www.prijedordanas.com\/wp-content\/uploads\/2023\/10\/rukomet-prijedor-srbac-3.jpg\"><img loading=\"lazy\" decoding=\"async\" src=\"https:\/\/www.prijedordanas.com\/wp-content\/uploads\/2023\/10\/rukomet-prijedor-srbac-3-300x225.jpg\" alt=\"\" width=\"300\" height=\"225\" class=\"alignleft size-medium wp-image-212982\" srcset=\"https:\/\/www.prijedordanas.com\/wp-content\/uploads\/2023\/10\/rukomet-prijedor-srbac-3-300x225.jpg 300w, https:\/\/www.prijedordanas.com\/wp-content\/uploads\/2023\/10\/rukomet-prijedor-srbac-3-640x480.jpg 640w, https:\/\/www.prijedordanas.com\/wp-content\/uploads\/2023\/10\/rukomet-prijedor-srbac-3.jpg 667w\" sizes=\"(max-width: 300px) 100vw, 300px\" \/><\/a> <a href=\"https:\/\/www.prijedordanas.com\/wp-content\/uploads\/2023\/10\/rukomet-prijedor-srbac-4.jpg\"><img loading=\"lazy\" decoding=\"async\" src=\"https:\/\/www.prijedordanas.com\/wp-content\/uploads\/2023\/10\/rukomet-prijedor-srbac-4-300x200.jpg\" alt=\"\" width=\"300\" height=\"200\" class=\"alignleft size-medium wp-image-212983\" srcset=\"https:\/\/www.prijedordanas.com\/wp-content\/uploads\/2023\/10\/rukomet-prijedor-srbac-4-300x200.jpg 300w, https:\/\/www.prijedordanas.com\/wp-content\/uploads\/2023\/10\/rukomet-prijedor-srbac-4-480x320.jpg 480w, https:\/\/www.prijedordanas.com\/wp-content\/uploads\/2023\/10\/rukomet-prijedor-srbac-4.jpg 600w\" sizes=\"(max-width: 300px) 100vw, 300px\" \/><\/a> <a href=\"https:\/\/www.prijedordanas.com\/wp-content\/uploads\/2023\/10\/rukomet-prijedor-srbac-5.jpg\"><img loading=\"lazy\" decoding=\"async\" src=\"https:\/\/www.prijedordanas.com\/wp-content\/uploads\/2023\/10\/rukomet-prijedor-srbac-5-300x200.jpg\" alt=\"\" width=\"300\" height=\"200\" class=\"alignleft size-medium wp-image-212984\" srcset=\"https:\/\/www.prijedordanas.com\/wp-content\/uploads\/2023\/10\/rukomet-prijedor-srbac-5-300x200.jpg 300w, https:\/\/www.prijedordanas.com\/wp-content\/uploads\/2023\/10\/rukomet-prijedor-srbac-5-480x320.jpg 480w, https:\/\/www.prijedordanas.com\/wp-content\/uploads\/2023\/10\/rukomet-prijedor-srbac-5.jpg 600w\" sizes=\"(max-width: 300px) 100vw, 300px\" \/><\/a> <a href=\"https:\/\/www.prijedordanas.com\/wp-content\/uploads\/2023\/10\/rukomet-prijedor-srbac-6.jpg\"><img loading=\"lazy\" decoding=\"async\" src=\"https:\/\/www.prijedordanas.com\/wp-content\/uploads\/2023\/10\/rukomet-prijedor-srbac-6-300x200.jpg\" alt=\"\" width=\"300\" height=\"200\" class=\"alignleft size-medium wp-image-212985\" srcset=\"https:\/\/www.prijedordanas.com\/wp-content\/uploads\/2023\/10\/rukomet-prijedor-srbac-6-300x200.jpg 300w, https:\/\/www.prijedordanas.com\/wp-content\/uploads\/2023\/10\/rukomet-prijedor-srbac-6-480x320.jpg 480w, https:\/\/www.prijedordanas.com\/wp-content\/uploads\/2023\/10\/rukomet-prijedor-srbac-6.jpg 600w\" sizes=\"(max-width: 300px) 100vw, 300px\" \/><\/a><\/p>\n","protected":false},"excerpt":{"rendered":"<p>U susretu 3. kola Druge lige Republike Srpske &#8211; Grupa &#8220;Zapad&#8221;, rukometa\u0161i Prijedora savladali su ekipu RK Srbac rezultatom 38:28 (21:14). Nakon po\u010detnog vo\u0111stva gostiju, Prijedor\u010dani su se rastr\u010dali po [&hellip;]<\/p>\n","protected":false},"author":1,"featured_media":0,"comment_status":"closed","ping_status":"open","sticky":false,"template":"","format":"standard","meta":{"_monsterinsights_skip_tracking":false,"_monsterinsights_sitenote_active":false,"_monsterinsights_sitenote_note":"","_monsterinsights_sitenote_category":0,"footnotes":""},"categories":[7515,7],"tags":[],"yoast_head":"<!-- This site is optimized with the Yoast SEO plugin v21.6 - https:\/\/yoast.com\/wordpress\/plugins\/seo\/ -->\n<title>Rukometa\u0161i &quot;Prijedora&quot; deklasirali &quot;Srbac&quot; rezultatom 38:28 - FOTO - PrijedorDanas.com - Prijedorski gradski portal<\/title>\n<meta name=\"robots\" content=\"index, follow, max-snippet:-1, max-image-preview:large, max-video-preview:-1\" \/>\n<link rel=\"canonical\" href=\"https:\/\/www.prijedordanas.com\/?p=212974\" \/>\n<meta property=\"og:locale\" content=\"en_US\" \/>\n<meta property=\"og:type\" content=\"article\" \/>\n<meta property=\"og:title\" content=\"Rukometa\u0161i &quot;Prijedora&quot; deklasirali &quot;Srbac&quot; rezultatom 38:28 - FOTO - PrijedorDanas.com - Prijedorski gradski portal\" \/>\n<meta property=\"og:description\" content=\"U susretu 3. kola Druge lige Republike Srpske &#8211; Grupa &#8220;Zapad&#8221;, rukometa\u0161i Prijedora savladali su ekipu RK Srbac rezultatom 38:28 (21:14). Nakon po\u010detnog vo\u0111stva gostiju, Prijedor\u010dani su se rastr\u010dali po [&hellip;]\" \/>\n<meta property=\"og:url\" content=\"https:\/\/www.prijedordanas.com\/?p=212974\" \/>\n<meta property=\"og:site_name\" content=\"PrijedorDanas.com - Prijedorski gradski portal\" \/>\n<meta property=\"article:publisher\" content=\"https:\/\/www.facebook.com\/PrijedorDanasCom\/\" \/>\n<meta property=\"article:published_time\" content=\"2023-10-17T20:45:16+00:00\" \/>\n<meta property=\"og:image\" content=\"https:\/\/www.prijedordanas.com\/wp-content\/uploads\/2023\/10\/ork-prijedor-2023jesen-300x225.jpg\" \/>\n<meta name=\"author\" content=\"admin\" \/>\n<meta name=\"twitter:card\" content=\"summary_large_image\" \/>\n<meta name=\"twitter:label1\" content=\"Written by\" \/>\n\t<meta name=\"twitter:data1\" content=\"admin\" \/>\n\t<meta name=\"twitter:label2\" content=\"Est. reading time\" \/>\n\t<meta name=\"twitter:data2\" content=\"2 minutes\" \/>\n<script type=\"application\/ld+json\" class=\"yoast-schema-graph\">{\"@context\":\"https:\/\/schema.org\",\"@graph\":[{\"@type\":\"Article\",\"@id\":\"https:\/\/www.prijedordanas.com\/?p=212974#article\",\"isPartOf\":{\"@id\":\"https:\/\/www.prijedordanas.com\/?p=212974\"},\"author\":{\"name\":\"admin\",\"@id\":\"https:\/\/www.prijedordanas.com\/#\/schema\/person\/4e08ccf29b506ca916ff86d46bb700e6\"},\"headline\":\"Rukometa\u0161i &#8220;Prijedora&#8221; deklasirali &#8220;Srbac&#8221; rezultatom 38:28 &#8211; FOTO\",\"datePublished\":\"2023-10-17T20:45:16+00:00\",\"dateModified\":\"2023-10-17T20:45:16+00:00\",\"mainEntityOfPage\":{\"@id\":\"https:\/\/www.prijedordanas.com\/?p=212974\"},\"wordCount\":186,\"publisher\":{\"@id\":\"https:\/\/www.prijedordanas.com\/#organization\"},\"articleSection\":[\"Foto dana\",\"Sport\"],\"inLanguage\":\"en-US\"},{\"@type\":\"WebPage\",\"@id\":\"https:\/\/www.prijedordanas.com\/?p=212974\",\"url\":\"https:\/\/www.prijedordanas.com\/?p=212974\",\"name\":\"Rukometa\u0161i \\\"Prijedora\\\" deklasirali \\\"Srbac\\\" rezultatom 38:28 - FOTO - PrijedorDanas.com - Prijedorski gradski portal\",\"isPartOf\":{\"@id\":\"https:\/\/www.prijedordanas.com\/#website\"},\"datePublished\":\"2023-10-17T20:45:16+00:00\",\"dateModified\":\"2023-10-17T20:45:16+00:00\",\"breadcrumb\":{\"@id\":\"https:\/\/www.prijedordanas.com\/?p=212974#breadcrumb\"},\"inLanguage\":\"en-US\",\"potentialAction\":[{\"@type\":\"ReadAction\",\"target\":[\"https:\/\/www.prijedordanas.com\/?p=212974\"]}]},{\"@type\":\"BreadcrumbList\",\"@id\":\"https:\/\/www.prijedordanas.com\/?p=212974#breadcrumb\",\"itemListElement\":[{\"@type\":\"ListItem\",\"position\":1,\"name\":\"Home\",\"item\":\"https:\/\/www.prijedordanas.com\/\"},{\"@type\":\"ListItem\",\"position\":2,\"name\":\"Rukometa\u0161i &#8220;Prijedora&#8221; deklasirali &#8220;Srbac&#8221; rezultatom 38:28 &#8211; FOTO\"}]},{\"@type\":\"WebSite\",\"@id\":\"https:\/\/www.prijedordanas.com\/#website\",\"url\":\"https:\/\/www.prijedordanas.com\/\",\"name\":\"PrijedorDanas.com - Prijedorski gradski portal\",\"description\":\"Portal o doga\u0111anjima u gradu Prijedoru\",\"publisher\":{\"@id\":\"https:\/\/www.prijedordanas.com\/#organization\"},\"potentialAction\":[{\"@type\":\"SearchAction\",\"target\":{\"@type\":\"EntryPoint\",\"urlTemplate\":\"https:\/\/www.prijedordanas.com\/?s={search_term_string}\"},\"query-input\":\"required name=search_term_string\"}],\"inLanguage\":\"en-US\"},{\"@type\":\"Organization\",\"@id\":\"https:\/\/www.prijedordanas.com\/#organization\",\"name\":\"PrijedorDanas.com\",\"url\":\"https:\/\/www.prijedordanas.com\/\",\"logo\":{\"@type\":\"ImageObject\",\"inLanguage\":\"en-US\",\"@id\":\"https:\/\/www.prijedordanas.com\/#\/schema\/logo\/image\/\",\"url\":\"http:\/\/www.prijedordanas.com\/wp-content\/uploads\/2021\/12\/logopng.png\",\"contentUrl\":\"http:\/\/www.prijedordanas.com\/wp-content\/uploads\/2021\/12\/logopng.png\",\"width\":1019,\"height\":776,\"caption\":\"PrijedorDanas.com\"},\"image\":{\"@id\":\"https:\/\/www.prijedordanas.com\/#\/schema\/logo\/image\/\"},\"sameAs\":[\"https:\/\/www.facebook.com\/PrijedorDanasCom\/\"]},{\"@type\":\"Person\",\"@id\":\"https:\/\/www.prijedordanas.com\/#\/schema\/person\/4e08ccf29b506ca916ff86d46bb700e6\",\"name\":\"admin\",\"image\":{\"@type\":\"ImageObject\",\"inLanguage\":\"en-US\",\"@id\":\"https:\/\/www.prijedordanas.com\/#\/schema\/person\/image\/\",\"url\":\"https:\/\/secure.gravatar.com\/avatar\/1d3fc949d550f0b53a5f0d51e06dfd79?s=96&d=mm&r=g\",\"contentUrl\":\"https:\/\/secure.gravatar.com\/avatar\/1d3fc949d550f0b53a5f0d51e06dfd79?s=96&d=mm&r=g\",\"caption\":\"admin\"},\"url\":\"https:\/\/www.prijedordanas.com\/?author=1\"}]}<\/script>\n<!-- \/ Yoast SEO plugin. -->","yoast_head_json":{"title":"Rukometa\u0161i \"Prijedora\" deklasirali \"Srbac\" rezultatom 38:28 - FOTO - PrijedorDanas.com - Prijedorski gradski portal","robots":{"index":"index","follow":"follow","max-snippet":"max-snippet:-1","max-image-preview":"max-image-preview:large","max-video-preview":"max-video-preview:-1"},"canonical":"https:\/\/www.prijedordanas.com\/?p=212974","og_locale":"en_US","og_type":"article","og_title":"Rukometa\u0161i \"Prijedora\" deklasirali \"Srbac\" rezultatom 38:28 - FOTO - PrijedorDanas.com - Prijedorski gradski portal","og_description":"U susretu 3. kola Druge lige Republike Srpske &#8211; Grupa &#8220;Zapad&#8221;, rukometa\u0161i Prijedora savladali su ekipu RK Srbac rezultatom 38:28 (21:14). Nakon po\u010detnog vo\u0111stva gostiju, Prijedor\u010dani su se rastr\u010dali po [&hellip;]","og_url":"https:\/\/www.prijedordanas.com\/?p=212974","og_site_name":"PrijedorDanas.com - Prijedorski gradski portal","article_publisher":"https:\/\/www.facebook.com\/PrijedorDanasCom\/","article_published_time":"2023-10-17T20:45:16+00:00","og_image":[{"url":"https:\/\/www.prijedordanas.com\/wp-content\/uploads\/2023\/10\/ork-prijedor-2023jesen-300x225.jpg"}],"author":"admin","twitter_card":"summary_large_image","twitter_misc":{"Written by":"admin","Est. reading time":"2 minutes"},"schema":{"@context":"https:\/\/schema.org","@graph":[{"@type":"Article","@id":"https:\/\/www.prijedordanas.com\/?p=212974#article","isPartOf":{"@id":"https:\/\/www.prijedordanas.com\/?p=212974"},"author":{"name":"admin","@id":"https:\/\/www.prijedordanas.com\/#\/schema\/person\/4e08ccf29b506ca916ff86d46bb700e6"},"headline":"Rukometa\u0161i &#8220;Prijedora&#8221; deklasirali &#8220;Srbac&#8221; rezultatom 38:28 &#8211; FOTO","datePublished":"2023-10-17T20:45:16+00:00","dateModified":"2023-10-17T20:45:16+00:00","mainEntityOfPage":{"@id":"https:\/\/www.prijedordanas.com\/?p=212974"},"wordCount":186,"publisher":{"@id":"https:\/\/www.prijedordanas.com\/#organization"},"articleSection":["Foto dana","Sport"],"inLanguage":"en-US"},{"@type":"WebPage","@id":"https:\/\/www.prijedordanas.com\/?p=212974","url":"https:\/\/www.prijedordanas.com\/?p=212974","name":"Rukometa\u0161i \"Prijedora\" deklasirali \"Srbac\" rezultatom 38:28 - FOTO - PrijedorDanas.com - Prijedorski gradski portal","isPartOf":{"@id":"https:\/\/www.prijedordanas.com\/#website"},"datePublished":"2023-10-17T20:45:16+00:00","dateModified":"2023-10-17T20:45:16+00:00","breadcrumb":{"@id":"https:\/\/www.prijedordanas.com\/?p=212974#breadcrumb"},"inLanguage":"en-US","potentialAction":[{"@type":"ReadAction","target":["https:\/\/www.prijedordanas.com\/?p=212974"]}]},{"@type":"BreadcrumbList","@id":"https:\/\/www.prijedordanas.com\/?p=212974#breadcrumb","itemListElement":[{"@type":"ListItem","position":1,"name":"Home","item":"https:\/\/www.prijedordanas.com\/"},{"@type":"ListItem","position":2,"name":"Rukometa\u0161i &#8220;Prijedora&#8221; deklasirali &#8220;Srbac&#8221; rezultatom 38:28 &#8211; FOTO"}]},{"@type":"WebSite","@id":"https:\/\/www.prijedordanas.com\/#website","url":"https:\/\/www.prijedordanas.com\/","name":"PrijedorDanas.com - Prijedorski gradski portal","description":"Portal o doga\u0111anjima u gradu Prijedoru","publisher":{"@id":"https:\/\/www.prijedordanas.com\/#organization"},"potentialAction":[{"@type":"SearchAction","target":{"@type":"EntryPoint","urlTemplate":"https:\/\/www.prijedordanas.com\/?s={search_term_string}"},"query-input":"required name=search_term_string"}],"inLanguage":"en-US"},{"@type":"Organization","@id":"https:\/\/www.prijedordanas.com\/#organization","name":"PrijedorDanas.com","url":"https:\/\/www.prijedordanas.com\/","logo":{"@type":"ImageObject","inLanguage":"en-US","@id":"https:\/\/www.prijedordanas.com\/#\/schema\/logo\/image\/","url":"http:\/\/www.prijedordanas.com\/wp-content\/uploads\/2021\/12\/logopng.png","contentUrl":"http:\/\/www.prijedordanas.com\/wp-content\/uploads\/2021\/12\/logopng.png","width":1019,"height":776,"caption":"PrijedorDanas.com"},"image":{"@id":"https:\/\/www.prijedordanas.com\/#\/schema\/logo\/image\/"},"sameAs":["https:\/\/www.facebook.com\/PrijedorDanasCom\/"]},{"@type":"Person","@id":"https:\/\/www.prijedordanas.com\/#\/schema\/person\/4e08ccf29b506ca916ff86d46bb700e6","name":"admin","image":{"@type":"ImageObject","inLanguage":"en-US","@id":"https:\/\/www.prijedordanas.com\/#\/schema\/person\/image\/","url":"https:\/\/secure.gravatar.com\/avatar\/1d3fc949d550f0b53a5f0d51e06dfd79?s=96&d=mm&r=g","contentUrl":"https:\/\/secure.gravatar.com\/avatar\/1d3fc949d550f0b53a5f0d51e06dfd79?s=96&d=mm&r=g","caption":"admin"},"url":"https:\/\/www.prijedordanas.com\/?author=1"}]}},"_links":{"self":[{"href":"https:\/\/www.prijedordanas.com\/index.php?rest_route=\/wp\/v2\/posts\/212974"}],"collection":[{"href":"https:\/\/www.prijedordanas.com\/index.php?rest_route=\/wp\/v2\/posts"}],"about":[{"href":"https:\/\/www.prijedordanas.com\/index.php?rest_route=\/wp\/v2\/types\/post"}],"author":[{"embeddable":true,"href":"https:\/\/www.prijedordanas.com\/index.php?rest_route=\/wp\/v2\/users\/1"}],"replies":[{"embeddable":true,"href":"https:\/\/www.prijedordanas.com\/index.php?rest_route=%2Fwp%2Fv2%2Fcomments&post=212974"}],"version-history":[{"count":1,"href":"https:\/\/www.prijedordanas.com\/index.php?rest_route=\/wp\/v2\/posts\/212974\/revisions"}],"predecessor-version":[{"id":212986,"href":"https:\/\/www.prijedordanas.com\/index.php?rest_route=\/wp\/v2\/posts\/212974\/revisions\/212986"}],"wp:attachment":[{"href":"https:\/\/www.prijedordanas.com\/index.php?rest_route=%2Fwp%2Fv2%2Fmedia&parent=212974"}],"wp:term":[{"taxonomy":"category","embeddable":true,"href":"https:\/\/www.prijedordanas.com\/index.php?rest_route=%2Fwp%2Fv2%2Fcategories&post=212974"},{"taxonomy":"post_tag","embeddable":true,"href":"https:\/\/www.prijedordanas.com\/index.php?rest_route=%2Fwp%2Fv2%2Ftags&post=212974"}],"curies":[{"name":"wp","href":"https:\/\/api.w.org\/{rel}","templated":true}]}}