{"id":212359,"date":"2023-10-07T18:38:26","date_gmt":"2023-10-07T16:38:26","guid":{"rendered":"https:\/\/www.prijedordanas.com\/?p=212359"},"modified":"2023-10-07T18:38:26","modified_gmt":"2023-10-07T16:38:26","slug":"djeca-i-putnici-u-strahu-pogledajte-snimak-nakon-napada-na-vozaca-autobusa-na-liniji-banjaluka-prijedor-video","status":"publish","type":"post","link":"https:\/\/www.prijedordanas.com\/?p=212359","title":{"rendered":"Djeca i putnici u strahu: Pogledajte snimak nakon napada na voza\u010da autobusa na liniji Banjaluka-Prijedor &#8211; VIDEO"},"content":{"rendered":"<p><a href=\"https:\/\/www.prijedordanas.com\/wp-content\/uploads\/2023\/10\/srpskainfo-napad-na-vozaca-autobusa-bl-pd.jpg\"><img loading=\"lazy\" decoding=\"async\" class=\"alignleft size-medium wp-image-212360\" src=\"https:\/\/www.prijedordanas.com\/wp-content\/uploads\/2023\/10\/srpskainfo-napad-na-vozaca-autobusa-bl-pd-300x225.jpg\" alt=\"\" width=\"300\" height=\"225\" srcset=\"https:\/\/www.prijedordanas.com\/wp-content\/uploads\/2023\/10\/srpskainfo-napad-na-vozaca-autobusa-bl-pd-300x225.jpg 300w, https:\/\/www.prijedordanas.com\/wp-content\/uploads\/2023\/10\/srpskainfo-napad-na-vozaca-autobusa-bl-pd-640x480.jpg 640w, https:\/\/www.prijedordanas.com\/wp-content\/uploads\/2023\/10\/srpskainfo-napad-na-vozaca-autobusa-bl-pd.jpg 666w\" sizes=\"(max-width: 300px) 100vw, 300px\" \/><\/a>Kakva drama se de\u0161avala sino\u0107 u autobusu koji je putovao iz Banjaluke prema Prijedoru, kada je jedan od putnika napao voza\u010da pokazuje i snimak koji je u posjedu Srpskainfo.<\/p>\n<p>Snimak je nastao po mraku zbog \u010dega je i lo\u0161 kvalitet snimka, al se \u010duju komentari prepla\u0161enih putnika.<\/p>\n<p><strong><a href=\"https:\/\/www.prijedordanas.com\/?p=212348\" target=\"_blank\" rel=\"noopener\">Drama u autobusu: Uhap\u0161en Prijedor\u010danin koji je voza\u010du poku\u0161ao oteti volan tokom vo\u017enje<\/a><\/strong><\/p>\n<p>Na snimku koji je u posjedu Srpskainfo se mo\u017ee \u010duti i kako majka smiruje dijete koje se prepalo, kao i prepla\u0161ene putnike koji se raspituju \u0161ta je sa napada\u010dem.<\/p>\n<p>Podsjetimo, sino\u0107 je putnik napao voza\u010da koji vozio pun autobus putnika. Me\u0111u putnicima je bilo i djece.<\/p>\n<p>Jedan od putnika ispri\u010dao je za Srpskainfo da se putnik prvo sva\u0111ao sa voza\u010dem, pa ga zatim poku\u0161ao napasti i hvatati volan, a da je zatim izvadio no\u017e i prijetio voza\u010du.<\/p>\n<p>Voza\u010d je uspio zaustaviti autobus u Mi\u0161inom Hanu kod Banjaluke, a napada\u010d je pobjegao.On je nakon 20 minuta prona\u0111en i uhap\u0161en.<\/p>\n<p><a href=\"https:\/\/srpskainfo.com\/djeca-i-putnici-u-strahu-pogledajte-snimak-nakon-napada-na-vozaca-autobusa-na-liniji-banjaluka-prijedor-video\/\" target=\"_blank\" rel=\"noopener\">srpskainfo.com<\/a><\/p>\n<p><iframe loading=\"lazy\" style=\"border: none; overflow: hidden;\" src=\"https:\/\/www.facebook.com\/plugins\/video.php?height=476&amp;href=https%3A%2F%2Fwww.facebook.com%2Fsrpskainfocom%2Fvideos%2F644356850874848%2F&amp;show_text=false&amp;width=476&amp;t=0\" width=\"476\" height=\"476\" frameborder=\"0\" scrolling=\"no\" allowfullscreen=\"allowfullscreen\"><\/iframe><\/p>\n","protected":false},"excerpt":{"rendered":"<p>Kakva drama se de\u0161avala sino\u0107 u autobusu koji je putovao iz Banjaluke prema Prijedoru, kada je jedan od putnika napao voza\u010da pokazuje i snimak koji je u posjedu Srpskainfo. Snimak [&hellip;]<\/p>\n","protected":false},"author":1,"featured_media":0,"comment_status":"closed","ping_status":"open","sticky":false,"template":"","format":"standard","meta":{"_monsterinsights_skip_tracking":false,"_monsterinsights_sitenote_active":false,"_monsterinsights_sitenote_note":"","_monsterinsights_sitenote_category":0,"footnotes":""},"categories":[5],"tags":[],"yoast_head":"<!-- This site is optimized with the Yoast SEO plugin v21.6 - https:\/\/yoast.com\/wordpress\/plugins\/seo\/ -->\n<title>Djeca i putnici u strahu: Pogledajte snimak nakon napada na voza\u010da autobusa na liniji Banjaluka-Prijedor - VIDEO - PrijedorDanas.com - Prijedorski gradski portal<\/title>\n<meta name=\"robots\" content=\"index, follow, max-snippet:-1, max-image-preview:large, max-video-preview:-1\" \/>\n<link rel=\"canonical\" href=\"https:\/\/www.prijedordanas.com\/?p=212359\" \/>\n<meta property=\"og:locale\" content=\"en_US\" \/>\n<meta property=\"og:type\" content=\"article\" \/>\n<meta property=\"og:title\" content=\"Djeca i putnici u strahu: Pogledajte snimak nakon napada na voza\u010da autobusa na liniji Banjaluka-Prijedor - VIDEO - PrijedorDanas.com - Prijedorski gradski portal\" \/>\n<meta property=\"og:description\" content=\"Kakva drama se de\u0161avala sino\u0107 u autobusu koji je putovao iz Banjaluke prema Prijedoru, kada je jedan od putnika napao voza\u010da pokazuje i snimak koji je u posjedu Srpskainfo. Snimak [&hellip;]\" \/>\n<meta property=\"og:url\" content=\"https:\/\/www.prijedordanas.com\/?p=212359\" \/>\n<meta property=\"og:site_name\" content=\"PrijedorDanas.com - Prijedorski gradski portal\" \/>\n<meta property=\"article:publisher\" content=\"https:\/\/www.facebook.com\/PrijedorDanasCom\/\" \/>\n<meta property=\"article:published_time\" content=\"2023-10-07T16:38:26+00:00\" \/>\n<meta property=\"og:image\" content=\"https:\/\/www.prijedordanas.com\/wp-content\/uploads\/2023\/10\/srpskainfo-napad-na-vozaca-autobusa-bl-pd-300x225.jpg\" \/>\n<meta name=\"author\" content=\"admin\" \/>\n<meta name=\"twitter:card\" content=\"summary_large_image\" \/>\n<meta name=\"twitter:label1\" content=\"Written by\" \/>\n\t<meta name=\"twitter:data1\" content=\"admin\" \/>\n\t<meta name=\"twitter:label2\" content=\"Est. reading time\" \/>\n\t<meta name=\"twitter:data2\" content=\"1 minute\" \/>\n<script type=\"application\/ld+json\" class=\"yoast-schema-graph\">{\"@context\":\"https:\/\/schema.org\",\"@graph\":[{\"@type\":\"Article\",\"@id\":\"https:\/\/www.prijedordanas.com\/?p=212359#article\",\"isPartOf\":{\"@id\":\"https:\/\/www.prijedordanas.com\/?p=212359\"},\"author\":{\"name\":\"admin\",\"@id\":\"https:\/\/www.prijedordanas.com\/#\/schema\/person\/4e08ccf29b506ca916ff86d46bb700e6\"},\"headline\":\"Djeca i putnici u strahu: Pogledajte snimak nakon napada na voza\u010da autobusa na liniji Banjaluka-Prijedor &#8211; VIDEO\",\"datePublished\":\"2023-10-07T16:38:26+00:00\",\"dateModified\":\"2023-10-07T16:38:26+00:00\",\"mainEntityOfPage\":{\"@id\":\"https:\/\/www.prijedordanas.com\/?p=212359\"},\"wordCount\":199,\"publisher\":{\"@id\":\"https:\/\/www.prijedordanas.com\/#organization\"},\"articleSection\":[\"Hronika\"],\"inLanguage\":\"en-US\"},{\"@type\":\"WebPage\",\"@id\":\"https:\/\/www.prijedordanas.com\/?p=212359\",\"url\":\"https:\/\/www.prijedordanas.com\/?p=212359\",\"name\":\"Djeca i putnici u strahu: Pogledajte snimak nakon napada na voza\u010da autobusa na liniji Banjaluka-Prijedor - VIDEO - PrijedorDanas.com - Prijedorski gradski portal\",\"isPartOf\":{\"@id\":\"https:\/\/www.prijedordanas.com\/#website\"},\"datePublished\":\"2023-10-07T16:38:26+00:00\",\"dateModified\":\"2023-10-07T16:38:26+00:00\",\"breadcrumb\":{\"@id\":\"https:\/\/www.prijedordanas.com\/?p=212359#breadcrumb\"},\"inLanguage\":\"en-US\",\"potentialAction\":[{\"@type\":\"ReadAction\",\"target\":[\"https:\/\/www.prijedordanas.com\/?p=212359\"]}]},{\"@type\":\"BreadcrumbList\",\"@id\":\"https:\/\/www.prijedordanas.com\/?p=212359#breadcrumb\",\"itemListElement\":[{\"@type\":\"ListItem\",\"position\":1,\"name\":\"Home\",\"item\":\"https:\/\/www.prijedordanas.com\/\"},{\"@type\":\"ListItem\",\"position\":2,\"name\":\"Djeca i putnici u strahu: Pogledajte snimak nakon napada na voza\u010da autobusa na liniji Banjaluka-Prijedor &#8211; VIDEO\"}]},{\"@type\":\"WebSite\",\"@id\":\"https:\/\/www.prijedordanas.com\/#website\",\"url\":\"https:\/\/www.prijedordanas.com\/\",\"name\":\"PrijedorDanas.com - Prijedorski gradski portal\",\"description\":\"Portal o doga\u0111anjima u gradu Prijedoru\",\"publisher\":{\"@id\":\"https:\/\/www.prijedordanas.com\/#organization\"},\"potentialAction\":[{\"@type\":\"SearchAction\",\"target\":{\"@type\":\"EntryPoint\",\"urlTemplate\":\"https:\/\/www.prijedordanas.com\/?s={search_term_string}\"},\"query-input\":\"required name=search_term_string\"}],\"inLanguage\":\"en-US\"},{\"@type\":\"Organization\",\"@id\":\"https:\/\/www.prijedordanas.com\/#organization\",\"name\":\"PrijedorDanas.com\",\"url\":\"https:\/\/www.prijedordanas.com\/\",\"logo\":{\"@type\":\"ImageObject\",\"inLanguage\":\"en-US\",\"@id\":\"https:\/\/www.prijedordanas.com\/#\/schema\/logo\/image\/\",\"url\":\"http:\/\/www.prijedordanas.com\/wp-content\/uploads\/2021\/12\/logopng.png\",\"contentUrl\":\"http:\/\/www.prijedordanas.com\/wp-content\/uploads\/2021\/12\/logopng.png\",\"width\":1019,\"height\":776,\"caption\":\"PrijedorDanas.com\"},\"image\":{\"@id\":\"https:\/\/www.prijedordanas.com\/#\/schema\/logo\/image\/\"},\"sameAs\":[\"https:\/\/www.facebook.com\/PrijedorDanasCom\/\"]},{\"@type\":\"Person\",\"@id\":\"https:\/\/www.prijedordanas.com\/#\/schema\/person\/4e08ccf29b506ca916ff86d46bb700e6\",\"name\":\"admin\",\"image\":{\"@type\":\"ImageObject\",\"inLanguage\":\"en-US\",\"@id\":\"https:\/\/www.prijedordanas.com\/#\/schema\/person\/image\/\",\"url\":\"https:\/\/secure.gravatar.com\/avatar\/1d3fc949d550f0b53a5f0d51e06dfd79?s=96&d=mm&r=g\",\"contentUrl\":\"https:\/\/secure.gravatar.com\/avatar\/1d3fc949d550f0b53a5f0d51e06dfd79?s=96&d=mm&r=g\",\"caption\":\"admin\"},\"url\":\"https:\/\/www.prijedordanas.com\/?author=1\"}]}<\/script>\n<!-- \/ Yoast SEO plugin. -->","yoast_head_json":{"title":"Djeca i putnici u strahu: Pogledajte snimak nakon napada na voza\u010da autobusa na liniji Banjaluka-Prijedor - VIDEO - PrijedorDanas.com - Prijedorski gradski portal","robots":{"index":"index","follow":"follow","max-snippet":"max-snippet:-1","max-image-preview":"max-image-preview:large","max-video-preview":"max-video-preview:-1"},"canonical":"https:\/\/www.prijedordanas.com\/?p=212359","og_locale":"en_US","og_type":"article","og_title":"Djeca i putnici u strahu: Pogledajte snimak nakon napada na voza\u010da autobusa na liniji Banjaluka-Prijedor - VIDEO - PrijedorDanas.com - Prijedorski gradski portal","og_description":"Kakva drama se de\u0161avala sino\u0107 u autobusu koji je putovao iz Banjaluke prema Prijedoru, kada je jedan od putnika napao voza\u010da pokazuje i snimak koji je u posjedu Srpskainfo. Snimak [&hellip;]","og_url":"https:\/\/www.prijedordanas.com\/?p=212359","og_site_name":"PrijedorDanas.com - Prijedorski gradski portal","article_publisher":"https:\/\/www.facebook.com\/PrijedorDanasCom\/","article_published_time":"2023-10-07T16:38:26+00:00","og_image":[{"url":"https:\/\/www.prijedordanas.com\/wp-content\/uploads\/2023\/10\/srpskainfo-napad-na-vozaca-autobusa-bl-pd-300x225.jpg"}],"author":"admin","twitter_card":"summary_large_image","twitter_misc":{"Written by":"admin","Est. reading time":"1 minute"},"schema":{"@context":"https:\/\/schema.org","@graph":[{"@type":"Article","@id":"https:\/\/www.prijedordanas.com\/?p=212359#article","isPartOf":{"@id":"https:\/\/www.prijedordanas.com\/?p=212359"},"author":{"name":"admin","@id":"https:\/\/www.prijedordanas.com\/#\/schema\/person\/4e08ccf29b506ca916ff86d46bb700e6"},"headline":"Djeca i putnici u strahu: Pogledajte snimak nakon napada na voza\u010da autobusa na liniji Banjaluka-Prijedor &#8211; VIDEO","datePublished":"2023-10-07T16:38:26+00:00","dateModified":"2023-10-07T16:38:26+00:00","mainEntityOfPage":{"@id":"https:\/\/www.prijedordanas.com\/?p=212359"},"wordCount":199,"publisher":{"@id":"https:\/\/www.prijedordanas.com\/#organization"},"articleSection":["Hronika"],"inLanguage":"en-US"},{"@type":"WebPage","@id":"https:\/\/www.prijedordanas.com\/?p=212359","url":"https:\/\/www.prijedordanas.com\/?p=212359","name":"Djeca i putnici u strahu: Pogledajte snimak nakon napada na voza\u010da autobusa na liniji Banjaluka-Prijedor - VIDEO - PrijedorDanas.com - Prijedorski gradski portal","isPartOf":{"@id":"https:\/\/www.prijedordanas.com\/#website"},"datePublished":"2023-10-07T16:38:26+00:00","dateModified":"2023-10-07T16:38:26+00:00","breadcrumb":{"@id":"https:\/\/www.prijedordanas.com\/?p=212359#breadcrumb"},"inLanguage":"en-US","potentialAction":[{"@type":"ReadAction","target":["https:\/\/www.prijedordanas.com\/?p=212359"]}]},{"@type":"BreadcrumbList","@id":"https:\/\/www.prijedordanas.com\/?p=212359#breadcrumb","itemListElement":[{"@type":"ListItem","position":1,"name":"Home","item":"https:\/\/www.prijedordanas.com\/"},{"@type":"ListItem","position":2,"name":"Djeca i putnici u strahu: Pogledajte snimak nakon napada na voza\u010da autobusa na liniji Banjaluka-Prijedor &#8211; VIDEO"}]},{"@type":"WebSite","@id":"https:\/\/www.prijedordanas.com\/#website","url":"https:\/\/www.prijedordanas.com\/","name":"PrijedorDanas.com - Prijedorski gradski portal","description":"Portal o doga\u0111anjima u gradu Prijedoru","publisher":{"@id":"https:\/\/www.prijedordanas.com\/#organization"},"potentialAction":[{"@type":"SearchAction","target":{"@type":"EntryPoint","urlTemplate":"https:\/\/www.prijedordanas.com\/?s={search_term_string}"},"query-input":"required name=search_term_string"}],"inLanguage":"en-US"},{"@type":"Organization","@id":"https:\/\/www.prijedordanas.com\/#organization","name":"PrijedorDanas.com","url":"https:\/\/www.prijedordanas.com\/","logo":{"@type":"ImageObject","inLanguage":"en-US","@id":"https:\/\/www.prijedordanas.com\/#\/schema\/logo\/image\/","url":"http:\/\/www.prijedordanas.com\/wp-content\/uploads\/2021\/12\/logopng.png","contentUrl":"http:\/\/www.prijedordanas.com\/wp-content\/uploads\/2021\/12\/logopng.png","width":1019,"height":776,"caption":"PrijedorDanas.com"},"image":{"@id":"https:\/\/www.prijedordanas.com\/#\/schema\/logo\/image\/"},"sameAs":["https:\/\/www.facebook.com\/PrijedorDanasCom\/"]},{"@type":"Person","@id":"https:\/\/www.prijedordanas.com\/#\/schema\/person\/4e08ccf29b506ca916ff86d46bb700e6","name":"admin","image":{"@type":"ImageObject","inLanguage":"en-US","@id":"https:\/\/www.prijedordanas.com\/#\/schema\/person\/image\/","url":"https:\/\/secure.gravatar.com\/avatar\/1d3fc949d550f0b53a5f0d51e06dfd79?s=96&d=mm&r=g","contentUrl":"https:\/\/secure.gravatar.com\/avatar\/1d3fc949d550f0b53a5f0d51e06dfd79?s=96&d=mm&r=g","caption":"admin"},"url":"https:\/\/www.prijedordanas.com\/?author=1"}]}},"_links":{"self":[{"href":"https:\/\/www.prijedordanas.com\/index.php?rest_route=\/wp\/v2\/posts\/212359"}],"collection":[{"href":"https:\/\/www.prijedordanas.com\/index.php?rest_route=\/wp\/v2\/posts"}],"about":[{"href":"https:\/\/www.prijedordanas.com\/index.php?rest_route=\/wp\/v2\/types\/post"}],"author":[{"embeddable":true,"href":"https:\/\/www.prijedordanas.com\/index.php?rest_route=\/wp\/v2\/users\/1"}],"replies":[{"embeddable":true,"href":"https:\/\/www.prijedordanas.com\/index.php?rest_route=%2Fwp%2Fv2%2Fcomments&post=212359"}],"version-history":[{"count":1,"href":"https:\/\/www.prijedordanas.com\/index.php?rest_route=\/wp\/v2\/posts\/212359\/revisions"}],"predecessor-version":[{"id":212361,"href":"https:\/\/www.prijedordanas.com\/index.php?rest_route=\/wp\/v2\/posts\/212359\/revisions\/212361"}],"wp:attachment":[{"href":"https:\/\/www.prijedordanas.com\/index.php?rest_route=%2Fwp%2Fv2%2Fmedia&parent=212359"}],"wp:term":[{"taxonomy":"category","embeddable":true,"href":"https:\/\/www.prijedordanas.com\/index.php?rest_route=%2Fwp%2Fv2%2Fcategories&post=212359"},{"taxonomy":"post_tag","embeddable":true,"href":"https:\/\/www.prijedordanas.com\/index.php?rest_route=%2Fwp%2Fv2%2Ftags&post=212359"}],"curies":[{"name":"wp","href":"https:\/\/api.w.org\/{rel}","templated":true}]}}