{"id":212299,"date":"2023-10-06T21:40:31","date_gmt":"2023-10-06T19:40:31","guid":{"rendered":"https:\/\/www.prijedordanas.com\/?p=212299"},"modified":"2023-10-06T21:40:31","modified_gmt":"2023-10-06T19:40:31","slug":"prijedor-poceli-radovi-na-potencijalnom-rudnom-polju-bukova-kosa-foto-video","status":"publish","type":"post","link":"https:\/\/www.prijedordanas.com\/?p=212299","title":{"rendered":"Prijedor: Po\u010deli radovi na potencijalnom rudnom polju Bukova Kosa? &#8211; FOTO\/VIDEO"},"content":{"rendered":"<p><a href=\"https:\/\/www.prijedordanas.com\/wp-content\/uploads\/2023\/10\/sacuvajmo-potkozarje-pripremni-radovi-bukova-kosa-6oktobar-1.jpg\"><img loading=\"lazy\" decoding=\"async\" class=\"alignleft size-medium wp-image-212300\" src=\"https:\/\/www.prijedordanas.com\/wp-content\/uploads\/2023\/10\/sacuvajmo-potkozarje-pripremni-radovi-bukova-kosa-6oktobar-1-300x225.jpg\" alt=\"\" width=\"300\" height=\"225\" srcset=\"https:\/\/www.prijedordanas.com\/wp-content\/uploads\/2023\/10\/sacuvajmo-potkozarje-pripremni-radovi-bukova-kosa-6oktobar-1-300x225.jpg 300w, https:\/\/www.prijedordanas.com\/wp-content\/uploads\/2023\/10\/sacuvajmo-potkozarje-pripremni-radovi-bukova-kosa-6oktobar-1-640x480.jpg 640w, https:\/\/www.prijedordanas.com\/wp-content\/uploads\/2023\/10\/sacuvajmo-potkozarje-pripremni-radovi-bukova-kosa-6oktobar-1.jpg 667w\" sizes=\"(max-width: 300px) 100vw, 300px\" \/><\/a>Na podru\u010dju Bukove Kose jutros su po\u010deli radovi na pripremi pristupnog puta potencijalnom rudnom polju Bukova Kosa.<\/p>\n<p>Ovo je navedeno na facebook stranici <strong><a href=\"https:\/\/www.facebook.com\/sacuvajmopotkozarje\" target=\"_blank\" rel=\"noopener\">Sa\u010duvajmo Potkozarje<\/a> <\/strong> koju su pokrenuli mje\u0161tani Bukove Kose i Velikog Palan\u010di\u0161ta ustrajni u borbi da &#8220;sa\u010duvaju Potkozarje od potencijalne nepo\u017eeljne eksploatacije rude uglja i razaranja njihovih zelenih sela&#8221;.<\/p>\n<p>-Jutros oko 09:00 \u010dasova po\u010detak su radovi na potencijalnom rudnom polju Bukova Kosa. Ka\u017eu, priprema se pristupni put. Mje\u0161tani nisu obavije\u0161teni ni informisani o bilo kakvim po\u010decima, a kako je re\u010deno na silnim sastancima i skup\u0161tinama da \u0107e biti. Poslali smo Zahtjev za pristup informacijama Gradskoj upravi da li su oni upoznati sa po\u010detkom radova. Ne nadamo se bilo kakvom suvislom odgovoru, usput re\u010deno. Sve je ovo apsolutno bez komentara &#8211; navedeno je na ovoj stranici.<\/p>\n<p>U narednoj objavi dodano je i da se &#8220;\u2018Pristupni\u2019 put od jutros dobrano pro\u0161iruje. Pretvaramo li se ve\u0107 u Bistricu 2?&#8221;<\/p>\n<p>Ostaje da vidimo u narednim danima \u0161ta \u0107e se de\u0161avati.<\/p>\n<p>Priredio \u2013 <a href=\"https:\/\/www.prijedordanas.com\" target=\"_blank\" rel=\"noopener noreferrer\">www.prijedordanas.com<\/a><br \/>\nFoto &#8211; Sa\u010duvajmo Potkozarje<\/p>\n<p><a href=\"https:\/\/www.prijedordanas.com\/wp-content\/uploads\/2023\/10\/sacuvajmo-potkozarje-pripremni-radovi-bukova-kosa-6oktobar-3.jpg\"><img loading=\"lazy\" decoding=\"async\" src=\"https:\/\/www.prijedordanas.com\/wp-content\/uploads\/2023\/10\/sacuvajmo-potkozarje-pripremni-radovi-bukova-kosa-6oktobar-3-300x225.jpg\" alt=\"\" width=\"300\" height=\"225\" class=\"alignleft size-medium wp-image-212301\" srcset=\"https:\/\/www.prijedordanas.com\/wp-content\/uploads\/2023\/10\/sacuvajmo-potkozarje-pripremni-radovi-bukova-kosa-6oktobar-3-300x225.jpg 300w, https:\/\/www.prijedordanas.com\/wp-content\/uploads\/2023\/10\/sacuvajmo-potkozarje-pripremni-radovi-bukova-kosa-6oktobar-3-640x480.jpg 640w, https:\/\/www.prijedordanas.com\/wp-content\/uploads\/2023\/10\/sacuvajmo-potkozarje-pripremni-radovi-bukova-kosa-6oktobar-3.jpg 667w\" sizes=\"(max-width: 300px) 100vw, 300px\" \/><\/a> <a href=\"https:\/\/www.prijedordanas.com\/wp-content\/uploads\/2023\/10\/sacuvajmo-potkozarje-pripremni-radovi-bukova-kosa-6oktobar-2.jpg\"><img loading=\"lazy\" decoding=\"async\" src=\"https:\/\/www.prijedordanas.com\/wp-content\/uploads\/2023\/10\/sacuvajmo-potkozarje-pripremni-radovi-bukova-kosa-6oktobar-2-300x169.jpg\" alt=\"\" width=\"300\" height=\"169\" class=\"alignleft size-medium wp-image-212302\" srcset=\"https:\/\/www.prijedordanas.com\/wp-content\/uploads\/2023\/10\/sacuvajmo-potkozarje-pripremni-radovi-bukova-kosa-6oktobar-2-300x169.jpg 300w, https:\/\/www.prijedordanas.com\/wp-content\/uploads\/2023\/10\/sacuvajmo-potkozarje-pripremni-radovi-bukova-kosa-6oktobar-2.jpg 600w\" sizes=\"(max-width: 300px) 100vw, 300px\" \/><\/a><\/p>\n<p><iframe loading=\"lazy\" style=\"border: none; overflow: hidden;\" src=\"https:\/\/www.facebook.com\/plugins\/video.php?height=476&amp;href=https%3A%2F%2Fwww.facebook.com%2Fsacuvajmopotkozarje%2Fvideos%2F709367961236376%2F&amp;show_text=false&amp;width=267&amp;t=0\" width=\"267\" height=\"476\" frameborder=\"0\" scrolling=\"no\" allowfullscreen=\"allowfullscreen\"><\/iframe><\/p>\n","protected":false},"excerpt":{"rendered":"<p>Na podru\u010dju Bukove Kose jutros su po\u010deli radovi na pripremi pristupnog puta potencijalnom rudnom polju Bukova Kosa. Ovo je navedeno na facebook stranici Sa\u010duvajmo Potkozarje koju su pokrenuli mje\u0161tani Bukove [&hellip;]<\/p>\n","protected":false},"author":1,"featured_media":0,"comment_status":"closed","ping_status":"open","sticky":false,"template":"","format":"standard","meta":{"_monsterinsights_skip_tracking":false,"_monsterinsights_sitenote_active":false,"_monsterinsights_sitenote_note":"","_monsterinsights_sitenote_category":0,"footnotes":""},"categories":[4],"tags":[],"yoast_head":"<!-- This site is optimized with the Yoast SEO plugin v21.6 - https:\/\/yoast.com\/wordpress\/plugins\/seo\/ -->\n<title>Prijedor: Po\u010deli radovi na potencijalnom rudnom polju Bukova Kosa? - FOTO\/VIDEO - PrijedorDanas.com - Prijedorski gradski portal<\/title>\n<meta name=\"robots\" content=\"index, follow, max-snippet:-1, max-image-preview:large, max-video-preview:-1\" \/>\n<link rel=\"canonical\" href=\"https:\/\/www.prijedordanas.com\/?p=212299\" \/>\n<meta property=\"og:locale\" content=\"en_US\" \/>\n<meta property=\"og:type\" content=\"article\" \/>\n<meta property=\"og:title\" content=\"Prijedor: Po\u010deli radovi na potencijalnom rudnom polju Bukova Kosa? - FOTO\/VIDEO - PrijedorDanas.com - Prijedorski gradski portal\" \/>\n<meta property=\"og:description\" content=\"Na podru\u010dju Bukove Kose jutros su po\u010deli radovi na pripremi pristupnog puta potencijalnom rudnom polju Bukova Kosa. Ovo je navedeno na facebook stranici Sa\u010duvajmo Potkozarje koju su pokrenuli mje\u0161tani Bukove [&hellip;]\" \/>\n<meta property=\"og:url\" content=\"https:\/\/www.prijedordanas.com\/?p=212299\" \/>\n<meta property=\"og:site_name\" content=\"PrijedorDanas.com - Prijedorski gradski portal\" \/>\n<meta property=\"article:publisher\" content=\"https:\/\/www.facebook.com\/PrijedorDanasCom\/\" \/>\n<meta property=\"article:published_time\" content=\"2023-10-06T19:40:31+00:00\" \/>\n<meta property=\"og:image\" content=\"https:\/\/www.prijedordanas.com\/wp-content\/uploads\/2023\/10\/sacuvajmo-potkozarje-pripremni-radovi-bukova-kosa-6oktobar-1-300x225.jpg\" \/>\n<meta name=\"author\" content=\"admin\" \/>\n<meta name=\"twitter:card\" content=\"summary_large_image\" \/>\n<meta name=\"twitter:label1\" content=\"Written by\" \/>\n\t<meta name=\"twitter:data1\" content=\"admin\" \/>\n\t<meta name=\"twitter:label2\" content=\"Est. reading time\" \/>\n\t<meta name=\"twitter:data2\" content=\"1 minute\" \/>\n<script type=\"application\/ld+json\" class=\"yoast-schema-graph\">{\"@context\":\"https:\/\/schema.org\",\"@graph\":[{\"@type\":\"Article\",\"@id\":\"https:\/\/www.prijedordanas.com\/?p=212299#article\",\"isPartOf\":{\"@id\":\"https:\/\/www.prijedordanas.com\/?p=212299\"},\"author\":{\"name\":\"admin\",\"@id\":\"https:\/\/www.prijedordanas.com\/#\/schema\/person\/4e08ccf29b506ca916ff86d46bb700e6\"},\"headline\":\"Prijedor: Po\u010deli radovi na potencijalnom rudnom polju Bukova Kosa? &#8211; FOTO\/VIDEO\",\"datePublished\":\"2023-10-06T19:40:31+00:00\",\"dateModified\":\"2023-10-06T19:40:31+00:00\",\"mainEntityOfPage\":{\"@id\":\"https:\/\/www.prijedordanas.com\/?p=212299\"},\"wordCount\":197,\"publisher\":{\"@id\":\"https:\/\/www.prijedordanas.com\/#organization\"},\"articleSection\":[\"Dru\u0161tvo\"],\"inLanguage\":\"en-US\"},{\"@type\":\"WebPage\",\"@id\":\"https:\/\/www.prijedordanas.com\/?p=212299\",\"url\":\"https:\/\/www.prijedordanas.com\/?p=212299\",\"name\":\"Prijedor: Po\u010deli radovi na potencijalnom rudnom polju Bukova Kosa? - FOTO\/VIDEO - PrijedorDanas.com - Prijedorski gradski portal\",\"isPartOf\":{\"@id\":\"https:\/\/www.prijedordanas.com\/#website\"},\"datePublished\":\"2023-10-06T19:40:31+00:00\",\"dateModified\":\"2023-10-06T19:40:31+00:00\",\"breadcrumb\":{\"@id\":\"https:\/\/www.prijedordanas.com\/?p=212299#breadcrumb\"},\"inLanguage\":\"en-US\",\"potentialAction\":[{\"@type\":\"ReadAction\",\"target\":[\"https:\/\/www.prijedordanas.com\/?p=212299\"]}]},{\"@type\":\"BreadcrumbList\",\"@id\":\"https:\/\/www.prijedordanas.com\/?p=212299#breadcrumb\",\"itemListElement\":[{\"@type\":\"ListItem\",\"position\":1,\"name\":\"Home\",\"item\":\"https:\/\/www.prijedordanas.com\/\"},{\"@type\":\"ListItem\",\"position\":2,\"name\":\"Prijedor: Po\u010deli radovi na potencijalnom rudnom polju Bukova Kosa? &#8211; FOTO\/VIDEO\"}]},{\"@type\":\"WebSite\",\"@id\":\"https:\/\/www.prijedordanas.com\/#website\",\"url\":\"https:\/\/www.prijedordanas.com\/\",\"name\":\"PrijedorDanas.com - Prijedorski gradski portal\",\"description\":\"Portal o doga\u0111anjima u gradu Prijedoru\",\"publisher\":{\"@id\":\"https:\/\/www.prijedordanas.com\/#organization\"},\"potentialAction\":[{\"@type\":\"SearchAction\",\"target\":{\"@type\":\"EntryPoint\",\"urlTemplate\":\"https:\/\/www.prijedordanas.com\/?s={search_term_string}\"},\"query-input\":\"required name=search_term_string\"}],\"inLanguage\":\"en-US\"},{\"@type\":\"Organization\",\"@id\":\"https:\/\/www.prijedordanas.com\/#organization\",\"name\":\"PrijedorDanas.com\",\"url\":\"https:\/\/www.prijedordanas.com\/\",\"logo\":{\"@type\":\"ImageObject\",\"inLanguage\":\"en-US\",\"@id\":\"https:\/\/www.prijedordanas.com\/#\/schema\/logo\/image\/\",\"url\":\"http:\/\/www.prijedordanas.com\/wp-content\/uploads\/2021\/12\/logopng.png\",\"contentUrl\":\"http:\/\/www.prijedordanas.com\/wp-content\/uploads\/2021\/12\/logopng.png\",\"width\":1019,\"height\":776,\"caption\":\"PrijedorDanas.com\"},\"image\":{\"@id\":\"https:\/\/www.prijedordanas.com\/#\/schema\/logo\/image\/\"},\"sameAs\":[\"https:\/\/www.facebook.com\/PrijedorDanasCom\/\"]},{\"@type\":\"Person\",\"@id\":\"https:\/\/www.prijedordanas.com\/#\/schema\/person\/4e08ccf29b506ca916ff86d46bb700e6\",\"name\":\"admin\",\"image\":{\"@type\":\"ImageObject\",\"inLanguage\":\"en-US\",\"@id\":\"https:\/\/www.prijedordanas.com\/#\/schema\/person\/image\/\",\"url\":\"https:\/\/secure.gravatar.com\/avatar\/1d3fc949d550f0b53a5f0d51e06dfd79?s=96&d=mm&r=g\",\"contentUrl\":\"https:\/\/secure.gravatar.com\/avatar\/1d3fc949d550f0b53a5f0d51e06dfd79?s=96&d=mm&r=g\",\"caption\":\"admin\"},\"url\":\"https:\/\/www.prijedordanas.com\/?author=1\"}]}<\/script>\n<!-- \/ Yoast SEO plugin. -->","yoast_head_json":{"title":"Prijedor: Po\u010deli radovi na potencijalnom rudnom polju Bukova Kosa? - FOTO\/VIDEO - PrijedorDanas.com - Prijedorski gradski portal","robots":{"index":"index","follow":"follow","max-snippet":"max-snippet:-1","max-image-preview":"max-image-preview:large","max-video-preview":"max-video-preview:-1"},"canonical":"https:\/\/www.prijedordanas.com\/?p=212299","og_locale":"en_US","og_type":"article","og_title":"Prijedor: Po\u010deli radovi na potencijalnom rudnom polju Bukova Kosa? - FOTO\/VIDEO - PrijedorDanas.com - Prijedorski gradski portal","og_description":"Na podru\u010dju Bukove Kose jutros su po\u010deli radovi na pripremi pristupnog puta potencijalnom rudnom polju Bukova Kosa. Ovo je navedeno na facebook stranici Sa\u010duvajmo Potkozarje koju su pokrenuli mje\u0161tani Bukove [&hellip;]","og_url":"https:\/\/www.prijedordanas.com\/?p=212299","og_site_name":"PrijedorDanas.com - Prijedorski gradski portal","article_publisher":"https:\/\/www.facebook.com\/PrijedorDanasCom\/","article_published_time":"2023-10-06T19:40:31+00:00","og_image":[{"url":"https:\/\/www.prijedordanas.com\/wp-content\/uploads\/2023\/10\/sacuvajmo-potkozarje-pripremni-radovi-bukova-kosa-6oktobar-1-300x225.jpg"}],"author":"admin","twitter_card":"summary_large_image","twitter_misc":{"Written by":"admin","Est. reading time":"1 minute"},"schema":{"@context":"https:\/\/schema.org","@graph":[{"@type":"Article","@id":"https:\/\/www.prijedordanas.com\/?p=212299#article","isPartOf":{"@id":"https:\/\/www.prijedordanas.com\/?p=212299"},"author":{"name":"admin","@id":"https:\/\/www.prijedordanas.com\/#\/schema\/person\/4e08ccf29b506ca916ff86d46bb700e6"},"headline":"Prijedor: Po\u010deli radovi na potencijalnom rudnom polju Bukova Kosa? &#8211; FOTO\/VIDEO","datePublished":"2023-10-06T19:40:31+00:00","dateModified":"2023-10-06T19:40:31+00:00","mainEntityOfPage":{"@id":"https:\/\/www.prijedordanas.com\/?p=212299"},"wordCount":197,"publisher":{"@id":"https:\/\/www.prijedordanas.com\/#organization"},"articleSection":["Dru\u0161tvo"],"inLanguage":"en-US"},{"@type":"WebPage","@id":"https:\/\/www.prijedordanas.com\/?p=212299","url":"https:\/\/www.prijedordanas.com\/?p=212299","name":"Prijedor: Po\u010deli radovi na potencijalnom rudnom polju Bukova Kosa? - FOTO\/VIDEO - PrijedorDanas.com - Prijedorski gradski portal","isPartOf":{"@id":"https:\/\/www.prijedordanas.com\/#website"},"datePublished":"2023-10-06T19:40:31+00:00","dateModified":"2023-10-06T19:40:31+00:00","breadcrumb":{"@id":"https:\/\/www.prijedordanas.com\/?p=212299#breadcrumb"},"inLanguage":"en-US","potentialAction":[{"@type":"ReadAction","target":["https:\/\/www.prijedordanas.com\/?p=212299"]}]},{"@type":"BreadcrumbList","@id":"https:\/\/www.prijedordanas.com\/?p=212299#breadcrumb","itemListElement":[{"@type":"ListItem","position":1,"name":"Home","item":"https:\/\/www.prijedordanas.com\/"},{"@type":"ListItem","position":2,"name":"Prijedor: Po\u010deli radovi na potencijalnom rudnom polju Bukova Kosa? &#8211; FOTO\/VIDEO"}]},{"@type":"WebSite","@id":"https:\/\/www.prijedordanas.com\/#website","url":"https:\/\/www.prijedordanas.com\/","name":"PrijedorDanas.com - Prijedorski gradski portal","description":"Portal o doga\u0111anjima u gradu Prijedoru","publisher":{"@id":"https:\/\/www.prijedordanas.com\/#organization"},"potentialAction":[{"@type":"SearchAction","target":{"@type":"EntryPoint","urlTemplate":"https:\/\/www.prijedordanas.com\/?s={search_term_string}"},"query-input":"required name=search_term_string"}],"inLanguage":"en-US"},{"@type":"Organization","@id":"https:\/\/www.prijedordanas.com\/#organization","name":"PrijedorDanas.com","url":"https:\/\/www.prijedordanas.com\/","logo":{"@type":"ImageObject","inLanguage":"en-US","@id":"https:\/\/www.prijedordanas.com\/#\/schema\/logo\/image\/","url":"http:\/\/www.prijedordanas.com\/wp-content\/uploads\/2021\/12\/logopng.png","contentUrl":"http:\/\/www.prijedordanas.com\/wp-content\/uploads\/2021\/12\/logopng.png","width":1019,"height":776,"caption":"PrijedorDanas.com"},"image":{"@id":"https:\/\/www.prijedordanas.com\/#\/schema\/logo\/image\/"},"sameAs":["https:\/\/www.facebook.com\/PrijedorDanasCom\/"]},{"@type":"Person","@id":"https:\/\/www.prijedordanas.com\/#\/schema\/person\/4e08ccf29b506ca916ff86d46bb700e6","name":"admin","image":{"@type":"ImageObject","inLanguage":"en-US","@id":"https:\/\/www.prijedordanas.com\/#\/schema\/person\/image\/","url":"https:\/\/secure.gravatar.com\/avatar\/1d3fc949d550f0b53a5f0d51e06dfd79?s=96&d=mm&r=g","contentUrl":"https:\/\/secure.gravatar.com\/avatar\/1d3fc949d550f0b53a5f0d51e06dfd79?s=96&d=mm&r=g","caption":"admin"},"url":"https:\/\/www.prijedordanas.com\/?author=1"}]}},"_links":{"self":[{"href":"https:\/\/www.prijedordanas.com\/index.php?rest_route=\/wp\/v2\/posts\/212299"}],"collection":[{"href":"https:\/\/www.prijedordanas.com\/index.php?rest_route=\/wp\/v2\/posts"}],"about":[{"href":"https:\/\/www.prijedordanas.com\/index.php?rest_route=\/wp\/v2\/types\/post"}],"author":[{"embeddable":true,"href":"https:\/\/www.prijedordanas.com\/index.php?rest_route=\/wp\/v2\/users\/1"}],"replies":[{"embeddable":true,"href":"https:\/\/www.prijedordanas.com\/index.php?rest_route=%2Fwp%2Fv2%2Fcomments&post=212299"}],"version-history":[{"count":1,"href":"https:\/\/www.prijedordanas.com\/index.php?rest_route=\/wp\/v2\/posts\/212299\/revisions"}],"predecessor-version":[{"id":212303,"href":"https:\/\/www.prijedordanas.com\/index.php?rest_route=\/wp\/v2\/posts\/212299\/revisions\/212303"}],"wp:attachment":[{"href":"https:\/\/www.prijedordanas.com\/index.php?rest_route=%2Fwp%2Fv2%2Fmedia&parent=212299"}],"wp:term":[{"taxonomy":"category","embeddable":true,"href":"https:\/\/www.prijedordanas.com\/index.php?rest_route=%2Fwp%2Fv2%2Fcategories&post=212299"},{"taxonomy":"post_tag","embeddable":true,"href":"https:\/\/www.prijedordanas.com\/index.php?rest_route=%2Fwp%2Fv2%2Ftags&post=212299"}],"curies":[{"name":"wp","href":"https:\/\/api.w.org\/{rel}","templated":true}]}}