{"id":212297,"date":"2023-10-06T20:47:34","date_gmt":"2023-10-06T18:47:34","guid":{"rendered":"https:\/\/www.prijedordanas.com\/?p=212297"},"modified":"2023-10-06T20:47:34","modified_gmt":"2023-10-06T18:47:34","slug":"osnovni-sud-prijedor-postupak-tuzbe-bivseg-radnika-protiv-doma-zdravlja-vracen-na-pocetak","status":"publish","type":"post","link":"https:\/\/www.prijedordanas.com\/?p=212297","title":{"rendered":"Osnovni sud Prijedor: Postupak tu\u017ebe biv\u0161eg radnika protiv Doma zdravlja vra\u0107en na po\u010detak"},"content":{"rendered":"<p><a href=\"https:\/\/www.prijedordanas.com\/wp-content\/uploads\/2023\/04\/osnovni-sud-pd-mart2023.jpg\"><img loading=\"lazy\" decoding=\"async\" src=\"https:\/\/www.prijedordanas.com\/wp-content\/uploads\/2023\/04\/osnovni-sud-pd-mart2023-300x225.jpg\" alt=\"\" width=\"300\" height=\"225\" class=\"alignleft size-medium wp-image-202574\" srcset=\"https:\/\/www.prijedordanas.com\/wp-content\/uploads\/2023\/04\/osnovni-sud-pd-mart2023-300x225.jpg 300w, https:\/\/www.prijedordanas.com\/wp-content\/uploads\/2023\/04\/osnovni-sud-pd-mart2023-640x480.jpg 640w, https:\/\/www.prijedordanas.com\/wp-content\/uploads\/2023\/04\/osnovni-sud-pd-mart2023.jpg 667w\" sizes=\"(max-width: 300px) 100vw, 300px\" \/><\/a>Osnovni sud u Prijedoru vratio je na po\u010detak postupak po tu\u017ebi biv\u0161eg radnika prijedorskog Doma zdravlja protiv disciplinskog ka\u017enjavanja u slu\u010daju neiskori\u0161tenih vakcina protiv kovida 19, a novo pripremno ro\u010di\u0161te zakazano je za 16. oktobar.<\/p>\n<p>Sud je stavio van snage rje\u0161enja o odr\u017eanom pripremnom ro\u010di\u0161tu i o glavnoj raspravi u ovoj parnici, re\u010deno je danas Srni u ovom sudu.<\/p>\n<p>Sudija Branka Kragulj odluku je donijela kako bi sud postupio u skladu sa Zakonom o parni\u010dnom postupku, a nakon \u0161to su strane upoznate o tome da je i prisutni punomo\u0107nik Doma zdravlja Prijedor Aleksandar \u0160kori\u0107 bio podnosilac inicijative za pokretanje dispicplinskog postupka protiv ovog radnika.<\/p>\n<p>Biv\u0161i radnik Dalibor Laji\u0107, koji je bio zaposlen kao referent za\u0161tite na radu, tra\u017ei poni\u0161tenje disciplinske kazne i isplatu novca koji mu je tom kaznom od plate obustavljen, zajedno sa pripadaju\u0107im kamatama, obrazla\u017eu\u0107i zahtjev time da je bio na bolovanju od 16. februara 2021. godine pa sve do odlaska u invalidsku penziju, a sporni doga\u0111aj sa vakcinama desio se u aprilu 2021. godine.<\/p>\n<p>Zbog neiskori\u0161tenih vakcina u ovom sudu vodi se i krivi\u010dni postupak po optu\u017enici Okru\u017enog javnog tu\u017eila\u0161tva Prijedor protiv na\u010delnice Higijensko-epidemiolo\u0161ke slu\u017ebe Doma zdravlja Prijedor Milice Otkovi\u0107 kojom joj se na teret stavljaju krivi\u010dna djela nesavjestan rad u slu\u017ebi i nepostupanje po zdravstvenim propisima za vrijeme epidemije.<\/p>\n<p>U prijedorskom Domu zdravlja 12. aprila 2021. godine privremeno je obustavljeno vakcinisanje stanovnika protiv kovida 19 budu\u0107i da je zbog nestanka struje do\u0161lo do prekida hladnog lanca, te je poreme\u0107ena temperatura u zamrziva\u010du u kojem su \u010duvane 1.342 doze ruske vakcine. <\/p>\n<p>SRNA<br \/>\nFoto &#8211; ilustracija<\/p>\n","protected":false},"excerpt":{"rendered":"<p>Osnovni sud u Prijedoru vratio je na po\u010detak postupak po tu\u017ebi biv\u0161eg radnika prijedorskog Doma zdravlja protiv disciplinskog ka\u017enjavanja u slu\u010daju neiskori\u0161tenih vakcina protiv kovida 19, a novo pripremno ro\u010di\u0161te [&hellip;]<\/p>\n","protected":false},"author":1,"featured_media":0,"comment_status":"closed","ping_status":"open","sticky":false,"template":"","format":"standard","meta":{"_monsterinsights_skip_tracking":false,"_monsterinsights_sitenote_active":false,"_monsterinsights_sitenote_note":"","_monsterinsights_sitenote_category":0,"footnotes":""},"categories":[5],"tags":[],"yoast_head":"<!-- This site is optimized with the Yoast SEO plugin v21.6 - https:\/\/yoast.com\/wordpress\/plugins\/seo\/ -->\n<title>Osnovni sud Prijedor: Postupak tu\u017ebe biv\u0161eg radnika protiv Doma zdravlja vra\u0107en na po\u010detak - PrijedorDanas.com - Prijedorski gradski portal<\/title>\n<meta name=\"robots\" content=\"index, follow, max-snippet:-1, max-image-preview:large, max-video-preview:-1\" \/>\n<link rel=\"canonical\" href=\"https:\/\/www.prijedordanas.com\/?p=212297\" \/>\n<meta property=\"og:locale\" content=\"en_US\" \/>\n<meta property=\"og:type\" content=\"article\" \/>\n<meta property=\"og:title\" content=\"Osnovni sud Prijedor: Postupak tu\u017ebe biv\u0161eg radnika protiv Doma zdravlja vra\u0107en na po\u010detak - PrijedorDanas.com - Prijedorski gradski portal\" \/>\n<meta property=\"og:description\" content=\"Osnovni sud u Prijedoru vratio je na po\u010detak postupak po tu\u017ebi biv\u0161eg radnika prijedorskog Doma zdravlja protiv disciplinskog ka\u017enjavanja u slu\u010daju neiskori\u0161tenih vakcina protiv kovida 19, a novo pripremno ro\u010di\u0161te [&hellip;]\" \/>\n<meta property=\"og:url\" content=\"https:\/\/www.prijedordanas.com\/?p=212297\" \/>\n<meta property=\"og:site_name\" content=\"PrijedorDanas.com - Prijedorski gradski portal\" \/>\n<meta property=\"article:publisher\" content=\"https:\/\/www.facebook.com\/PrijedorDanasCom\/\" \/>\n<meta property=\"article:published_time\" content=\"2023-10-06T18:47:34+00:00\" \/>\n<meta property=\"og:image\" content=\"https:\/\/www.prijedordanas.com\/wp-content\/uploads\/2023\/04\/osnovni-sud-pd-mart2023-300x225.jpg\" \/>\n<meta name=\"author\" content=\"admin\" \/>\n<meta name=\"twitter:card\" content=\"summary_large_image\" \/>\n<meta name=\"twitter:label1\" content=\"Written by\" \/>\n\t<meta name=\"twitter:data1\" content=\"admin\" \/>\n<script type=\"application\/ld+json\" class=\"yoast-schema-graph\">{\"@context\":\"https:\/\/schema.org\",\"@graph\":[{\"@type\":\"Article\",\"@id\":\"https:\/\/www.prijedordanas.com\/?p=212297#article\",\"isPartOf\":{\"@id\":\"https:\/\/www.prijedordanas.com\/?p=212297\"},\"author\":{\"name\":\"admin\",\"@id\":\"https:\/\/www.prijedordanas.com\/#\/schema\/person\/4e08ccf29b506ca916ff86d46bb700e6\"},\"headline\":\"Osnovni sud Prijedor: Postupak tu\u017ebe biv\u0161eg radnika protiv Doma zdravlja vra\u0107en na po\u010detak\",\"datePublished\":\"2023-10-06T18:47:34+00:00\",\"dateModified\":\"2023-10-06T18:47:34+00:00\",\"mainEntityOfPage\":{\"@id\":\"https:\/\/www.prijedordanas.com\/?p=212297\"},\"wordCount\":304,\"publisher\":{\"@id\":\"https:\/\/www.prijedordanas.com\/#organization\"},\"articleSection\":[\"Hronika\"],\"inLanguage\":\"en-US\"},{\"@type\":\"WebPage\",\"@id\":\"https:\/\/www.prijedordanas.com\/?p=212297\",\"url\":\"https:\/\/www.prijedordanas.com\/?p=212297\",\"name\":\"Osnovni sud Prijedor: Postupak tu\u017ebe biv\u0161eg radnika protiv Doma zdravlja vra\u0107en na po\u010detak - PrijedorDanas.com - Prijedorski gradski portal\",\"isPartOf\":{\"@id\":\"https:\/\/www.prijedordanas.com\/#website\"},\"datePublished\":\"2023-10-06T18:47:34+00:00\",\"dateModified\":\"2023-10-06T18:47:34+00:00\",\"breadcrumb\":{\"@id\":\"https:\/\/www.prijedordanas.com\/?p=212297#breadcrumb\"},\"inLanguage\":\"en-US\",\"potentialAction\":[{\"@type\":\"ReadAction\",\"target\":[\"https:\/\/www.prijedordanas.com\/?p=212297\"]}]},{\"@type\":\"BreadcrumbList\",\"@id\":\"https:\/\/www.prijedordanas.com\/?p=212297#breadcrumb\",\"itemListElement\":[{\"@type\":\"ListItem\",\"position\":1,\"name\":\"Home\",\"item\":\"https:\/\/www.prijedordanas.com\/\"},{\"@type\":\"ListItem\",\"position\":2,\"name\":\"Osnovni sud Prijedor: Postupak tu\u017ebe biv\u0161eg radnika protiv Doma zdravlja vra\u0107en na po\u010detak\"}]},{\"@type\":\"WebSite\",\"@id\":\"https:\/\/www.prijedordanas.com\/#website\",\"url\":\"https:\/\/www.prijedordanas.com\/\",\"name\":\"PrijedorDanas.com - Prijedorski gradski portal\",\"description\":\"Portal o doga\u0111anjima u gradu Prijedoru\",\"publisher\":{\"@id\":\"https:\/\/www.prijedordanas.com\/#organization\"},\"potentialAction\":[{\"@type\":\"SearchAction\",\"target\":{\"@type\":\"EntryPoint\",\"urlTemplate\":\"https:\/\/www.prijedordanas.com\/?s={search_term_string}\"},\"query-input\":\"required name=search_term_string\"}],\"inLanguage\":\"en-US\"},{\"@type\":\"Organization\",\"@id\":\"https:\/\/www.prijedordanas.com\/#organization\",\"name\":\"PrijedorDanas.com\",\"url\":\"https:\/\/www.prijedordanas.com\/\",\"logo\":{\"@type\":\"ImageObject\",\"inLanguage\":\"en-US\",\"@id\":\"https:\/\/www.prijedordanas.com\/#\/schema\/logo\/image\/\",\"url\":\"http:\/\/www.prijedordanas.com\/wp-content\/uploads\/2021\/12\/logopng.png\",\"contentUrl\":\"http:\/\/www.prijedordanas.com\/wp-content\/uploads\/2021\/12\/logopng.png\",\"width\":1019,\"height\":776,\"caption\":\"PrijedorDanas.com\"},\"image\":{\"@id\":\"https:\/\/www.prijedordanas.com\/#\/schema\/logo\/image\/\"},\"sameAs\":[\"https:\/\/www.facebook.com\/PrijedorDanasCom\/\"]},{\"@type\":\"Person\",\"@id\":\"https:\/\/www.prijedordanas.com\/#\/schema\/person\/4e08ccf29b506ca916ff86d46bb700e6\",\"name\":\"admin\",\"image\":{\"@type\":\"ImageObject\",\"inLanguage\":\"en-US\",\"@id\":\"https:\/\/www.prijedordanas.com\/#\/schema\/person\/image\/\",\"url\":\"https:\/\/secure.gravatar.com\/avatar\/1d3fc949d550f0b53a5f0d51e06dfd79?s=96&d=mm&r=g\",\"contentUrl\":\"https:\/\/secure.gravatar.com\/avatar\/1d3fc949d550f0b53a5f0d51e06dfd79?s=96&d=mm&r=g\",\"caption\":\"admin\"},\"url\":\"https:\/\/www.prijedordanas.com\/?author=1\"}]}<\/script>\n<!-- \/ Yoast SEO plugin. -->","yoast_head_json":{"title":"Osnovni sud Prijedor: Postupak tu\u017ebe biv\u0161eg radnika protiv Doma zdravlja vra\u0107en na po\u010detak - PrijedorDanas.com - Prijedorski gradski portal","robots":{"index":"index","follow":"follow","max-snippet":"max-snippet:-1","max-image-preview":"max-image-preview:large","max-video-preview":"max-video-preview:-1"},"canonical":"https:\/\/www.prijedordanas.com\/?p=212297","og_locale":"en_US","og_type":"article","og_title":"Osnovni sud Prijedor: Postupak tu\u017ebe biv\u0161eg radnika protiv Doma zdravlja vra\u0107en na po\u010detak - PrijedorDanas.com - Prijedorski gradski portal","og_description":"Osnovni sud u Prijedoru vratio je na po\u010detak postupak po tu\u017ebi biv\u0161eg radnika prijedorskog Doma zdravlja protiv disciplinskog ka\u017enjavanja u slu\u010daju neiskori\u0161tenih vakcina protiv kovida 19, a novo pripremno ro\u010di\u0161te [&hellip;]","og_url":"https:\/\/www.prijedordanas.com\/?p=212297","og_site_name":"PrijedorDanas.com - Prijedorski gradski portal","article_publisher":"https:\/\/www.facebook.com\/PrijedorDanasCom\/","article_published_time":"2023-10-06T18:47:34+00:00","og_image":[{"url":"https:\/\/www.prijedordanas.com\/wp-content\/uploads\/2023\/04\/osnovni-sud-pd-mart2023-300x225.jpg"}],"author":"admin","twitter_card":"summary_large_image","twitter_misc":{"Written by":"admin"},"schema":{"@context":"https:\/\/schema.org","@graph":[{"@type":"Article","@id":"https:\/\/www.prijedordanas.com\/?p=212297#article","isPartOf":{"@id":"https:\/\/www.prijedordanas.com\/?p=212297"},"author":{"name":"admin","@id":"https:\/\/www.prijedordanas.com\/#\/schema\/person\/4e08ccf29b506ca916ff86d46bb700e6"},"headline":"Osnovni sud Prijedor: Postupak tu\u017ebe biv\u0161eg radnika protiv Doma zdravlja vra\u0107en na po\u010detak","datePublished":"2023-10-06T18:47:34+00:00","dateModified":"2023-10-06T18:47:34+00:00","mainEntityOfPage":{"@id":"https:\/\/www.prijedordanas.com\/?p=212297"},"wordCount":304,"publisher":{"@id":"https:\/\/www.prijedordanas.com\/#organization"},"articleSection":["Hronika"],"inLanguage":"en-US"},{"@type":"WebPage","@id":"https:\/\/www.prijedordanas.com\/?p=212297","url":"https:\/\/www.prijedordanas.com\/?p=212297","name":"Osnovni sud Prijedor: Postupak tu\u017ebe biv\u0161eg radnika protiv Doma zdravlja vra\u0107en na po\u010detak - PrijedorDanas.com - Prijedorski gradski portal","isPartOf":{"@id":"https:\/\/www.prijedordanas.com\/#website"},"datePublished":"2023-10-06T18:47:34+00:00","dateModified":"2023-10-06T18:47:34+00:00","breadcrumb":{"@id":"https:\/\/www.prijedordanas.com\/?p=212297#breadcrumb"},"inLanguage":"en-US","potentialAction":[{"@type":"ReadAction","target":["https:\/\/www.prijedordanas.com\/?p=212297"]}]},{"@type":"BreadcrumbList","@id":"https:\/\/www.prijedordanas.com\/?p=212297#breadcrumb","itemListElement":[{"@type":"ListItem","position":1,"name":"Home","item":"https:\/\/www.prijedordanas.com\/"},{"@type":"ListItem","position":2,"name":"Osnovni sud Prijedor: Postupak tu\u017ebe biv\u0161eg radnika protiv Doma zdravlja vra\u0107en na po\u010detak"}]},{"@type":"WebSite","@id":"https:\/\/www.prijedordanas.com\/#website","url":"https:\/\/www.prijedordanas.com\/","name":"PrijedorDanas.com - Prijedorski gradski portal","description":"Portal o doga\u0111anjima u gradu Prijedoru","publisher":{"@id":"https:\/\/www.prijedordanas.com\/#organization"},"potentialAction":[{"@type":"SearchAction","target":{"@type":"EntryPoint","urlTemplate":"https:\/\/www.prijedordanas.com\/?s={search_term_string}"},"query-input":"required name=search_term_string"}],"inLanguage":"en-US"},{"@type":"Organization","@id":"https:\/\/www.prijedordanas.com\/#organization","name":"PrijedorDanas.com","url":"https:\/\/www.prijedordanas.com\/","logo":{"@type":"ImageObject","inLanguage":"en-US","@id":"https:\/\/www.prijedordanas.com\/#\/schema\/logo\/image\/","url":"http:\/\/www.prijedordanas.com\/wp-content\/uploads\/2021\/12\/logopng.png","contentUrl":"http:\/\/www.prijedordanas.com\/wp-content\/uploads\/2021\/12\/logopng.png","width":1019,"height":776,"caption":"PrijedorDanas.com"},"image":{"@id":"https:\/\/www.prijedordanas.com\/#\/schema\/logo\/image\/"},"sameAs":["https:\/\/www.facebook.com\/PrijedorDanasCom\/"]},{"@type":"Person","@id":"https:\/\/www.prijedordanas.com\/#\/schema\/person\/4e08ccf29b506ca916ff86d46bb700e6","name":"admin","image":{"@type":"ImageObject","inLanguage":"en-US","@id":"https:\/\/www.prijedordanas.com\/#\/schema\/person\/image\/","url":"https:\/\/secure.gravatar.com\/avatar\/1d3fc949d550f0b53a5f0d51e06dfd79?s=96&d=mm&r=g","contentUrl":"https:\/\/secure.gravatar.com\/avatar\/1d3fc949d550f0b53a5f0d51e06dfd79?s=96&d=mm&r=g","caption":"admin"},"url":"https:\/\/www.prijedordanas.com\/?author=1"}]}},"_links":{"self":[{"href":"https:\/\/www.prijedordanas.com\/index.php?rest_route=\/wp\/v2\/posts\/212297"}],"collection":[{"href":"https:\/\/www.prijedordanas.com\/index.php?rest_route=\/wp\/v2\/posts"}],"about":[{"href":"https:\/\/www.prijedordanas.com\/index.php?rest_route=\/wp\/v2\/types\/post"}],"author":[{"embeddable":true,"href":"https:\/\/www.prijedordanas.com\/index.php?rest_route=\/wp\/v2\/users\/1"}],"replies":[{"embeddable":true,"href":"https:\/\/www.prijedordanas.com\/index.php?rest_route=%2Fwp%2Fv2%2Fcomments&post=212297"}],"version-history":[{"count":1,"href":"https:\/\/www.prijedordanas.com\/index.php?rest_route=\/wp\/v2\/posts\/212297\/revisions"}],"predecessor-version":[{"id":212298,"href":"https:\/\/www.prijedordanas.com\/index.php?rest_route=\/wp\/v2\/posts\/212297\/revisions\/212298"}],"wp:attachment":[{"href":"https:\/\/www.prijedordanas.com\/index.php?rest_route=%2Fwp%2Fv2%2Fmedia&parent=212297"}],"wp:term":[{"taxonomy":"category","embeddable":true,"href":"https:\/\/www.prijedordanas.com\/index.php?rest_route=%2Fwp%2Fv2%2Fcategories&post=212297"},{"taxonomy":"post_tag","embeddable":true,"href":"https:\/\/www.prijedordanas.com\/index.php?rest_route=%2Fwp%2Fv2%2Ftags&post=212297"}],"curies":[{"name":"wp","href":"https:\/\/api.w.org\/{rel}","templated":true}]}}