{"id":212192,"date":"2023-10-04T15:08:52","date_gmt":"2023-10-04T13:08:52","guid":{"rendered":"https:\/\/www.prijedordanas.com\/?p=212192"},"modified":"2023-10-04T15:08:52","modified_gmt":"2023-10-04T13:08:52","slug":"boracka-organizacija-prijedor-kondic-cilj-povecati-broj-clanova-sa-8-500-na-11-000","status":"publish","type":"post","link":"https:\/\/www.prijedordanas.com\/?p=212192","title":{"rendered":"Bora\u010dka organizacija Prijedor &#8211; Kondi\u0107: Cilj pove\u0107ati broj \u010dlanova sa 8.500 na 11.000"},"content":{"rendered":"<p><a href=\"https:\/\/www.prijedordanas.com\/wp-content\/uploads\/2023\/07\/skupstina-boracke-organizacije-grada-prijedora-1.jpg\"><img loading=\"lazy\" decoding=\"async\" class=\"alignleft size-medium wp-image-209067\" src=\"https:\/\/www.prijedordanas.com\/wp-content\/uploads\/2023\/07\/skupstina-boracke-organizacije-grada-prijedora-1-300x225.jpg\" alt=\"\" width=\"300\" height=\"225\" srcset=\"https:\/\/www.prijedordanas.com\/wp-content\/uploads\/2023\/07\/skupstina-boracke-organizacije-grada-prijedora-1-300x225.jpg 300w, https:\/\/www.prijedordanas.com\/wp-content\/uploads\/2023\/07\/skupstina-boracke-organizacije-grada-prijedora-1-640x480.jpg 640w, https:\/\/www.prijedordanas.com\/wp-content\/uploads\/2023\/07\/skupstina-boracke-organizacije-grada-prijedora-1.jpg 667w\" sizes=\"(max-width: 300px) 100vw, 300px\" \/><\/a>Ciljevi novog rukovodstva Bora\u010dke organizacije grada Prijedora je da povec\u0301a broj \u010dlanova sa sada\u0161njih 8.500 na 11.000, da se intenzivnijim radom na terenu pribli\u017ei problemima bora\u010dke populacije i da oja\u010da ulogu mjesnih odbora kao klju\u010dne organizacione jedinice, izjavio je Srni predsjednik ove organizacije Vojislav Kondic\u0301.<\/p>\n<p>On je ocijenio da je uvo\u0111enjem jedinstvenog bora\u010dkog dodatka dr\u017eava krenula ozbiljno u pozitivnom smjeru, da je to izuzetno pohvalna aktivnost, prije svih, Ministarstva rada i bora\u010dko-inavlidske za\u0161tite i Vlade Republike Srpske i da je prioritet pomoc\u0301i borcima da ostvare svoja propisana prava.<\/p>\n<p>\u201eSvakom \u010dovjeku danas vrijedi svaki dinar. Ako je imao i \u0161est mjeseci u zoni borbenih dejstava, tih 18 maraka neka dobije mjese\u010dno, mo\u017ee platiti neki ra\u010dun. Ali vrijedi i satisfakcija, mo\u017eda i vi\u0161e nego novac\u201c, rekao je Kondic\u0301 Srni.<\/p>\n<p>On je potvrdio da je najava uvo\u0111enja jedinstvenog bora\u010dkog dodatka dovela do toga da se prijavljuje ogroman broj ljudi koji dosad nisu bili u sistemu, ali ne samo onih iz \u0161este i sedme kategorije koji nisu ni bili obuhvac\u0301eni pravima, te je i razumljivo da se nisu ranije javljali, nego \u010dak i potencijalno prve kategorije koji ni 28 godina nakon rata nisu uradili ni kategorizaciju.<\/p>\n<p>\u201eU posljednjih 15-ak dana obradili smo oko 200 zahtjeva. Na\u0161a komisija sastaje se dva puta sedmi\u010dno, okupili smo tu kredibilne ljude, insistiramo na ozbiljnom pristupu i prikupljanju \u0161to vi\u0161e podataka, a za o\u010dekivati je, na\u017ealost, da ima pojedinaca koji bi ostvare \u0161ta im ne pripada. Sve sumnjive slu\u010dajeve proslje\u0111ujemo centralnoj komisiji, jer ne mo\u017ee se prihvatiti da podnosilac zahtjeva ne mo\u017ee da se sjeti ko mu je bio komandant bataljona, ko komandir \u010dete, a ko voda. Sjec\u0301amo se ko nam je u miru u JNA bio neposredni starje\u0161ina, a kamoli u ratu\u201c, naglasio je Kondic\u0301.<\/p>\n<p>Govorec\u0301i o reviziji u sistemu bora\u010dko-invalidske za\u0161tite, Kondic\u0301 smatra da od toga ne treba bje\u017eati i da je postupak revizije normalna stvar, ali da ne smije biti potaknut zloupotrebom niti smije po\u010divati na la\u017enim svjedo\u010denjima.<\/p>\n<p>\u201eDa bi se reklo da je neko neobjektivno kategorisan prvom, a neko neobjektivno \u0161estom, treba imati neke dokumente. Vojne evidencije nisu lako dostupne i zato je jednostavnije pokrenuti postupak po prijavi sumnje, ali na na\u010din da onaj ko prijavi iz zlurade namjere ili zavisti snosi posljedice, buduc\u0301i da sam postupak provjere iziskuje nemale resurse\u201c, dodao je Kondic\u0301.<\/p>\n<p>On je naveo da u sistemu gradskog Odjeljenja za bora\u010dko-invalidsku za\u0161titu grada Prijedora ima na evidenciji izme\u0111u 13.000 i 14.000 demobilisanih boraca, korisnika sistemskih prava, i da bi bilo idealno da su svi oni ujedno i \u010dlanovi Bora\u010dke organizacije, kao najvec\u0301e i najreprezentativnije.<\/p>\n<p>\u201ePozivam sve na\u0161e prijatelje i brac\u0301u saborce da se ujedinimo. Na\u0161a vrata su otvorena i pojedincima, ali i svim bora\u010dkim organizacijama da u\u0111u u kolektiv, a zadr\u017ee ime, status, na\u010din i program rada, i da tako ostvarimo sabornost svih boraca u ovom gradu\u201c, poru\u010dio je Kondic\u0301.<\/p>\n<p>On je istakao da se upravo zavr\u0161avaju pregovori o pristupanju jedne od organizacija proisteklih iz Odbrambeno-otad\u017ebinskog rata u kolektivitet Bora\u010dke organizacije grada Prijedora i da se o\u010dekuje da ovih dana u koletkivno \u010dlanstvo aplicira jo\u0161 jedna bora\u010dka organizacija koja je do sada djelovala samostalno.<\/p>\n<p>\u201eNasuprot tome, de\u0161ava se da pojedinci rade na podjeli Bora\u010dke organizacije, a radi se o strukturama ljudi koji su 28 godina bili na rukovodec\u0301im mjestima. Na\u017ealost, nisu prihvatili \u010dinjenicu da su ove godine na izborima izgubili povrjerenje boraca i u ovom momentu poku\u0161avjau da djeluju maltene kao opozicione politi\u010dke partije, te, umjesto da se pribli\u017eimo jedni drugima, da nam pomognu iskustvom i znanjem, oni svoju energiju tro\u0161e na dalje podjele bora\u010dke populacije\u201c, upozorio je Kondic\u0301.<\/p>\n<p>On je najavio da c\u0301e \u010dlanarina od iduc\u0301e godine iznositi marku umjesto pola marke mjese\u010dno, a da c\u0301e ubuduc\u0301e pomoc\u0301 i podr\u0161ku iz tog fonda solidarnosti ostvarivati samo oni koji su i formalno \u010dlanovi i koji plac\u0301aju \u010dlanarinu, \u0161to do sada nije bio slu\u010daj.<\/p>\n<p>\u201eNismo ni moralno obavezni da pomo\u017eemo \u010dovjeku koji nema osjec\u0301aja da i drugom treba pomoc\u0301. To mo\u017eda zvu\u010di brutalno. Me\u0111utim, ovdje znaju doc\u0301i ljudi koji od svojih li\u010dnih invalidnina odvoje po 30 KM godi\u0161nje za taj fond. Ka\u017ee, bolje da ja nekom poma\u017eem, nego da do\u0111em u situaciju da mi pomoc\u0301 drugih treba. Ako neko drugi smatra da mi sebi dajemo ingerencije koje nemamo, onda c\u0301emo svoje \u010dlanstvo morati za\u0161tititi jednom ovakvom naoko rigoroznom odlukom\u201c, pojasnio je Kondic\u0301, precizirajuc\u0301i da je pomoc\u0301 prvenstveno i gotovo isklju\u010divo namijenjena nezaposlenim demobilisanim borcima.<\/p>\n<p>On c\u0301e do kraja godine zajedno sa svojim zamjenikom Slavenkom Banovic\u0301em i predsjednikom skup\u0161tine Brankom Pilipovic\u0301em odr\u017eati radne sastanke s predsjedni\u0161tvima svih 50 mjesnih bora\u010dkih organizacija, a \u010diji izabrani predstavnici se vi\u0161e nec\u0301e zaobilaziti kada je u pitanju bilo koja odluka u vezi sa bilo kojim \u010dlanom ili bilo kojom aktivno\u0161c\u0301u te organizacije, kao i da c\u0301e poku\u0161ati da se 150 KM godi\u0161nje za rad svake mjesne bora\u010dke organizacije, povec\u0301a na 300 KM jer se taj iznos nije mijenjao gotovo 20 godina.<\/p>\n<p>\u201eImamo veliku podr\u0161ku gradske vlasti. Moramo rec\u0301i stavka za funkcionisanje organizacije nije jedina nego se redovno izdvajaju i dodatna namjenska sredstva za obilje\u017eavanje va\u017enih datuma i banjske rehabilitacije gdje je ove godine rekordan broj demobilisanih boraca koristio banje \u2013 72, u pore\u0111enju sa lanjskih 55, a zahvaljajuc\u0301i razumijevanju rukovodstva grada na \u010demu smo im veoma zahvalni\u201c, dodao je Kondic\u0301.<\/p>\n<p>Prema njegovim rije\u010dima, insistirac\u0301e se i na tome da sva radna tijela Bora\u010dke organizacije grada Prijedora moraju biti funkcionalna i operativna, donijec\u0301e se nedostajuc\u0301i akti i pobolj\u0161ati postojec\u0301i, a prvenstveno radi spre\u010davanja izbornih manipulacija.<\/p>\n<p>\u201eBilo ih je i do sada, ne samo u Prijedoru nego \u0161irom Republike Srpske. Na bazi manipulacije prethodno rukovodstvo poku\u0161alo je iznijeti i ovogodi\u0161nje izbore \u2013 spre\u010davanjem boraca da se u\u010dlane u Bora\u010dku organizaciju, a samim tim i onemoguc\u0301avnjem da odlu\u010duju ko c\u0301e ih predstavljati\u201c, zaklju\u010dio je Kondic\u0301<\/p>\n<p>SRNA<\/p>\n","protected":false},"excerpt":{"rendered":"<p>Ciljevi novog rukovodstva Bora\u010dke organizacije grada Prijedora je da povec\u0301a broj \u010dlanova sa sada\u0161njih 8.500 na 11.000, da se intenzivnijim radom na terenu pribli\u017ei problemima bora\u010dke populacije i da oja\u010da [&hellip;]<\/p>\n","protected":false},"author":1,"featured_media":0,"comment_status":"closed","ping_status":"open","sticky":false,"template":"","format":"standard","meta":{"_monsterinsights_skip_tracking":false,"_monsterinsights_sitenote_active":false,"_monsterinsights_sitenote_note":"","_monsterinsights_sitenote_category":0,"footnotes":""},"categories":[8],"tags":[],"yoast_head":"<!-- This site is optimized with the Yoast SEO plugin v21.6 - https:\/\/yoast.com\/wordpress\/plugins\/seo\/ -->\n<title>Bora\u010dka organizacija Prijedor - Kondi\u0107: Cilj pove\u0107ati broj \u010dlanova sa 8.500 na 11.000 - PrijedorDanas.com - Prijedorski gradski portal<\/title>\n<meta name=\"robots\" content=\"index, follow, max-snippet:-1, max-image-preview:large, max-video-preview:-1\" \/>\n<link rel=\"canonical\" href=\"https:\/\/www.prijedordanas.com\/?p=212192\" \/>\n<meta property=\"og:locale\" content=\"en_US\" \/>\n<meta property=\"og:type\" content=\"article\" \/>\n<meta property=\"og:title\" content=\"Bora\u010dka organizacija Prijedor - Kondi\u0107: Cilj pove\u0107ati broj \u010dlanova sa 8.500 na 11.000 - PrijedorDanas.com - Prijedorski gradski portal\" \/>\n<meta property=\"og:description\" content=\"Ciljevi novog rukovodstva Bora\u010dke organizacije grada Prijedora je da povec\u0301a broj \u010dlanova sa sada\u0161njih 8.500 na 11.000, da se intenzivnijim radom na terenu pribli\u017ei problemima bora\u010dke populacije i da oja\u010da [&hellip;]\" \/>\n<meta property=\"og:url\" content=\"https:\/\/www.prijedordanas.com\/?p=212192\" \/>\n<meta property=\"og:site_name\" content=\"PrijedorDanas.com - Prijedorski gradski portal\" \/>\n<meta property=\"article:publisher\" content=\"https:\/\/www.facebook.com\/PrijedorDanasCom\/\" \/>\n<meta property=\"article:published_time\" content=\"2023-10-04T13:08:52+00:00\" \/>\n<meta property=\"og:image\" content=\"https:\/\/www.prijedordanas.com\/wp-content\/uploads\/2023\/07\/skupstina-boracke-organizacije-grada-prijedora-1-300x225.jpg\" \/>\n<meta name=\"author\" content=\"admin\" \/>\n<meta name=\"twitter:card\" content=\"summary_large_image\" \/>\n<meta name=\"twitter:label1\" content=\"Written by\" \/>\n\t<meta name=\"twitter:data1\" content=\"admin\" \/>\n\t<meta name=\"twitter:label2\" content=\"Est. reading time\" \/>\n\t<meta name=\"twitter:data2\" content=\"5 minutes\" \/>\n<script type=\"application\/ld+json\" class=\"yoast-schema-graph\">{\"@context\":\"https:\/\/schema.org\",\"@graph\":[{\"@type\":\"Article\",\"@id\":\"https:\/\/www.prijedordanas.com\/?p=212192#article\",\"isPartOf\":{\"@id\":\"https:\/\/www.prijedordanas.com\/?p=212192\"},\"author\":{\"name\":\"admin\",\"@id\":\"https:\/\/www.prijedordanas.com\/#\/schema\/person\/4e08ccf29b506ca916ff86d46bb700e6\"},\"headline\":\"Bora\u010dka organizacija Prijedor &#8211; Kondi\u0107: Cilj pove\u0107ati broj \u010dlanova sa 8.500 na 11.000\",\"datePublished\":\"2023-10-04T13:08:52+00:00\",\"dateModified\":\"2023-10-04T13:08:52+00:00\",\"mainEntityOfPage\":{\"@id\":\"https:\/\/www.prijedordanas.com\/?p=212192\"},\"wordCount\":1071,\"publisher\":{\"@id\":\"https:\/\/www.prijedordanas.com\/#organization\"},\"articleSection\":[\"Svakodnevno\"],\"inLanguage\":\"en-US\"},{\"@type\":\"WebPage\",\"@id\":\"https:\/\/www.prijedordanas.com\/?p=212192\",\"url\":\"https:\/\/www.prijedordanas.com\/?p=212192\",\"name\":\"Bora\u010dka organizacija Prijedor - Kondi\u0107: Cilj pove\u0107ati broj \u010dlanova sa 8.500 na 11.000 - PrijedorDanas.com - Prijedorski gradski portal\",\"isPartOf\":{\"@id\":\"https:\/\/www.prijedordanas.com\/#website\"},\"datePublished\":\"2023-10-04T13:08:52+00:00\",\"dateModified\":\"2023-10-04T13:08:52+00:00\",\"breadcrumb\":{\"@id\":\"https:\/\/www.prijedordanas.com\/?p=212192#breadcrumb\"},\"inLanguage\":\"en-US\",\"potentialAction\":[{\"@type\":\"ReadAction\",\"target\":[\"https:\/\/www.prijedordanas.com\/?p=212192\"]}]},{\"@type\":\"BreadcrumbList\",\"@id\":\"https:\/\/www.prijedordanas.com\/?p=212192#breadcrumb\",\"itemListElement\":[{\"@type\":\"ListItem\",\"position\":1,\"name\":\"Home\",\"item\":\"https:\/\/www.prijedordanas.com\/\"},{\"@type\":\"ListItem\",\"position\":2,\"name\":\"Bora\u010dka organizacija Prijedor &#8211; Kondi\u0107: Cilj pove\u0107ati broj \u010dlanova sa 8.500 na 11.000\"}]},{\"@type\":\"WebSite\",\"@id\":\"https:\/\/www.prijedordanas.com\/#website\",\"url\":\"https:\/\/www.prijedordanas.com\/\",\"name\":\"PrijedorDanas.com - Prijedorski gradski portal\",\"description\":\"Portal o doga\u0111anjima u gradu Prijedoru\",\"publisher\":{\"@id\":\"https:\/\/www.prijedordanas.com\/#organization\"},\"potentialAction\":[{\"@type\":\"SearchAction\",\"target\":{\"@type\":\"EntryPoint\",\"urlTemplate\":\"https:\/\/www.prijedordanas.com\/?s={search_term_string}\"},\"query-input\":\"required name=search_term_string\"}],\"inLanguage\":\"en-US\"},{\"@type\":\"Organization\",\"@id\":\"https:\/\/www.prijedordanas.com\/#organization\",\"name\":\"PrijedorDanas.com\",\"url\":\"https:\/\/www.prijedordanas.com\/\",\"logo\":{\"@type\":\"ImageObject\",\"inLanguage\":\"en-US\",\"@id\":\"https:\/\/www.prijedordanas.com\/#\/schema\/logo\/image\/\",\"url\":\"http:\/\/www.prijedordanas.com\/wp-content\/uploads\/2021\/12\/logopng.png\",\"contentUrl\":\"http:\/\/www.prijedordanas.com\/wp-content\/uploads\/2021\/12\/logopng.png\",\"width\":1019,\"height\":776,\"caption\":\"PrijedorDanas.com\"},\"image\":{\"@id\":\"https:\/\/www.prijedordanas.com\/#\/schema\/logo\/image\/\"},\"sameAs\":[\"https:\/\/www.facebook.com\/PrijedorDanasCom\/\"]},{\"@type\":\"Person\",\"@id\":\"https:\/\/www.prijedordanas.com\/#\/schema\/person\/4e08ccf29b506ca916ff86d46bb700e6\",\"name\":\"admin\",\"image\":{\"@type\":\"ImageObject\",\"inLanguage\":\"en-US\",\"@id\":\"https:\/\/www.prijedordanas.com\/#\/schema\/person\/image\/\",\"url\":\"https:\/\/secure.gravatar.com\/avatar\/1d3fc949d550f0b53a5f0d51e06dfd79?s=96&d=mm&r=g\",\"contentUrl\":\"https:\/\/secure.gravatar.com\/avatar\/1d3fc949d550f0b53a5f0d51e06dfd79?s=96&d=mm&r=g\",\"caption\":\"admin\"},\"url\":\"https:\/\/www.prijedordanas.com\/?author=1\"}]}<\/script>\n<!-- \/ Yoast SEO plugin. -->","yoast_head_json":{"title":"Bora\u010dka organizacija Prijedor - Kondi\u0107: Cilj pove\u0107ati broj \u010dlanova sa 8.500 na 11.000 - PrijedorDanas.com - Prijedorski gradski portal","robots":{"index":"index","follow":"follow","max-snippet":"max-snippet:-1","max-image-preview":"max-image-preview:large","max-video-preview":"max-video-preview:-1"},"canonical":"https:\/\/www.prijedordanas.com\/?p=212192","og_locale":"en_US","og_type":"article","og_title":"Bora\u010dka organizacija Prijedor - Kondi\u0107: Cilj pove\u0107ati broj \u010dlanova sa 8.500 na 11.000 - PrijedorDanas.com - Prijedorski gradski portal","og_description":"Ciljevi novog rukovodstva Bora\u010dke organizacije grada Prijedora je da povec\u0301a broj \u010dlanova sa sada\u0161njih 8.500 na 11.000, da se intenzivnijim radom na terenu pribli\u017ei problemima bora\u010dke populacije i da oja\u010da [&hellip;]","og_url":"https:\/\/www.prijedordanas.com\/?p=212192","og_site_name":"PrijedorDanas.com - Prijedorski gradski portal","article_publisher":"https:\/\/www.facebook.com\/PrijedorDanasCom\/","article_published_time":"2023-10-04T13:08:52+00:00","og_image":[{"url":"https:\/\/www.prijedordanas.com\/wp-content\/uploads\/2023\/07\/skupstina-boracke-organizacije-grada-prijedora-1-300x225.jpg"}],"author":"admin","twitter_card":"summary_large_image","twitter_misc":{"Written by":"admin","Est. reading time":"5 minutes"},"schema":{"@context":"https:\/\/schema.org","@graph":[{"@type":"Article","@id":"https:\/\/www.prijedordanas.com\/?p=212192#article","isPartOf":{"@id":"https:\/\/www.prijedordanas.com\/?p=212192"},"author":{"name":"admin","@id":"https:\/\/www.prijedordanas.com\/#\/schema\/person\/4e08ccf29b506ca916ff86d46bb700e6"},"headline":"Bora\u010dka organizacija Prijedor &#8211; Kondi\u0107: Cilj pove\u0107ati broj \u010dlanova sa 8.500 na 11.000","datePublished":"2023-10-04T13:08:52+00:00","dateModified":"2023-10-04T13:08:52+00:00","mainEntityOfPage":{"@id":"https:\/\/www.prijedordanas.com\/?p=212192"},"wordCount":1071,"publisher":{"@id":"https:\/\/www.prijedordanas.com\/#organization"},"articleSection":["Svakodnevno"],"inLanguage":"en-US"},{"@type":"WebPage","@id":"https:\/\/www.prijedordanas.com\/?p=212192","url":"https:\/\/www.prijedordanas.com\/?p=212192","name":"Bora\u010dka organizacija Prijedor - Kondi\u0107: Cilj pove\u0107ati broj \u010dlanova sa 8.500 na 11.000 - PrijedorDanas.com - Prijedorski gradski portal","isPartOf":{"@id":"https:\/\/www.prijedordanas.com\/#website"},"datePublished":"2023-10-04T13:08:52+00:00","dateModified":"2023-10-04T13:08:52+00:00","breadcrumb":{"@id":"https:\/\/www.prijedordanas.com\/?p=212192#breadcrumb"},"inLanguage":"en-US","potentialAction":[{"@type":"ReadAction","target":["https:\/\/www.prijedordanas.com\/?p=212192"]}]},{"@type":"BreadcrumbList","@id":"https:\/\/www.prijedordanas.com\/?p=212192#breadcrumb","itemListElement":[{"@type":"ListItem","position":1,"name":"Home","item":"https:\/\/www.prijedordanas.com\/"},{"@type":"ListItem","position":2,"name":"Bora\u010dka organizacija Prijedor &#8211; Kondi\u0107: Cilj pove\u0107ati broj \u010dlanova sa 8.500 na 11.000"}]},{"@type":"WebSite","@id":"https:\/\/www.prijedordanas.com\/#website","url":"https:\/\/www.prijedordanas.com\/","name":"PrijedorDanas.com - Prijedorski gradski portal","description":"Portal o doga\u0111anjima u gradu Prijedoru","publisher":{"@id":"https:\/\/www.prijedordanas.com\/#organization"},"potentialAction":[{"@type":"SearchAction","target":{"@type":"EntryPoint","urlTemplate":"https:\/\/www.prijedordanas.com\/?s={search_term_string}"},"query-input":"required name=search_term_string"}],"inLanguage":"en-US"},{"@type":"Organization","@id":"https:\/\/www.prijedordanas.com\/#organization","name":"PrijedorDanas.com","url":"https:\/\/www.prijedordanas.com\/","logo":{"@type":"ImageObject","inLanguage":"en-US","@id":"https:\/\/www.prijedordanas.com\/#\/schema\/logo\/image\/","url":"http:\/\/www.prijedordanas.com\/wp-content\/uploads\/2021\/12\/logopng.png","contentUrl":"http:\/\/www.prijedordanas.com\/wp-content\/uploads\/2021\/12\/logopng.png","width":1019,"height":776,"caption":"PrijedorDanas.com"},"image":{"@id":"https:\/\/www.prijedordanas.com\/#\/schema\/logo\/image\/"},"sameAs":["https:\/\/www.facebook.com\/PrijedorDanasCom\/"]},{"@type":"Person","@id":"https:\/\/www.prijedordanas.com\/#\/schema\/person\/4e08ccf29b506ca916ff86d46bb700e6","name":"admin","image":{"@type":"ImageObject","inLanguage":"en-US","@id":"https:\/\/www.prijedordanas.com\/#\/schema\/person\/image\/","url":"https:\/\/secure.gravatar.com\/avatar\/1d3fc949d550f0b53a5f0d51e06dfd79?s=96&d=mm&r=g","contentUrl":"https:\/\/secure.gravatar.com\/avatar\/1d3fc949d550f0b53a5f0d51e06dfd79?s=96&d=mm&r=g","caption":"admin"},"url":"https:\/\/www.prijedordanas.com\/?author=1"}]}},"_links":{"self":[{"href":"https:\/\/www.prijedordanas.com\/index.php?rest_route=\/wp\/v2\/posts\/212192"}],"collection":[{"href":"https:\/\/www.prijedordanas.com\/index.php?rest_route=\/wp\/v2\/posts"}],"about":[{"href":"https:\/\/www.prijedordanas.com\/index.php?rest_route=\/wp\/v2\/types\/post"}],"author":[{"embeddable":true,"href":"https:\/\/www.prijedordanas.com\/index.php?rest_route=\/wp\/v2\/users\/1"}],"replies":[{"embeddable":true,"href":"https:\/\/www.prijedordanas.com\/index.php?rest_route=%2Fwp%2Fv2%2Fcomments&post=212192"}],"version-history":[{"count":1,"href":"https:\/\/www.prijedordanas.com\/index.php?rest_route=\/wp\/v2\/posts\/212192\/revisions"}],"predecessor-version":[{"id":212193,"href":"https:\/\/www.prijedordanas.com\/index.php?rest_route=\/wp\/v2\/posts\/212192\/revisions\/212193"}],"wp:attachment":[{"href":"https:\/\/www.prijedordanas.com\/index.php?rest_route=%2Fwp%2Fv2%2Fmedia&parent=212192"}],"wp:term":[{"taxonomy":"category","embeddable":true,"href":"https:\/\/www.prijedordanas.com\/index.php?rest_route=%2Fwp%2Fv2%2Fcategories&post=212192"},{"taxonomy":"post_tag","embeddable":true,"href":"https:\/\/www.prijedordanas.com\/index.php?rest_route=%2Fwp%2Fv2%2Ftags&post=212192"}],"curies":[{"name":"wp","href":"https:\/\/api.w.org\/{rel}","templated":true}]}}