{"id":211886,"date":"2023-09-27T18:32:03","date_gmt":"2023-09-27T16:32:03","guid":{"rendered":"https:\/\/www.prijedordanas.com\/?p=211886"},"modified":"2023-10-03T20:45:42","modified_gmt":"2023-10-03T18:45:42","slug":"hrabri-prijedorcani-dejan-indic-i-sasa-kobas-spasili-mladog-sugradanina-od-utapanja-foto","status":"publish","type":"post","link":"https:\/\/www.prijedordanas.com\/?p=211886","title":{"rendered":"Hrabri Prijedor\u010dani Dejan In\u0111i\u0107 i Sa\u0161a Kobas spasili mladog sugra\u0111anina od utapanja &#8211; FOTO"},"content":{"rendered":"<p><a href=\"https:\/\/www.prijedordanas.com\/wp-content\/uploads\/2023\/09\/hrabri-prijedorcani-dejan-indjic-sasa-kobas.jpg\"><img loading=\"lazy\" decoding=\"async\" class=\"alignleft size-medium wp-image-211888\" src=\"https:\/\/www.prijedordanas.com\/wp-content\/uploads\/2023\/09\/hrabri-prijedorcani-dejan-indjic-sasa-kobas-300x248.jpg\" alt=\"\" width=\"300\" height=\"248\" srcset=\"https:\/\/www.prijedordanas.com\/wp-content\/uploads\/2023\/09\/hrabri-prijedorcani-dejan-indjic-sasa-kobas-300x248.jpg 300w, https:\/\/www.prijedordanas.com\/wp-content\/uploads\/2023\/09\/hrabri-prijedorcani-dejan-indjic-sasa-kobas.jpg 666w\" sizes=\"(max-width: 300px) 100vw, 300px\" \/><\/a>Prijedor\u010dani Dejan In\u0111i\u0107 i Sa\u0161a Kobas poznaju se du\u017ee od 10 godina.<\/p>\n<p>Dok Dejan ve\u0107 nekoliko godina radi u inostranstvu, Sa\u0161a trenutno \u017eivi i radi u Banjaluci.<\/p>\n<p>Slu\u010dajnost, sudbina ili ne\u0161to tre\u0107e htjeli su da se proteklog ponedjeljka obojica zadese u Prijedoru, istovremeno.<\/p>\n<p>Da se na\u0111u u pravo vrijeme, na pravom mjestu, na obali Sane.<\/p>\n<p>Da spasu \u017eivot svog mladog dvadesettrogodi\u0161njeg sugra\u0111anina koji je sko\u010dio u rijeku.<\/p>\n<p>-Do\u0161ao sam par dana ku\u0107i da obi\u0111em trudnu suprugu i dijete. Ve\u0107 neko vrijeme dogovarao sam se sa Sa\u0161om da se na\u0111emo, popijemo kafu i popri\u010damo. Potrefilo se da je bio u Prijedoru par dana da obi\u0111e porodicu. \u010culi smo se a potom i sreli u centru grada &#8211; po\u010dinje pri\u010du nekada\u0161nji golman Rudar-Prijedora, Omarske, Borca iz Kozarske Dubice&#8230;<\/p>\n<p><a href=\"https:\/\/www.prijedordanas.com\/wp-content\/uploads\/2023\/09\/indjic-kobas-1.jpg\"><img loading=\"lazy\" decoding=\"async\" class=\"alignleft size-medium wp-image-211889\" src=\"https:\/\/www.prijedordanas.com\/wp-content\/uploads\/2023\/09\/indjic-kobas-1-300x225.jpg\" alt=\"\" width=\"300\" height=\"225\" srcset=\"https:\/\/www.prijedordanas.com\/wp-content\/uploads\/2023\/09\/indjic-kobas-1-300x225.jpg 300w, https:\/\/www.prijedordanas.com\/wp-content\/uploads\/2023\/09\/indjic-kobas-1-640x480.jpg 640w, https:\/\/www.prijedordanas.com\/wp-content\/uploads\/2023\/09\/indjic-kobas-1.jpg 667w\" sizes=\"(max-width: 300px) 100vw, 300px\" \/><\/a>-Pao je dogovor da odemo na kola\u010d u jedan ugostiteljski objekat uz obalu Sane. Dejo je htio da odemo automobilom, ja sam ga nagovorio da krenemo pje\u0161ke. Nismo ni znali da \u0107e nam to promijeniti \u017eivot &#8211; nadovezuje se Sa\u0161a, poznati DJ Koby koji je rado vi\u0111en gost u mnogim diskotekama i kafi\u0107ima, a u slobodno vrijeme igra fudbal u banjalu\u010dkom drugoliga\u0161u &#8220;Naprijedu&#8221;.<\/p>\n<p>Krenuv\u0161i daljim putem stigli su oko 14:30 \u010dasova na obalu Sane iza hotela &#8220;Prijedor&#8221; kod splava.<\/p>\n<p>-Komentarisali smo sada\u0161nji izgled, njegovu oronulost ali i \u010dinjenicu da je pomjeren malo nizvodno. \u010cu\u010dnuo sam da vidim ne\u0161to sa strane i u tom trenutku sam vidio da je ne\u0161to &#8220;bu\u0107nulo&#8221; u vodu sa pje\u0161a\u010dkog mosta koji vodi na drugu obalu. U tom trenutku Sale je povikao &#8220;eno ga sko\u010di \u010dovjek&#8221;. Pogledali smo se na trenutak a potom potr\u010dali prema mosti\u0107u &#8211; ka\u017ee In\u0111i\u0107.<\/p>\n<p>Dodaje da su prelaze\u0107i mosti\u0107 na njemu ugledali bicikl naslonjen na ogradu.<\/p>\n<p><a href=\"https:\/\/www.prijedordanas.com\/wp-content\/uploads\/2023\/09\/indjic-kobas-2.jpg\"><img loading=\"lazy\" decoding=\"async\" class=\"alignleft size-medium wp-image-211890\" src=\"https:\/\/www.prijedordanas.com\/wp-content\/uploads\/2023\/09\/indjic-kobas-2-300x200.jpg\" alt=\"\" width=\"300\" height=\"200\" srcset=\"https:\/\/www.prijedordanas.com\/wp-content\/uploads\/2023\/09\/indjic-kobas-2-300x200.jpg 300w, https:\/\/www.prijedordanas.com\/wp-content\/uploads\/2023\/09\/indjic-kobas-2-480x320.jpg 480w, https:\/\/www.prijedordanas.com\/wp-content\/uploads\/2023\/09\/indjic-kobas-2.jpg 600w\" sizes=\"(max-width: 300px) 100vw, 300px\" \/><\/a>-Jo\u0161 dok smo pretr\u010davali most povikao sam prema mladi\u0107u u rijeci &#8220;zna\u0161 li da pliva\u0161, zna\u0161 li da pliva\u0161&#8221;. Po\u0161to smo ve\u0107 stigli na lijevu obalu kretali smo se maltene uporedo s njim i dozivali ga. Neko vrijeme je mlatarao rukama a potom krenuo da tone i samo je uspio da ka\u017ee &#8220;upomo\u0107&#8221; nekoliko puta &#8211; pri\u010da Kobas.<\/p>\n<p>S obzirom da su ve\u0107 postali svjesni da je vrag odnio \u0161alu i da se momak utapa, njih dvojica su na kraju teniskih terena ve\u0107 odlu\u010dili da usko\u010de u Sanu i da ga poku\u0161aju spasiti.<\/p>\n<p>-Nije bilo puno razmi\u0161ljanja. Mislim da smo u par sekundi skinuli odje\u0107u i obu\u0107u i krenuli da ulazimo u vodu. Obala je na tom mjestu puna trave i nekog sitnog rastinja ali u naletu adrenalina nismo ni mislili o tome. Obojica smo uletjeli unutra i zaplivali kako bi \u0161to prije stigli i spasili momka. Mislim da smo ga obojica \u0161\u010depali za duks i kapulja\u010du izvla\u010de\u0107i mu glavu iznad vode &#8211; pri\u010da Dejan u jednom dahu.<\/p>\n<p>-S obzirom da sam prije zavr\u0161io kurs za spasioca i radio na nekoliko bazena, znam kako se postupa u ovakvim situacijama. Mladi\u0107 je ve\u0107 bio sav modar, dr\u017eali smo mu glavu van vode ali nam je zbog njegove natopljene odje\u0107e posao bio ote\u017ean. Ve\u0107 u vodi gledao sam da mu otvorim usta kako bi iz sebe izbacio nagutanu vodu i do\u0161ao sebi. Na svu sre\u0107u uspjeli smo u tome &#8211; ka\u017ee Sa\u0161a.<\/p>\n<p><a href=\"https:\/\/www.prijedordanas.com\/wp-content\/uploads\/2023\/09\/indjic-kobas-3.jpg\"><img loading=\"lazy\" decoding=\"async\" class=\"alignleft size-medium wp-image-211891\" src=\"https:\/\/www.prijedordanas.com\/wp-content\/uploads\/2023\/09\/indjic-kobas-3-300x200.jpg\" alt=\"\" width=\"300\" height=\"200\" srcset=\"https:\/\/www.prijedordanas.com\/wp-content\/uploads\/2023\/09\/indjic-kobas-3-300x200.jpg 300w, https:\/\/www.prijedordanas.com\/wp-content\/uploads\/2023\/09\/indjic-kobas-3-480x320.jpg 480w, https:\/\/www.prijedordanas.com\/wp-content\/uploads\/2023\/09\/indjic-kobas-3.jpg 600w\" sizes=\"(max-width: 300px) 100vw, 300px\" \/><\/a>Nakon \u0161to su uspjeli do\u0107i do nesretnog mladi\u0107a i u\u010dinili prvi korak da ga spasu, trebalo je iza\u0107i iz hladne Sane \u0161to prije.<\/p>\n<p>-Jo\u0161 dok smo bili u vodi shvatili smo da neko tr\u010di preko mosta na ovu stranu obale da nam pomogne. S obzirom da je na tom mjestu rijeka duboka i da nismo mogli stati na dno, i da ga tu zbog rastinja nismo mogli izvu\u0107i na obalu morali smo s njim otplivati nizvodno. Tek smo poslije mosta uspjeli na\u0107i mjesto pored \u0161iblja gdje smo ga uspjeli izvu\u0107i na sigurno &#8211; dodaje In\u0111i\u0107.<\/p>\n<p>Njegov prijatelj ka\u017ee da je tada mladi\u0107 ve\u0107 pomalo do\u0161ao sebi, ali im nije bilo lako da ga izvuku na obalu.<\/p>\n<p>-U tim trenucima na obalu su stigla dva policajca i radnici hitne pomo\u0107i pa su ga oni preuzeli. Nas dvojicu su ogrnuli nekim \u0107ebetom i tek tada smo po\u010deli da razmi\u0161ljamo kako je hladno i \u0161ta se upravo desilo. Po\u010deli smo da se smijemo, ne znam samo da li od sre\u0107e ili od muke &#8211; pri\u010da Kobas.<\/p>\n<p>Ina\u010de, obojica su tokom akcije spa\u0161avanja zadobili ogrebotine i poderotine od trave i \u0161iblja u vodi i na obali Sane, ali to im sada najmanje smeta.<\/p>\n<p><a href=\"https:\/\/www.prijedordanas.com\/wp-content\/uploads\/2023\/09\/indjic-kobas-4.jpg\"><img loading=\"lazy\" decoding=\"async\" src=\"https:\/\/www.prijedordanas.com\/wp-content\/uploads\/2023\/09\/indjic-kobas-4-300x225.jpg\" alt=\"\" width=\"300\" height=\"225\" class=\"alignleft size-medium wp-image-211892\" srcset=\"https:\/\/www.prijedordanas.com\/wp-content\/uploads\/2023\/09\/indjic-kobas-4-300x225.jpg 300w, https:\/\/www.prijedordanas.com\/wp-content\/uploads\/2023\/09\/indjic-kobas-4-640x480.jpg 640w, https:\/\/www.prijedordanas.com\/wp-content\/uploads\/2023\/09\/indjic-kobas-4.jpg 667w\" sizes=\"(max-width: 300px) 100vw, 300px\" \/><\/a>Na pitanje da li su uop\u0161te razmi\u0161ljali treba li pomo\u0107i u toj situaciji, uglas odgovaraju da se sve desilo u trenutku i da nije bilo previ\u0161e razmi\u0161ljanja, kao i da bi sve u\u010dinili opet.<\/p>\n<p>-Vidjeli smo da je u blizini mjesta doga\u0111aja bilo jo\u0161 nekih ljudi i da nisu reagovali osim \u0161to su pozvali hitnu i policiju. Hvala im i na tome, nas dvojcia bi opet usko\u010dili u vodu bez obzira na to kakve su okolnosti &#8211; ka\u017eu na\u0161i sagovornici.<\/p>\n<p>Dodaju da su tek nakon odlaska svojim ku\u0107ama i razgovora sa najbli\u017eima shvatili \u0161ta se desilo i da su zajedno spasili jedan mladi \u017eivot.<\/p>\n<p>-To ve\u010de me kontaktirao brat od momka koji je sko\u010dio u Sanu i zahvalio se u ime cijele porodice. Nadam se da \u0107e s njim sve biti u redu i da \u0107e uspjeti prebroditi ovaj te\u017eak period. Ne znam za\u0161to se sve desilo ali sam siguran da se problemi koji ga mu\u010de sigurno mogu rije\u0161iti na mnogo bolji na\u010din &#8211; ka\u017ee Dejan.<\/p>\n<p>Dejane i Sa\u0161a, &#8220;kapa do poda&#8221;.<\/p>\n<p>Tekst i foto &#8211; Aleksandar Drakuli\u0107 &#8211; <a href=\"https:\/\/www.prijedordanas.com\" target=\"_blank\" rel=\"noopener\">www.prijedordanas.com<\/a><\/p>\n<p><iframe loading=\"lazy\" title=\"HRABRI PRIJEDOR\u010cANI SPASILI MLADI\u0106A OD UTAPANJA\" width=\"500\" height=\"281\" src=\"https:\/\/www.youtube.com\/embed\/VH0bUTLaoHc?feature=oembed\" frameborder=\"0\" allow=\"accelerometer; autoplay; clipboard-write; encrypted-media; gyroscope; picture-in-picture; web-share\" allowfullscreen><\/iframe><\/p>\n","protected":false},"excerpt":{"rendered":"<p>Prijedor\u010dani Dejan In\u0111i\u0107 i Sa\u0161a Kobas poznaju se du\u017ee od 10 godina. Dok Dejan ve\u0107 nekoliko godina radi u inostranstvu, Sa\u0161a trenutno \u017eivi i radi u Banjaluci. Slu\u010dajnost, sudbina ili [&hellip;]<\/p>\n","protected":false},"author":1,"featured_media":0,"comment_status":"closed","ping_status":"open","sticky":false,"template":"","format":"standard","meta":{"_monsterinsights_skip_tracking":false,"_monsterinsights_sitenote_active":false,"_monsterinsights_sitenote_note":"","_monsterinsights_sitenote_category":0,"footnotes":""},"categories":[4,7515],"tags":[],"yoast_head":"<!-- This site is optimized with the Yoast SEO plugin v21.6 - https:\/\/yoast.com\/wordpress\/plugins\/seo\/ -->\n<title>Hrabri Prijedor\u010dani Dejan In\u0111i\u0107 i Sa\u0161a Kobas spasili mladog sugra\u0111anina od utapanja - FOTO - PrijedorDanas.com - Prijedorski gradski portal<\/title>\n<meta name=\"robots\" content=\"index, follow, max-snippet:-1, max-image-preview:large, max-video-preview:-1\" \/>\n<link rel=\"canonical\" href=\"https:\/\/www.prijedordanas.com\/?p=211886\" \/>\n<meta property=\"og:locale\" content=\"en_US\" \/>\n<meta property=\"og:type\" content=\"article\" \/>\n<meta property=\"og:title\" content=\"Hrabri Prijedor\u010dani Dejan In\u0111i\u0107 i Sa\u0161a Kobas spasili mladog sugra\u0111anina od utapanja - FOTO - PrijedorDanas.com - Prijedorski gradski portal\" \/>\n<meta property=\"og:description\" content=\"Prijedor\u010dani Dejan In\u0111i\u0107 i Sa\u0161a Kobas poznaju se du\u017ee od 10 godina. Dok Dejan ve\u0107 nekoliko godina radi u inostranstvu, Sa\u0161a trenutno \u017eivi i radi u Banjaluci. Slu\u010dajnost, sudbina ili [&hellip;]\" \/>\n<meta property=\"og:url\" content=\"https:\/\/www.prijedordanas.com\/?p=211886\" \/>\n<meta property=\"og:site_name\" content=\"PrijedorDanas.com - Prijedorski gradski portal\" \/>\n<meta property=\"article:publisher\" content=\"https:\/\/www.facebook.com\/PrijedorDanasCom\/\" \/>\n<meta property=\"article:published_time\" content=\"2023-09-27T16:32:03+00:00\" \/>\n<meta property=\"article:modified_time\" content=\"2023-10-03T18:45:42+00:00\" \/>\n<meta property=\"og:image\" content=\"https:\/\/www.prijedordanas.com\/wp-content\/uploads\/2023\/09\/hrabri-prijedorcani-dejan-indjic-sasa-kobas-300x248.jpg\" \/>\n<meta name=\"author\" content=\"admin\" \/>\n<meta name=\"twitter:card\" content=\"summary_large_image\" \/>\n<meta name=\"twitter:label1\" content=\"Written by\" \/>\n\t<meta name=\"twitter:data1\" content=\"admin\" \/>\n\t<meta name=\"twitter:label2\" content=\"Est. reading time\" \/>\n\t<meta name=\"twitter:data2\" content=\"5 minutes\" \/>\n<script type=\"application\/ld+json\" class=\"yoast-schema-graph\">{\"@context\":\"https:\/\/schema.org\",\"@graph\":[{\"@type\":\"Article\",\"@id\":\"https:\/\/www.prijedordanas.com\/?p=211886#article\",\"isPartOf\":{\"@id\":\"https:\/\/www.prijedordanas.com\/?p=211886\"},\"author\":{\"name\":\"admin\",\"@id\":\"https:\/\/www.prijedordanas.com\/#\/schema\/person\/4e08ccf29b506ca916ff86d46bb700e6\"},\"headline\":\"Hrabri Prijedor\u010dani Dejan In\u0111i\u0107 i Sa\u0161a Kobas spasili mladog sugra\u0111anina od utapanja &#8211; FOTO\",\"datePublished\":\"2023-09-27T16:32:03+00:00\",\"dateModified\":\"2023-10-03T18:45:42+00:00\",\"mainEntityOfPage\":{\"@id\":\"https:\/\/www.prijedordanas.com\/?p=211886\"},\"wordCount\":1034,\"publisher\":{\"@id\":\"https:\/\/www.prijedordanas.com\/#organization\"},\"articleSection\":[\"Dru\u0161tvo\",\"Foto dana\"],\"inLanguage\":\"en-US\"},{\"@type\":\"WebPage\",\"@id\":\"https:\/\/www.prijedordanas.com\/?p=211886\",\"url\":\"https:\/\/www.prijedordanas.com\/?p=211886\",\"name\":\"Hrabri Prijedor\u010dani Dejan In\u0111i\u0107 i Sa\u0161a Kobas spasili mladog sugra\u0111anina od utapanja - FOTO - PrijedorDanas.com - Prijedorski gradski portal\",\"isPartOf\":{\"@id\":\"https:\/\/www.prijedordanas.com\/#website\"},\"datePublished\":\"2023-09-27T16:32:03+00:00\",\"dateModified\":\"2023-10-03T18:45:42+00:00\",\"breadcrumb\":{\"@id\":\"https:\/\/www.prijedordanas.com\/?p=211886#breadcrumb\"},\"inLanguage\":\"en-US\",\"potentialAction\":[{\"@type\":\"ReadAction\",\"target\":[\"https:\/\/www.prijedordanas.com\/?p=211886\"]}]},{\"@type\":\"BreadcrumbList\",\"@id\":\"https:\/\/www.prijedordanas.com\/?p=211886#breadcrumb\",\"itemListElement\":[{\"@type\":\"ListItem\",\"position\":1,\"name\":\"Home\",\"item\":\"https:\/\/www.prijedordanas.com\/\"},{\"@type\":\"ListItem\",\"position\":2,\"name\":\"Hrabri Prijedor\u010dani Dejan In\u0111i\u0107 i Sa\u0161a Kobas spasili mladog sugra\u0111anina od utapanja &#8211; FOTO\"}]},{\"@type\":\"WebSite\",\"@id\":\"https:\/\/www.prijedordanas.com\/#website\",\"url\":\"https:\/\/www.prijedordanas.com\/\",\"name\":\"PrijedorDanas.com - Prijedorski gradski portal\",\"description\":\"Portal o doga\u0111anjima u gradu Prijedoru\",\"publisher\":{\"@id\":\"https:\/\/www.prijedordanas.com\/#organization\"},\"potentialAction\":[{\"@type\":\"SearchAction\",\"target\":{\"@type\":\"EntryPoint\",\"urlTemplate\":\"https:\/\/www.prijedordanas.com\/?s={search_term_string}\"},\"query-input\":\"required name=search_term_string\"}],\"inLanguage\":\"en-US\"},{\"@type\":\"Organization\",\"@id\":\"https:\/\/www.prijedordanas.com\/#organization\",\"name\":\"PrijedorDanas.com\",\"url\":\"https:\/\/www.prijedordanas.com\/\",\"logo\":{\"@type\":\"ImageObject\",\"inLanguage\":\"en-US\",\"@id\":\"https:\/\/www.prijedordanas.com\/#\/schema\/logo\/image\/\",\"url\":\"http:\/\/www.prijedordanas.com\/wp-content\/uploads\/2021\/12\/logopng.png\",\"contentUrl\":\"http:\/\/www.prijedordanas.com\/wp-content\/uploads\/2021\/12\/logopng.png\",\"width\":1019,\"height\":776,\"caption\":\"PrijedorDanas.com\"},\"image\":{\"@id\":\"https:\/\/www.prijedordanas.com\/#\/schema\/logo\/image\/\"},\"sameAs\":[\"https:\/\/www.facebook.com\/PrijedorDanasCom\/\"]},{\"@type\":\"Person\",\"@id\":\"https:\/\/www.prijedordanas.com\/#\/schema\/person\/4e08ccf29b506ca916ff86d46bb700e6\",\"name\":\"admin\",\"image\":{\"@type\":\"ImageObject\",\"inLanguage\":\"en-US\",\"@id\":\"https:\/\/www.prijedordanas.com\/#\/schema\/person\/image\/\",\"url\":\"https:\/\/secure.gravatar.com\/avatar\/1d3fc949d550f0b53a5f0d51e06dfd79?s=96&d=mm&r=g\",\"contentUrl\":\"https:\/\/secure.gravatar.com\/avatar\/1d3fc949d550f0b53a5f0d51e06dfd79?s=96&d=mm&r=g\",\"caption\":\"admin\"},\"url\":\"https:\/\/www.prijedordanas.com\/?author=1\"}]}<\/script>\n<!-- \/ Yoast SEO plugin. -->","yoast_head_json":{"title":"Hrabri Prijedor\u010dani Dejan In\u0111i\u0107 i Sa\u0161a Kobas spasili mladog sugra\u0111anina od utapanja - FOTO - PrijedorDanas.com - Prijedorski gradski portal","robots":{"index":"index","follow":"follow","max-snippet":"max-snippet:-1","max-image-preview":"max-image-preview:large","max-video-preview":"max-video-preview:-1"},"canonical":"https:\/\/www.prijedordanas.com\/?p=211886","og_locale":"en_US","og_type":"article","og_title":"Hrabri Prijedor\u010dani Dejan In\u0111i\u0107 i Sa\u0161a Kobas spasili mladog sugra\u0111anina od utapanja - FOTO - PrijedorDanas.com - Prijedorski gradski portal","og_description":"Prijedor\u010dani Dejan In\u0111i\u0107 i Sa\u0161a Kobas poznaju se du\u017ee od 10 godina. Dok Dejan ve\u0107 nekoliko godina radi u inostranstvu, Sa\u0161a trenutno \u017eivi i radi u Banjaluci. Slu\u010dajnost, sudbina ili [&hellip;]","og_url":"https:\/\/www.prijedordanas.com\/?p=211886","og_site_name":"PrijedorDanas.com - Prijedorski gradski portal","article_publisher":"https:\/\/www.facebook.com\/PrijedorDanasCom\/","article_published_time":"2023-09-27T16:32:03+00:00","article_modified_time":"2023-10-03T18:45:42+00:00","og_image":[{"url":"https:\/\/www.prijedordanas.com\/wp-content\/uploads\/2023\/09\/hrabri-prijedorcani-dejan-indjic-sasa-kobas-300x248.jpg"}],"author":"admin","twitter_card":"summary_large_image","twitter_misc":{"Written by":"admin","Est. reading time":"5 minutes"},"schema":{"@context":"https:\/\/schema.org","@graph":[{"@type":"Article","@id":"https:\/\/www.prijedordanas.com\/?p=211886#article","isPartOf":{"@id":"https:\/\/www.prijedordanas.com\/?p=211886"},"author":{"name":"admin","@id":"https:\/\/www.prijedordanas.com\/#\/schema\/person\/4e08ccf29b506ca916ff86d46bb700e6"},"headline":"Hrabri Prijedor\u010dani Dejan In\u0111i\u0107 i Sa\u0161a Kobas spasili mladog sugra\u0111anina od utapanja &#8211; FOTO","datePublished":"2023-09-27T16:32:03+00:00","dateModified":"2023-10-03T18:45:42+00:00","mainEntityOfPage":{"@id":"https:\/\/www.prijedordanas.com\/?p=211886"},"wordCount":1034,"publisher":{"@id":"https:\/\/www.prijedordanas.com\/#organization"},"articleSection":["Dru\u0161tvo","Foto dana"],"inLanguage":"en-US"},{"@type":"WebPage","@id":"https:\/\/www.prijedordanas.com\/?p=211886","url":"https:\/\/www.prijedordanas.com\/?p=211886","name":"Hrabri Prijedor\u010dani Dejan In\u0111i\u0107 i Sa\u0161a Kobas spasili mladog sugra\u0111anina od utapanja - FOTO - PrijedorDanas.com - Prijedorski gradski portal","isPartOf":{"@id":"https:\/\/www.prijedordanas.com\/#website"},"datePublished":"2023-09-27T16:32:03+00:00","dateModified":"2023-10-03T18:45:42+00:00","breadcrumb":{"@id":"https:\/\/www.prijedordanas.com\/?p=211886#breadcrumb"},"inLanguage":"en-US","potentialAction":[{"@type":"ReadAction","target":["https:\/\/www.prijedordanas.com\/?p=211886"]}]},{"@type":"BreadcrumbList","@id":"https:\/\/www.prijedordanas.com\/?p=211886#breadcrumb","itemListElement":[{"@type":"ListItem","position":1,"name":"Home","item":"https:\/\/www.prijedordanas.com\/"},{"@type":"ListItem","position":2,"name":"Hrabri Prijedor\u010dani Dejan In\u0111i\u0107 i Sa\u0161a Kobas spasili mladog sugra\u0111anina od utapanja &#8211; FOTO"}]},{"@type":"WebSite","@id":"https:\/\/www.prijedordanas.com\/#website","url":"https:\/\/www.prijedordanas.com\/","name":"PrijedorDanas.com - Prijedorski gradski portal","description":"Portal o doga\u0111anjima u gradu Prijedoru","publisher":{"@id":"https:\/\/www.prijedordanas.com\/#organization"},"potentialAction":[{"@type":"SearchAction","target":{"@type":"EntryPoint","urlTemplate":"https:\/\/www.prijedordanas.com\/?s={search_term_string}"},"query-input":"required name=search_term_string"}],"inLanguage":"en-US"},{"@type":"Organization","@id":"https:\/\/www.prijedordanas.com\/#organization","name":"PrijedorDanas.com","url":"https:\/\/www.prijedordanas.com\/","logo":{"@type":"ImageObject","inLanguage":"en-US","@id":"https:\/\/www.prijedordanas.com\/#\/schema\/logo\/image\/","url":"http:\/\/www.prijedordanas.com\/wp-content\/uploads\/2021\/12\/logopng.png","contentUrl":"http:\/\/www.prijedordanas.com\/wp-content\/uploads\/2021\/12\/logopng.png","width":1019,"height":776,"caption":"PrijedorDanas.com"},"image":{"@id":"https:\/\/www.prijedordanas.com\/#\/schema\/logo\/image\/"},"sameAs":["https:\/\/www.facebook.com\/PrijedorDanasCom\/"]},{"@type":"Person","@id":"https:\/\/www.prijedordanas.com\/#\/schema\/person\/4e08ccf29b506ca916ff86d46bb700e6","name":"admin","image":{"@type":"ImageObject","inLanguage":"en-US","@id":"https:\/\/www.prijedordanas.com\/#\/schema\/person\/image\/","url":"https:\/\/secure.gravatar.com\/avatar\/1d3fc949d550f0b53a5f0d51e06dfd79?s=96&d=mm&r=g","contentUrl":"https:\/\/secure.gravatar.com\/avatar\/1d3fc949d550f0b53a5f0d51e06dfd79?s=96&d=mm&r=g","caption":"admin"},"url":"https:\/\/www.prijedordanas.com\/?author=1"}]}},"_links":{"self":[{"href":"https:\/\/www.prijedordanas.com\/index.php?rest_route=\/wp\/v2\/posts\/211886"}],"collection":[{"href":"https:\/\/www.prijedordanas.com\/index.php?rest_route=\/wp\/v2\/posts"}],"about":[{"href":"https:\/\/www.prijedordanas.com\/index.php?rest_route=\/wp\/v2\/types\/post"}],"author":[{"embeddable":true,"href":"https:\/\/www.prijedordanas.com\/index.php?rest_route=\/wp\/v2\/users\/1"}],"replies":[{"embeddable":true,"href":"https:\/\/www.prijedordanas.com\/index.php?rest_route=%2Fwp%2Fv2%2Fcomments&post=211886"}],"version-history":[{"count":4,"href":"https:\/\/www.prijedordanas.com\/index.php?rest_route=\/wp\/v2\/posts\/211886\/revisions"}],"predecessor-version":[{"id":212164,"href":"https:\/\/www.prijedordanas.com\/index.php?rest_route=\/wp\/v2\/posts\/211886\/revisions\/212164"}],"wp:attachment":[{"href":"https:\/\/www.prijedordanas.com\/index.php?rest_route=%2Fwp%2Fv2%2Fmedia&parent=211886"}],"wp:term":[{"taxonomy":"category","embeddable":true,"href":"https:\/\/www.prijedordanas.com\/index.php?rest_route=%2Fwp%2Fv2%2Fcategories&post=211886"},{"taxonomy":"post_tag","embeddable":true,"href":"https:\/\/www.prijedordanas.com\/index.php?rest_route=%2Fwp%2Fv2%2Ftags&post=211886"}],"curies":[{"name":"wp","href":"https:\/\/api.w.org\/{rel}","templated":true}]}}