{"id":211809,"date":"2023-09-25T14:51:46","date_gmt":"2023-09-25T12:51:46","guid":{"rendered":"https:\/\/www.prijedordanas.com\/?p=211809"},"modified":"2023-09-25T14:51:46","modified_gmt":"2023-09-25T12:51:46","slug":"dronjak-kvalitetnije-urediti-oblast-profesionalne-rehabilitacije-lica-sa-invaliditetom","status":"publish","type":"post","link":"https:\/\/www.prijedordanas.com\/?p=211809","title":{"rendered":"Dronjak: Kvalitetnije urediti oblast profesionalne rehabilitacije lica sa invaliditetom"},"content":{"rendered":"<p><a href=\"https:\/\/www.prijedordanas.com\/wp-content\/uploads\/2022\/11\/kozarski-fond-za-profesionalnu-rehabilitaciju-i-zaposljavanje-invalida.jpg\"><img loading=\"lazy\" decoding=\"async\" class=\"alignleft size-medium wp-image-195539\" src=\"https:\/\/www.prijedordanas.com\/wp-content\/uploads\/2022\/11\/kozarski-fond-za-profesionalnu-rehabilitaciju-i-zaposljavanje-invalida-300x225.jpg\" alt=\"\" width=\"300\" height=\"225\" srcset=\"https:\/\/www.prijedordanas.com\/wp-content\/uploads\/2022\/11\/kozarski-fond-za-profesionalnu-rehabilitaciju-i-zaposljavanje-invalida-300x225.jpg 300w, https:\/\/www.prijedordanas.com\/wp-content\/uploads\/2022\/11\/kozarski-fond-za-profesionalnu-rehabilitaciju-i-zaposljavanje-invalida-640x480.jpg 640w, https:\/\/www.prijedordanas.com\/wp-content\/uploads\/2022\/11\/kozarski-fond-za-profesionalnu-rehabilitaciju-i-zaposljavanje-invalida.jpg 667w\" sizes=\"(max-width: 300px) 100vw, 300px\" \/><\/a>Fond za profesionalnu rehabilitaciju i zapo\u0161ljavanje invalida Republike Srpske i Ministarstvo rada i bora\u010dko-invalidske za\u0161tite inicirali su dono\u0161enje novog zakona u ovoj oblasti kojim bi se kvalitenije uredila pitanja profesionalne rehabilitacije, izjavio je direktor Fonda Stevica Dronjak.<\/p>\n<p>On je ocijenio da u oblasti zapo\u0161ljavanja lica sa invaliditetom Republika Srpska ima mo\u017eda i najure\u0111eniji sistem u regionu, sa vrlo jasnim i konciznim komponentama kada je rije\u010d i o zapo\u0161ljavanju i samozapo\u0161ljavanjU, ali da je profesionalna rehabilitacija dobrim dijelom nedore\u010dena.<\/p>\n<p>&#8220;Analizom na\u0161eg zakona i pra\u0107enjem trendova koji su prisutni u Evropi, do\u0161li smo do toga da taj sistem treba najprije decentralizovati &#8211; dati mogu\u0107nost svim obrazovnim i ustanovama socijalne za\u0161tite, svima koji imaju kapacitet za takvo \u0161ta da se uklju\u010de u proces profesionalne rehabilitacije&#8221;, rekao je Dronjak danas Srni.<\/p>\n<p>On je podsjetio da je prvi zakon u ovoj oblasti Republika Srpska dobila jo\u0161 2005. godine, odmah poslije Slovenije, da je osnovala ovaj fond i razvila odli\u010dan sistem za zapo\u0161ljavanje, te da \u010desto na stru\u010dnim javnim skupovima isti\u010de da je Republika Srpska pionir u ovoj oblasti, ali i veteran.<\/p>\n<p><a href=\"https:\/\/www.prijedordanas.com\/wp-content\/uploads\/2021\/02\/stevica-dronjak.jpg\"><img loading=\"lazy\" decoding=\"async\" src=\"https:\/\/www.prijedordanas.com\/wp-content\/uploads\/2021\/02\/stevica-dronjak-300x225.jpg\" alt=\"\" width=\"300\" height=\"225\" class=\"alignleft size-medium wp-image-162970\" srcset=\"https:\/\/www.prijedordanas.com\/wp-content\/uploads\/2021\/02\/stevica-dronjak-300x225.jpg 300w, https:\/\/www.prijedordanas.com\/wp-content\/uploads\/2021\/02\/stevica-dronjak-640x480.jpg 640w, https:\/\/www.prijedordanas.com\/wp-content\/uploads\/2021\/02\/stevica-dronjak.jpg 667w\" sizes=\"(max-width: 300px) 100vw, 300px\" \/><\/a>&#8220;Sada je potrebno i profesionalnu rehabilitaciju normativno urediti do perfekcije. Na takvoj liniji trenutno su Crnogorci za koje se smatra da u legislativi imaju profesionalne rehabilitacije. I Hrvatska i Federacija BiH tako\u0111e idu na nove zakone na tom polju&#8221;, naveo je Dronjak.<\/p>\n<p>Prema njegovim rije\u010dima, Fond je ove godine po prvi put obezbijedio novac za profesionalnu rehabilitaciju \/83.000 KM\/, a obaveza Fonda ne mo\u017ee biti samo finansijske prirode, nego mora imati slu\u017ebu koja \u0107e se baviti ovom obla\u0161\u0107u i oja\u010dati ulogu Fonda u toj oblasti, a koja podrazumijeva i sistem odabira, kontrole, pra\u0107enja i nadzora.<\/p>\n<p>&#8220;Svi zainteresovani subjekti bi\u0107e pozvani da u\u010destvuju u pripremi novog zakona. Imamo, na primjer, zahtjeve Bora\u010dke organizacije Srpske da se obuhvate i deveta i deseta kategorija RVI, da se granica tjelesnog o\u0161te\u0107enja sa 70 odsto spusti na 60 odsto, da se obaveza javnog sektora da 20 odsto javnih nabavki radi s preduze\u0107ima koja zapo\u0161ljavaju lica sa invaliditetom pove\u0107a na 30 odsto i da se preduze\u0107ima koja zapo\u0161ljavaju lica sa invaliditetom smatraju ona koja imaju 40 odsto, a ne kao sada 51 odsto lica sa invaliditetom od ukupnog broja zaposlenih&#8221;, naglasio je Dronjak.<\/p>\n<p>On je istakao da postoji i zahtjev ratnih vojnih invalida Republike Srpske koji su se vratili da \u017eive i rade u Federaciji BiH i tamo registrovali djelatnosti, da kao pravna lica iz Federacije ostvare ekonomsku podr\u0161ku koju ovaj Fond pokriva u Republici Srpskoj.<\/p>\n<p>SRNA<\/p>\n","protected":false},"excerpt":{"rendered":"<p>Fond za profesionalnu rehabilitaciju i zapo\u0161ljavanje invalida Republike Srpske i Ministarstvo rada i bora\u010dko-invalidske za\u0161tite inicirali su dono\u0161enje novog zakona u ovoj oblasti kojim bi se kvalitenije uredila pitanja profesionalne [&hellip;]<\/p>\n","protected":false},"author":1,"featured_media":0,"comment_status":"closed","ping_status":"open","sticky":false,"template":"","format":"standard","meta":{"_monsterinsights_skip_tracking":false,"_monsterinsights_sitenote_active":false,"_monsterinsights_sitenote_note":"","_monsterinsights_sitenote_category":0,"footnotes":""},"categories":[8],"tags":[],"yoast_head":"<!-- This site is optimized with the Yoast SEO plugin v21.6 - https:\/\/yoast.com\/wordpress\/plugins\/seo\/ -->\n<title>Dronjak: Kvalitetnije urediti oblast profesionalne rehabilitacije lica sa invaliditetom - PrijedorDanas.com - Prijedorski gradski portal<\/title>\n<meta name=\"robots\" content=\"index, follow, max-snippet:-1, max-image-preview:large, max-video-preview:-1\" \/>\n<link rel=\"canonical\" href=\"https:\/\/www.prijedordanas.com\/?p=211809\" \/>\n<meta property=\"og:locale\" content=\"en_US\" \/>\n<meta property=\"og:type\" content=\"article\" \/>\n<meta property=\"og:title\" content=\"Dronjak: Kvalitetnije urediti oblast profesionalne rehabilitacije lica sa invaliditetom - PrijedorDanas.com - Prijedorski gradski portal\" \/>\n<meta property=\"og:description\" content=\"Fond za profesionalnu rehabilitaciju i zapo\u0161ljavanje invalida Republike Srpske i Ministarstvo rada i bora\u010dko-invalidske za\u0161tite inicirali su dono\u0161enje novog zakona u ovoj oblasti kojim bi se kvalitenije uredila pitanja profesionalne [&hellip;]\" \/>\n<meta property=\"og:url\" content=\"https:\/\/www.prijedordanas.com\/?p=211809\" \/>\n<meta property=\"og:site_name\" content=\"PrijedorDanas.com - Prijedorski gradski portal\" \/>\n<meta property=\"article:publisher\" content=\"https:\/\/www.facebook.com\/PrijedorDanasCom\/\" \/>\n<meta property=\"article:published_time\" content=\"2023-09-25T12:51:46+00:00\" \/>\n<meta property=\"og:image\" content=\"https:\/\/www.prijedordanas.com\/wp-content\/uploads\/2022\/11\/kozarski-fond-za-profesionalnu-rehabilitaciju-i-zaposljavanje-invalida-300x225.jpg\" \/>\n<meta name=\"author\" content=\"admin\" \/>\n<meta name=\"twitter:card\" content=\"summary_large_image\" \/>\n<meta name=\"twitter:label1\" content=\"Written by\" \/>\n\t<meta name=\"twitter:data1\" content=\"admin\" \/>\n\t<meta name=\"twitter:label2\" content=\"Est. reading time\" \/>\n\t<meta name=\"twitter:data2\" content=\"2 minutes\" \/>\n<script type=\"application\/ld+json\" class=\"yoast-schema-graph\">{\"@context\":\"https:\/\/schema.org\",\"@graph\":[{\"@type\":\"Article\",\"@id\":\"https:\/\/www.prijedordanas.com\/?p=211809#article\",\"isPartOf\":{\"@id\":\"https:\/\/www.prijedordanas.com\/?p=211809\"},\"author\":{\"name\":\"admin\",\"@id\":\"https:\/\/www.prijedordanas.com\/#\/schema\/person\/4e08ccf29b506ca916ff86d46bb700e6\"},\"headline\":\"Dronjak: Kvalitetnije urediti oblast profesionalne rehabilitacije lica sa invaliditetom\",\"datePublished\":\"2023-09-25T12:51:46+00:00\",\"dateModified\":\"2023-09-25T12:51:46+00:00\",\"mainEntityOfPage\":{\"@id\":\"https:\/\/www.prijedordanas.com\/?p=211809\"},\"wordCount\":446,\"publisher\":{\"@id\":\"https:\/\/www.prijedordanas.com\/#organization\"},\"articleSection\":[\"Svakodnevno\"],\"inLanguage\":\"en-US\"},{\"@type\":\"WebPage\",\"@id\":\"https:\/\/www.prijedordanas.com\/?p=211809\",\"url\":\"https:\/\/www.prijedordanas.com\/?p=211809\",\"name\":\"Dronjak: Kvalitetnije urediti oblast profesionalne rehabilitacije lica sa invaliditetom - PrijedorDanas.com - Prijedorski gradski portal\",\"isPartOf\":{\"@id\":\"https:\/\/www.prijedordanas.com\/#website\"},\"datePublished\":\"2023-09-25T12:51:46+00:00\",\"dateModified\":\"2023-09-25T12:51:46+00:00\",\"breadcrumb\":{\"@id\":\"https:\/\/www.prijedordanas.com\/?p=211809#breadcrumb\"},\"inLanguage\":\"en-US\",\"potentialAction\":[{\"@type\":\"ReadAction\",\"target\":[\"https:\/\/www.prijedordanas.com\/?p=211809\"]}]},{\"@type\":\"BreadcrumbList\",\"@id\":\"https:\/\/www.prijedordanas.com\/?p=211809#breadcrumb\",\"itemListElement\":[{\"@type\":\"ListItem\",\"position\":1,\"name\":\"Home\",\"item\":\"https:\/\/www.prijedordanas.com\/\"},{\"@type\":\"ListItem\",\"position\":2,\"name\":\"Dronjak: Kvalitetnije urediti oblast profesionalne rehabilitacije lica sa invaliditetom\"}]},{\"@type\":\"WebSite\",\"@id\":\"https:\/\/www.prijedordanas.com\/#website\",\"url\":\"https:\/\/www.prijedordanas.com\/\",\"name\":\"PrijedorDanas.com - Prijedorski gradski portal\",\"description\":\"Portal o doga\u0111anjima u gradu Prijedoru\",\"publisher\":{\"@id\":\"https:\/\/www.prijedordanas.com\/#organization\"},\"potentialAction\":[{\"@type\":\"SearchAction\",\"target\":{\"@type\":\"EntryPoint\",\"urlTemplate\":\"https:\/\/www.prijedordanas.com\/?s={search_term_string}\"},\"query-input\":\"required name=search_term_string\"}],\"inLanguage\":\"en-US\"},{\"@type\":\"Organization\",\"@id\":\"https:\/\/www.prijedordanas.com\/#organization\",\"name\":\"PrijedorDanas.com\",\"url\":\"https:\/\/www.prijedordanas.com\/\",\"logo\":{\"@type\":\"ImageObject\",\"inLanguage\":\"en-US\",\"@id\":\"https:\/\/www.prijedordanas.com\/#\/schema\/logo\/image\/\",\"url\":\"http:\/\/www.prijedordanas.com\/wp-content\/uploads\/2021\/12\/logopng.png\",\"contentUrl\":\"http:\/\/www.prijedordanas.com\/wp-content\/uploads\/2021\/12\/logopng.png\",\"width\":1019,\"height\":776,\"caption\":\"PrijedorDanas.com\"},\"image\":{\"@id\":\"https:\/\/www.prijedordanas.com\/#\/schema\/logo\/image\/\"},\"sameAs\":[\"https:\/\/www.facebook.com\/PrijedorDanasCom\/\"]},{\"@type\":\"Person\",\"@id\":\"https:\/\/www.prijedordanas.com\/#\/schema\/person\/4e08ccf29b506ca916ff86d46bb700e6\",\"name\":\"admin\",\"image\":{\"@type\":\"ImageObject\",\"inLanguage\":\"en-US\",\"@id\":\"https:\/\/www.prijedordanas.com\/#\/schema\/person\/image\/\",\"url\":\"https:\/\/secure.gravatar.com\/avatar\/1d3fc949d550f0b53a5f0d51e06dfd79?s=96&d=mm&r=g\",\"contentUrl\":\"https:\/\/secure.gravatar.com\/avatar\/1d3fc949d550f0b53a5f0d51e06dfd79?s=96&d=mm&r=g\",\"caption\":\"admin\"},\"url\":\"https:\/\/www.prijedordanas.com\/?author=1\"}]}<\/script>\n<!-- \/ Yoast SEO plugin. -->","yoast_head_json":{"title":"Dronjak: Kvalitetnije urediti oblast profesionalne rehabilitacije lica sa invaliditetom - PrijedorDanas.com - Prijedorski gradski portal","robots":{"index":"index","follow":"follow","max-snippet":"max-snippet:-1","max-image-preview":"max-image-preview:large","max-video-preview":"max-video-preview:-1"},"canonical":"https:\/\/www.prijedordanas.com\/?p=211809","og_locale":"en_US","og_type":"article","og_title":"Dronjak: Kvalitetnije urediti oblast profesionalne rehabilitacije lica sa invaliditetom - PrijedorDanas.com - Prijedorski gradski portal","og_description":"Fond za profesionalnu rehabilitaciju i zapo\u0161ljavanje invalida Republike Srpske i Ministarstvo rada i bora\u010dko-invalidske za\u0161tite inicirali su dono\u0161enje novog zakona u ovoj oblasti kojim bi se kvalitenije uredila pitanja profesionalne [&hellip;]","og_url":"https:\/\/www.prijedordanas.com\/?p=211809","og_site_name":"PrijedorDanas.com - Prijedorski gradski portal","article_publisher":"https:\/\/www.facebook.com\/PrijedorDanasCom\/","article_published_time":"2023-09-25T12:51:46+00:00","og_image":[{"url":"https:\/\/www.prijedordanas.com\/wp-content\/uploads\/2022\/11\/kozarski-fond-za-profesionalnu-rehabilitaciju-i-zaposljavanje-invalida-300x225.jpg"}],"author":"admin","twitter_card":"summary_large_image","twitter_misc":{"Written by":"admin","Est. reading time":"2 minutes"},"schema":{"@context":"https:\/\/schema.org","@graph":[{"@type":"Article","@id":"https:\/\/www.prijedordanas.com\/?p=211809#article","isPartOf":{"@id":"https:\/\/www.prijedordanas.com\/?p=211809"},"author":{"name":"admin","@id":"https:\/\/www.prijedordanas.com\/#\/schema\/person\/4e08ccf29b506ca916ff86d46bb700e6"},"headline":"Dronjak: Kvalitetnije urediti oblast profesionalne rehabilitacije lica sa invaliditetom","datePublished":"2023-09-25T12:51:46+00:00","dateModified":"2023-09-25T12:51:46+00:00","mainEntityOfPage":{"@id":"https:\/\/www.prijedordanas.com\/?p=211809"},"wordCount":446,"publisher":{"@id":"https:\/\/www.prijedordanas.com\/#organization"},"articleSection":["Svakodnevno"],"inLanguage":"en-US"},{"@type":"WebPage","@id":"https:\/\/www.prijedordanas.com\/?p=211809","url":"https:\/\/www.prijedordanas.com\/?p=211809","name":"Dronjak: Kvalitetnije urediti oblast profesionalne rehabilitacije lica sa invaliditetom - PrijedorDanas.com - Prijedorski gradski portal","isPartOf":{"@id":"https:\/\/www.prijedordanas.com\/#website"},"datePublished":"2023-09-25T12:51:46+00:00","dateModified":"2023-09-25T12:51:46+00:00","breadcrumb":{"@id":"https:\/\/www.prijedordanas.com\/?p=211809#breadcrumb"},"inLanguage":"en-US","potentialAction":[{"@type":"ReadAction","target":["https:\/\/www.prijedordanas.com\/?p=211809"]}]},{"@type":"BreadcrumbList","@id":"https:\/\/www.prijedordanas.com\/?p=211809#breadcrumb","itemListElement":[{"@type":"ListItem","position":1,"name":"Home","item":"https:\/\/www.prijedordanas.com\/"},{"@type":"ListItem","position":2,"name":"Dronjak: Kvalitetnije urediti oblast profesionalne rehabilitacije lica sa invaliditetom"}]},{"@type":"WebSite","@id":"https:\/\/www.prijedordanas.com\/#website","url":"https:\/\/www.prijedordanas.com\/","name":"PrijedorDanas.com - Prijedorski gradski portal","description":"Portal o doga\u0111anjima u gradu Prijedoru","publisher":{"@id":"https:\/\/www.prijedordanas.com\/#organization"},"potentialAction":[{"@type":"SearchAction","target":{"@type":"EntryPoint","urlTemplate":"https:\/\/www.prijedordanas.com\/?s={search_term_string}"},"query-input":"required name=search_term_string"}],"inLanguage":"en-US"},{"@type":"Organization","@id":"https:\/\/www.prijedordanas.com\/#organization","name":"PrijedorDanas.com","url":"https:\/\/www.prijedordanas.com\/","logo":{"@type":"ImageObject","inLanguage":"en-US","@id":"https:\/\/www.prijedordanas.com\/#\/schema\/logo\/image\/","url":"http:\/\/www.prijedordanas.com\/wp-content\/uploads\/2021\/12\/logopng.png","contentUrl":"http:\/\/www.prijedordanas.com\/wp-content\/uploads\/2021\/12\/logopng.png","width":1019,"height":776,"caption":"PrijedorDanas.com"},"image":{"@id":"https:\/\/www.prijedordanas.com\/#\/schema\/logo\/image\/"},"sameAs":["https:\/\/www.facebook.com\/PrijedorDanasCom\/"]},{"@type":"Person","@id":"https:\/\/www.prijedordanas.com\/#\/schema\/person\/4e08ccf29b506ca916ff86d46bb700e6","name":"admin","image":{"@type":"ImageObject","inLanguage":"en-US","@id":"https:\/\/www.prijedordanas.com\/#\/schema\/person\/image\/","url":"https:\/\/secure.gravatar.com\/avatar\/1d3fc949d550f0b53a5f0d51e06dfd79?s=96&d=mm&r=g","contentUrl":"https:\/\/secure.gravatar.com\/avatar\/1d3fc949d550f0b53a5f0d51e06dfd79?s=96&d=mm&r=g","caption":"admin"},"url":"https:\/\/www.prijedordanas.com\/?author=1"}]}},"_links":{"self":[{"href":"https:\/\/www.prijedordanas.com\/index.php?rest_route=\/wp\/v2\/posts\/211809"}],"collection":[{"href":"https:\/\/www.prijedordanas.com\/index.php?rest_route=\/wp\/v2\/posts"}],"about":[{"href":"https:\/\/www.prijedordanas.com\/index.php?rest_route=\/wp\/v2\/types\/post"}],"author":[{"embeddable":true,"href":"https:\/\/www.prijedordanas.com\/index.php?rest_route=\/wp\/v2\/users\/1"}],"replies":[{"embeddable":true,"href":"https:\/\/www.prijedordanas.com\/index.php?rest_route=%2Fwp%2Fv2%2Fcomments&post=211809"}],"version-history":[{"count":1,"href":"https:\/\/www.prijedordanas.com\/index.php?rest_route=\/wp\/v2\/posts\/211809\/revisions"}],"predecessor-version":[{"id":211810,"href":"https:\/\/www.prijedordanas.com\/index.php?rest_route=\/wp\/v2\/posts\/211809\/revisions\/211810"}],"wp:attachment":[{"href":"https:\/\/www.prijedordanas.com\/index.php?rest_route=%2Fwp%2Fv2%2Fmedia&parent=211809"}],"wp:term":[{"taxonomy":"category","embeddable":true,"href":"https:\/\/www.prijedordanas.com\/index.php?rest_route=%2Fwp%2Fv2%2Fcategories&post=211809"},{"taxonomy":"post_tag","embeddable":true,"href":"https:\/\/www.prijedordanas.com\/index.php?rest_route=%2Fwp%2Fv2%2Ftags&post=211809"}],"curies":[{"name":"wp","href":"https:\/\/api.w.org\/{rel}","templated":true}]}}