{"id":211727,"date":"2023-09-24T12:53:23","date_gmt":"2023-09-24T10:53:23","guid":{"rendered":"https:\/\/www.prijedordanas.com\/?p=211727"},"modified":"2023-09-24T12:53:23","modified_gmt":"2023-09-24T10:53:23","slug":"fudbaleri-omarske-docekuju-sutjesku-iz-foce","status":"publish","type":"post","link":"https:\/\/www.prijedordanas.com\/?p=211727","title":{"rendered":"Fudbaleri &#8220;Omarske&#8221; do\u010dekuju &#8220;Sutjesku&#8221; iz Fo\u010de"},"content":{"rendered":"<p><a href=\"https:\/\/www.prijedordanas.com\/wp-content\/uploads\/2023\/09\/omarska-sutjeska-najava.jpg\"><img loading=\"lazy\" decoding=\"async\" src=\"https:\/\/www.prijedordanas.com\/wp-content\/uploads\/2023\/09\/omarska-sutjeska-najava-300x242.jpg\" alt=\"\" width=\"300\" height=\"242\" class=\"alignleft size-medium wp-image-211728\" srcset=\"https:\/\/www.prijedordanas.com\/wp-content\/uploads\/2023\/09\/omarska-sutjeska-najava-300x242.jpg 300w, https:\/\/www.prijedordanas.com\/wp-content\/uploads\/2023\/09\/omarska-sutjeska-najava.jpg 621w\" sizes=\"(max-width: 300px) 100vw, 300px\" \/><\/a>Omarska \u2013 Sutjeska Fo\u010da<br \/>\nNedjelja, 26.april u 19:00<\/p>\n<p>Omarska u nedjelju do\u010dekuje Sutjesku iz Fo\u010de, u utakmici za koju se nadamo da \u0107e biti prekretnica, kao \u0161to je bila i pro\u0161le sezone.<\/p>\n<p>Ne treba kriti, situacija je te\u0161ka, posebno nakon poraza protiv Slobode u pro\u0161lom kolu. Klub je definitivno  u krizi, finansijskoj, igra\u010dkoj, zdravstvenoj i rezultatskoj. Na sve probleme, povrijedio se i Vladan An\u0111i\u0107. \u010ceka se pregled, ali vrlo vjerovatno ga nema do marta. Tako su trenutno izvan stroja: Grahovac, Ratkovi\u0107, Romani\u0107 Darko i An\u0111i\u0107. Pojedini fudbaleri su najavili da \u0107e napustiti klub, pa \u0107emo do nedjelje vidjeti ko ostaje, a ko  odlazi. Veliki je pritisak i od strane navija\u010da, zaslu\u017eeno.<\/p>\n<p>Najlak\u0161e bi bilo smjeniti trenera, ali \u010dinjenica je da su problemi dublji i \u0161iri i najvjerovatnije je na kraju ipak, \u201dsve do para\u201d. <\/p>\n<p>Ali sve to nije prvi put da se de\u0161ava u Omarskoj, niti je izgovor da se u nedjelju ne zapne i ne savlada Sutjeska koja tako\u0111e ima 4 boda, kao i Omarska i protivnik je po mjeri u ovom trenutku. Milion puta se do sada potvrdilo da se u fudbalu sve mo\u017ee promjeniti za tri dana.<\/p>\n<p>Ima Omarska i dalje dovoljno fudbalera na raspolaganju, ima sasvim sigurno i znanja i kvaliteta. Na kraju krajeva, vidjeli smo i u utakmici Zrinjski \u2013 AZ, da je fudbal \u201dne\u0161to vi\u0161e od igre\u201d, stoga postoji samo jedan izlaz \u2013 nema predaje. Poku\u0161a\u0107emo do kraja polusezone skupiti \u0161to vi\u0161e bodova, a  na prolje\u0107e ko zna. <\/p>\n<p>Fudbalerima je sada najpotrebnija podr\u0161ka, ali podr\u0161ka, a ne kritika.  Dosta mladih igra\u010da te\u0161ko podnosi uvrede i kritike sa tribina i sve to uti\u010de da pogrije\u0161e, da kiksaju. Ne mo\u017eemo primorati  navija\u010de da ne psuju i ne vrije\u0111aju, ali mo\u017eemo zamoliti. \u010cinjenica je da jedna zlatna generacija odlazi, tako da je i za Omarsku ovo te\u017eak prelazni period, koji mo\u017eemo  prebroditi samo radom i uz podr\u0161ku navija\u010da.<\/p>\n<p>Raduje nas \u010dinjenica da se nakon pro\u0161le utakmice javio veliki broj odanih navija\u010da koji su izrazili \u017eelju da po\u010daste igra\u010de nakon utakmice sa Sutjeskom, a nadamo se da \u0107e taj gest uticati pozitivno i na igra\u010de da u nedjelju pru\u017ee sve od sebe, pa kako bude.  NAPRIJED PLAVI!!!!<\/p>\n<p>Me\u0111usobni susreti<br \/>\n2021\/22             0-1                  1-1<br \/>\n2022\/23             2-1                  2-3<\/p>\n<p>FK Omarska<\/p>\n","protected":false},"excerpt":{"rendered":"<p>Omarska \u2013 Sutjeska Fo\u010da Nedjelja, 26.april u 19:00 Omarska u nedjelju do\u010dekuje Sutjesku iz Fo\u010de, u utakmici za koju se nadamo da \u0107e biti prekretnica, kao \u0161to je bila i [&hellip;]<\/p>\n","protected":false},"author":1,"featured_media":0,"comment_status":"closed","ping_status":"open","sticky":false,"template":"","format":"standard","meta":{"_monsterinsights_skip_tracking":false,"_monsterinsights_sitenote_active":false,"_monsterinsights_sitenote_note":"","_monsterinsights_sitenote_category":0,"footnotes":""},"categories":[7],"tags":[],"yoast_head":"<!-- This site is optimized with the Yoast SEO plugin v21.6 - https:\/\/yoast.com\/wordpress\/plugins\/seo\/ -->\n<title>Fudbaleri &quot;Omarske&quot; do\u010dekuju &quot;Sutjesku&quot; iz Fo\u010de - PrijedorDanas.com - Prijedorski gradski portal<\/title>\n<meta name=\"robots\" content=\"index, follow, max-snippet:-1, max-image-preview:large, max-video-preview:-1\" \/>\n<link rel=\"canonical\" href=\"https:\/\/www.prijedordanas.com\/?p=211727\" \/>\n<meta property=\"og:locale\" content=\"en_US\" \/>\n<meta property=\"og:type\" content=\"article\" \/>\n<meta property=\"og:title\" content=\"Fudbaleri &quot;Omarske&quot; do\u010dekuju &quot;Sutjesku&quot; iz Fo\u010de - PrijedorDanas.com - Prijedorski gradski portal\" \/>\n<meta property=\"og:description\" content=\"Omarska \u2013 Sutjeska Fo\u010da Nedjelja, 26.april u 19:00 Omarska u nedjelju do\u010dekuje Sutjesku iz Fo\u010de, u utakmici za koju se nadamo da \u0107e biti prekretnica, kao \u0161to je bila i [&hellip;]\" \/>\n<meta property=\"og:url\" content=\"https:\/\/www.prijedordanas.com\/?p=211727\" \/>\n<meta property=\"og:site_name\" content=\"PrijedorDanas.com - Prijedorski gradski portal\" \/>\n<meta property=\"article:publisher\" content=\"https:\/\/www.facebook.com\/PrijedorDanasCom\/\" \/>\n<meta property=\"article:published_time\" content=\"2023-09-24T10:53:23+00:00\" \/>\n<meta property=\"og:image\" content=\"https:\/\/www.prijedordanas.com\/wp-content\/uploads\/2023\/09\/omarska-sutjeska-najava-300x242.jpg\" \/>\n<meta name=\"author\" content=\"admin\" \/>\n<meta name=\"twitter:card\" content=\"summary_large_image\" \/>\n<meta name=\"twitter:label1\" content=\"Written by\" \/>\n\t<meta name=\"twitter:data1\" content=\"admin\" \/>\n<script type=\"application\/ld+json\" class=\"yoast-schema-graph\">{\"@context\":\"https:\/\/schema.org\",\"@graph\":[{\"@type\":\"Article\",\"@id\":\"https:\/\/www.prijedordanas.com\/?p=211727#article\",\"isPartOf\":{\"@id\":\"https:\/\/www.prijedordanas.com\/?p=211727\"},\"author\":{\"name\":\"admin\",\"@id\":\"https:\/\/www.prijedordanas.com\/#\/schema\/person\/4e08ccf29b506ca916ff86d46bb700e6\"},\"headline\":\"Fudbaleri &#8220;Omarske&#8221; do\u010dekuju &#8220;Sutjesku&#8221; iz Fo\u010de\",\"datePublished\":\"2023-09-24T10:53:23+00:00\",\"dateModified\":\"2023-09-24T10:53:23+00:00\",\"mainEntityOfPage\":{\"@id\":\"https:\/\/www.prijedordanas.com\/?p=211727\"},\"wordCount\":412,\"publisher\":{\"@id\":\"https:\/\/www.prijedordanas.com\/#organization\"},\"articleSection\":[\"Sport\"],\"inLanguage\":\"en-US\"},{\"@type\":\"WebPage\",\"@id\":\"https:\/\/www.prijedordanas.com\/?p=211727\",\"url\":\"https:\/\/www.prijedordanas.com\/?p=211727\",\"name\":\"Fudbaleri \\\"Omarske\\\" do\u010dekuju \\\"Sutjesku\\\" iz Fo\u010de - PrijedorDanas.com - Prijedorski gradski portal\",\"isPartOf\":{\"@id\":\"https:\/\/www.prijedordanas.com\/#website\"},\"datePublished\":\"2023-09-24T10:53:23+00:00\",\"dateModified\":\"2023-09-24T10:53:23+00:00\",\"breadcrumb\":{\"@id\":\"https:\/\/www.prijedordanas.com\/?p=211727#breadcrumb\"},\"inLanguage\":\"en-US\",\"potentialAction\":[{\"@type\":\"ReadAction\",\"target\":[\"https:\/\/www.prijedordanas.com\/?p=211727\"]}]},{\"@type\":\"BreadcrumbList\",\"@id\":\"https:\/\/www.prijedordanas.com\/?p=211727#breadcrumb\",\"itemListElement\":[{\"@type\":\"ListItem\",\"position\":1,\"name\":\"Home\",\"item\":\"https:\/\/www.prijedordanas.com\/\"},{\"@type\":\"ListItem\",\"position\":2,\"name\":\"Fudbaleri &#8220;Omarske&#8221; do\u010dekuju &#8220;Sutjesku&#8221; iz Fo\u010de\"}]},{\"@type\":\"WebSite\",\"@id\":\"https:\/\/www.prijedordanas.com\/#website\",\"url\":\"https:\/\/www.prijedordanas.com\/\",\"name\":\"PrijedorDanas.com - Prijedorski gradski portal\",\"description\":\"Portal o doga\u0111anjima u gradu Prijedoru\",\"publisher\":{\"@id\":\"https:\/\/www.prijedordanas.com\/#organization\"},\"potentialAction\":[{\"@type\":\"SearchAction\",\"target\":{\"@type\":\"EntryPoint\",\"urlTemplate\":\"https:\/\/www.prijedordanas.com\/?s={search_term_string}\"},\"query-input\":\"required name=search_term_string\"}],\"inLanguage\":\"en-US\"},{\"@type\":\"Organization\",\"@id\":\"https:\/\/www.prijedordanas.com\/#organization\",\"name\":\"PrijedorDanas.com\",\"url\":\"https:\/\/www.prijedordanas.com\/\",\"logo\":{\"@type\":\"ImageObject\",\"inLanguage\":\"en-US\",\"@id\":\"https:\/\/www.prijedordanas.com\/#\/schema\/logo\/image\/\",\"url\":\"http:\/\/www.prijedordanas.com\/wp-content\/uploads\/2021\/12\/logopng.png\",\"contentUrl\":\"http:\/\/www.prijedordanas.com\/wp-content\/uploads\/2021\/12\/logopng.png\",\"width\":1019,\"height\":776,\"caption\":\"PrijedorDanas.com\"},\"image\":{\"@id\":\"https:\/\/www.prijedordanas.com\/#\/schema\/logo\/image\/\"},\"sameAs\":[\"https:\/\/www.facebook.com\/PrijedorDanasCom\/\"]},{\"@type\":\"Person\",\"@id\":\"https:\/\/www.prijedordanas.com\/#\/schema\/person\/4e08ccf29b506ca916ff86d46bb700e6\",\"name\":\"admin\",\"image\":{\"@type\":\"ImageObject\",\"inLanguage\":\"en-US\",\"@id\":\"https:\/\/www.prijedordanas.com\/#\/schema\/person\/image\/\",\"url\":\"https:\/\/secure.gravatar.com\/avatar\/1d3fc949d550f0b53a5f0d51e06dfd79?s=96&d=mm&r=g\",\"contentUrl\":\"https:\/\/secure.gravatar.com\/avatar\/1d3fc949d550f0b53a5f0d51e06dfd79?s=96&d=mm&r=g\",\"caption\":\"admin\"},\"url\":\"https:\/\/www.prijedordanas.com\/?author=1\"}]}<\/script>\n<!-- \/ Yoast SEO plugin. -->","yoast_head_json":{"title":"Fudbaleri \"Omarske\" do\u010dekuju \"Sutjesku\" iz Fo\u010de - PrijedorDanas.com - Prijedorski gradski portal","robots":{"index":"index","follow":"follow","max-snippet":"max-snippet:-1","max-image-preview":"max-image-preview:large","max-video-preview":"max-video-preview:-1"},"canonical":"https:\/\/www.prijedordanas.com\/?p=211727","og_locale":"en_US","og_type":"article","og_title":"Fudbaleri \"Omarske\" do\u010dekuju \"Sutjesku\" iz Fo\u010de - PrijedorDanas.com - Prijedorski gradski portal","og_description":"Omarska \u2013 Sutjeska Fo\u010da Nedjelja, 26.april u 19:00 Omarska u nedjelju do\u010dekuje Sutjesku iz Fo\u010de, u utakmici za koju se nadamo da \u0107e biti prekretnica, kao \u0161to je bila i [&hellip;]","og_url":"https:\/\/www.prijedordanas.com\/?p=211727","og_site_name":"PrijedorDanas.com - Prijedorski gradski portal","article_publisher":"https:\/\/www.facebook.com\/PrijedorDanasCom\/","article_published_time":"2023-09-24T10:53:23+00:00","og_image":[{"url":"https:\/\/www.prijedordanas.com\/wp-content\/uploads\/2023\/09\/omarska-sutjeska-najava-300x242.jpg"}],"author":"admin","twitter_card":"summary_large_image","twitter_misc":{"Written by":"admin"},"schema":{"@context":"https:\/\/schema.org","@graph":[{"@type":"Article","@id":"https:\/\/www.prijedordanas.com\/?p=211727#article","isPartOf":{"@id":"https:\/\/www.prijedordanas.com\/?p=211727"},"author":{"name":"admin","@id":"https:\/\/www.prijedordanas.com\/#\/schema\/person\/4e08ccf29b506ca916ff86d46bb700e6"},"headline":"Fudbaleri &#8220;Omarske&#8221; do\u010dekuju &#8220;Sutjesku&#8221; iz Fo\u010de","datePublished":"2023-09-24T10:53:23+00:00","dateModified":"2023-09-24T10:53:23+00:00","mainEntityOfPage":{"@id":"https:\/\/www.prijedordanas.com\/?p=211727"},"wordCount":412,"publisher":{"@id":"https:\/\/www.prijedordanas.com\/#organization"},"articleSection":["Sport"],"inLanguage":"en-US"},{"@type":"WebPage","@id":"https:\/\/www.prijedordanas.com\/?p=211727","url":"https:\/\/www.prijedordanas.com\/?p=211727","name":"Fudbaleri \"Omarske\" do\u010dekuju \"Sutjesku\" iz Fo\u010de - PrijedorDanas.com - Prijedorski gradski portal","isPartOf":{"@id":"https:\/\/www.prijedordanas.com\/#website"},"datePublished":"2023-09-24T10:53:23+00:00","dateModified":"2023-09-24T10:53:23+00:00","breadcrumb":{"@id":"https:\/\/www.prijedordanas.com\/?p=211727#breadcrumb"},"inLanguage":"en-US","potentialAction":[{"@type":"ReadAction","target":["https:\/\/www.prijedordanas.com\/?p=211727"]}]},{"@type":"BreadcrumbList","@id":"https:\/\/www.prijedordanas.com\/?p=211727#breadcrumb","itemListElement":[{"@type":"ListItem","position":1,"name":"Home","item":"https:\/\/www.prijedordanas.com\/"},{"@type":"ListItem","position":2,"name":"Fudbaleri &#8220;Omarske&#8221; do\u010dekuju &#8220;Sutjesku&#8221; iz Fo\u010de"}]},{"@type":"WebSite","@id":"https:\/\/www.prijedordanas.com\/#website","url":"https:\/\/www.prijedordanas.com\/","name":"PrijedorDanas.com - Prijedorski gradski portal","description":"Portal o doga\u0111anjima u gradu Prijedoru","publisher":{"@id":"https:\/\/www.prijedordanas.com\/#organization"},"potentialAction":[{"@type":"SearchAction","target":{"@type":"EntryPoint","urlTemplate":"https:\/\/www.prijedordanas.com\/?s={search_term_string}"},"query-input":"required name=search_term_string"}],"inLanguage":"en-US"},{"@type":"Organization","@id":"https:\/\/www.prijedordanas.com\/#organization","name":"PrijedorDanas.com","url":"https:\/\/www.prijedordanas.com\/","logo":{"@type":"ImageObject","inLanguage":"en-US","@id":"https:\/\/www.prijedordanas.com\/#\/schema\/logo\/image\/","url":"http:\/\/www.prijedordanas.com\/wp-content\/uploads\/2021\/12\/logopng.png","contentUrl":"http:\/\/www.prijedordanas.com\/wp-content\/uploads\/2021\/12\/logopng.png","width":1019,"height":776,"caption":"PrijedorDanas.com"},"image":{"@id":"https:\/\/www.prijedordanas.com\/#\/schema\/logo\/image\/"},"sameAs":["https:\/\/www.facebook.com\/PrijedorDanasCom\/"]},{"@type":"Person","@id":"https:\/\/www.prijedordanas.com\/#\/schema\/person\/4e08ccf29b506ca916ff86d46bb700e6","name":"admin","image":{"@type":"ImageObject","inLanguage":"en-US","@id":"https:\/\/www.prijedordanas.com\/#\/schema\/person\/image\/","url":"https:\/\/secure.gravatar.com\/avatar\/1d3fc949d550f0b53a5f0d51e06dfd79?s=96&d=mm&r=g","contentUrl":"https:\/\/secure.gravatar.com\/avatar\/1d3fc949d550f0b53a5f0d51e06dfd79?s=96&d=mm&r=g","caption":"admin"},"url":"https:\/\/www.prijedordanas.com\/?author=1"}]}},"_links":{"self":[{"href":"https:\/\/www.prijedordanas.com\/index.php?rest_route=\/wp\/v2\/posts\/211727"}],"collection":[{"href":"https:\/\/www.prijedordanas.com\/index.php?rest_route=\/wp\/v2\/posts"}],"about":[{"href":"https:\/\/www.prijedordanas.com\/index.php?rest_route=\/wp\/v2\/types\/post"}],"author":[{"embeddable":true,"href":"https:\/\/www.prijedordanas.com\/index.php?rest_route=\/wp\/v2\/users\/1"}],"replies":[{"embeddable":true,"href":"https:\/\/www.prijedordanas.com\/index.php?rest_route=%2Fwp%2Fv2%2Fcomments&post=211727"}],"version-history":[{"count":1,"href":"https:\/\/www.prijedordanas.com\/index.php?rest_route=\/wp\/v2\/posts\/211727\/revisions"}],"predecessor-version":[{"id":211729,"href":"https:\/\/www.prijedordanas.com\/index.php?rest_route=\/wp\/v2\/posts\/211727\/revisions\/211729"}],"wp:attachment":[{"href":"https:\/\/www.prijedordanas.com\/index.php?rest_route=%2Fwp%2Fv2%2Fmedia&parent=211727"}],"wp:term":[{"taxonomy":"category","embeddable":true,"href":"https:\/\/www.prijedordanas.com\/index.php?rest_route=%2Fwp%2Fv2%2Fcategories&post=211727"},{"taxonomy":"post_tag","embeddable":true,"href":"https:\/\/www.prijedordanas.com\/index.php?rest_route=%2Fwp%2Fv2%2Ftags&post=211727"}],"curies":[{"name":"wp","href":"https:\/\/api.w.org\/{rel}","templated":true}]}}