{"id":211692,"date":"2023-09-23T13:42:01","date_gmt":"2023-09-23T11:42:01","guid":{"rendered":"https:\/\/www.prijedordanas.com\/?p=211692"},"modified":"2023-09-23T13:42:01","modified_gmt":"2023-09-23T11:42:01","slug":"naredba-o-sistemskoj-dezinsekciji-na-podrucju-grada-prijedora","status":"publish","type":"post","link":"https:\/\/www.prijedordanas.com\/?p=211692","title":{"rendered":"Naredba o sistemskoj dezinsekciji na podru\u010dju grada Prijedora"},"content":{"rendered":"<p><a href=\"https:\/\/www.prijedordanas.com\/wp-content\/uploads\/2019\/12\/grad-prijedor-ilustracija.jpg\"><img loading=\"lazy\" decoding=\"async\" src=\"https:\/\/www.prijedordanas.com\/wp-content\/uploads\/2019\/12\/grad-prijedor-ilustracija-300x253.jpg\" alt=\"\" width=\"300\" height=\"253\" class=\"alignleft size-medium wp-image-137729\" srcset=\"https:\/\/www.prijedordanas.com\/wp-content\/uploads\/2019\/12\/grad-prijedor-ilustracija-300x253.jpg 300w, https:\/\/www.prijedordanas.com\/wp-content\/uploads\/2019\/12\/grad-prijedor-ilustracija.jpg 653w\" sizes=\"(max-width: 300px) 100vw, 300px\" \/><\/a>Na osnovu \u010dlana 82. stav 3. Zakona o lokalnoj samoupravi (&#8220;Slu\u017ebeni glasnik Republike Srpske&#8221; br:97\/16, 36\/19 i 61\/21) i \u010dlana 89. Statuta Grada Prijedor (&#8220;Slu\u017ebeni glasnik Grada Prijedor&#8221; br.12\/17), a u vezi sa \u010dlanom 6. ugovora , broj: 02-404-85\/23. od 18.09.2023. godine , Gradona\u010delnik Grada Prijedor donosi<\/p>\n<p>N A R E D B U<\/p>\n<p>O SISTEMSKOJ DEZINSEKCIJI NA PODRU\u010cJU GRADA PRIJEDORA<\/p>\n<p>1. Nare\u0111uje se sistemska dezinsekcija (uni\u0161tavanje komaraca) na podru\u010dju grada Prijedora i to \u010dim vremenski uslovi to dozvole.<br \/>\n2. Dezinsekcijom \u0107e se, shodno Ugovoru, broj:02-404-85\/23. od 18.09.2023. godine, tretirati teritorija grada Prijedora u 2023. godini u povr\u0161ini od 5.250 < ha >. i to:<br \/>\na) larvicidni tretmani u povr\u0161ini od 1.250 hektara i<br \/>\nb) adulticidni tretman sa zemlje u povr\u0161ini od 4.000 hektara.<br \/>\n3. Dezinsekciju \u0107e izvr\u0161iti &#8221; EKO- BEL&#8221; d.o.o. Lakta\u0161i.<br \/>\n4. Nadzor nad izvo\u0111enjem sistemske dezinsekcije vr\u0161i\u0107e ovla\u0161teni zdravstveni inspektori u saradnji sa poljoprivrednom inspekcijom u Gradskoj upravi Prijedor.<br \/>\n5. Ova naredba stupa na snagu danom dono\u0161enja a bi\u0107e objavljena, na zvani\u010dnom sajtu Grada Prijedor, putem sredstava javnog informisanja, kao i drugim pogodnim mjestima u Prijedoru, Omarskoj, LJubiji i Kozarcu, najmanje pet dana prije izvo\u0111enja sistemske dezinsekcije.<\/p>\n<p>G r a d o n a \u010d e l n i k<br \/>\nSlobodan Javor<\/p>\n","protected":false},"excerpt":{"rendered":"<p>Na osnovu \u010dlana 82. stav 3. Zakona o lokalnoj samoupravi (&#8220;Slu\u017ebeni glasnik Republike Srpske&#8221; br:97\/16, 36\/19 i 61\/21) i \u010dlana 89. Statuta Grada Prijedor (&#8220;Slu\u017ebeni glasnik Grada Prijedor&#8221; br.12\/17), a [&hellip;]<\/p>\n","protected":false},"author":1,"featured_media":0,"comment_status":"closed","ping_status":"open","sticky":false,"template":"","format":"standard","meta":{"_monsterinsights_skip_tracking":false,"_monsterinsights_sitenote_active":false,"_monsterinsights_sitenote_note":"","_monsterinsights_sitenote_category":0,"footnotes":""},"categories":[4],"tags":[],"yoast_head":"<!-- This site is optimized with the Yoast SEO plugin v21.6 - https:\/\/yoast.com\/wordpress\/plugins\/seo\/ -->\n<title>Naredba o sistemskoj dezinsekciji na podru\u010dju grada Prijedora - PrijedorDanas.com - Prijedorski gradski portal<\/title>\n<meta name=\"robots\" content=\"index, follow, max-snippet:-1, max-image-preview:large, max-video-preview:-1\" \/>\n<link rel=\"canonical\" href=\"https:\/\/www.prijedordanas.com\/?p=211692\" \/>\n<meta property=\"og:locale\" content=\"en_US\" \/>\n<meta property=\"og:type\" content=\"article\" \/>\n<meta property=\"og:title\" content=\"Naredba o sistemskoj dezinsekciji na podru\u010dju grada Prijedora - PrijedorDanas.com - Prijedorski gradski portal\" \/>\n<meta property=\"og:description\" content=\"Na osnovu \u010dlana 82. stav 3. Zakona o lokalnoj samoupravi (&#8220;Slu\u017ebeni glasnik Republike Srpske&#8221; br:97\/16, 36\/19 i 61\/21) i \u010dlana 89. Statuta Grada Prijedor (&#8220;Slu\u017ebeni glasnik Grada Prijedor&#8221; br.12\/17), a [&hellip;]\" \/>\n<meta property=\"og:url\" content=\"https:\/\/www.prijedordanas.com\/?p=211692\" \/>\n<meta property=\"og:site_name\" content=\"PrijedorDanas.com - Prijedorski gradski portal\" \/>\n<meta property=\"article:publisher\" content=\"https:\/\/www.facebook.com\/PrijedorDanasCom\/\" \/>\n<meta property=\"article:published_time\" content=\"2023-09-23T11:42:01+00:00\" \/>\n<meta property=\"og:image\" content=\"https:\/\/www.prijedordanas.com\/wp-content\/uploads\/2019\/12\/grad-prijedor-ilustracija-300x253.jpg\" \/>\n<meta name=\"author\" content=\"admin\" \/>\n<meta name=\"twitter:card\" content=\"summary_large_image\" \/>\n<meta name=\"twitter:label1\" content=\"Written by\" \/>\n\t<meta name=\"twitter:data1\" content=\"admin\" \/>\n<script type=\"application\/ld+json\" class=\"yoast-schema-graph\">{\"@context\":\"https:\/\/schema.org\",\"@graph\":[{\"@type\":\"Article\",\"@id\":\"https:\/\/www.prijedordanas.com\/?p=211692#article\",\"isPartOf\":{\"@id\":\"https:\/\/www.prijedordanas.com\/?p=211692\"},\"author\":{\"name\":\"admin\",\"@id\":\"https:\/\/www.prijedordanas.com\/#\/schema\/person\/4e08ccf29b506ca916ff86d46bb700e6\"},\"headline\":\"Naredba o sistemskoj dezinsekciji na podru\u010dju grada Prijedora\",\"datePublished\":\"2023-09-23T11:42:01+00:00\",\"dateModified\":\"2023-09-23T11:42:01+00:00\",\"mainEntityOfPage\":{\"@id\":\"https:\/\/www.prijedordanas.com\/?p=211692\"},\"wordCount\":216,\"publisher\":{\"@id\":\"https:\/\/www.prijedordanas.com\/#organization\"},\"articleSection\":[\"Dru\u0161tvo\"],\"inLanguage\":\"en-US\"},{\"@type\":\"WebPage\",\"@id\":\"https:\/\/www.prijedordanas.com\/?p=211692\",\"url\":\"https:\/\/www.prijedordanas.com\/?p=211692\",\"name\":\"Naredba o sistemskoj dezinsekciji na podru\u010dju grada Prijedora - PrijedorDanas.com - Prijedorski gradski portal\",\"isPartOf\":{\"@id\":\"https:\/\/www.prijedordanas.com\/#website\"},\"datePublished\":\"2023-09-23T11:42:01+00:00\",\"dateModified\":\"2023-09-23T11:42:01+00:00\",\"breadcrumb\":{\"@id\":\"https:\/\/www.prijedordanas.com\/?p=211692#breadcrumb\"},\"inLanguage\":\"en-US\",\"potentialAction\":[{\"@type\":\"ReadAction\",\"target\":[\"https:\/\/www.prijedordanas.com\/?p=211692\"]}]},{\"@type\":\"BreadcrumbList\",\"@id\":\"https:\/\/www.prijedordanas.com\/?p=211692#breadcrumb\",\"itemListElement\":[{\"@type\":\"ListItem\",\"position\":1,\"name\":\"Home\",\"item\":\"https:\/\/www.prijedordanas.com\/\"},{\"@type\":\"ListItem\",\"position\":2,\"name\":\"Naredba o sistemskoj dezinsekciji na podru\u010dju grada Prijedora\"}]},{\"@type\":\"WebSite\",\"@id\":\"https:\/\/www.prijedordanas.com\/#website\",\"url\":\"https:\/\/www.prijedordanas.com\/\",\"name\":\"PrijedorDanas.com - Prijedorski gradski portal\",\"description\":\"Portal o doga\u0111anjima u gradu Prijedoru\",\"publisher\":{\"@id\":\"https:\/\/www.prijedordanas.com\/#organization\"},\"potentialAction\":[{\"@type\":\"SearchAction\",\"target\":{\"@type\":\"EntryPoint\",\"urlTemplate\":\"https:\/\/www.prijedordanas.com\/?s={search_term_string}\"},\"query-input\":\"required name=search_term_string\"}],\"inLanguage\":\"en-US\"},{\"@type\":\"Organization\",\"@id\":\"https:\/\/www.prijedordanas.com\/#organization\",\"name\":\"PrijedorDanas.com\",\"url\":\"https:\/\/www.prijedordanas.com\/\",\"logo\":{\"@type\":\"ImageObject\",\"inLanguage\":\"en-US\",\"@id\":\"https:\/\/www.prijedordanas.com\/#\/schema\/logo\/image\/\",\"url\":\"http:\/\/www.prijedordanas.com\/wp-content\/uploads\/2021\/12\/logopng.png\",\"contentUrl\":\"http:\/\/www.prijedordanas.com\/wp-content\/uploads\/2021\/12\/logopng.png\",\"width\":1019,\"height\":776,\"caption\":\"PrijedorDanas.com\"},\"image\":{\"@id\":\"https:\/\/www.prijedordanas.com\/#\/schema\/logo\/image\/\"},\"sameAs\":[\"https:\/\/www.facebook.com\/PrijedorDanasCom\/\"]},{\"@type\":\"Person\",\"@id\":\"https:\/\/www.prijedordanas.com\/#\/schema\/person\/4e08ccf29b506ca916ff86d46bb700e6\",\"name\":\"admin\",\"image\":{\"@type\":\"ImageObject\",\"inLanguage\":\"en-US\",\"@id\":\"https:\/\/www.prijedordanas.com\/#\/schema\/person\/image\/\",\"url\":\"https:\/\/secure.gravatar.com\/avatar\/1d3fc949d550f0b53a5f0d51e06dfd79?s=96&d=mm&r=g\",\"contentUrl\":\"https:\/\/secure.gravatar.com\/avatar\/1d3fc949d550f0b53a5f0d51e06dfd79?s=96&d=mm&r=g\",\"caption\":\"admin\"},\"url\":\"https:\/\/www.prijedordanas.com\/?author=1\"}]}<\/script>\n<!-- \/ Yoast SEO plugin. -->","yoast_head_json":{"title":"Naredba o sistemskoj dezinsekciji na podru\u010dju grada Prijedora - PrijedorDanas.com - Prijedorski gradski portal","robots":{"index":"index","follow":"follow","max-snippet":"max-snippet:-1","max-image-preview":"max-image-preview:large","max-video-preview":"max-video-preview:-1"},"canonical":"https:\/\/www.prijedordanas.com\/?p=211692","og_locale":"en_US","og_type":"article","og_title":"Naredba o sistemskoj dezinsekciji na podru\u010dju grada Prijedora - PrijedorDanas.com - Prijedorski gradski portal","og_description":"Na osnovu \u010dlana 82. stav 3. Zakona o lokalnoj samoupravi (&#8220;Slu\u017ebeni glasnik Republike Srpske&#8221; br:97\/16, 36\/19 i 61\/21) i \u010dlana 89. Statuta Grada Prijedor (&#8220;Slu\u017ebeni glasnik Grada Prijedor&#8221; br.12\/17), a [&hellip;]","og_url":"https:\/\/www.prijedordanas.com\/?p=211692","og_site_name":"PrijedorDanas.com - Prijedorski gradski portal","article_publisher":"https:\/\/www.facebook.com\/PrijedorDanasCom\/","article_published_time":"2023-09-23T11:42:01+00:00","og_image":[{"url":"https:\/\/www.prijedordanas.com\/wp-content\/uploads\/2019\/12\/grad-prijedor-ilustracija-300x253.jpg"}],"author":"admin","twitter_card":"summary_large_image","twitter_misc":{"Written by":"admin"},"schema":{"@context":"https:\/\/schema.org","@graph":[{"@type":"Article","@id":"https:\/\/www.prijedordanas.com\/?p=211692#article","isPartOf":{"@id":"https:\/\/www.prijedordanas.com\/?p=211692"},"author":{"name":"admin","@id":"https:\/\/www.prijedordanas.com\/#\/schema\/person\/4e08ccf29b506ca916ff86d46bb700e6"},"headline":"Naredba o sistemskoj dezinsekciji na podru\u010dju grada Prijedora","datePublished":"2023-09-23T11:42:01+00:00","dateModified":"2023-09-23T11:42:01+00:00","mainEntityOfPage":{"@id":"https:\/\/www.prijedordanas.com\/?p=211692"},"wordCount":216,"publisher":{"@id":"https:\/\/www.prijedordanas.com\/#organization"},"articleSection":["Dru\u0161tvo"],"inLanguage":"en-US"},{"@type":"WebPage","@id":"https:\/\/www.prijedordanas.com\/?p=211692","url":"https:\/\/www.prijedordanas.com\/?p=211692","name":"Naredba o sistemskoj dezinsekciji na podru\u010dju grada Prijedora - PrijedorDanas.com - Prijedorski gradski portal","isPartOf":{"@id":"https:\/\/www.prijedordanas.com\/#website"},"datePublished":"2023-09-23T11:42:01+00:00","dateModified":"2023-09-23T11:42:01+00:00","breadcrumb":{"@id":"https:\/\/www.prijedordanas.com\/?p=211692#breadcrumb"},"inLanguage":"en-US","potentialAction":[{"@type":"ReadAction","target":["https:\/\/www.prijedordanas.com\/?p=211692"]}]},{"@type":"BreadcrumbList","@id":"https:\/\/www.prijedordanas.com\/?p=211692#breadcrumb","itemListElement":[{"@type":"ListItem","position":1,"name":"Home","item":"https:\/\/www.prijedordanas.com\/"},{"@type":"ListItem","position":2,"name":"Naredba o sistemskoj dezinsekciji na podru\u010dju grada Prijedora"}]},{"@type":"WebSite","@id":"https:\/\/www.prijedordanas.com\/#website","url":"https:\/\/www.prijedordanas.com\/","name":"PrijedorDanas.com - Prijedorski gradski portal","description":"Portal o doga\u0111anjima u gradu Prijedoru","publisher":{"@id":"https:\/\/www.prijedordanas.com\/#organization"},"potentialAction":[{"@type":"SearchAction","target":{"@type":"EntryPoint","urlTemplate":"https:\/\/www.prijedordanas.com\/?s={search_term_string}"},"query-input":"required name=search_term_string"}],"inLanguage":"en-US"},{"@type":"Organization","@id":"https:\/\/www.prijedordanas.com\/#organization","name":"PrijedorDanas.com","url":"https:\/\/www.prijedordanas.com\/","logo":{"@type":"ImageObject","inLanguage":"en-US","@id":"https:\/\/www.prijedordanas.com\/#\/schema\/logo\/image\/","url":"http:\/\/www.prijedordanas.com\/wp-content\/uploads\/2021\/12\/logopng.png","contentUrl":"http:\/\/www.prijedordanas.com\/wp-content\/uploads\/2021\/12\/logopng.png","width":1019,"height":776,"caption":"PrijedorDanas.com"},"image":{"@id":"https:\/\/www.prijedordanas.com\/#\/schema\/logo\/image\/"},"sameAs":["https:\/\/www.facebook.com\/PrijedorDanasCom\/"]},{"@type":"Person","@id":"https:\/\/www.prijedordanas.com\/#\/schema\/person\/4e08ccf29b506ca916ff86d46bb700e6","name":"admin","image":{"@type":"ImageObject","inLanguage":"en-US","@id":"https:\/\/www.prijedordanas.com\/#\/schema\/person\/image\/","url":"https:\/\/secure.gravatar.com\/avatar\/1d3fc949d550f0b53a5f0d51e06dfd79?s=96&d=mm&r=g","contentUrl":"https:\/\/secure.gravatar.com\/avatar\/1d3fc949d550f0b53a5f0d51e06dfd79?s=96&d=mm&r=g","caption":"admin"},"url":"https:\/\/www.prijedordanas.com\/?author=1"}]}},"_links":{"self":[{"href":"https:\/\/www.prijedordanas.com\/index.php?rest_route=\/wp\/v2\/posts\/211692"}],"collection":[{"href":"https:\/\/www.prijedordanas.com\/index.php?rest_route=\/wp\/v2\/posts"}],"about":[{"href":"https:\/\/www.prijedordanas.com\/index.php?rest_route=\/wp\/v2\/types\/post"}],"author":[{"embeddable":true,"href":"https:\/\/www.prijedordanas.com\/index.php?rest_route=\/wp\/v2\/users\/1"}],"replies":[{"embeddable":true,"href":"https:\/\/www.prijedordanas.com\/index.php?rest_route=%2Fwp%2Fv2%2Fcomments&post=211692"}],"version-history":[{"count":1,"href":"https:\/\/www.prijedordanas.com\/index.php?rest_route=\/wp\/v2\/posts\/211692\/revisions"}],"predecessor-version":[{"id":211693,"href":"https:\/\/www.prijedordanas.com\/index.php?rest_route=\/wp\/v2\/posts\/211692\/revisions\/211693"}],"wp:attachment":[{"href":"https:\/\/www.prijedordanas.com\/index.php?rest_route=%2Fwp%2Fv2%2Fmedia&parent=211692"}],"wp:term":[{"taxonomy":"category","embeddable":true,"href":"https:\/\/www.prijedordanas.com\/index.php?rest_route=%2Fwp%2Fv2%2Fcategories&post=211692"},{"taxonomy":"post_tag","embeddable":true,"href":"https:\/\/www.prijedordanas.com\/index.php?rest_route=%2Fwp%2Fv2%2Ftags&post=211692"}],"curies":[{"name":"wp","href":"https:\/\/api.w.org\/{rel}","templated":true}]}}