{"id":211629,"date":"2023-09-22T10:48:32","date_gmt":"2023-09-22T08:48:32","guid":{"rendered":"https:\/\/www.prijedordanas.com\/?p=211629"},"modified":"2023-09-22T10:48:32","modified_gmt":"2023-09-22T08:48:32","slug":"procitajte-koje-prijedorske-ulice-su-ovog-petka-zatvorene-za-saobracaj-svih-motornih-vozila-od-11-do-14-casova","status":"publish","type":"post","link":"https:\/\/www.prijedordanas.com\/?p=211629","title":{"rendered":"Pro\u010ditajte koje prijedorske ulice su ovog petka zatvorene za saobra\u0107aj svih motornih vozila od 11 do 14 \u010dasova"},"content":{"rendered":"<p><a href=\"https:\/\/www.prijedordanas.com\/wp-content\/uploads\/2017\/09\/ulice-bez-automobila-1.jpg\"><img loading=\"lazy\" decoding=\"async\" src=\"https:\/\/www.prijedordanas.com\/wp-content\/uploads\/2017\/09\/ulice-bez-automobila-1-300x222.jpg\" alt=\"\" width=\"300\" height=\"222\" class=\"alignleft size-medium wp-image-89479\" srcset=\"https:\/\/www.prijedordanas.com\/wp-content\/uploads\/2017\/09\/ulice-bez-automobila-1-300x222.jpg 300w, https:\/\/www.prijedordanas.com\/wp-content\/uploads\/2017\/09\/ulice-bez-automobila-1-100x74.jpg 100w, https:\/\/www.prijedordanas.com\/wp-content\/uploads\/2017\/09\/ulice-bez-automobila-1.jpg 675w\" sizes=\"(max-width: 300px) 100vw, 300px\" \/><\/a>Povodom obilje\u017eavanja Evropske kampanje \u201eDan bez automobila 2023\u201c, \u010diji je cilj promovisanje alternativnih vidova saobra\u0107aja, u svrhu o\u010duvanja \u017eivotne sredine, grad Prijedor se i ove godine uklju\u010dio u ovu akciju.<\/p>\n<p>Tim povodom, ovog petka, 22. septembra 2023. godine, u vremenu od 11:00 do 14:00 \u010dasova bi\u0107e zatvoren saobra\u0107aj za sva motorna vozila u sljede\u0107im ulicama:<br \/>\n-dio Ulice Milo\u0161a Obrenovi\u0107a od Trga majora Zorana Karlice do raskrsnice sa Ulicom akademika Jovana Ra\u0161kovi\u0107a;<br \/>\n-Ulica akademika Jovana Ra\u0161kovi\u0107a u \u010ditavoj du\u017eini;<br \/>\n-dio Ulice Nikole Pa\u0161i\u0107a od raskrsnice sa Zanatskom ulicom do ulaza na parking Dvorana;<br \/>\n-dio Svetosavske ulice od raskrsnice sa Ulicom Nikole Pa\u0161i\u0107a do ulaza na parking Jereza;<br \/>\n-dio Zanatske ulice od Trga majora Zorana Karlice do ulaza na parking Jereza,<\/p>\n<p>Ova obustava saobra\u0107aja \u0107e omogu\u0107iti gra\u0111anima da u\u017eivaju u aktivnostima kao \u0161to su pje\u0161a\u010denje, vo\u017enja biciklima, rolerima, trotinetima, sportske aktivnosti, dje\u010dije igraonice i sli\u010dno.<\/p>\n","protected":false},"excerpt":{"rendered":"<p>Povodom obilje\u017eavanja Evropske kampanje \u201eDan bez automobila 2023\u201c, \u010diji je cilj promovisanje alternativnih vidova saobra\u0107aja, u svrhu o\u010duvanja \u017eivotne sredine, grad Prijedor se i ove godine uklju\u010dio u ovu akciju. [&hellip;]<\/p>\n","protected":false},"author":1,"featured_media":0,"comment_status":"closed","ping_status":"open","sticky":false,"template":"","format":"standard","meta":{"_monsterinsights_skip_tracking":false,"_monsterinsights_sitenote_active":false,"_monsterinsights_sitenote_note":"","_monsterinsights_sitenote_category":0,"footnotes":""},"categories":[4],"tags":[],"yoast_head":"<!-- This site is optimized with the Yoast SEO plugin v21.6 - https:\/\/yoast.com\/wordpress\/plugins\/seo\/ -->\n<title>Pro\u010ditajte koje prijedorske ulice su ovog petka zatvorene za saobra\u0107aj svih motornih vozila od 11 do 14 \u010dasova - PrijedorDanas.com - Prijedorski gradski portal<\/title>\n<meta name=\"robots\" content=\"index, follow, max-snippet:-1, max-image-preview:large, max-video-preview:-1\" \/>\n<link rel=\"canonical\" href=\"https:\/\/www.prijedordanas.com\/?p=211629\" \/>\n<meta property=\"og:locale\" content=\"en_US\" \/>\n<meta property=\"og:type\" content=\"article\" \/>\n<meta property=\"og:title\" content=\"Pro\u010ditajte koje prijedorske ulice su ovog petka zatvorene za saobra\u0107aj svih motornih vozila od 11 do 14 \u010dasova - PrijedorDanas.com - Prijedorski gradski portal\" \/>\n<meta property=\"og:description\" content=\"Povodom obilje\u017eavanja Evropske kampanje \u201eDan bez automobila 2023\u201c, \u010diji je cilj promovisanje alternativnih vidova saobra\u0107aja, u svrhu o\u010duvanja \u017eivotne sredine, grad Prijedor se i ove godine uklju\u010dio u ovu akciju. [&hellip;]\" \/>\n<meta property=\"og:url\" content=\"https:\/\/www.prijedordanas.com\/?p=211629\" \/>\n<meta property=\"og:site_name\" content=\"PrijedorDanas.com - Prijedorski gradski portal\" \/>\n<meta property=\"article:publisher\" content=\"https:\/\/www.facebook.com\/PrijedorDanasCom\/\" \/>\n<meta property=\"article:published_time\" content=\"2023-09-22T08:48:32+00:00\" \/>\n<meta property=\"og:image\" content=\"https:\/\/www.prijedordanas.com\/wp-content\/uploads\/2017\/09\/ulice-bez-automobila-1-300x222.jpg\" \/>\n<meta name=\"author\" content=\"admin\" \/>\n<meta name=\"twitter:card\" content=\"summary_large_image\" \/>\n<meta name=\"twitter:label1\" content=\"Written by\" \/>\n\t<meta name=\"twitter:data1\" content=\"admin\" \/>\n<script type=\"application\/ld+json\" class=\"yoast-schema-graph\">{\"@context\":\"https:\/\/schema.org\",\"@graph\":[{\"@type\":\"Article\",\"@id\":\"https:\/\/www.prijedordanas.com\/?p=211629#article\",\"isPartOf\":{\"@id\":\"https:\/\/www.prijedordanas.com\/?p=211629\"},\"author\":{\"name\":\"admin\",\"@id\":\"https:\/\/www.prijedordanas.com\/#\/schema\/person\/4e08ccf29b506ca916ff86d46bb700e6\"},\"headline\":\"Pro\u010ditajte koje prijedorske ulice su ovog petka zatvorene za saobra\u0107aj svih motornih vozila od 11 do 14 \u010dasova\",\"datePublished\":\"2023-09-22T08:48:32+00:00\",\"dateModified\":\"2023-09-22T08:48:32+00:00\",\"mainEntityOfPage\":{\"@id\":\"https:\/\/www.prijedordanas.com\/?p=211629\"},\"wordCount\":183,\"publisher\":{\"@id\":\"https:\/\/www.prijedordanas.com\/#organization\"},\"articleSection\":[\"Dru\u0161tvo\"],\"inLanguage\":\"en-US\"},{\"@type\":\"WebPage\",\"@id\":\"https:\/\/www.prijedordanas.com\/?p=211629\",\"url\":\"https:\/\/www.prijedordanas.com\/?p=211629\",\"name\":\"Pro\u010ditajte koje prijedorske ulice su ovog petka zatvorene za saobra\u0107aj svih motornih vozila od 11 do 14 \u010dasova - PrijedorDanas.com - Prijedorski gradski portal\",\"isPartOf\":{\"@id\":\"https:\/\/www.prijedordanas.com\/#website\"},\"datePublished\":\"2023-09-22T08:48:32+00:00\",\"dateModified\":\"2023-09-22T08:48:32+00:00\",\"breadcrumb\":{\"@id\":\"https:\/\/www.prijedordanas.com\/?p=211629#breadcrumb\"},\"inLanguage\":\"en-US\",\"potentialAction\":[{\"@type\":\"ReadAction\",\"target\":[\"https:\/\/www.prijedordanas.com\/?p=211629\"]}]},{\"@type\":\"BreadcrumbList\",\"@id\":\"https:\/\/www.prijedordanas.com\/?p=211629#breadcrumb\",\"itemListElement\":[{\"@type\":\"ListItem\",\"position\":1,\"name\":\"Home\",\"item\":\"https:\/\/www.prijedordanas.com\/\"},{\"@type\":\"ListItem\",\"position\":2,\"name\":\"Pro\u010ditajte koje prijedorske ulice su ovog petka zatvorene za saobra\u0107aj svih motornih vozila od 11 do 14 \u010dasova\"}]},{\"@type\":\"WebSite\",\"@id\":\"https:\/\/www.prijedordanas.com\/#website\",\"url\":\"https:\/\/www.prijedordanas.com\/\",\"name\":\"PrijedorDanas.com - Prijedorski gradski portal\",\"description\":\"Portal o doga\u0111anjima u gradu Prijedoru\",\"publisher\":{\"@id\":\"https:\/\/www.prijedordanas.com\/#organization\"},\"potentialAction\":[{\"@type\":\"SearchAction\",\"target\":{\"@type\":\"EntryPoint\",\"urlTemplate\":\"https:\/\/www.prijedordanas.com\/?s={search_term_string}\"},\"query-input\":\"required name=search_term_string\"}],\"inLanguage\":\"en-US\"},{\"@type\":\"Organization\",\"@id\":\"https:\/\/www.prijedordanas.com\/#organization\",\"name\":\"PrijedorDanas.com\",\"url\":\"https:\/\/www.prijedordanas.com\/\",\"logo\":{\"@type\":\"ImageObject\",\"inLanguage\":\"en-US\",\"@id\":\"https:\/\/www.prijedordanas.com\/#\/schema\/logo\/image\/\",\"url\":\"http:\/\/www.prijedordanas.com\/wp-content\/uploads\/2021\/12\/logopng.png\",\"contentUrl\":\"http:\/\/www.prijedordanas.com\/wp-content\/uploads\/2021\/12\/logopng.png\",\"width\":1019,\"height\":776,\"caption\":\"PrijedorDanas.com\"},\"image\":{\"@id\":\"https:\/\/www.prijedordanas.com\/#\/schema\/logo\/image\/\"},\"sameAs\":[\"https:\/\/www.facebook.com\/PrijedorDanasCom\/\"]},{\"@type\":\"Person\",\"@id\":\"https:\/\/www.prijedordanas.com\/#\/schema\/person\/4e08ccf29b506ca916ff86d46bb700e6\",\"name\":\"admin\",\"image\":{\"@type\":\"ImageObject\",\"inLanguage\":\"en-US\",\"@id\":\"https:\/\/www.prijedordanas.com\/#\/schema\/person\/image\/\",\"url\":\"https:\/\/secure.gravatar.com\/avatar\/1d3fc949d550f0b53a5f0d51e06dfd79?s=96&d=mm&r=g\",\"contentUrl\":\"https:\/\/secure.gravatar.com\/avatar\/1d3fc949d550f0b53a5f0d51e06dfd79?s=96&d=mm&r=g\",\"caption\":\"admin\"},\"url\":\"https:\/\/www.prijedordanas.com\/?author=1\"}]}<\/script>\n<!-- \/ Yoast SEO plugin. -->","yoast_head_json":{"title":"Pro\u010ditajte koje prijedorske ulice su ovog petka zatvorene za saobra\u0107aj svih motornih vozila od 11 do 14 \u010dasova - PrijedorDanas.com - Prijedorski gradski portal","robots":{"index":"index","follow":"follow","max-snippet":"max-snippet:-1","max-image-preview":"max-image-preview:large","max-video-preview":"max-video-preview:-1"},"canonical":"https:\/\/www.prijedordanas.com\/?p=211629","og_locale":"en_US","og_type":"article","og_title":"Pro\u010ditajte koje prijedorske ulice su ovog petka zatvorene za saobra\u0107aj svih motornih vozila od 11 do 14 \u010dasova - PrijedorDanas.com - Prijedorski gradski portal","og_description":"Povodom obilje\u017eavanja Evropske kampanje \u201eDan bez automobila 2023\u201c, \u010diji je cilj promovisanje alternativnih vidova saobra\u0107aja, u svrhu o\u010duvanja \u017eivotne sredine, grad Prijedor se i ove godine uklju\u010dio u ovu akciju. [&hellip;]","og_url":"https:\/\/www.prijedordanas.com\/?p=211629","og_site_name":"PrijedorDanas.com - Prijedorski gradski portal","article_publisher":"https:\/\/www.facebook.com\/PrijedorDanasCom\/","article_published_time":"2023-09-22T08:48:32+00:00","og_image":[{"url":"https:\/\/www.prijedordanas.com\/wp-content\/uploads\/2017\/09\/ulice-bez-automobila-1-300x222.jpg"}],"author":"admin","twitter_card":"summary_large_image","twitter_misc":{"Written by":"admin"},"schema":{"@context":"https:\/\/schema.org","@graph":[{"@type":"Article","@id":"https:\/\/www.prijedordanas.com\/?p=211629#article","isPartOf":{"@id":"https:\/\/www.prijedordanas.com\/?p=211629"},"author":{"name":"admin","@id":"https:\/\/www.prijedordanas.com\/#\/schema\/person\/4e08ccf29b506ca916ff86d46bb700e6"},"headline":"Pro\u010ditajte koje prijedorske ulice su ovog petka zatvorene za saobra\u0107aj svih motornih vozila od 11 do 14 \u010dasova","datePublished":"2023-09-22T08:48:32+00:00","dateModified":"2023-09-22T08:48:32+00:00","mainEntityOfPage":{"@id":"https:\/\/www.prijedordanas.com\/?p=211629"},"wordCount":183,"publisher":{"@id":"https:\/\/www.prijedordanas.com\/#organization"},"articleSection":["Dru\u0161tvo"],"inLanguage":"en-US"},{"@type":"WebPage","@id":"https:\/\/www.prijedordanas.com\/?p=211629","url":"https:\/\/www.prijedordanas.com\/?p=211629","name":"Pro\u010ditajte koje prijedorske ulice su ovog petka zatvorene za saobra\u0107aj svih motornih vozila od 11 do 14 \u010dasova - PrijedorDanas.com - Prijedorski gradski portal","isPartOf":{"@id":"https:\/\/www.prijedordanas.com\/#website"},"datePublished":"2023-09-22T08:48:32+00:00","dateModified":"2023-09-22T08:48:32+00:00","breadcrumb":{"@id":"https:\/\/www.prijedordanas.com\/?p=211629#breadcrumb"},"inLanguage":"en-US","potentialAction":[{"@type":"ReadAction","target":["https:\/\/www.prijedordanas.com\/?p=211629"]}]},{"@type":"BreadcrumbList","@id":"https:\/\/www.prijedordanas.com\/?p=211629#breadcrumb","itemListElement":[{"@type":"ListItem","position":1,"name":"Home","item":"https:\/\/www.prijedordanas.com\/"},{"@type":"ListItem","position":2,"name":"Pro\u010ditajte koje prijedorske ulice su ovog petka zatvorene za saobra\u0107aj svih motornih vozila od 11 do 14 \u010dasova"}]},{"@type":"WebSite","@id":"https:\/\/www.prijedordanas.com\/#website","url":"https:\/\/www.prijedordanas.com\/","name":"PrijedorDanas.com - Prijedorski gradski portal","description":"Portal o doga\u0111anjima u gradu Prijedoru","publisher":{"@id":"https:\/\/www.prijedordanas.com\/#organization"},"potentialAction":[{"@type":"SearchAction","target":{"@type":"EntryPoint","urlTemplate":"https:\/\/www.prijedordanas.com\/?s={search_term_string}"},"query-input":"required name=search_term_string"}],"inLanguage":"en-US"},{"@type":"Organization","@id":"https:\/\/www.prijedordanas.com\/#organization","name":"PrijedorDanas.com","url":"https:\/\/www.prijedordanas.com\/","logo":{"@type":"ImageObject","inLanguage":"en-US","@id":"https:\/\/www.prijedordanas.com\/#\/schema\/logo\/image\/","url":"http:\/\/www.prijedordanas.com\/wp-content\/uploads\/2021\/12\/logopng.png","contentUrl":"http:\/\/www.prijedordanas.com\/wp-content\/uploads\/2021\/12\/logopng.png","width":1019,"height":776,"caption":"PrijedorDanas.com"},"image":{"@id":"https:\/\/www.prijedordanas.com\/#\/schema\/logo\/image\/"},"sameAs":["https:\/\/www.facebook.com\/PrijedorDanasCom\/"]},{"@type":"Person","@id":"https:\/\/www.prijedordanas.com\/#\/schema\/person\/4e08ccf29b506ca916ff86d46bb700e6","name":"admin","image":{"@type":"ImageObject","inLanguage":"en-US","@id":"https:\/\/www.prijedordanas.com\/#\/schema\/person\/image\/","url":"https:\/\/secure.gravatar.com\/avatar\/1d3fc949d550f0b53a5f0d51e06dfd79?s=96&d=mm&r=g","contentUrl":"https:\/\/secure.gravatar.com\/avatar\/1d3fc949d550f0b53a5f0d51e06dfd79?s=96&d=mm&r=g","caption":"admin"},"url":"https:\/\/www.prijedordanas.com\/?author=1"}]}},"_links":{"self":[{"href":"https:\/\/www.prijedordanas.com\/index.php?rest_route=\/wp\/v2\/posts\/211629"}],"collection":[{"href":"https:\/\/www.prijedordanas.com\/index.php?rest_route=\/wp\/v2\/posts"}],"about":[{"href":"https:\/\/www.prijedordanas.com\/index.php?rest_route=\/wp\/v2\/types\/post"}],"author":[{"embeddable":true,"href":"https:\/\/www.prijedordanas.com\/index.php?rest_route=\/wp\/v2\/users\/1"}],"replies":[{"embeddable":true,"href":"https:\/\/www.prijedordanas.com\/index.php?rest_route=%2Fwp%2Fv2%2Fcomments&post=211629"}],"version-history":[{"count":1,"href":"https:\/\/www.prijedordanas.com\/index.php?rest_route=\/wp\/v2\/posts\/211629\/revisions"}],"predecessor-version":[{"id":211630,"href":"https:\/\/www.prijedordanas.com\/index.php?rest_route=\/wp\/v2\/posts\/211629\/revisions\/211630"}],"wp:attachment":[{"href":"https:\/\/www.prijedordanas.com\/index.php?rest_route=%2Fwp%2Fv2%2Fmedia&parent=211629"}],"wp:term":[{"taxonomy":"category","embeddable":true,"href":"https:\/\/www.prijedordanas.com\/index.php?rest_route=%2Fwp%2Fv2%2Fcategories&post=211629"},{"taxonomy":"post_tag","embeddable":true,"href":"https:\/\/www.prijedordanas.com\/index.php?rest_route=%2Fwp%2Fv2%2Ftags&post=211629"}],"curies":[{"name":"wp","href":"https:\/\/api.w.org\/{rel}","templated":true}]}}