{"id":211581,"date":"2023-09-21T11:44:29","date_gmt":"2023-09-21T09:44:29","guid":{"rendered":"https:\/\/www.prijedordanas.com\/?p=211581"},"modified":"2023-09-21T11:44:29","modified_gmt":"2023-09-21T09:44:29","slug":"petak-22-septembar-obustava-saobracaja-u-centru-prijedora","status":"publish","type":"post","link":"https:\/\/www.prijedordanas.com\/?p=211581","title":{"rendered":"Petak \u2013 22. septembar: Obustava saobra\u0107aja u centru Prijedora"},"content":{"rendered":"<p><a href=\"https:\/\/www.prijedordanas.com\/wp-content\/uploads\/2020\/09\/dan-bez-automobila-2020-1.jpg\"><img loading=\"lazy\" decoding=\"async\" class=\"alignleft size-medium wp-image-154236\" src=\"https:\/\/www.prijedordanas.com\/wp-content\/uploads\/2020\/09\/dan-bez-automobila-2020-1-300x231.jpg\" alt=\"\" width=\"300\" height=\"231\" srcset=\"https:\/\/www.prijedordanas.com\/wp-content\/uploads\/2020\/09\/dan-bez-automobila-2020-1-300x231.jpg 300w, https:\/\/www.prijedordanas.com\/wp-content\/uploads\/2020\/09\/dan-bez-automobila-2020-1.jpg 650w\" sizes=\"(max-width: 300px) 100vw, 300px\" \/><\/a>Grad Prijedor u petak, 22. septembra, obilje\u017eava \u201eDan bez automobila 2023\u201c, \u010diji je cilj promovisanje alternativnih vidova saobrac\u0301aja.<\/p>\n<p>Tim povodom, saobrac\u0301aj za sva motorna vozila bi\u0107e obustavljen u vremenu od 11:00 do 14:00 \u010dasova u sljedec\u0301im ulicama:<br \/>\n-dio Ulice Milo\u0161a Obrenovi\u0107a od Trga majora Zorana Karlice do raskrsnice sa Ulicom akademika Jovana Ra\u0161kovi\u0107a;<br \/>\n-Ulica akademika Jovana Ra\u0161kovi\u0107a u \u010ditavoj du\u017eini;<br \/>\n-dio Ulice Nikole Pa\u0161i\u0107a od raskrsnice sa Zanatskom ulicom do ulaza na parking Dvorana;<br \/>\n-dio Svetosavske ulice od raskrsnice sa Ulicom Nikole Pa\u0161i\u0107a do ulaza na parking Jereza;<br \/>\n-dio Zanatske ulice od Trga majora Zorana Karlice do ulaza na parking Jereza,<\/p>\n<p>Ova obustava saobra\u0107aja \u0107e omogu\u0107iti gra\u0111anima da u\u017eivaju u aktivnostima kao \u0161to su pje\u0161a\u010denje, vo\u017enja biciklima, rolerima, trotinetima, sportske aktivnosti, dje\u010dije igraonice i sli\u010dno.<\/p>\n<p>Pozivaju se gra\u0111ani Prijedora, u\u010denici, NVO, sportska i ekolo\u0161ka dru\u0161tva, da se navedenog dana priklju\u010de ovoj manifestaciji i uzmu aktivno u\u010de\u0161\u0107e u obilje\u017eavanju ovog zna\u010dajnog ekolo\u0161kog datuma, te na taj na\u010din daju svoj doprinos o\u010duvanju \u017eivotne sredine i o\u010duvanju svog zdravlja.<\/p>\n","protected":false},"excerpt":{"rendered":"<p>Grad Prijedor u petak, 22. septembra, obilje\u017eava \u201eDan bez automobila 2023\u201c, \u010diji je cilj promovisanje alternativnih vidova saobrac\u0301aja. Tim povodom, saobrac\u0301aj za sva motorna vozila bi\u0107e obustavljen u vremenu od [&hellip;]<\/p>\n","protected":false},"author":1,"featured_media":0,"comment_status":"closed","ping_status":"open","sticky":false,"template":"","format":"standard","meta":{"_monsterinsights_skip_tracking":false,"_monsterinsights_sitenote_active":false,"_monsterinsights_sitenote_note":"","_monsterinsights_sitenote_category":0,"footnotes":""},"categories":[4],"tags":[],"yoast_head":"<!-- This site is optimized with the Yoast SEO plugin v21.6 - https:\/\/yoast.com\/wordpress\/plugins\/seo\/ -->\n<title>Petak \u2013 22. septembar: Obustava saobra\u0107aja u centru Prijedora - PrijedorDanas.com - Prijedorski gradski portal<\/title>\n<meta name=\"robots\" content=\"index, follow, max-snippet:-1, max-image-preview:large, max-video-preview:-1\" \/>\n<link rel=\"canonical\" href=\"https:\/\/www.prijedordanas.com\/?p=211581\" \/>\n<meta property=\"og:locale\" content=\"en_US\" \/>\n<meta property=\"og:type\" content=\"article\" \/>\n<meta property=\"og:title\" content=\"Petak \u2013 22. septembar: Obustava saobra\u0107aja u centru Prijedora - PrijedorDanas.com - Prijedorski gradski portal\" \/>\n<meta property=\"og:description\" content=\"Grad Prijedor u petak, 22. septembra, obilje\u017eava \u201eDan bez automobila 2023\u201c, \u010diji je cilj promovisanje alternativnih vidova saobrac\u0301aja. Tim povodom, saobrac\u0301aj za sva motorna vozila bi\u0107e obustavljen u vremenu od [&hellip;]\" \/>\n<meta property=\"og:url\" content=\"https:\/\/www.prijedordanas.com\/?p=211581\" \/>\n<meta property=\"og:site_name\" content=\"PrijedorDanas.com - Prijedorski gradski portal\" \/>\n<meta property=\"article:publisher\" content=\"https:\/\/www.facebook.com\/PrijedorDanasCom\/\" \/>\n<meta property=\"article:published_time\" content=\"2023-09-21T09:44:29+00:00\" \/>\n<meta property=\"og:image\" content=\"https:\/\/www.prijedordanas.com\/wp-content\/uploads\/2020\/09\/dan-bez-automobila-2020-1-300x231.jpg\" \/>\n<meta name=\"author\" content=\"admin\" \/>\n<meta name=\"twitter:card\" content=\"summary_large_image\" \/>\n<meta name=\"twitter:label1\" content=\"Written by\" \/>\n\t<meta name=\"twitter:data1\" content=\"admin\" \/>\n\t<meta name=\"twitter:label2\" content=\"Est. reading time\" \/>\n\t<meta name=\"twitter:data2\" content=\"1 minute\" \/>\n<script type=\"application\/ld+json\" class=\"yoast-schema-graph\">{\"@context\":\"https:\/\/schema.org\",\"@graph\":[{\"@type\":\"Article\",\"@id\":\"https:\/\/www.prijedordanas.com\/?p=211581#article\",\"isPartOf\":{\"@id\":\"https:\/\/www.prijedordanas.com\/?p=211581\"},\"author\":{\"name\":\"admin\",\"@id\":\"https:\/\/www.prijedordanas.com\/#\/schema\/person\/4e08ccf29b506ca916ff86d46bb700e6\"},\"headline\":\"Petak \u2013 22. septembar: Obustava saobra\u0107aja u centru Prijedora\",\"datePublished\":\"2023-09-21T09:44:29+00:00\",\"dateModified\":\"2023-09-21T09:44:29+00:00\",\"mainEntityOfPage\":{\"@id\":\"https:\/\/www.prijedordanas.com\/?p=211581\"},\"wordCount\":208,\"publisher\":{\"@id\":\"https:\/\/www.prijedordanas.com\/#organization\"},\"articleSection\":[\"Dru\u0161tvo\"],\"inLanguage\":\"en-US\"},{\"@type\":\"WebPage\",\"@id\":\"https:\/\/www.prijedordanas.com\/?p=211581\",\"url\":\"https:\/\/www.prijedordanas.com\/?p=211581\",\"name\":\"Petak \u2013 22. septembar: Obustava saobra\u0107aja u centru Prijedora - PrijedorDanas.com - Prijedorski gradski portal\",\"isPartOf\":{\"@id\":\"https:\/\/www.prijedordanas.com\/#website\"},\"datePublished\":\"2023-09-21T09:44:29+00:00\",\"dateModified\":\"2023-09-21T09:44:29+00:00\",\"breadcrumb\":{\"@id\":\"https:\/\/www.prijedordanas.com\/?p=211581#breadcrumb\"},\"inLanguage\":\"en-US\",\"potentialAction\":[{\"@type\":\"ReadAction\",\"target\":[\"https:\/\/www.prijedordanas.com\/?p=211581\"]}]},{\"@type\":\"BreadcrumbList\",\"@id\":\"https:\/\/www.prijedordanas.com\/?p=211581#breadcrumb\",\"itemListElement\":[{\"@type\":\"ListItem\",\"position\":1,\"name\":\"Home\",\"item\":\"https:\/\/www.prijedordanas.com\/\"},{\"@type\":\"ListItem\",\"position\":2,\"name\":\"Petak \u2013 22. septembar: Obustava saobra\u0107aja u centru Prijedora\"}]},{\"@type\":\"WebSite\",\"@id\":\"https:\/\/www.prijedordanas.com\/#website\",\"url\":\"https:\/\/www.prijedordanas.com\/\",\"name\":\"PrijedorDanas.com - Prijedorski gradski portal\",\"description\":\"Portal o doga\u0111anjima u gradu Prijedoru\",\"publisher\":{\"@id\":\"https:\/\/www.prijedordanas.com\/#organization\"},\"potentialAction\":[{\"@type\":\"SearchAction\",\"target\":{\"@type\":\"EntryPoint\",\"urlTemplate\":\"https:\/\/www.prijedordanas.com\/?s={search_term_string}\"},\"query-input\":\"required name=search_term_string\"}],\"inLanguage\":\"en-US\"},{\"@type\":\"Organization\",\"@id\":\"https:\/\/www.prijedordanas.com\/#organization\",\"name\":\"PrijedorDanas.com\",\"url\":\"https:\/\/www.prijedordanas.com\/\",\"logo\":{\"@type\":\"ImageObject\",\"inLanguage\":\"en-US\",\"@id\":\"https:\/\/www.prijedordanas.com\/#\/schema\/logo\/image\/\",\"url\":\"http:\/\/www.prijedordanas.com\/wp-content\/uploads\/2021\/12\/logopng.png\",\"contentUrl\":\"http:\/\/www.prijedordanas.com\/wp-content\/uploads\/2021\/12\/logopng.png\",\"width\":1019,\"height\":776,\"caption\":\"PrijedorDanas.com\"},\"image\":{\"@id\":\"https:\/\/www.prijedordanas.com\/#\/schema\/logo\/image\/\"},\"sameAs\":[\"https:\/\/www.facebook.com\/PrijedorDanasCom\/\"]},{\"@type\":\"Person\",\"@id\":\"https:\/\/www.prijedordanas.com\/#\/schema\/person\/4e08ccf29b506ca916ff86d46bb700e6\",\"name\":\"admin\",\"image\":{\"@type\":\"ImageObject\",\"inLanguage\":\"en-US\",\"@id\":\"https:\/\/www.prijedordanas.com\/#\/schema\/person\/image\/\",\"url\":\"https:\/\/secure.gravatar.com\/avatar\/1d3fc949d550f0b53a5f0d51e06dfd79?s=96&d=mm&r=g\",\"contentUrl\":\"https:\/\/secure.gravatar.com\/avatar\/1d3fc949d550f0b53a5f0d51e06dfd79?s=96&d=mm&r=g\",\"caption\":\"admin\"},\"url\":\"https:\/\/www.prijedordanas.com\/?author=1\"}]}<\/script>\n<!-- \/ Yoast SEO plugin. -->","yoast_head_json":{"title":"Petak \u2013 22. septembar: Obustava saobra\u0107aja u centru Prijedora - PrijedorDanas.com - Prijedorski gradski portal","robots":{"index":"index","follow":"follow","max-snippet":"max-snippet:-1","max-image-preview":"max-image-preview:large","max-video-preview":"max-video-preview:-1"},"canonical":"https:\/\/www.prijedordanas.com\/?p=211581","og_locale":"en_US","og_type":"article","og_title":"Petak \u2013 22. septembar: Obustava saobra\u0107aja u centru Prijedora - PrijedorDanas.com - Prijedorski gradski portal","og_description":"Grad Prijedor u petak, 22. septembra, obilje\u017eava \u201eDan bez automobila 2023\u201c, \u010diji je cilj promovisanje alternativnih vidova saobrac\u0301aja. Tim povodom, saobrac\u0301aj za sva motorna vozila bi\u0107e obustavljen u vremenu od [&hellip;]","og_url":"https:\/\/www.prijedordanas.com\/?p=211581","og_site_name":"PrijedorDanas.com - Prijedorski gradski portal","article_publisher":"https:\/\/www.facebook.com\/PrijedorDanasCom\/","article_published_time":"2023-09-21T09:44:29+00:00","og_image":[{"url":"https:\/\/www.prijedordanas.com\/wp-content\/uploads\/2020\/09\/dan-bez-automobila-2020-1-300x231.jpg"}],"author":"admin","twitter_card":"summary_large_image","twitter_misc":{"Written by":"admin","Est. reading time":"1 minute"},"schema":{"@context":"https:\/\/schema.org","@graph":[{"@type":"Article","@id":"https:\/\/www.prijedordanas.com\/?p=211581#article","isPartOf":{"@id":"https:\/\/www.prijedordanas.com\/?p=211581"},"author":{"name":"admin","@id":"https:\/\/www.prijedordanas.com\/#\/schema\/person\/4e08ccf29b506ca916ff86d46bb700e6"},"headline":"Petak \u2013 22. septembar: Obustava saobra\u0107aja u centru Prijedora","datePublished":"2023-09-21T09:44:29+00:00","dateModified":"2023-09-21T09:44:29+00:00","mainEntityOfPage":{"@id":"https:\/\/www.prijedordanas.com\/?p=211581"},"wordCount":208,"publisher":{"@id":"https:\/\/www.prijedordanas.com\/#organization"},"articleSection":["Dru\u0161tvo"],"inLanguage":"en-US"},{"@type":"WebPage","@id":"https:\/\/www.prijedordanas.com\/?p=211581","url":"https:\/\/www.prijedordanas.com\/?p=211581","name":"Petak \u2013 22. septembar: Obustava saobra\u0107aja u centru Prijedora - PrijedorDanas.com - Prijedorski gradski portal","isPartOf":{"@id":"https:\/\/www.prijedordanas.com\/#website"},"datePublished":"2023-09-21T09:44:29+00:00","dateModified":"2023-09-21T09:44:29+00:00","breadcrumb":{"@id":"https:\/\/www.prijedordanas.com\/?p=211581#breadcrumb"},"inLanguage":"en-US","potentialAction":[{"@type":"ReadAction","target":["https:\/\/www.prijedordanas.com\/?p=211581"]}]},{"@type":"BreadcrumbList","@id":"https:\/\/www.prijedordanas.com\/?p=211581#breadcrumb","itemListElement":[{"@type":"ListItem","position":1,"name":"Home","item":"https:\/\/www.prijedordanas.com\/"},{"@type":"ListItem","position":2,"name":"Petak \u2013 22. septembar: Obustava saobra\u0107aja u centru Prijedora"}]},{"@type":"WebSite","@id":"https:\/\/www.prijedordanas.com\/#website","url":"https:\/\/www.prijedordanas.com\/","name":"PrijedorDanas.com - Prijedorski gradski portal","description":"Portal o doga\u0111anjima u gradu Prijedoru","publisher":{"@id":"https:\/\/www.prijedordanas.com\/#organization"},"potentialAction":[{"@type":"SearchAction","target":{"@type":"EntryPoint","urlTemplate":"https:\/\/www.prijedordanas.com\/?s={search_term_string}"},"query-input":"required name=search_term_string"}],"inLanguage":"en-US"},{"@type":"Organization","@id":"https:\/\/www.prijedordanas.com\/#organization","name":"PrijedorDanas.com","url":"https:\/\/www.prijedordanas.com\/","logo":{"@type":"ImageObject","inLanguage":"en-US","@id":"https:\/\/www.prijedordanas.com\/#\/schema\/logo\/image\/","url":"http:\/\/www.prijedordanas.com\/wp-content\/uploads\/2021\/12\/logopng.png","contentUrl":"http:\/\/www.prijedordanas.com\/wp-content\/uploads\/2021\/12\/logopng.png","width":1019,"height":776,"caption":"PrijedorDanas.com"},"image":{"@id":"https:\/\/www.prijedordanas.com\/#\/schema\/logo\/image\/"},"sameAs":["https:\/\/www.facebook.com\/PrijedorDanasCom\/"]},{"@type":"Person","@id":"https:\/\/www.prijedordanas.com\/#\/schema\/person\/4e08ccf29b506ca916ff86d46bb700e6","name":"admin","image":{"@type":"ImageObject","inLanguage":"en-US","@id":"https:\/\/www.prijedordanas.com\/#\/schema\/person\/image\/","url":"https:\/\/secure.gravatar.com\/avatar\/1d3fc949d550f0b53a5f0d51e06dfd79?s=96&d=mm&r=g","contentUrl":"https:\/\/secure.gravatar.com\/avatar\/1d3fc949d550f0b53a5f0d51e06dfd79?s=96&d=mm&r=g","caption":"admin"},"url":"https:\/\/www.prijedordanas.com\/?author=1"}]}},"_links":{"self":[{"href":"https:\/\/www.prijedordanas.com\/index.php?rest_route=\/wp\/v2\/posts\/211581"}],"collection":[{"href":"https:\/\/www.prijedordanas.com\/index.php?rest_route=\/wp\/v2\/posts"}],"about":[{"href":"https:\/\/www.prijedordanas.com\/index.php?rest_route=\/wp\/v2\/types\/post"}],"author":[{"embeddable":true,"href":"https:\/\/www.prijedordanas.com\/index.php?rest_route=\/wp\/v2\/users\/1"}],"replies":[{"embeddable":true,"href":"https:\/\/www.prijedordanas.com\/index.php?rest_route=%2Fwp%2Fv2%2Fcomments&post=211581"}],"version-history":[{"count":1,"href":"https:\/\/www.prijedordanas.com\/index.php?rest_route=\/wp\/v2\/posts\/211581\/revisions"}],"predecessor-version":[{"id":211582,"href":"https:\/\/www.prijedordanas.com\/index.php?rest_route=\/wp\/v2\/posts\/211581\/revisions\/211582"}],"wp:attachment":[{"href":"https:\/\/www.prijedordanas.com\/index.php?rest_route=%2Fwp%2Fv2%2Fmedia&parent=211581"}],"wp:term":[{"taxonomy":"category","embeddable":true,"href":"https:\/\/www.prijedordanas.com\/index.php?rest_route=%2Fwp%2Fv2%2Fcategories&post=211581"},{"taxonomy":"post_tag","embeddable":true,"href":"https:\/\/www.prijedordanas.com\/index.php?rest_route=%2Fwp%2Fv2%2Ftags&post=211581"}],"curies":[{"name":"wp","href":"https:\/\/api.w.org\/{rel}","templated":true}]}}