{"id":211503,"date":"2023-09-19T13:51:19","date_gmt":"2023-09-19T11:51:19","guid":{"rendered":"https:\/\/www.prijedordanas.com\/?p=211503"},"modified":"2023-09-19T13:51:19","modified_gmt":"2023-09-19T11:51:19","slug":"zandarmerija-rs-sprijecila-protest-u-bistrici-kod-prijedora-mjestani-ne-odustaju-od-borbe-a-evo-zasto-su-zahvalni-bosnjackim-politicarima","status":"publish","type":"post","link":"https:\/\/www.prijedordanas.com\/?p=211503","title":{"rendered":"\u017dandarmerija RS sprije\u010dila protest u Bistrici kod Prijedora: Mje\u0161tani ne odustaju od borbe, a evo za\u0161to su zahvalni bo\u0161nja\u010dkim politi\u010darima"},"content":{"rendered":"<p><a href=\"https:\/\/www.prijedordanas.com\/wp-content\/uploads\/2023\/09\/bistrica-mjestani-zandarmerija.jpg\"><img loading=\"lazy\" decoding=\"async\" src=\"https:\/\/www.prijedordanas.com\/wp-content\/uploads\/2023\/09\/bistrica-mjestani-zandarmerija-300x225.jpg\" alt=\"\" width=\"300\" height=\"225\" class=\"alignleft size-medium wp-image-211501\" srcset=\"https:\/\/www.prijedordanas.com\/wp-content\/uploads\/2023\/09\/bistrica-mjestani-zandarmerija-300x225.jpg 300w, https:\/\/www.prijedordanas.com\/wp-content\/uploads\/2023\/09\/bistrica-mjestani-zandarmerija-640x480.jpg 640w, https:\/\/www.prijedordanas.com\/wp-content\/uploads\/2023\/09\/bistrica-mjestani-zandarmerija.jpg 667w\" sizes=\"(max-width: 300px) 100vw, 300px\" \/><\/a>Pripadnici \u017dandarmerije Republike Srpske rastjerali su Bistri\u010dane koji su sprije\u010davali nezakonite radnje u svom selu &#8211; ka\u017ee za Srpskainfo Zoran Nini\u0107, mje\u0161tanin Bistrice nadomak Prijedora.<\/p>\n<p>Kamioni \u201cDrvo eksporta\u201d iz Tesli\u0107a, po rije\u010dima mje\u0161tana, ju\u010de su kamionima po\u010deli da voze iskopani lignit, \u201ciako postupak za dodjelu koncesije za rudnik jo\u0161 nije zavr\u0161en\u201d.<\/p>\n<p><strong><a href=\"https:\/\/www.prijedordanas.com\/?p=211461\" rel=\"noopener\" target=\"_blank\">Rufijevi kamioni uz pomo\u0107 policije voze ugalj iz Bistrice kod Prijedora \u2013 FOTO<\/a><\/strong><\/p>\n<p>To je bio dodatni razlog za protest mje\u0161tana.<\/p>\n<p>\u2013 Dvojica \u2013 trojica kom\u0161ija su i legli na put, ali su ih na kraju policajci doslovno prenijeli, sprije\u010dili na\u0161u borbu i dozvolili prolaz kamionima \u2013 obja\u0161njava Nini\u0107 koji poru\u010duje da mje\u0161tani i dalje nastavljaju borbu koju su zapo\u010deli pravnim putem.<\/p>\n<p>Nini\u0107 ka\u017ee da nikako ne mo\u017ee da razumije da se nijedan politi\u010dar iz Republike Srpske za tri \u2013 \u010detiri mjeseca, od kada je zvani\u010dno po\u010dela pobuna mje\u0161tana ovog bogatog sela kod Prijedora, nije udostojio da do\u0111e i da poslu\u0161a glas svog naroda.<\/p>\n<p>\u2013 Iskoristio bih priliku da pozdravim politi\u010dare iz reda bo\u0161nja\u010dkog naroda i da im se zahvalim koji su podr\u017eali na\u0161e kom\u0161ije iz Kozarca u njihovim zahtjevima oko trase predvi\u0111enog auto-puta Banjaluka-Prijedor. Svaka im \u010dast na tome \u2013 poru\u010duje Nini\u0107.<\/p>\n<p><a href=\"https:\/\/srpskainfo.com\/zandarmerija-srpske-sprijecila-protest-u-bistrici-mjestani-ne-odustaju-od-borbe-a-evo-zasto-su-zahvalni-bosnjackim-politicarima\/\" rel=\"noopener\" target=\"_blank\">srpskainfo.com<\/a><\/p>\n","protected":false},"excerpt":{"rendered":"<p>Pripadnici \u017dandarmerije Republike Srpske rastjerali su Bistri\u010dane koji su sprije\u010davali nezakonite radnje u svom selu &#8211; ka\u017ee za Srpskainfo Zoran Nini\u0107, mje\u0161tanin Bistrice nadomak Prijedora. Kamioni \u201cDrvo eksporta\u201d iz Tesli\u0107a, [&hellip;]<\/p>\n","protected":false},"author":1,"featured_media":0,"comment_status":"closed","ping_status":"open","sticky":false,"template":"","format":"standard","meta":{"_monsterinsights_skip_tracking":false,"_monsterinsights_sitenote_active":false,"_monsterinsights_sitenote_note":"","_monsterinsights_sitenote_category":0,"footnotes":""},"categories":[4],"tags":[],"yoast_head":"<!-- This site is optimized with the Yoast SEO plugin v21.6 - https:\/\/yoast.com\/wordpress\/plugins\/seo\/ -->\n<title>\u017dandarmerija RS sprije\u010dila protest u Bistrici kod Prijedora: Mje\u0161tani ne odustaju od borbe, a evo za\u0161to su zahvalni bo\u0161nja\u010dkim politi\u010darima - PrijedorDanas.com - Prijedorski gradski portal<\/title>\n<meta name=\"robots\" content=\"index, follow, max-snippet:-1, max-image-preview:large, max-video-preview:-1\" \/>\n<link rel=\"canonical\" href=\"https:\/\/www.prijedordanas.com\/?p=211503\" \/>\n<meta property=\"og:locale\" content=\"en_US\" \/>\n<meta property=\"og:type\" content=\"article\" \/>\n<meta property=\"og:title\" content=\"\u017dandarmerija RS sprije\u010dila protest u Bistrici kod Prijedora: Mje\u0161tani ne odustaju od borbe, a evo za\u0161to su zahvalni bo\u0161nja\u010dkim politi\u010darima - PrijedorDanas.com - Prijedorski gradski portal\" \/>\n<meta property=\"og:description\" content=\"Pripadnici \u017dandarmerije Republike Srpske rastjerali su Bistri\u010dane koji su sprije\u010davali nezakonite radnje u svom selu &#8211; ka\u017ee za Srpskainfo Zoran Nini\u0107, mje\u0161tanin Bistrice nadomak Prijedora. Kamioni \u201cDrvo eksporta\u201d iz Tesli\u0107a, [&hellip;]\" \/>\n<meta property=\"og:url\" content=\"https:\/\/www.prijedordanas.com\/?p=211503\" \/>\n<meta property=\"og:site_name\" content=\"PrijedorDanas.com - Prijedorski gradski portal\" \/>\n<meta property=\"article:publisher\" content=\"https:\/\/www.facebook.com\/PrijedorDanasCom\/\" \/>\n<meta property=\"article:published_time\" content=\"2023-09-19T11:51:19+00:00\" \/>\n<meta property=\"og:image\" content=\"https:\/\/www.prijedordanas.com\/wp-content\/uploads\/2023\/09\/bistrica-mjestani-zandarmerija-300x225.jpg\" \/>\n<meta name=\"author\" content=\"admin\" \/>\n<meta name=\"twitter:card\" content=\"summary_large_image\" \/>\n<meta name=\"twitter:label1\" content=\"Written by\" \/>\n\t<meta name=\"twitter:data1\" content=\"admin\" \/>\n<script type=\"application\/ld+json\" class=\"yoast-schema-graph\">{\"@context\":\"https:\/\/schema.org\",\"@graph\":[{\"@type\":\"Article\",\"@id\":\"https:\/\/www.prijedordanas.com\/?p=211503#article\",\"isPartOf\":{\"@id\":\"https:\/\/www.prijedordanas.com\/?p=211503\"},\"author\":{\"name\":\"admin\",\"@id\":\"https:\/\/www.prijedordanas.com\/#\/schema\/person\/4e08ccf29b506ca916ff86d46bb700e6\"},\"headline\":\"\u017dandarmerija RS sprije\u010dila protest u Bistrici kod Prijedora: Mje\u0161tani ne odustaju od borbe, a evo za\u0161to su zahvalni bo\u0161nja\u010dkim politi\u010darima\",\"datePublished\":\"2023-09-19T11:51:19+00:00\",\"dateModified\":\"2023-09-19T11:51:19+00:00\",\"mainEntityOfPage\":{\"@id\":\"https:\/\/www.prijedordanas.com\/?p=211503\"},\"wordCount\":249,\"publisher\":{\"@id\":\"https:\/\/www.prijedordanas.com\/#organization\"},\"articleSection\":[\"Dru\u0161tvo\"],\"inLanguage\":\"en-US\"},{\"@type\":\"WebPage\",\"@id\":\"https:\/\/www.prijedordanas.com\/?p=211503\",\"url\":\"https:\/\/www.prijedordanas.com\/?p=211503\",\"name\":\"\u017dandarmerija RS sprije\u010dila protest u Bistrici kod Prijedora: Mje\u0161tani ne odustaju od borbe, a evo za\u0161to su zahvalni bo\u0161nja\u010dkim politi\u010darima - PrijedorDanas.com - Prijedorski gradski portal\",\"isPartOf\":{\"@id\":\"https:\/\/www.prijedordanas.com\/#website\"},\"datePublished\":\"2023-09-19T11:51:19+00:00\",\"dateModified\":\"2023-09-19T11:51:19+00:00\",\"breadcrumb\":{\"@id\":\"https:\/\/www.prijedordanas.com\/?p=211503#breadcrumb\"},\"inLanguage\":\"en-US\",\"potentialAction\":[{\"@type\":\"ReadAction\",\"target\":[\"https:\/\/www.prijedordanas.com\/?p=211503\"]}]},{\"@type\":\"BreadcrumbList\",\"@id\":\"https:\/\/www.prijedordanas.com\/?p=211503#breadcrumb\",\"itemListElement\":[{\"@type\":\"ListItem\",\"position\":1,\"name\":\"Home\",\"item\":\"https:\/\/www.prijedordanas.com\/\"},{\"@type\":\"ListItem\",\"position\":2,\"name\":\"\u017dandarmerija RS sprije\u010dila protest u Bistrici kod Prijedora: Mje\u0161tani ne odustaju od borbe, a evo za\u0161to su zahvalni bo\u0161nja\u010dkim politi\u010darima\"}]},{\"@type\":\"WebSite\",\"@id\":\"https:\/\/www.prijedordanas.com\/#website\",\"url\":\"https:\/\/www.prijedordanas.com\/\",\"name\":\"PrijedorDanas.com - Prijedorski gradski portal\",\"description\":\"Portal o doga\u0111anjima u gradu Prijedoru\",\"publisher\":{\"@id\":\"https:\/\/www.prijedordanas.com\/#organization\"},\"potentialAction\":[{\"@type\":\"SearchAction\",\"target\":{\"@type\":\"EntryPoint\",\"urlTemplate\":\"https:\/\/www.prijedordanas.com\/?s={search_term_string}\"},\"query-input\":\"required name=search_term_string\"}],\"inLanguage\":\"en-US\"},{\"@type\":\"Organization\",\"@id\":\"https:\/\/www.prijedordanas.com\/#organization\",\"name\":\"PrijedorDanas.com\",\"url\":\"https:\/\/www.prijedordanas.com\/\",\"logo\":{\"@type\":\"ImageObject\",\"inLanguage\":\"en-US\",\"@id\":\"https:\/\/www.prijedordanas.com\/#\/schema\/logo\/image\/\",\"url\":\"http:\/\/www.prijedordanas.com\/wp-content\/uploads\/2021\/12\/logopng.png\",\"contentUrl\":\"http:\/\/www.prijedordanas.com\/wp-content\/uploads\/2021\/12\/logopng.png\",\"width\":1019,\"height\":776,\"caption\":\"PrijedorDanas.com\"},\"image\":{\"@id\":\"https:\/\/www.prijedordanas.com\/#\/schema\/logo\/image\/\"},\"sameAs\":[\"https:\/\/www.facebook.com\/PrijedorDanasCom\/\"]},{\"@type\":\"Person\",\"@id\":\"https:\/\/www.prijedordanas.com\/#\/schema\/person\/4e08ccf29b506ca916ff86d46bb700e6\",\"name\":\"admin\",\"image\":{\"@type\":\"ImageObject\",\"inLanguage\":\"en-US\",\"@id\":\"https:\/\/www.prijedordanas.com\/#\/schema\/person\/image\/\",\"url\":\"https:\/\/secure.gravatar.com\/avatar\/1d3fc949d550f0b53a5f0d51e06dfd79?s=96&d=mm&r=g\",\"contentUrl\":\"https:\/\/secure.gravatar.com\/avatar\/1d3fc949d550f0b53a5f0d51e06dfd79?s=96&d=mm&r=g\",\"caption\":\"admin\"},\"url\":\"https:\/\/www.prijedordanas.com\/?author=1\"}]}<\/script>\n<!-- \/ Yoast SEO plugin. -->","yoast_head_json":{"title":"\u017dandarmerija RS sprije\u010dila protest u Bistrici kod Prijedora: Mje\u0161tani ne odustaju od borbe, a evo za\u0161to su zahvalni bo\u0161nja\u010dkim politi\u010darima - PrijedorDanas.com - Prijedorski gradski portal","robots":{"index":"index","follow":"follow","max-snippet":"max-snippet:-1","max-image-preview":"max-image-preview:large","max-video-preview":"max-video-preview:-1"},"canonical":"https:\/\/www.prijedordanas.com\/?p=211503","og_locale":"en_US","og_type":"article","og_title":"\u017dandarmerija RS sprije\u010dila protest u Bistrici kod Prijedora: Mje\u0161tani ne odustaju od borbe, a evo za\u0161to su zahvalni bo\u0161nja\u010dkim politi\u010darima - PrijedorDanas.com - Prijedorski gradski portal","og_description":"Pripadnici \u017dandarmerije Republike Srpske rastjerali su Bistri\u010dane koji su sprije\u010davali nezakonite radnje u svom selu &#8211; ka\u017ee za Srpskainfo Zoran Nini\u0107, mje\u0161tanin Bistrice nadomak Prijedora. Kamioni \u201cDrvo eksporta\u201d iz Tesli\u0107a, [&hellip;]","og_url":"https:\/\/www.prijedordanas.com\/?p=211503","og_site_name":"PrijedorDanas.com - Prijedorski gradski portal","article_publisher":"https:\/\/www.facebook.com\/PrijedorDanasCom\/","article_published_time":"2023-09-19T11:51:19+00:00","og_image":[{"url":"https:\/\/www.prijedordanas.com\/wp-content\/uploads\/2023\/09\/bistrica-mjestani-zandarmerija-300x225.jpg"}],"author":"admin","twitter_card":"summary_large_image","twitter_misc":{"Written by":"admin"},"schema":{"@context":"https:\/\/schema.org","@graph":[{"@type":"Article","@id":"https:\/\/www.prijedordanas.com\/?p=211503#article","isPartOf":{"@id":"https:\/\/www.prijedordanas.com\/?p=211503"},"author":{"name":"admin","@id":"https:\/\/www.prijedordanas.com\/#\/schema\/person\/4e08ccf29b506ca916ff86d46bb700e6"},"headline":"\u017dandarmerija RS sprije\u010dila protest u Bistrici kod Prijedora: Mje\u0161tani ne odustaju od borbe, a evo za\u0161to su zahvalni bo\u0161nja\u010dkim politi\u010darima","datePublished":"2023-09-19T11:51:19+00:00","dateModified":"2023-09-19T11:51:19+00:00","mainEntityOfPage":{"@id":"https:\/\/www.prijedordanas.com\/?p=211503"},"wordCount":249,"publisher":{"@id":"https:\/\/www.prijedordanas.com\/#organization"},"articleSection":["Dru\u0161tvo"],"inLanguage":"en-US"},{"@type":"WebPage","@id":"https:\/\/www.prijedordanas.com\/?p=211503","url":"https:\/\/www.prijedordanas.com\/?p=211503","name":"\u017dandarmerija RS sprije\u010dila protest u Bistrici kod Prijedora: Mje\u0161tani ne odustaju od borbe, a evo za\u0161to su zahvalni bo\u0161nja\u010dkim politi\u010darima - PrijedorDanas.com - Prijedorski gradski portal","isPartOf":{"@id":"https:\/\/www.prijedordanas.com\/#website"},"datePublished":"2023-09-19T11:51:19+00:00","dateModified":"2023-09-19T11:51:19+00:00","breadcrumb":{"@id":"https:\/\/www.prijedordanas.com\/?p=211503#breadcrumb"},"inLanguage":"en-US","potentialAction":[{"@type":"ReadAction","target":["https:\/\/www.prijedordanas.com\/?p=211503"]}]},{"@type":"BreadcrumbList","@id":"https:\/\/www.prijedordanas.com\/?p=211503#breadcrumb","itemListElement":[{"@type":"ListItem","position":1,"name":"Home","item":"https:\/\/www.prijedordanas.com\/"},{"@type":"ListItem","position":2,"name":"\u017dandarmerija RS sprije\u010dila protest u Bistrici kod Prijedora: Mje\u0161tani ne odustaju od borbe, a evo za\u0161to su zahvalni bo\u0161nja\u010dkim politi\u010darima"}]},{"@type":"WebSite","@id":"https:\/\/www.prijedordanas.com\/#website","url":"https:\/\/www.prijedordanas.com\/","name":"PrijedorDanas.com - Prijedorski gradski portal","description":"Portal o doga\u0111anjima u gradu Prijedoru","publisher":{"@id":"https:\/\/www.prijedordanas.com\/#organization"},"potentialAction":[{"@type":"SearchAction","target":{"@type":"EntryPoint","urlTemplate":"https:\/\/www.prijedordanas.com\/?s={search_term_string}"},"query-input":"required name=search_term_string"}],"inLanguage":"en-US"},{"@type":"Organization","@id":"https:\/\/www.prijedordanas.com\/#organization","name":"PrijedorDanas.com","url":"https:\/\/www.prijedordanas.com\/","logo":{"@type":"ImageObject","inLanguage":"en-US","@id":"https:\/\/www.prijedordanas.com\/#\/schema\/logo\/image\/","url":"http:\/\/www.prijedordanas.com\/wp-content\/uploads\/2021\/12\/logopng.png","contentUrl":"http:\/\/www.prijedordanas.com\/wp-content\/uploads\/2021\/12\/logopng.png","width":1019,"height":776,"caption":"PrijedorDanas.com"},"image":{"@id":"https:\/\/www.prijedordanas.com\/#\/schema\/logo\/image\/"},"sameAs":["https:\/\/www.facebook.com\/PrijedorDanasCom\/"]},{"@type":"Person","@id":"https:\/\/www.prijedordanas.com\/#\/schema\/person\/4e08ccf29b506ca916ff86d46bb700e6","name":"admin","image":{"@type":"ImageObject","inLanguage":"en-US","@id":"https:\/\/www.prijedordanas.com\/#\/schema\/person\/image\/","url":"https:\/\/secure.gravatar.com\/avatar\/1d3fc949d550f0b53a5f0d51e06dfd79?s=96&d=mm&r=g","contentUrl":"https:\/\/secure.gravatar.com\/avatar\/1d3fc949d550f0b53a5f0d51e06dfd79?s=96&d=mm&r=g","caption":"admin"},"url":"https:\/\/www.prijedordanas.com\/?author=1"}]}},"_links":{"self":[{"href":"https:\/\/www.prijedordanas.com\/index.php?rest_route=\/wp\/v2\/posts\/211503"}],"collection":[{"href":"https:\/\/www.prijedordanas.com\/index.php?rest_route=\/wp\/v2\/posts"}],"about":[{"href":"https:\/\/www.prijedordanas.com\/index.php?rest_route=\/wp\/v2\/types\/post"}],"author":[{"embeddable":true,"href":"https:\/\/www.prijedordanas.com\/index.php?rest_route=\/wp\/v2\/users\/1"}],"replies":[{"embeddable":true,"href":"https:\/\/www.prijedordanas.com\/index.php?rest_route=%2Fwp%2Fv2%2Fcomments&post=211503"}],"version-history":[{"count":1,"href":"https:\/\/www.prijedordanas.com\/index.php?rest_route=\/wp\/v2\/posts\/211503\/revisions"}],"predecessor-version":[{"id":211504,"href":"https:\/\/www.prijedordanas.com\/index.php?rest_route=\/wp\/v2\/posts\/211503\/revisions\/211504"}],"wp:attachment":[{"href":"https:\/\/www.prijedordanas.com\/index.php?rest_route=%2Fwp%2Fv2%2Fmedia&parent=211503"}],"wp:term":[{"taxonomy":"category","embeddable":true,"href":"https:\/\/www.prijedordanas.com\/index.php?rest_route=%2Fwp%2Fv2%2Fcategories&post=211503"},{"taxonomy":"post_tag","embeddable":true,"href":"https:\/\/www.prijedordanas.com\/index.php?rest_route=%2Fwp%2Fv2%2Ftags&post=211503"}],"curies":[{"name":"wp","href":"https:\/\/api.w.org\/{rel}","templated":true}]}}