{"id":211475,"date":"2023-09-18T19:33:44","date_gmt":"2023-09-18T17:33:44","guid":{"rendered":"https:\/\/www.prijedordanas.com\/?p=211475"},"modified":"2023-09-18T19:33:44","modified_gmt":"2023-09-18T17:33:44","slug":"drogiranog-vozaca-pronasli-za-volanom-ukradenog-mercedesa","status":"publish","type":"post","link":"https:\/\/www.prijedordanas.com\/?p=211475","title":{"rendered":"Drogiranog voza\u010da prona\u0161li za volanom ukradenog mercedesa"},"content":{"rendered":"<p><a href=\"https:\/\/www.prijedordanas.com\/wp-content\/uploads\/2023\/09\/pu-prijedor-ukradeni-mercedes.jpg\"><img loading=\"lazy\" decoding=\"async\" src=\"https:\/\/www.prijedordanas.com\/wp-content\/uploads\/2023\/09\/pu-prijedor-ukradeni-mercedes-300x225.jpg\" alt=\"\" width=\"300\" height=\"225\" class=\"alignleft size-medium wp-image-211476\" srcset=\"https:\/\/www.prijedordanas.com\/wp-content\/uploads\/2023\/09\/pu-prijedor-ukradeni-mercedes-300x225.jpg 300w, https:\/\/www.prijedordanas.com\/wp-content\/uploads\/2023\/09\/pu-prijedor-ukradeni-mercedes-640x480.jpg 640w, https:\/\/www.prijedordanas.com\/wp-content\/uploads\/2023\/09\/pu-prijedor-ukradeni-mercedes.jpg 667w\" sizes=\"(max-width: 300px) 100vw, 300px\" \/><\/a>Prijedorska policija uhapsila je lice R.S. iz Sanskog Mosta u Prijedoru jer je utvr\u0111eno da je drogiran upravljao skupocjenim mercedesom koji je ukraden.<\/p>\n<p>Iz Policijske uprave Prijedor su saop\u0161tili da od strane Policijske stanice Sanski Most, MUP-a Unsko-sanskog kantona obavje\u0161teni da je u toku no\u0107i 13\/14.09.2023. godine u Sanskom Mostu izvr\u0161eno krivi\u010dno djelo te\u0161ka kra\u0111a nad objektom ku\u0107e privatnog vlasni\u0161tva, prilikom \u010dega je otu\u0111eno i putni\u010dko motorno vozilo marke \u201eMercedes\u201c i pri\u010dinjena materijalna \u0161teta u ukupnom iznosu od oko 30,000 KM.<\/p>\n<p>&#8220;Izvr\u0161eno je zaustavljanje i kontrolu vozila iste marke kojim je upravljao R.S. iz Sanskog Mosta. Kontrolom je utvr\u0111eno da vozilo poti\u010de iz krivi\u010dnog djela, te zbog postojanja osnova sumnje da po\u010dinio krivi\u010dno djelo R.S. je li\u0161en slobode. Pretresom vozila koji je izvr\u0161en uz saglasnost tu\u017eioca Okru\u017enog javnog tu\u017eila\u0161tva Prijedor i po naredbi sudije Osnovnog suda u Prijedoru prona\u0111eni su predmeti koji poti\u010du iz krivi\u010dnog djela. S obzirom da je prilikom kontrole utvr\u0111eno da R.S. upravlja vozilom prije sticanja prava na upravljanje i pod dejstvom opojnih droga, uru\u010den mu je prekr\u0161ajni nalog za po\u010dinjene prekr\u0161aje iz oblasti bezbjednosti saobra\u0107aja&#8221;, navodi se u saop\u0161tenju.<\/p>\n<p>Dodaje se da su osumnji\u010deni R.S. i vozilo predati u nadle\u017enost policijskim slu\u017ebenicima Policijske stanice Sanski Most, dok su predmeti prona\u0111eni pretresom, uz izvje\u0161taj o realizaciji naredbe, predati u depozit Osnovnog suda u Prijedoru.<\/p>\n<p><a href=\"https:\/\/www.nezavisne.com\/novosti\/hronika\/Drogiranog-vozaca-pronasli-za-volanom-ukradenog-mercedesa\/789361\" rel=\"noopener\" target=\"_blank\">nezavisne.com<\/a><\/p>\n","protected":false},"excerpt":{"rendered":"<p>Prijedorska policija uhapsila je lice R.S. iz Sanskog Mosta u Prijedoru jer je utvr\u0111eno da je drogiran upravljao skupocjenim mercedesom koji je ukraden. Iz Policijske uprave Prijedor su saop\u0161tili da [&hellip;]<\/p>\n","protected":false},"author":1,"featured_media":0,"comment_status":"closed","ping_status":"open","sticky":false,"template":"","format":"standard","meta":{"_monsterinsights_skip_tracking":false,"_monsterinsights_sitenote_active":false,"_monsterinsights_sitenote_note":"","_monsterinsights_sitenote_category":0,"footnotes":""},"categories":[5],"tags":[],"yoast_head":"<!-- This site is optimized with the Yoast SEO plugin v21.6 - https:\/\/yoast.com\/wordpress\/plugins\/seo\/ -->\n<title>Drogiranog voza\u010da prona\u0161li za volanom ukradenog mercedesa - PrijedorDanas.com - Prijedorski gradski portal<\/title>\n<meta name=\"robots\" content=\"index, follow, max-snippet:-1, max-image-preview:large, max-video-preview:-1\" \/>\n<link rel=\"canonical\" href=\"https:\/\/www.prijedordanas.com\/?p=211475\" \/>\n<meta property=\"og:locale\" content=\"en_US\" \/>\n<meta property=\"og:type\" content=\"article\" \/>\n<meta property=\"og:title\" content=\"Drogiranog voza\u010da prona\u0161li za volanom ukradenog mercedesa - PrijedorDanas.com - Prijedorski gradski portal\" \/>\n<meta property=\"og:description\" content=\"Prijedorska policija uhapsila je lice R.S. iz Sanskog Mosta u Prijedoru jer je utvr\u0111eno da je drogiran upravljao skupocjenim mercedesom koji je ukraden. Iz Policijske uprave Prijedor su saop\u0161tili da [&hellip;]\" \/>\n<meta property=\"og:url\" content=\"https:\/\/www.prijedordanas.com\/?p=211475\" \/>\n<meta property=\"og:site_name\" content=\"PrijedorDanas.com - Prijedorski gradski portal\" \/>\n<meta property=\"article:publisher\" content=\"https:\/\/www.facebook.com\/PrijedorDanasCom\/\" \/>\n<meta property=\"article:published_time\" content=\"2023-09-18T17:33:44+00:00\" \/>\n<meta property=\"og:image\" content=\"https:\/\/www.prijedordanas.com\/wp-content\/uploads\/2023\/09\/pu-prijedor-ukradeni-mercedes-300x225.jpg\" \/>\n<meta name=\"author\" content=\"admin\" \/>\n<meta name=\"twitter:card\" content=\"summary_large_image\" \/>\n<meta name=\"twitter:label1\" content=\"Written by\" \/>\n\t<meta name=\"twitter:data1\" content=\"admin\" \/>\n<script type=\"application\/ld+json\" class=\"yoast-schema-graph\">{\"@context\":\"https:\/\/schema.org\",\"@graph\":[{\"@type\":\"Article\",\"@id\":\"https:\/\/www.prijedordanas.com\/?p=211475#article\",\"isPartOf\":{\"@id\":\"https:\/\/www.prijedordanas.com\/?p=211475\"},\"author\":{\"name\":\"admin\",\"@id\":\"https:\/\/www.prijedordanas.com\/#\/schema\/person\/4e08ccf29b506ca916ff86d46bb700e6\"},\"headline\":\"Drogiranog voza\u010da prona\u0161li za volanom ukradenog mercedesa\",\"datePublished\":\"2023-09-18T17:33:44+00:00\",\"dateModified\":\"2023-09-18T17:33:44+00:00\",\"mainEntityOfPage\":{\"@id\":\"https:\/\/www.prijedordanas.com\/?p=211475\"},\"wordCount\":271,\"publisher\":{\"@id\":\"https:\/\/www.prijedordanas.com\/#organization\"},\"articleSection\":[\"Hronika\"],\"inLanguage\":\"en-US\"},{\"@type\":\"WebPage\",\"@id\":\"https:\/\/www.prijedordanas.com\/?p=211475\",\"url\":\"https:\/\/www.prijedordanas.com\/?p=211475\",\"name\":\"Drogiranog voza\u010da prona\u0161li za volanom ukradenog mercedesa - PrijedorDanas.com - Prijedorski gradski portal\",\"isPartOf\":{\"@id\":\"https:\/\/www.prijedordanas.com\/#website\"},\"datePublished\":\"2023-09-18T17:33:44+00:00\",\"dateModified\":\"2023-09-18T17:33:44+00:00\",\"breadcrumb\":{\"@id\":\"https:\/\/www.prijedordanas.com\/?p=211475#breadcrumb\"},\"inLanguage\":\"en-US\",\"potentialAction\":[{\"@type\":\"ReadAction\",\"target\":[\"https:\/\/www.prijedordanas.com\/?p=211475\"]}]},{\"@type\":\"BreadcrumbList\",\"@id\":\"https:\/\/www.prijedordanas.com\/?p=211475#breadcrumb\",\"itemListElement\":[{\"@type\":\"ListItem\",\"position\":1,\"name\":\"Home\",\"item\":\"https:\/\/www.prijedordanas.com\/\"},{\"@type\":\"ListItem\",\"position\":2,\"name\":\"Drogiranog voza\u010da prona\u0161li za volanom ukradenog mercedesa\"}]},{\"@type\":\"WebSite\",\"@id\":\"https:\/\/www.prijedordanas.com\/#website\",\"url\":\"https:\/\/www.prijedordanas.com\/\",\"name\":\"PrijedorDanas.com - Prijedorski gradski portal\",\"description\":\"Portal o doga\u0111anjima u gradu Prijedoru\",\"publisher\":{\"@id\":\"https:\/\/www.prijedordanas.com\/#organization\"},\"potentialAction\":[{\"@type\":\"SearchAction\",\"target\":{\"@type\":\"EntryPoint\",\"urlTemplate\":\"https:\/\/www.prijedordanas.com\/?s={search_term_string}\"},\"query-input\":\"required name=search_term_string\"}],\"inLanguage\":\"en-US\"},{\"@type\":\"Organization\",\"@id\":\"https:\/\/www.prijedordanas.com\/#organization\",\"name\":\"PrijedorDanas.com\",\"url\":\"https:\/\/www.prijedordanas.com\/\",\"logo\":{\"@type\":\"ImageObject\",\"inLanguage\":\"en-US\",\"@id\":\"https:\/\/www.prijedordanas.com\/#\/schema\/logo\/image\/\",\"url\":\"http:\/\/www.prijedordanas.com\/wp-content\/uploads\/2021\/12\/logopng.png\",\"contentUrl\":\"http:\/\/www.prijedordanas.com\/wp-content\/uploads\/2021\/12\/logopng.png\",\"width\":1019,\"height\":776,\"caption\":\"PrijedorDanas.com\"},\"image\":{\"@id\":\"https:\/\/www.prijedordanas.com\/#\/schema\/logo\/image\/\"},\"sameAs\":[\"https:\/\/www.facebook.com\/PrijedorDanasCom\/\"]},{\"@type\":\"Person\",\"@id\":\"https:\/\/www.prijedordanas.com\/#\/schema\/person\/4e08ccf29b506ca916ff86d46bb700e6\",\"name\":\"admin\",\"image\":{\"@type\":\"ImageObject\",\"inLanguage\":\"en-US\",\"@id\":\"https:\/\/www.prijedordanas.com\/#\/schema\/person\/image\/\",\"url\":\"https:\/\/secure.gravatar.com\/avatar\/1d3fc949d550f0b53a5f0d51e06dfd79?s=96&d=mm&r=g\",\"contentUrl\":\"https:\/\/secure.gravatar.com\/avatar\/1d3fc949d550f0b53a5f0d51e06dfd79?s=96&d=mm&r=g\",\"caption\":\"admin\"},\"url\":\"https:\/\/www.prijedordanas.com\/?author=1\"}]}<\/script>\n<!-- \/ Yoast SEO plugin. -->","yoast_head_json":{"title":"Drogiranog voza\u010da prona\u0161li za volanom ukradenog mercedesa - PrijedorDanas.com - Prijedorski gradski portal","robots":{"index":"index","follow":"follow","max-snippet":"max-snippet:-1","max-image-preview":"max-image-preview:large","max-video-preview":"max-video-preview:-1"},"canonical":"https:\/\/www.prijedordanas.com\/?p=211475","og_locale":"en_US","og_type":"article","og_title":"Drogiranog voza\u010da prona\u0161li za volanom ukradenog mercedesa - PrijedorDanas.com - Prijedorski gradski portal","og_description":"Prijedorska policija uhapsila je lice R.S. iz Sanskog Mosta u Prijedoru jer je utvr\u0111eno da je drogiran upravljao skupocjenim mercedesom koji je ukraden. Iz Policijske uprave Prijedor su saop\u0161tili da [&hellip;]","og_url":"https:\/\/www.prijedordanas.com\/?p=211475","og_site_name":"PrijedorDanas.com - Prijedorski gradski portal","article_publisher":"https:\/\/www.facebook.com\/PrijedorDanasCom\/","article_published_time":"2023-09-18T17:33:44+00:00","og_image":[{"url":"https:\/\/www.prijedordanas.com\/wp-content\/uploads\/2023\/09\/pu-prijedor-ukradeni-mercedes-300x225.jpg"}],"author":"admin","twitter_card":"summary_large_image","twitter_misc":{"Written by":"admin"},"schema":{"@context":"https:\/\/schema.org","@graph":[{"@type":"Article","@id":"https:\/\/www.prijedordanas.com\/?p=211475#article","isPartOf":{"@id":"https:\/\/www.prijedordanas.com\/?p=211475"},"author":{"name":"admin","@id":"https:\/\/www.prijedordanas.com\/#\/schema\/person\/4e08ccf29b506ca916ff86d46bb700e6"},"headline":"Drogiranog voza\u010da prona\u0161li za volanom ukradenog mercedesa","datePublished":"2023-09-18T17:33:44+00:00","dateModified":"2023-09-18T17:33:44+00:00","mainEntityOfPage":{"@id":"https:\/\/www.prijedordanas.com\/?p=211475"},"wordCount":271,"publisher":{"@id":"https:\/\/www.prijedordanas.com\/#organization"},"articleSection":["Hronika"],"inLanguage":"en-US"},{"@type":"WebPage","@id":"https:\/\/www.prijedordanas.com\/?p=211475","url":"https:\/\/www.prijedordanas.com\/?p=211475","name":"Drogiranog voza\u010da prona\u0161li za volanom ukradenog mercedesa - PrijedorDanas.com - Prijedorski gradski portal","isPartOf":{"@id":"https:\/\/www.prijedordanas.com\/#website"},"datePublished":"2023-09-18T17:33:44+00:00","dateModified":"2023-09-18T17:33:44+00:00","breadcrumb":{"@id":"https:\/\/www.prijedordanas.com\/?p=211475#breadcrumb"},"inLanguage":"en-US","potentialAction":[{"@type":"ReadAction","target":["https:\/\/www.prijedordanas.com\/?p=211475"]}]},{"@type":"BreadcrumbList","@id":"https:\/\/www.prijedordanas.com\/?p=211475#breadcrumb","itemListElement":[{"@type":"ListItem","position":1,"name":"Home","item":"https:\/\/www.prijedordanas.com\/"},{"@type":"ListItem","position":2,"name":"Drogiranog voza\u010da prona\u0161li za volanom ukradenog mercedesa"}]},{"@type":"WebSite","@id":"https:\/\/www.prijedordanas.com\/#website","url":"https:\/\/www.prijedordanas.com\/","name":"PrijedorDanas.com - Prijedorski gradski portal","description":"Portal o doga\u0111anjima u gradu Prijedoru","publisher":{"@id":"https:\/\/www.prijedordanas.com\/#organization"},"potentialAction":[{"@type":"SearchAction","target":{"@type":"EntryPoint","urlTemplate":"https:\/\/www.prijedordanas.com\/?s={search_term_string}"},"query-input":"required name=search_term_string"}],"inLanguage":"en-US"},{"@type":"Organization","@id":"https:\/\/www.prijedordanas.com\/#organization","name":"PrijedorDanas.com","url":"https:\/\/www.prijedordanas.com\/","logo":{"@type":"ImageObject","inLanguage":"en-US","@id":"https:\/\/www.prijedordanas.com\/#\/schema\/logo\/image\/","url":"http:\/\/www.prijedordanas.com\/wp-content\/uploads\/2021\/12\/logopng.png","contentUrl":"http:\/\/www.prijedordanas.com\/wp-content\/uploads\/2021\/12\/logopng.png","width":1019,"height":776,"caption":"PrijedorDanas.com"},"image":{"@id":"https:\/\/www.prijedordanas.com\/#\/schema\/logo\/image\/"},"sameAs":["https:\/\/www.facebook.com\/PrijedorDanasCom\/"]},{"@type":"Person","@id":"https:\/\/www.prijedordanas.com\/#\/schema\/person\/4e08ccf29b506ca916ff86d46bb700e6","name":"admin","image":{"@type":"ImageObject","inLanguage":"en-US","@id":"https:\/\/www.prijedordanas.com\/#\/schema\/person\/image\/","url":"https:\/\/secure.gravatar.com\/avatar\/1d3fc949d550f0b53a5f0d51e06dfd79?s=96&d=mm&r=g","contentUrl":"https:\/\/secure.gravatar.com\/avatar\/1d3fc949d550f0b53a5f0d51e06dfd79?s=96&d=mm&r=g","caption":"admin"},"url":"https:\/\/www.prijedordanas.com\/?author=1"}]}},"_links":{"self":[{"href":"https:\/\/www.prijedordanas.com\/index.php?rest_route=\/wp\/v2\/posts\/211475"}],"collection":[{"href":"https:\/\/www.prijedordanas.com\/index.php?rest_route=\/wp\/v2\/posts"}],"about":[{"href":"https:\/\/www.prijedordanas.com\/index.php?rest_route=\/wp\/v2\/types\/post"}],"author":[{"embeddable":true,"href":"https:\/\/www.prijedordanas.com\/index.php?rest_route=\/wp\/v2\/users\/1"}],"replies":[{"embeddable":true,"href":"https:\/\/www.prijedordanas.com\/index.php?rest_route=%2Fwp%2Fv2%2Fcomments&post=211475"}],"version-history":[{"count":1,"href":"https:\/\/www.prijedordanas.com\/index.php?rest_route=\/wp\/v2\/posts\/211475\/revisions"}],"predecessor-version":[{"id":211477,"href":"https:\/\/www.prijedordanas.com\/index.php?rest_route=\/wp\/v2\/posts\/211475\/revisions\/211477"}],"wp:attachment":[{"href":"https:\/\/www.prijedordanas.com\/index.php?rest_route=%2Fwp%2Fv2%2Fmedia&parent=211475"}],"wp:term":[{"taxonomy":"category","embeddable":true,"href":"https:\/\/www.prijedordanas.com\/index.php?rest_route=%2Fwp%2Fv2%2Fcategories&post=211475"},{"taxonomy":"post_tag","embeddable":true,"href":"https:\/\/www.prijedordanas.com\/index.php?rest_route=%2Fwp%2Fv2%2Ftags&post=211475"}],"curies":[{"name":"wp","href":"https:\/\/api.w.org\/{rel}","templated":true}]}}