{"id":211397,"date":"2023-09-14T10:44:53","date_gmt":"2023-09-14T08:44:53","guid":{"rendered":"https:\/\/www.prijedordanas.com\/?p=211397"},"modified":"2023-09-16T14:49:59","modified_gmt":"2023-09-16T12:49:59","slug":"sjecanje-na-sretena-stojanovica","status":"publish","type":"post","link":"https:\/\/www.prijedordanas.com\/?p=211397","title":{"rendered":"Sje\u0107anje na Sretena Stojanovi\u0107a"},"content":{"rendered":"<p><a href=\"https:\/\/www.prijedordanas.com\/wp-content\/uploads\/2023\/09\/kozarski-sjecanje-na-sretena-stojanovica-1.jpg\"><img loading=\"lazy\" decoding=\"async\" class=\"alignleft size-medium wp-image-211398\" src=\"https:\/\/www.prijedordanas.com\/wp-content\/uploads\/2023\/09\/kozarski-sjecanje-na-sretena-stojanovica-1-300x225.jpg\" alt=\"\" width=\"300\" height=\"225\" srcset=\"https:\/\/www.prijedordanas.com\/wp-content\/uploads\/2023\/09\/kozarski-sjecanje-na-sretena-stojanovica-1-300x225.jpg 300w, https:\/\/www.prijedordanas.com\/wp-content\/uploads\/2023\/09\/kozarski-sjecanje-na-sretena-stojanovica-1-640x480.jpg 640w, https:\/\/www.prijedordanas.com\/wp-content\/uploads\/2023\/09\/kozarski-sjecanje-na-sretena-stojanovica-1.jpg 667w\" sizes=\"(max-width: 300px) 100vw, 300px\" \/><\/a>Povodom 51. Knji\u017eevnih susreta na Kozari, u Spomen-ku\u0107i porodice Stojanovi\u0107 odr\u017eano je stru\u010dno vo\u0111enje \u201cLik i djelo Sretena Stojanovi\u0107a\u201d. O Sretenovom \u017eivotu i stvarala\u0161tvu govorili su Aleksa Mili\u0107 i Nata\u0161a To\u0161anovi\u0107, kustosi Muzeja Kozare.<\/p>\n<p>Umjetnik i akademik Sreten Stojanovi\u0107 uvijek je bio u sjeni svog brata, Mladena Stojanovi\u0107a. Ovaj umjetnik postigao je uspjeh \u0161irih razmjera, daleko od rodnog grada, zato ne smije biti zaboravljen, poru\u010duje Aleksa Mili\u0107, kustos umjetni\u010dke zbirke Muzeja Kozare.<\/p>\n<p>\u201cKada govorimo o Prijedoru, kao gradu umjetnika uvijek se sjetimo Pere Popovi\u0107a, Todora \u0160vraki\u0107a, koji su bez sumnje veoma zna\u010dajni. Ali ja bih rekao da je Sreten Stojanovi\u0107 najzna\u010danija li\u010dnost u svakom pogledu, istorijskom i umjetni\u010dkom. Mislim da bi trebalo \u010de\u0161\u0107e da se podsje\u0107amo na Sretena i njegov umjetni\u010dki rad\u201d, dodao je Mili\u0107.<\/p>\n<p><a href=\"https:\/\/www.prijedordanas.com\/wp-content\/uploads\/2023\/09\/kozarski-sjecanje-na-sretena-stojanovica-3.jpg\"><img loading=\"lazy\" decoding=\"async\" class=\"alignleft size-medium wp-image-211399\" src=\"https:\/\/www.prijedordanas.com\/wp-content\/uploads\/2023\/09\/kozarski-sjecanje-na-sretena-stojanovica-3-300x169.jpg\" alt=\"\" width=\"300\" height=\"169\" srcset=\"https:\/\/www.prijedordanas.com\/wp-content\/uploads\/2023\/09\/kozarski-sjecanje-na-sretena-stojanovica-3-300x169.jpg 300w, https:\/\/www.prijedordanas.com\/wp-content\/uploads\/2023\/09\/kozarski-sjecanje-na-sretena-stojanovica-3.jpg 600w\" sizes=\"(max-width: 300px) 100vw, 300px\" \/><\/a>Spomen-ku\u0107a Stojanovi\u0107a ispunjena je brojnim Sretenovim radovima.<\/p>\n<p>Sve biste u ku\u0107i njegovo su djelo, kao i crte\u017ei i fotografije.<\/p>\n<p>\u201cSreten Stojanovi\u0107 je ostavio upe\u010datljiv trag u umjetnosti, ne samo Prijedora, nego i \u0161ire. Bio je poznati slikar i vajar. Kao \u010dlan ugledne porodice Stojanovi\u0107, sa bratom Mladenom bio je mladobosanac. Poha\u0111ali su Gimnaziju u Tuzli, bili su uhap\u0161eni i dvije godine proveli u zatvoru u Zenici, nakon antentata u Sarajevu. Nakon toga, Sreten odlazi na studije u Be\u010d i tako po\u010dinje njegov umjetni\u010dki rad\u201d, dodala je Nata\u0161a To\u0161anovi\u0107, kustos-istori\u010dar Muzeja Kozare.<\/p>\n<p><a href=\"https:\/\/www.prijedordanas.com\/wp-content\/uploads\/2023\/09\/kozarski-sjecanje-na-sretena-stojanovica-4.jpg\"><img loading=\"lazy\" decoding=\"async\" src=\"https:\/\/www.prijedordanas.com\/wp-content\/uploads\/2023\/09\/kozarski-sjecanje-na-sretena-stojanovica-4-300x169.jpg\" alt=\"\" width=\"300\" height=\"169\" class=\"alignleft size-medium wp-image-211400\" srcset=\"https:\/\/www.prijedordanas.com\/wp-content\/uploads\/2023\/09\/kozarski-sjecanje-na-sretena-stojanovica-4-300x169.jpg 300w, https:\/\/www.prijedordanas.com\/wp-content\/uploads\/2023\/09\/kozarski-sjecanje-na-sretena-stojanovica-4.jpg 600w\" sizes=\"(max-width: 300px) 100vw, 300px\" \/><\/a>U depadansu Muzeja \u041aozare, Spomen-ku\u0107i Stojanovi\u0107a, sa\u010duvana je i izlo\u017eena bogata zaostav\u0161tina li\u010dnih stvari, dokumenata, knjiga, nekoliko generacija ove porodice.<\/p>\n<p>Tako sje\u0107anje na ovu porodicu \u017eivi i danas.<\/p>\n<p>\u201cZna\u010dajno je da Prijedor\u010danima i \u0161iroj okolini poka\u017eemo \u0161ta se to sve nalazi u Spomen-ku\u0107i porodice Stojanovi\u0107. Pozivam sugra\u0111ane, ali i goste iz okolnih mjesta da posjete Spomen-ku\u0107u Stojanovi\u0107a. Kustos-istori\u010dar Nata\u0161a To\u0161anovi\u0107 je na raspolaganju svima\u201d, rekla je Dragana Mami\u0107, direktor Muzeja Kozare.<\/p>\n<p><a href=\"https:\/\/kozarski.com\/sjecanje-na-sretena-stojanovica\/\" target=\"_blank\" rel=\"noopener\">kozarski.com<\/a><\/p>\n<p><a href=\"https:\/\/www.prijedordanas.com\/wp-content\/uploads\/2023\/09\/kozarski-sjecanje-na-sretena-stojanovica-2.jpg\"><img loading=\"lazy\" decoding=\"async\" src=\"https:\/\/www.prijedordanas.com\/wp-content\/uploads\/2023\/09\/kozarski-sjecanje-na-sretena-stojanovica-2-300x169.jpg\" alt=\"\" width=\"300\" height=\"169\" class=\"alignleft size-medium wp-image-211401\" srcset=\"https:\/\/www.prijedordanas.com\/wp-content\/uploads\/2023\/09\/kozarski-sjecanje-na-sretena-stojanovica-2-300x169.jpg 300w, https:\/\/www.prijedordanas.com\/wp-content\/uploads\/2023\/09\/kozarski-sjecanje-na-sretena-stojanovica-2.jpg 600w\" sizes=\"(max-width: 300px) 100vw, 300px\" \/><\/a><\/p>\n","protected":false},"excerpt":{"rendered":"<p>Povodom 51. Knji\u017eevnih susreta na Kozari, u Spomen-ku\u0107i porodice Stojanovi\u0107 odr\u017eano je stru\u010dno vo\u0111enje \u201cLik i djelo Sretena Stojanovi\u0107a\u201d. O Sretenovom \u017eivotu i stvarala\u0161tvu govorili su Aleksa Mili\u0107 i Nata\u0161a [&hellip;]<\/p>\n","protected":false},"author":1,"featured_media":0,"comment_status":"closed","ping_status":"open","sticky":false,"template":"","format":"standard","meta":{"_monsterinsights_skip_tracking":false,"_monsterinsights_sitenote_active":false,"_monsterinsights_sitenote_note":"","_monsterinsights_sitenote_category":0,"footnotes":""},"categories":[6],"tags":[],"yoast_head":"<!-- This site is optimized with the Yoast SEO plugin v21.6 - https:\/\/yoast.com\/wordpress\/plugins\/seo\/ -->\n<title>Sje\u0107anje na Sretena Stojanovi\u0107a - PrijedorDanas.com - Prijedorski gradski portal<\/title>\n<meta name=\"robots\" content=\"index, follow, max-snippet:-1, max-image-preview:large, max-video-preview:-1\" \/>\n<link rel=\"canonical\" href=\"https:\/\/www.prijedordanas.com\/?p=211397\" \/>\n<meta property=\"og:locale\" content=\"en_US\" \/>\n<meta property=\"og:type\" content=\"article\" \/>\n<meta property=\"og:title\" content=\"Sje\u0107anje na Sretena Stojanovi\u0107a - PrijedorDanas.com - Prijedorski gradski portal\" \/>\n<meta property=\"og:description\" content=\"Povodom 51. Knji\u017eevnih susreta na Kozari, u Spomen-ku\u0107i porodice Stojanovi\u0107 odr\u017eano je stru\u010dno vo\u0111enje \u201cLik i djelo Sretena Stojanovi\u0107a\u201d. O Sretenovom \u017eivotu i stvarala\u0161tvu govorili su Aleksa Mili\u0107 i Nata\u0161a [&hellip;]\" \/>\n<meta property=\"og:url\" content=\"https:\/\/www.prijedordanas.com\/?p=211397\" \/>\n<meta property=\"og:site_name\" content=\"PrijedorDanas.com - Prijedorski gradski portal\" \/>\n<meta property=\"article:publisher\" content=\"https:\/\/www.facebook.com\/PrijedorDanasCom\/\" \/>\n<meta property=\"article:published_time\" content=\"2023-09-14T08:44:53+00:00\" \/>\n<meta property=\"article:modified_time\" content=\"2023-09-16T12:49:59+00:00\" \/>\n<meta property=\"og:image\" content=\"https:\/\/www.prijedordanas.com\/wp-content\/uploads\/2023\/09\/kozarski-sjecanje-na-sretena-stojanovica-1-300x225.jpg\" \/>\n<meta name=\"author\" content=\"admin\" \/>\n<meta name=\"twitter:card\" content=\"summary_large_image\" \/>\n<meta name=\"twitter:label1\" content=\"Written by\" \/>\n\t<meta name=\"twitter:data1\" content=\"admin\" \/>\n\t<meta name=\"twitter:label2\" content=\"Est. reading time\" \/>\n\t<meta name=\"twitter:data2\" content=\"2 minutes\" \/>\n<script type=\"application\/ld+json\" class=\"yoast-schema-graph\">{\"@context\":\"https:\/\/schema.org\",\"@graph\":[{\"@type\":\"Article\",\"@id\":\"https:\/\/www.prijedordanas.com\/?p=211397#article\",\"isPartOf\":{\"@id\":\"https:\/\/www.prijedordanas.com\/?p=211397\"},\"author\":{\"name\":\"admin\",\"@id\":\"https:\/\/www.prijedordanas.com\/#\/schema\/person\/4e08ccf29b506ca916ff86d46bb700e6\"},\"headline\":\"Sje\u0107anje na Sretena Stojanovi\u0107a\",\"datePublished\":\"2023-09-14T08:44:53+00:00\",\"dateModified\":\"2023-09-16T12:49:59+00:00\",\"mainEntityOfPage\":{\"@id\":\"https:\/\/www.prijedordanas.com\/?p=211397\"},\"wordCount\":358,\"publisher\":{\"@id\":\"https:\/\/www.prijedordanas.com\/#organization\"},\"articleSection\":[\"Kultura\"],\"inLanguage\":\"en-US\"},{\"@type\":\"WebPage\",\"@id\":\"https:\/\/www.prijedordanas.com\/?p=211397\",\"url\":\"https:\/\/www.prijedordanas.com\/?p=211397\",\"name\":\"Sje\u0107anje na Sretena Stojanovi\u0107a - PrijedorDanas.com - Prijedorski gradski portal\",\"isPartOf\":{\"@id\":\"https:\/\/www.prijedordanas.com\/#website\"},\"datePublished\":\"2023-09-14T08:44:53+00:00\",\"dateModified\":\"2023-09-16T12:49:59+00:00\",\"breadcrumb\":{\"@id\":\"https:\/\/www.prijedordanas.com\/?p=211397#breadcrumb\"},\"inLanguage\":\"en-US\",\"potentialAction\":[{\"@type\":\"ReadAction\",\"target\":[\"https:\/\/www.prijedordanas.com\/?p=211397\"]}]},{\"@type\":\"BreadcrumbList\",\"@id\":\"https:\/\/www.prijedordanas.com\/?p=211397#breadcrumb\",\"itemListElement\":[{\"@type\":\"ListItem\",\"position\":1,\"name\":\"Home\",\"item\":\"https:\/\/www.prijedordanas.com\/\"},{\"@type\":\"ListItem\",\"position\":2,\"name\":\"Sje\u0107anje na Sretena Stojanovi\u0107a\"}]},{\"@type\":\"WebSite\",\"@id\":\"https:\/\/www.prijedordanas.com\/#website\",\"url\":\"https:\/\/www.prijedordanas.com\/\",\"name\":\"PrijedorDanas.com - Prijedorski gradski portal\",\"description\":\"Portal o doga\u0111anjima u gradu Prijedoru\",\"publisher\":{\"@id\":\"https:\/\/www.prijedordanas.com\/#organization\"},\"potentialAction\":[{\"@type\":\"SearchAction\",\"target\":{\"@type\":\"EntryPoint\",\"urlTemplate\":\"https:\/\/www.prijedordanas.com\/?s={search_term_string}\"},\"query-input\":\"required name=search_term_string\"}],\"inLanguage\":\"en-US\"},{\"@type\":\"Organization\",\"@id\":\"https:\/\/www.prijedordanas.com\/#organization\",\"name\":\"PrijedorDanas.com\",\"url\":\"https:\/\/www.prijedordanas.com\/\",\"logo\":{\"@type\":\"ImageObject\",\"inLanguage\":\"en-US\",\"@id\":\"https:\/\/www.prijedordanas.com\/#\/schema\/logo\/image\/\",\"url\":\"http:\/\/www.prijedordanas.com\/wp-content\/uploads\/2021\/12\/logopng.png\",\"contentUrl\":\"http:\/\/www.prijedordanas.com\/wp-content\/uploads\/2021\/12\/logopng.png\",\"width\":1019,\"height\":776,\"caption\":\"PrijedorDanas.com\"},\"image\":{\"@id\":\"https:\/\/www.prijedordanas.com\/#\/schema\/logo\/image\/\"},\"sameAs\":[\"https:\/\/www.facebook.com\/PrijedorDanasCom\/\"]},{\"@type\":\"Person\",\"@id\":\"https:\/\/www.prijedordanas.com\/#\/schema\/person\/4e08ccf29b506ca916ff86d46bb700e6\",\"name\":\"admin\",\"image\":{\"@type\":\"ImageObject\",\"inLanguage\":\"en-US\",\"@id\":\"https:\/\/www.prijedordanas.com\/#\/schema\/person\/image\/\",\"url\":\"https:\/\/secure.gravatar.com\/avatar\/1d3fc949d550f0b53a5f0d51e06dfd79?s=96&d=mm&r=g\",\"contentUrl\":\"https:\/\/secure.gravatar.com\/avatar\/1d3fc949d550f0b53a5f0d51e06dfd79?s=96&d=mm&r=g\",\"caption\":\"admin\"},\"url\":\"https:\/\/www.prijedordanas.com\/?author=1\"}]}<\/script>\n<!-- \/ Yoast SEO plugin. -->","yoast_head_json":{"title":"Sje\u0107anje na Sretena Stojanovi\u0107a - PrijedorDanas.com - Prijedorski gradski portal","robots":{"index":"index","follow":"follow","max-snippet":"max-snippet:-1","max-image-preview":"max-image-preview:large","max-video-preview":"max-video-preview:-1"},"canonical":"https:\/\/www.prijedordanas.com\/?p=211397","og_locale":"en_US","og_type":"article","og_title":"Sje\u0107anje na Sretena Stojanovi\u0107a - PrijedorDanas.com - Prijedorski gradski portal","og_description":"Povodom 51. Knji\u017eevnih susreta na Kozari, u Spomen-ku\u0107i porodice Stojanovi\u0107 odr\u017eano je stru\u010dno vo\u0111enje \u201cLik i djelo Sretena Stojanovi\u0107a\u201d. O Sretenovom \u017eivotu i stvarala\u0161tvu govorili su Aleksa Mili\u0107 i Nata\u0161a [&hellip;]","og_url":"https:\/\/www.prijedordanas.com\/?p=211397","og_site_name":"PrijedorDanas.com - Prijedorski gradski portal","article_publisher":"https:\/\/www.facebook.com\/PrijedorDanasCom\/","article_published_time":"2023-09-14T08:44:53+00:00","article_modified_time":"2023-09-16T12:49:59+00:00","og_image":[{"url":"https:\/\/www.prijedordanas.com\/wp-content\/uploads\/2023\/09\/kozarski-sjecanje-na-sretena-stojanovica-1-300x225.jpg"}],"author":"admin","twitter_card":"summary_large_image","twitter_misc":{"Written by":"admin","Est. reading time":"2 minutes"},"schema":{"@context":"https:\/\/schema.org","@graph":[{"@type":"Article","@id":"https:\/\/www.prijedordanas.com\/?p=211397#article","isPartOf":{"@id":"https:\/\/www.prijedordanas.com\/?p=211397"},"author":{"name":"admin","@id":"https:\/\/www.prijedordanas.com\/#\/schema\/person\/4e08ccf29b506ca916ff86d46bb700e6"},"headline":"Sje\u0107anje na Sretena Stojanovi\u0107a","datePublished":"2023-09-14T08:44:53+00:00","dateModified":"2023-09-16T12:49:59+00:00","mainEntityOfPage":{"@id":"https:\/\/www.prijedordanas.com\/?p=211397"},"wordCount":358,"publisher":{"@id":"https:\/\/www.prijedordanas.com\/#organization"},"articleSection":["Kultura"],"inLanguage":"en-US"},{"@type":"WebPage","@id":"https:\/\/www.prijedordanas.com\/?p=211397","url":"https:\/\/www.prijedordanas.com\/?p=211397","name":"Sje\u0107anje na Sretena Stojanovi\u0107a - PrijedorDanas.com - Prijedorski gradski portal","isPartOf":{"@id":"https:\/\/www.prijedordanas.com\/#website"},"datePublished":"2023-09-14T08:44:53+00:00","dateModified":"2023-09-16T12:49:59+00:00","breadcrumb":{"@id":"https:\/\/www.prijedordanas.com\/?p=211397#breadcrumb"},"inLanguage":"en-US","potentialAction":[{"@type":"ReadAction","target":["https:\/\/www.prijedordanas.com\/?p=211397"]}]},{"@type":"BreadcrumbList","@id":"https:\/\/www.prijedordanas.com\/?p=211397#breadcrumb","itemListElement":[{"@type":"ListItem","position":1,"name":"Home","item":"https:\/\/www.prijedordanas.com\/"},{"@type":"ListItem","position":2,"name":"Sje\u0107anje na Sretena Stojanovi\u0107a"}]},{"@type":"WebSite","@id":"https:\/\/www.prijedordanas.com\/#website","url":"https:\/\/www.prijedordanas.com\/","name":"PrijedorDanas.com - Prijedorski gradski portal","description":"Portal o doga\u0111anjima u gradu Prijedoru","publisher":{"@id":"https:\/\/www.prijedordanas.com\/#organization"},"potentialAction":[{"@type":"SearchAction","target":{"@type":"EntryPoint","urlTemplate":"https:\/\/www.prijedordanas.com\/?s={search_term_string}"},"query-input":"required name=search_term_string"}],"inLanguage":"en-US"},{"@type":"Organization","@id":"https:\/\/www.prijedordanas.com\/#organization","name":"PrijedorDanas.com","url":"https:\/\/www.prijedordanas.com\/","logo":{"@type":"ImageObject","inLanguage":"en-US","@id":"https:\/\/www.prijedordanas.com\/#\/schema\/logo\/image\/","url":"http:\/\/www.prijedordanas.com\/wp-content\/uploads\/2021\/12\/logopng.png","contentUrl":"http:\/\/www.prijedordanas.com\/wp-content\/uploads\/2021\/12\/logopng.png","width":1019,"height":776,"caption":"PrijedorDanas.com"},"image":{"@id":"https:\/\/www.prijedordanas.com\/#\/schema\/logo\/image\/"},"sameAs":["https:\/\/www.facebook.com\/PrijedorDanasCom\/"]},{"@type":"Person","@id":"https:\/\/www.prijedordanas.com\/#\/schema\/person\/4e08ccf29b506ca916ff86d46bb700e6","name":"admin","image":{"@type":"ImageObject","inLanguage":"en-US","@id":"https:\/\/www.prijedordanas.com\/#\/schema\/person\/image\/","url":"https:\/\/secure.gravatar.com\/avatar\/1d3fc949d550f0b53a5f0d51e06dfd79?s=96&d=mm&r=g","contentUrl":"https:\/\/secure.gravatar.com\/avatar\/1d3fc949d550f0b53a5f0d51e06dfd79?s=96&d=mm&r=g","caption":"admin"},"url":"https:\/\/www.prijedordanas.com\/?author=1"}]}},"_links":{"self":[{"href":"https:\/\/www.prijedordanas.com\/index.php?rest_route=\/wp\/v2\/posts\/211397"}],"collection":[{"href":"https:\/\/www.prijedordanas.com\/index.php?rest_route=\/wp\/v2\/posts"}],"about":[{"href":"https:\/\/www.prijedordanas.com\/index.php?rest_route=\/wp\/v2\/types\/post"}],"author":[{"embeddable":true,"href":"https:\/\/www.prijedordanas.com\/index.php?rest_route=\/wp\/v2\/users\/1"}],"replies":[{"embeddable":true,"href":"https:\/\/www.prijedordanas.com\/index.php?rest_route=%2Fwp%2Fv2%2Fcomments&post=211397"}],"version-history":[{"count":1,"href":"https:\/\/www.prijedordanas.com\/index.php?rest_route=\/wp\/v2\/posts\/211397\/revisions"}],"predecessor-version":[{"id":211402,"href":"https:\/\/www.prijedordanas.com\/index.php?rest_route=\/wp\/v2\/posts\/211397\/revisions\/211402"}],"wp:attachment":[{"href":"https:\/\/www.prijedordanas.com\/index.php?rest_route=%2Fwp%2Fv2%2Fmedia&parent=211397"}],"wp:term":[{"taxonomy":"category","embeddable":true,"href":"https:\/\/www.prijedordanas.com\/index.php?rest_route=%2Fwp%2Fv2%2Fcategories&post=211397"},{"taxonomy":"post_tag","embeddable":true,"href":"https:\/\/www.prijedordanas.com\/index.php?rest_route=%2Fwp%2Fv2%2Ftags&post=211397"}],"curies":[{"name":"wp","href":"https:\/\/api.w.org\/{rel}","templated":true}]}}