{"id":211147,"date":"2023-09-11T19:09:36","date_gmt":"2023-09-11T17:09:36","guid":{"rendered":"https:\/\/www.prijedordanas.com\/?p=211147"},"modified":"2023-09-11T19:09:36","modified_gmt":"2023-09-11T17:09:36","slug":"poetskim-casom-na-palezu-poceli-51-knjizevni-susreti-na-kozari","status":"publish","type":"post","link":"https:\/\/www.prijedordanas.com\/?p=211147","title":{"rendered":"Poetskim \u010dasom na Pale\u017eu po\u010deli 51. Knji\u017eevni susreti na Kozari"},"content":{"rendered":"<p><a href=\"https:\/\/www.prijedordanas.com\/wp-content\/uploads\/2023\/09\/prijedorgradorg-poetski-cas-palez-2023-3.jpg\"><img loading=\"lazy\" decoding=\"async\" class=\"alignleft size-medium wp-image-211148\" src=\"https:\/\/www.prijedordanas.com\/wp-content\/uploads\/2023\/09\/prijedorgradorg-poetski-cas-palez-2023-3-300x225.jpg\" alt=\"\" width=\"300\" height=\"225\" srcset=\"https:\/\/www.prijedordanas.com\/wp-content\/uploads\/2023\/09\/prijedorgradorg-poetski-cas-palez-2023-3-300x225.jpg 300w, https:\/\/www.prijedordanas.com\/wp-content\/uploads\/2023\/09\/prijedorgradorg-poetski-cas-palez-2023-3-640x480.jpg 640w, https:\/\/www.prijedordanas.com\/wp-content\/uploads\/2023\/09\/prijedorgradorg-poetski-cas-palez-2023-3.jpg 667w\" sizes=\"(max-width: 300px) 100vw, 300px\" \/><\/a>Malim poetskim \u010dasom na Pale\u017eu pod nazivom &#8220;Spomen na Skendera&#8221; danas su po\u010deli 51. Knji\u017eevni susreti na Kozari.<\/p>\n<p>Rije\u010d je o mjestu pod planinom Kozarom, gdje je Skender Kulenovi\u0107 1942. godine prvi put pred 900 pre\u017eivjelih partizana nakon bitke na Kozari pro\u010ditao svoju poemu &#8220;Stojanka majka Kne\u017eopoljka&#8221;.<\/p>\n<p>Zavi\u010dajna pjesnikinja iz Prijedora Anela Sejari\u0107 Vujinovi\u0107 govorila je stihove svojih pjesama &#8220;Loze Kozare&#8221;, koju je pisala lani u povodu jubilarnih pedesetih Susreta, i &#8220;Ptico moja&#8221; koja je posve\u0107ena slobodi.<\/p>\n<p><a href=\"https:\/\/www.prijedordanas.com\/wp-content\/uploads\/2023\/09\/prijedorgradorg-poetski-cas-palez-2023-1.jpg\"><img loading=\"lazy\" decoding=\"async\" src=\"https:\/\/www.prijedordanas.com\/wp-content\/uploads\/2023\/09\/prijedorgradorg-poetski-cas-palez-2023-1-300x225.jpg\" alt=\"\" width=\"300\" height=\"225\" class=\"alignleft size-medium wp-image-211149\" srcset=\"https:\/\/www.prijedordanas.com\/wp-content\/uploads\/2023\/09\/prijedorgradorg-poetski-cas-palez-2023-1-300x225.jpg 300w, https:\/\/www.prijedordanas.com\/wp-content\/uploads\/2023\/09\/prijedorgradorg-poetski-cas-palez-2023-1.jpg 600w\" sizes=\"(max-width: 300px) 100vw, 300px\" \/><\/a>&#8220;Za mene je ovo sveto mjesto. Sloboda nam je jako va\u017ena. Ovo je mjesto koje treba svi da po\u0161tujemo i volimo. Knji\u017eevni susreti se trude svake godine da ovo o\u010duvaju i mi umjetnici zavi\u010dajci se to trudimo. Ovo su te\u0161ka stradanja koja je Kozara pre\u017eivjela i sav ovaj kozara\u010dki kraj. To je jedna bolna i neprebolna rana i zato treba uvijek da govorimo o slobodi&#8221;, rekla je Sejari\u0107 Vujinovi\u0107 novinarima.<\/p>\n<p>\u0160ef Odsjeka za kulturu i me\u0111unarodnu saradnju Jadranka Miji\u0107 rekla je da je poznato kako se narod borio, kako je pro\u0161ao i kako je malo bilo pre\u017eivjelih nakon ofanzive.<\/p>\n<p>&#8220;Zato treba da \u010duvamo uspomenu i na njihovu herojsku borbu i na pre\u017eivljavanje na\u0161eg naroda&#8221;, poru\u010dila je Miji\u0107eva.<\/p>\n<p>Susreti se nastavljaju predstavljanjem monografije o slikaru Tihomiru Tihi Ilija\u0161evi\u0107u ve\u010deras u Galeriji &#8220;Sreten Stojanovi\u0107&#8221;.<\/p>\n<p><a href=\"https:\/\/www.prijedorgrad.org\/sr-EU\/vijesti-sadrzaj.html?vid=18659\" target=\"_blank\" rel=\"noopener\">prijedorgrad.org<\/a><\/p>\n<p><a href=\"https:\/\/www.prijedordanas.com\/wp-content\/uploads\/2023\/09\/prijedorgradorg-poetski-cas-palez-2023-2.jpg\"><img loading=\"lazy\" decoding=\"async\" src=\"https:\/\/www.prijedordanas.com\/wp-content\/uploads\/2023\/09\/prijedorgradorg-poetski-cas-palez-2023-2-300x225.jpg\" alt=\"\" width=\"300\" height=\"225\" class=\"alignleft size-medium wp-image-211150\" srcset=\"https:\/\/www.prijedordanas.com\/wp-content\/uploads\/2023\/09\/prijedorgradorg-poetski-cas-palez-2023-2-300x225.jpg 300w, https:\/\/www.prijedordanas.com\/wp-content\/uploads\/2023\/09\/prijedorgradorg-poetski-cas-palez-2023-2.jpg 600w\" sizes=\"(max-width: 300px) 100vw, 300px\" \/><\/a><\/p>\n","protected":false},"excerpt":{"rendered":"<p>Malim poetskim \u010dasom na Pale\u017eu pod nazivom &#8220;Spomen na Skendera&#8221; danas su po\u010deli 51. Knji\u017eevni susreti na Kozari. Rije\u010d je o mjestu pod planinom Kozarom, gdje je Skender Kulenovi\u0107 1942. [&hellip;]<\/p>\n","protected":false},"author":1,"featured_media":0,"comment_status":"closed","ping_status":"open","sticky":false,"template":"","format":"standard","meta":{"_monsterinsights_skip_tracking":false,"_monsterinsights_sitenote_active":false,"_monsterinsights_sitenote_note":"","_monsterinsights_sitenote_category":0,"footnotes":""},"categories":[6],"tags":[],"yoast_head":"<!-- This site is optimized with the Yoast SEO plugin v21.6 - https:\/\/yoast.com\/wordpress\/plugins\/seo\/ -->\n<title>Poetskim \u010dasom na Pale\u017eu po\u010deli 51. Knji\u017eevni susreti na Kozari - PrijedorDanas.com - Prijedorski gradski portal<\/title>\n<meta name=\"robots\" content=\"index, follow, max-snippet:-1, max-image-preview:large, max-video-preview:-1\" \/>\n<link rel=\"canonical\" href=\"https:\/\/www.prijedordanas.com\/?p=211147\" \/>\n<meta property=\"og:locale\" content=\"en_US\" \/>\n<meta property=\"og:type\" content=\"article\" \/>\n<meta property=\"og:title\" content=\"Poetskim \u010dasom na Pale\u017eu po\u010deli 51. Knji\u017eevni susreti na Kozari - PrijedorDanas.com - Prijedorski gradski portal\" \/>\n<meta property=\"og:description\" content=\"Malim poetskim \u010dasom na Pale\u017eu pod nazivom &#8220;Spomen na Skendera&#8221; danas su po\u010deli 51. Knji\u017eevni susreti na Kozari. Rije\u010d je o mjestu pod planinom Kozarom, gdje je Skender Kulenovi\u0107 1942. [&hellip;]\" \/>\n<meta property=\"og:url\" content=\"https:\/\/www.prijedordanas.com\/?p=211147\" \/>\n<meta property=\"og:site_name\" content=\"PrijedorDanas.com - Prijedorski gradski portal\" \/>\n<meta property=\"article:publisher\" content=\"https:\/\/www.facebook.com\/PrijedorDanasCom\/\" \/>\n<meta property=\"article:published_time\" content=\"2023-09-11T17:09:36+00:00\" \/>\n<meta property=\"og:image\" content=\"https:\/\/www.prijedordanas.com\/wp-content\/uploads\/2023\/09\/prijedorgradorg-poetski-cas-palez-2023-3-300x225.jpg\" \/>\n<meta name=\"author\" content=\"admin\" \/>\n<meta name=\"twitter:card\" content=\"summary_large_image\" \/>\n<meta name=\"twitter:label1\" content=\"Written by\" \/>\n\t<meta name=\"twitter:data1\" content=\"admin\" \/>\n\t<meta name=\"twitter:label2\" content=\"Est. reading time\" \/>\n\t<meta name=\"twitter:data2\" content=\"2 minutes\" \/>\n<script type=\"application\/ld+json\" class=\"yoast-schema-graph\">{\"@context\":\"https:\/\/schema.org\",\"@graph\":[{\"@type\":\"Article\",\"@id\":\"https:\/\/www.prijedordanas.com\/?p=211147#article\",\"isPartOf\":{\"@id\":\"https:\/\/www.prijedordanas.com\/?p=211147\"},\"author\":{\"name\":\"admin\",\"@id\":\"https:\/\/www.prijedordanas.com\/#\/schema\/person\/4e08ccf29b506ca916ff86d46bb700e6\"},\"headline\":\"Poetskim \u010dasom na Pale\u017eu po\u010deli 51. Knji\u017eevni susreti na Kozari\",\"datePublished\":\"2023-09-11T17:09:36+00:00\",\"dateModified\":\"2023-09-11T17:09:36+00:00\",\"mainEntityOfPage\":{\"@id\":\"https:\/\/www.prijedordanas.com\/?p=211147\"},\"wordCount\":246,\"publisher\":{\"@id\":\"https:\/\/www.prijedordanas.com\/#organization\"},\"articleSection\":[\"Kultura\"],\"inLanguage\":\"en-US\"},{\"@type\":\"WebPage\",\"@id\":\"https:\/\/www.prijedordanas.com\/?p=211147\",\"url\":\"https:\/\/www.prijedordanas.com\/?p=211147\",\"name\":\"Poetskim \u010dasom na Pale\u017eu po\u010deli 51. Knji\u017eevni susreti na Kozari - PrijedorDanas.com - Prijedorski gradski portal\",\"isPartOf\":{\"@id\":\"https:\/\/www.prijedordanas.com\/#website\"},\"datePublished\":\"2023-09-11T17:09:36+00:00\",\"dateModified\":\"2023-09-11T17:09:36+00:00\",\"breadcrumb\":{\"@id\":\"https:\/\/www.prijedordanas.com\/?p=211147#breadcrumb\"},\"inLanguage\":\"en-US\",\"potentialAction\":[{\"@type\":\"ReadAction\",\"target\":[\"https:\/\/www.prijedordanas.com\/?p=211147\"]}]},{\"@type\":\"BreadcrumbList\",\"@id\":\"https:\/\/www.prijedordanas.com\/?p=211147#breadcrumb\",\"itemListElement\":[{\"@type\":\"ListItem\",\"position\":1,\"name\":\"Home\",\"item\":\"https:\/\/www.prijedordanas.com\/\"},{\"@type\":\"ListItem\",\"position\":2,\"name\":\"Poetskim \u010dasom na Pale\u017eu po\u010deli 51. Knji\u017eevni susreti na Kozari\"}]},{\"@type\":\"WebSite\",\"@id\":\"https:\/\/www.prijedordanas.com\/#website\",\"url\":\"https:\/\/www.prijedordanas.com\/\",\"name\":\"PrijedorDanas.com - Prijedorski gradski portal\",\"description\":\"Portal o doga\u0111anjima u gradu Prijedoru\",\"publisher\":{\"@id\":\"https:\/\/www.prijedordanas.com\/#organization\"},\"potentialAction\":[{\"@type\":\"SearchAction\",\"target\":{\"@type\":\"EntryPoint\",\"urlTemplate\":\"https:\/\/www.prijedordanas.com\/?s={search_term_string}\"},\"query-input\":\"required name=search_term_string\"}],\"inLanguage\":\"en-US\"},{\"@type\":\"Organization\",\"@id\":\"https:\/\/www.prijedordanas.com\/#organization\",\"name\":\"PrijedorDanas.com\",\"url\":\"https:\/\/www.prijedordanas.com\/\",\"logo\":{\"@type\":\"ImageObject\",\"inLanguage\":\"en-US\",\"@id\":\"https:\/\/www.prijedordanas.com\/#\/schema\/logo\/image\/\",\"url\":\"http:\/\/www.prijedordanas.com\/wp-content\/uploads\/2021\/12\/logopng.png\",\"contentUrl\":\"http:\/\/www.prijedordanas.com\/wp-content\/uploads\/2021\/12\/logopng.png\",\"width\":1019,\"height\":776,\"caption\":\"PrijedorDanas.com\"},\"image\":{\"@id\":\"https:\/\/www.prijedordanas.com\/#\/schema\/logo\/image\/\"},\"sameAs\":[\"https:\/\/www.facebook.com\/PrijedorDanasCom\/\"]},{\"@type\":\"Person\",\"@id\":\"https:\/\/www.prijedordanas.com\/#\/schema\/person\/4e08ccf29b506ca916ff86d46bb700e6\",\"name\":\"admin\",\"image\":{\"@type\":\"ImageObject\",\"inLanguage\":\"en-US\",\"@id\":\"https:\/\/www.prijedordanas.com\/#\/schema\/person\/image\/\",\"url\":\"https:\/\/secure.gravatar.com\/avatar\/1d3fc949d550f0b53a5f0d51e06dfd79?s=96&d=mm&r=g\",\"contentUrl\":\"https:\/\/secure.gravatar.com\/avatar\/1d3fc949d550f0b53a5f0d51e06dfd79?s=96&d=mm&r=g\",\"caption\":\"admin\"},\"url\":\"https:\/\/www.prijedordanas.com\/?author=1\"}]}<\/script>\n<!-- \/ Yoast SEO plugin. -->","yoast_head_json":{"title":"Poetskim \u010dasom na Pale\u017eu po\u010deli 51. Knji\u017eevni susreti na Kozari - PrijedorDanas.com - Prijedorski gradski portal","robots":{"index":"index","follow":"follow","max-snippet":"max-snippet:-1","max-image-preview":"max-image-preview:large","max-video-preview":"max-video-preview:-1"},"canonical":"https:\/\/www.prijedordanas.com\/?p=211147","og_locale":"en_US","og_type":"article","og_title":"Poetskim \u010dasom na Pale\u017eu po\u010deli 51. Knji\u017eevni susreti na Kozari - PrijedorDanas.com - Prijedorski gradski portal","og_description":"Malim poetskim \u010dasom na Pale\u017eu pod nazivom &#8220;Spomen na Skendera&#8221; danas su po\u010deli 51. Knji\u017eevni susreti na Kozari. Rije\u010d je o mjestu pod planinom Kozarom, gdje je Skender Kulenovi\u0107 1942. [&hellip;]","og_url":"https:\/\/www.prijedordanas.com\/?p=211147","og_site_name":"PrijedorDanas.com - Prijedorski gradski portal","article_publisher":"https:\/\/www.facebook.com\/PrijedorDanasCom\/","article_published_time":"2023-09-11T17:09:36+00:00","og_image":[{"url":"https:\/\/www.prijedordanas.com\/wp-content\/uploads\/2023\/09\/prijedorgradorg-poetski-cas-palez-2023-3-300x225.jpg"}],"author":"admin","twitter_card":"summary_large_image","twitter_misc":{"Written by":"admin","Est. reading time":"2 minutes"},"schema":{"@context":"https:\/\/schema.org","@graph":[{"@type":"Article","@id":"https:\/\/www.prijedordanas.com\/?p=211147#article","isPartOf":{"@id":"https:\/\/www.prijedordanas.com\/?p=211147"},"author":{"name":"admin","@id":"https:\/\/www.prijedordanas.com\/#\/schema\/person\/4e08ccf29b506ca916ff86d46bb700e6"},"headline":"Poetskim \u010dasom na Pale\u017eu po\u010deli 51. Knji\u017eevni susreti na Kozari","datePublished":"2023-09-11T17:09:36+00:00","dateModified":"2023-09-11T17:09:36+00:00","mainEntityOfPage":{"@id":"https:\/\/www.prijedordanas.com\/?p=211147"},"wordCount":246,"publisher":{"@id":"https:\/\/www.prijedordanas.com\/#organization"},"articleSection":["Kultura"],"inLanguage":"en-US"},{"@type":"WebPage","@id":"https:\/\/www.prijedordanas.com\/?p=211147","url":"https:\/\/www.prijedordanas.com\/?p=211147","name":"Poetskim \u010dasom na Pale\u017eu po\u010deli 51. Knji\u017eevni susreti na Kozari - PrijedorDanas.com - Prijedorski gradski portal","isPartOf":{"@id":"https:\/\/www.prijedordanas.com\/#website"},"datePublished":"2023-09-11T17:09:36+00:00","dateModified":"2023-09-11T17:09:36+00:00","breadcrumb":{"@id":"https:\/\/www.prijedordanas.com\/?p=211147#breadcrumb"},"inLanguage":"en-US","potentialAction":[{"@type":"ReadAction","target":["https:\/\/www.prijedordanas.com\/?p=211147"]}]},{"@type":"BreadcrumbList","@id":"https:\/\/www.prijedordanas.com\/?p=211147#breadcrumb","itemListElement":[{"@type":"ListItem","position":1,"name":"Home","item":"https:\/\/www.prijedordanas.com\/"},{"@type":"ListItem","position":2,"name":"Poetskim \u010dasom na Pale\u017eu po\u010deli 51. Knji\u017eevni susreti na Kozari"}]},{"@type":"WebSite","@id":"https:\/\/www.prijedordanas.com\/#website","url":"https:\/\/www.prijedordanas.com\/","name":"PrijedorDanas.com - Prijedorski gradski portal","description":"Portal o doga\u0111anjima u gradu Prijedoru","publisher":{"@id":"https:\/\/www.prijedordanas.com\/#organization"},"potentialAction":[{"@type":"SearchAction","target":{"@type":"EntryPoint","urlTemplate":"https:\/\/www.prijedordanas.com\/?s={search_term_string}"},"query-input":"required name=search_term_string"}],"inLanguage":"en-US"},{"@type":"Organization","@id":"https:\/\/www.prijedordanas.com\/#organization","name":"PrijedorDanas.com","url":"https:\/\/www.prijedordanas.com\/","logo":{"@type":"ImageObject","inLanguage":"en-US","@id":"https:\/\/www.prijedordanas.com\/#\/schema\/logo\/image\/","url":"http:\/\/www.prijedordanas.com\/wp-content\/uploads\/2021\/12\/logopng.png","contentUrl":"http:\/\/www.prijedordanas.com\/wp-content\/uploads\/2021\/12\/logopng.png","width":1019,"height":776,"caption":"PrijedorDanas.com"},"image":{"@id":"https:\/\/www.prijedordanas.com\/#\/schema\/logo\/image\/"},"sameAs":["https:\/\/www.facebook.com\/PrijedorDanasCom\/"]},{"@type":"Person","@id":"https:\/\/www.prijedordanas.com\/#\/schema\/person\/4e08ccf29b506ca916ff86d46bb700e6","name":"admin","image":{"@type":"ImageObject","inLanguage":"en-US","@id":"https:\/\/www.prijedordanas.com\/#\/schema\/person\/image\/","url":"https:\/\/secure.gravatar.com\/avatar\/1d3fc949d550f0b53a5f0d51e06dfd79?s=96&d=mm&r=g","contentUrl":"https:\/\/secure.gravatar.com\/avatar\/1d3fc949d550f0b53a5f0d51e06dfd79?s=96&d=mm&r=g","caption":"admin"},"url":"https:\/\/www.prijedordanas.com\/?author=1"}]}},"_links":{"self":[{"href":"https:\/\/www.prijedordanas.com\/index.php?rest_route=\/wp\/v2\/posts\/211147"}],"collection":[{"href":"https:\/\/www.prijedordanas.com\/index.php?rest_route=\/wp\/v2\/posts"}],"about":[{"href":"https:\/\/www.prijedordanas.com\/index.php?rest_route=\/wp\/v2\/types\/post"}],"author":[{"embeddable":true,"href":"https:\/\/www.prijedordanas.com\/index.php?rest_route=\/wp\/v2\/users\/1"}],"replies":[{"embeddable":true,"href":"https:\/\/www.prijedordanas.com\/index.php?rest_route=%2Fwp%2Fv2%2Fcomments&post=211147"}],"version-history":[{"count":1,"href":"https:\/\/www.prijedordanas.com\/index.php?rest_route=\/wp\/v2\/posts\/211147\/revisions"}],"predecessor-version":[{"id":211151,"href":"https:\/\/www.prijedordanas.com\/index.php?rest_route=\/wp\/v2\/posts\/211147\/revisions\/211151"}],"wp:attachment":[{"href":"https:\/\/www.prijedordanas.com\/index.php?rest_route=%2Fwp%2Fv2%2Fmedia&parent=211147"}],"wp:term":[{"taxonomy":"category","embeddable":true,"href":"https:\/\/www.prijedordanas.com\/index.php?rest_route=%2Fwp%2Fv2%2Fcategories&post=211147"},{"taxonomy":"post_tag","embeddable":true,"href":"https:\/\/www.prijedordanas.com\/index.php?rest_route=%2Fwp%2Fv2%2Ftags&post=211147"}],"curies":[{"name":"wp","href":"https:\/\/api.w.org\/{rel}","templated":true}]}}