{"id":210620,"date":"2023-08-30T10:12:58","date_gmt":"2023-08-30T08:12:58","guid":{"rendered":"https:\/\/www.prijedordanas.com\/?p=210620"},"modified":"2023-08-30T10:12:58","modified_gmt":"2023-08-30T08:12:58","slug":"komunalne-usluge-prijedor-u-petak-konferencija-udruzenja-komunalnih-preduzeca-iz-regiona-i-sajam-komunalne-opreme-i-pratece-industrije","status":"publish","type":"post","link":"https:\/\/www.prijedordanas.com\/?p=210620","title":{"rendered":"Komunalne usluge Prijedor: U petak konferencija Udru\u017eenja komunalnih preduze\u0107a iz regiona i sajam komunalne opreme i prate\u0107e industrije"},"content":{"rendered":"<p><a href=\"https:\/\/www.prijedordanas.com\/wp-content\/uploads\/2020\/06\/komunalne-usluge-prijedor.jpg\"><img loading=\"lazy\" decoding=\"async\" src=\"https:\/\/www.prijedordanas.com\/wp-content\/uploads\/2020\/06\/komunalne-usluge-prijedor-300x300.jpg\" alt=\"\" width=\"300\" height=\"300\" class=\"alignleft size-medium wp-image-148506\" srcset=\"https:\/\/www.prijedordanas.com\/wp-content\/uploads\/2020\/06\/komunalne-usluge-prijedor-300x300.jpg 300w, https:\/\/www.prijedordanas.com\/wp-content\/uploads\/2020\/06\/komunalne-usluge-prijedor-150x150.jpg 150w, https:\/\/www.prijedordanas.com\/wp-content\/uploads\/2020\/06\/komunalne-usluge-prijedor-50x50.jpg 50w, https:\/\/www.prijedordanas.com\/wp-content\/uploads\/2020\/06\/komunalne-usluge-prijedor.jpg 500w\" sizes=\"(max-width: 300px) 100vw, 300px\" \/><\/a>Konferencija udru\u017eenja komunalnih preduze\u0107a iz regiona i sajam komunalne opreme i prate\u0107e industrije bi\u0107e odr\u017eani u Prijedoru u petak, 1. septembra, saop\u0161teno je iz lokalnog preduze\u0107a &#8220;Komunalne usluge&#8221;, koje je organizator i doma\u0107in.<\/p>\n<p>Konferenciji udru\u017eenja komunalnih preduze\u0107a iz Republike Srpske, Federacije BiH, Srbije, Crne Gore i Sjeverne Makedonije prisustvova\u0107e vi\u0161e od 60 rukovodilaca komunalnih preduze\u0107a.<\/p>\n<p>Teme skupa su upoznavanje sa zakonskom regulativom u oblasti komunalnih djelatnosti, te me\u0111usobna saradnja i primjena novih tehnologija s ciljem unapre\u0111enja poslovanja.<\/p>\n<p>Skup \u0107e po\u010deti u 10.15 \u010dasova u hotelu &#8220;Prijedor&#8221;, a izjave za medije predvi\u0111ene su u 10.00 \u010dasova.<\/p>\n<p>Medijima \u0107e se obratiti predsjednik Udru\u017eenja komunalnih i uslu\u017enih djelatnosti Republike Srpske Aleksandar Vra\u010devi\u0107, predstavnik Udru\u017eenja poslodavaca KOMDEL Republika Srbija Marko Vujnovi\u0107 i predsjednik Udru\u017eenja komunalnih preduze\u0107a Crne Gore Borivoje Boni\u0107.<\/p>\n<p>Sajam komunalne opreme i prate\u0107e industrije, na kojem \u0107e svoje programe i asortimane predstaviti vi\u0161e od 20 izlaga\u010da iz zemlje i inostranstva, bi\u0107e odr\u017ean od 12.00 do 15.00 \u010dasova na parking-prostoru u Aleji kozarskog odreda.<\/p>\n<p>Izjave za medije predvi\u0111ene su u 12.00 \u010dasova na prostoru sajma, a medijima \u0107e se obratiti direktor firme &#8220;Komunalne usluge&#8221; Prijedor Dalibor Grabe\u017e, vr\u0161ilac du\u017enosti direktora Investiciono-razvojne banke Republike Srpske Dra\u017een Vrhovac, gradona\u010delnik Prijedora Slobodan Javor i direktor firme &#8220;Grin ma\u0161ins&#8221; \/Green machines\/ Prijedor Dino Lon\u010dalija. <\/p>\n<p>SRNA<\/p>\n","protected":false},"excerpt":{"rendered":"<p>Konferencija udru\u017eenja komunalnih preduze\u0107a iz regiona i sajam komunalne opreme i prate\u0107e industrije bi\u0107e odr\u017eani u Prijedoru u petak, 1. septembra, saop\u0161teno je iz lokalnog preduze\u0107a &#8220;Komunalne usluge&#8221;, koje je [&hellip;]<\/p>\n","protected":false},"author":1,"featured_media":0,"comment_status":"closed","ping_status":"open","sticky":false,"template":"","format":"standard","meta":{"_monsterinsights_skip_tracking":false,"_monsterinsights_sitenote_active":false,"_monsterinsights_sitenote_note":"","_monsterinsights_sitenote_category":0,"footnotes":""},"categories":[4],"tags":[],"yoast_head":"<!-- This site is optimized with the Yoast SEO plugin v21.6 - https:\/\/yoast.com\/wordpress\/plugins\/seo\/ -->\n<title>Komunalne usluge Prijedor: U petak konferencija Udru\u017eenja komunalnih preduze\u0107a iz regiona i sajam komunalne opreme i prate\u0107e industrije - PrijedorDanas.com - Prijedorski gradski portal<\/title>\n<meta name=\"robots\" content=\"index, follow, max-snippet:-1, max-image-preview:large, max-video-preview:-1\" \/>\n<link rel=\"canonical\" href=\"https:\/\/www.prijedordanas.com\/?p=210620\" \/>\n<meta property=\"og:locale\" content=\"en_US\" \/>\n<meta property=\"og:type\" content=\"article\" \/>\n<meta property=\"og:title\" content=\"Komunalne usluge Prijedor: U petak konferencija Udru\u017eenja komunalnih preduze\u0107a iz regiona i sajam komunalne opreme i prate\u0107e industrije - PrijedorDanas.com - Prijedorski gradski portal\" \/>\n<meta property=\"og:description\" content=\"Konferencija udru\u017eenja komunalnih preduze\u0107a iz regiona i sajam komunalne opreme i prate\u0107e industrije bi\u0107e odr\u017eani u Prijedoru u petak, 1. septembra, saop\u0161teno je iz lokalnog preduze\u0107a &#8220;Komunalne usluge&#8221;, koje je [&hellip;]\" \/>\n<meta property=\"og:url\" content=\"https:\/\/www.prijedordanas.com\/?p=210620\" \/>\n<meta property=\"og:site_name\" content=\"PrijedorDanas.com - Prijedorski gradski portal\" \/>\n<meta property=\"article:publisher\" content=\"https:\/\/www.facebook.com\/PrijedorDanasCom\/\" \/>\n<meta property=\"article:published_time\" content=\"2023-08-30T08:12:58+00:00\" \/>\n<meta property=\"og:image\" content=\"https:\/\/www.prijedordanas.com\/wp-content\/uploads\/2020\/06\/komunalne-usluge-prijedor-300x300.jpg\" \/>\n<meta name=\"author\" content=\"admin\" \/>\n<meta name=\"twitter:card\" content=\"summary_large_image\" \/>\n<meta name=\"twitter:label1\" content=\"Written by\" \/>\n\t<meta name=\"twitter:data1\" content=\"admin\" \/>\n<script type=\"application\/ld+json\" class=\"yoast-schema-graph\">{\"@context\":\"https:\/\/schema.org\",\"@graph\":[{\"@type\":\"Article\",\"@id\":\"https:\/\/www.prijedordanas.com\/?p=210620#article\",\"isPartOf\":{\"@id\":\"https:\/\/www.prijedordanas.com\/?p=210620\"},\"author\":{\"name\":\"admin\",\"@id\":\"https:\/\/www.prijedordanas.com\/#\/schema\/person\/4e08ccf29b506ca916ff86d46bb700e6\"},\"headline\":\"Komunalne usluge Prijedor: U petak konferencija Udru\u017eenja komunalnih preduze\u0107a iz regiona i sajam komunalne opreme i prate\u0107e industrije\",\"datePublished\":\"2023-08-30T08:12:58+00:00\",\"dateModified\":\"2023-08-30T08:12:58+00:00\",\"mainEntityOfPage\":{\"@id\":\"https:\/\/www.prijedordanas.com\/?p=210620\"},\"wordCount\":256,\"publisher\":{\"@id\":\"https:\/\/www.prijedordanas.com\/#organization\"},\"articleSection\":[\"Dru\u0161tvo\"],\"inLanguage\":\"en-US\"},{\"@type\":\"WebPage\",\"@id\":\"https:\/\/www.prijedordanas.com\/?p=210620\",\"url\":\"https:\/\/www.prijedordanas.com\/?p=210620\",\"name\":\"Komunalne usluge Prijedor: U petak konferencija Udru\u017eenja komunalnih preduze\u0107a iz regiona i sajam komunalne opreme i prate\u0107e industrije - PrijedorDanas.com - Prijedorski gradski portal\",\"isPartOf\":{\"@id\":\"https:\/\/www.prijedordanas.com\/#website\"},\"datePublished\":\"2023-08-30T08:12:58+00:00\",\"dateModified\":\"2023-08-30T08:12:58+00:00\",\"breadcrumb\":{\"@id\":\"https:\/\/www.prijedordanas.com\/?p=210620#breadcrumb\"},\"inLanguage\":\"en-US\",\"potentialAction\":[{\"@type\":\"ReadAction\",\"target\":[\"https:\/\/www.prijedordanas.com\/?p=210620\"]}]},{\"@type\":\"BreadcrumbList\",\"@id\":\"https:\/\/www.prijedordanas.com\/?p=210620#breadcrumb\",\"itemListElement\":[{\"@type\":\"ListItem\",\"position\":1,\"name\":\"Home\",\"item\":\"https:\/\/www.prijedordanas.com\/\"},{\"@type\":\"ListItem\",\"position\":2,\"name\":\"Komunalne usluge Prijedor: U petak konferencija Udru\u017eenja komunalnih preduze\u0107a iz regiona i sajam komunalne opreme i prate\u0107e industrije\"}]},{\"@type\":\"WebSite\",\"@id\":\"https:\/\/www.prijedordanas.com\/#website\",\"url\":\"https:\/\/www.prijedordanas.com\/\",\"name\":\"PrijedorDanas.com - Prijedorski gradski portal\",\"description\":\"Portal o doga\u0111anjima u gradu Prijedoru\",\"publisher\":{\"@id\":\"https:\/\/www.prijedordanas.com\/#organization\"},\"potentialAction\":[{\"@type\":\"SearchAction\",\"target\":{\"@type\":\"EntryPoint\",\"urlTemplate\":\"https:\/\/www.prijedordanas.com\/?s={search_term_string}\"},\"query-input\":\"required name=search_term_string\"}],\"inLanguage\":\"en-US\"},{\"@type\":\"Organization\",\"@id\":\"https:\/\/www.prijedordanas.com\/#organization\",\"name\":\"PrijedorDanas.com\",\"url\":\"https:\/\/www.prijedordanas.com\/\",\"logo\":{\"@type\":\"ImageObject\",\"inLanguage\":\"en-US\",\"@id\":\"https:\/\/www.prijedordanas.com\/#\/schema\/logo\/image\/\",\"url\":\"http:\/\/www.prijedordanas.com\/wp-content\/uploads\/2021\/12\/logopng.png\",\"contentUrl\":\"http:\/\/www.prijedordanas.com\/wp-content\/uploads\/2021\/12\/logopng.png\",\"width\":1019,\"height\":776,\"caption\":\"PrijedorDanas.com\"},\"image\":{\"@id\":\"https:\/\/www.prijedordanas.com\/#\/schema\/logo\/image\/\"},\"sameAs\":[\"https:\/\/www.facebook.com\/PrijedorDanasCom\/\"]},{\"@type\":\"Person\",\"@id\":\"https:\/\/www.prijedordanas.com\/#\/schema\/person\/4e08ccf29b506ca916ff86d46bb700e6\",\"name\":\"admin\",\"image\":{\"@type\":\"ImageObject\",\"inLanguage\":\"en-US\",\"@id\":\"https:\/\/www.prijedordanas.com\/#\/schema\/person\/image\/\",\"url\":\"https:\/\/secure.gravatar.com\/avatar\/1d3fc949d550f0b53a5f0d51e06dfd79?s=96&d=mm&r=g\",\"contentUrl\":\"https:\/\/secure.gravatar.com\/avatar\/1d3fc949d550f0b53a5f0d51e06dfd79?s=96&d=mm&r=g\",\"caption\":\"admin\"},\"url\":\"https:\/\/www.prijedordanas.com\/?author=1\"}]}<\/script>\n<!-- \/ Yoast SEO plugin. -->","yoast_head_json":{"title":"Komunalne usluge Prijedor: U petak konferencija Udru\u017eenja komunalnih preduze\u0107a iz regiona i sajam komunalne opreme i prate\u0107e industrije - PrijedorDanas.com - Prijedorski gradski portal","robots":{"index":"index","follow":"follow","max-snippet":"max-snippet:-1","max-image-preview":"max-image-preview:large","max-video-preview":"max-video-preview:-1"},"canonical":"https:\/\/www.prijedordanas.com\/?p=210620","og_locale":"en_US","og_type":"article","og_title":"Komunalne usluge Prijedor: U petak konferencija Udru\u017eenja komunalnih preduze\u0107a iz regiona i sajam komunalne opreme i prate\u0107e industrije - PrijedorDanas.com - Prijedorski gradski portal","og_description":"Konferencija udru\u017eenja komunalnih preduze\u0107a iz regiona i sajam komunalne opreme i prate\u0107e industrije bi\u0107e odr\u017eani u Prijedoru u petak, 1. septembra, saop\u0161teno je iz lokalnog preduze\u0107a &#8220;Komunalne usluge&#8221;, koje je [&hellip;]","og_url":"https:\/\/www.prijedordanas.com\/?p=210620","og_site_name":"PrijedorDanas.com - Prijedorski gradski portal","article_publisher":"https:\/\/www.facebook.com\/PrijedorDanasCom\/","article_published_time":"2023-08-30T08:12:58+00:00","og_image":[{"url":"https:\/\/www.prijedordanas.com\/wp-content\/uploads\/2020\/06\/komunalne-usluge-prijedor-300x300.jpg"}],"author":"admin","twitter_card":"summary_large_image","twitter_misc":{"Written by":"admin"},"schema":{"@context":"https:\/\/schema.org","@graph":[{"@type":"Article","@id":"https:\/\/www.prijedordanas.com\/?p=210620#article","isPartOf":{"@id":"https:\/\/www.prijedordanas.com\/?p=210620"},"author":{"name":"admin","@id":"https:\/\/www.prijedordanas.com\/#\/schema\/person\/4e08ccf29b506ca916ff86d46bb700e6"},"headline":"Komunalne usluge Prijedor: U petak konferencija Udru\u017eenja komunalnih preduze\u0107a iz regiona i sajam komunalne opreme i prate\u0107e industrije","datePublished":"2023-08-30T08:12:58+00:00","dateModified":"2023-08-30T08:12:58+00:00","mainEntityOfPage":{"@id":"https:\/\/www.prijedordanas.com\/?p=210620"},"wordCount":256,"publisher":{"@id":"https:\/\/www.prijedordanas.com\/#organization"},"articleSection":["Dru\u0161tvo"],"inLanguage":"en-US"},{"@type":"WebPage","@id":"https:\/\/www.prijedordanas.com\/?p=210620","url":"https:\/\/www.prijedordanas.com\/?p=210620","name":"Komunalne usluge Prijedor: U petak konferencija Udru\u017eenja komunalnih preduze\u0107a iz regiona i sajam komunalne opreme i prate\u0107e industrije - PrijedorDanas.com - Prijedorski gradski portal","isPartOf":{"@id":"https:\/\/www.prijedordanas.com\/#website"},"datePublished":"2023-08-30T08:12:58+00:00","dateModified":"2023-08-30T08:12:58+00:00","breadcrumb":{"@id":"https:\/\/www.prijedordanas.com\/?p=210620#breadcrumb"},"inLanguage":"en-US","potentialAction":[{"@type":"ReadAction","target":["https:\/\/www.prijedordanas.com\/?p=210620"]}]},{"@type":"BreadcrumbList","@id":"https:\/\/www.prijedordanas.com\/?p=210620#breadcrumb","itemListElement":[{"@type":"ListItem","position":1,"name":"Home","item":"https:\/\/www.prijedordanas.com\/"},{"@type":"ListItem","position":2,"name":"Komunalne usluge Prijedor: U petak konferencija Udru\u017eenja komunalnih preduze\u0107a iz regiona i sajam komunalne opreme i prate\u0107e industrije"}]},{"@type":"WebSite","@id":"https:\/\/www.prijedordanas.com\/#website","url":"https:\/\/www.prijedordanas.com\/","name":"PrijedorDanas.com - Prijedorski gradski portal","description":"Portal o doga\u0111anjima u gradu Prijedoru","publisher":{"@id":"https:\/\/www.prijedordanas.com\/#organization"},"potentialAction":[{"@type":"SearchAction","target":{"@type":"EntryPoint","urlTemplate":"https:\/\/www.prijedordanas.com\/?s={search_term_string}"},"query-input":"required name=search_term_string"}],"inLanguage":"en-US"},{"@type":"Organization","@id":"https:\/\/www.prijedordanas.com\/#organization","name":"PrijedorDanas.com","url":"https:\/\/www.prijedordanas.com\/","logo":{"@type":"ImageObject","inLanguage":"en-US","@id":"https:\/\/www.prijedordanas.com\/#\/schema\/logo\/image\/","url":"http:\/\/www.prijedordanas.com\/wp-content\/uploads\/2021\/12\/logopng.png","contentUrl":"http:\/\/www.prijedordanas.com\/wp-content\/uploads\/2021\/12\/logopng.png","width":1019,"height":776,"caption":"PrijedorDanas.com"},"image":{"@id":"https:\/\/www.prijedordanas.com\/#\/schema\/logo\/image\/"},"sameAs":["https:\/\/www.facebook.com\/PrijedorDanasCom\/"]},{"@type":"Person","@id":"https:\/\/www.prijedordanas.com\/#\/schema\/person\/4e08ccf29b506ca916ff86d46bb700e6","name":"admin","image":{"@type":"ImageObject","inLanguage":"en-US","@id":"https:\/\/www.prijedordanas.com\/#\/schema\/person\/image\/","url":"https:\/\/secure.gravatar.com\/avatar\/1d3fc949d550f0b53a5f0d51e06dfd79?s=96&d=mm&r=g","contentUrl":"https:\/\/secure.gravatar.com\/avatar\/1d3fc949d550f0b53a5f0d51e06dfd79?s=96&d=mm&r=g","caption":"admin"},"url":"https:\/\/www.prijedordanas.com\/?author=1"}]}},"_links":{"self":[{"href":"https:\/\/www.prijedordanas.com\/index.php?rest_route=\/wp\/v2\/posts\/210620"}],"collection":[{"href":"https:\/\/www.prijedordanas.com\/index.php?rest_route=\/wp\/v2\/posts"}],"about":[{"href":"https:\/\/www.prijedordanas.com\/index.php?rest_route=\/wp\/v2\/types\/post"}],"author":[{"embeddable":true,"href":"https:\/\/www.prijedordanas.com\/index.php?rest_route=\/wp\/v2\/users\/1"}],"replies":[{"embeddable":true,"href":"https:\/\/www.prijedordanas.com\/index.php?rest_route=%2Fwp%2Fv2%2Fcomments&post=210620"}],"version-history":[{"count":1,"href":"https:\/\/www.prijedordanas.com\/index.php?rest_route=\/wp\/v2\/posts\/210620\/revisions"}],"predecessor-version":[{"id":210621,"href":"https:\/\/www.prijedordanas.com\/index.php?rest_route=\/wp\/v2\/posts\/210620\/revisions\/210621"}],"wp:attachment":[{"href":"https:\/\/www.prijedordanas.com\/index.php?rest_route=%2Fwp%2Fv2%2Fmedia&parent=210620"}],"wp:term":[{"taxonomy":"category","embeddable":true,"href":"https:\/\/www.prijedordanas.com\/index.php?rest_route=%2Fwp%2Fv2%2Fcategories&post=210620"},{"taxonomy":"post_tag","embeddable":true,"href":"https:\/\/www.prijedordanas.com\/index.php?rest_route=%2Fwp%2Fv2%2Ftags&post=210620"}],"curies":[{"name":"wp","href":"https:\/\/api.w.org\/{rel}","templated":true}]}}