{"id":210600,"date":"2023-08-29T20:52:07","date_gmt":"2023-08-29T18:52:07","guid":{"rendered":"https:\/\/www.prijedordanas.com\/?p=210600"},"modified":"2023-08-30T07:32:35","modified_gmt":"2023-08-30T05:32:35","slug":"zensko-u-rudarske-cizme","status":"publish","type":"post","link":"https:\/\/www.prijedordanas.com\/?p=210600","title":{"rendered":"\u017densko u rudarske \u010dizme?"},"content":{"rendered":"<p><a href=\"https:\/\/www.prijedordanas.com\/wp-content\/uploads\/2023\/08\/ivana-berga.jpg\"><img loading=\"lazy\" decoding=\"async\" src=\"https:\/\/www.prijedordanas.com\/wp-content\/uploads\/2023\/08\/ivana-berga-300x300.jpg\" alt=\"\" width=\"300\" height=\"300\" class=\"alignleft size-medium wp-image-210601\" srcset=\"https:\/\/www.prijedordanas.com\/wp-content\/uploads\/2023\/08\/ivana-berga-300x300.jpg 300w, https:\/\/www.prijedordanas.com\/wp-content\/uploads\/2023\/08\/ivana-berga-150x150.jpg 150w, https:\/\/www.prijedordanas.com\/wp-content\/uploads\/2023\/08\/ivana-berga-50x50.jpg 50w, https:\/\/www.prijedordanas.com\/wp-content\/uploads\/2023\/08\/ivana-berga.jpg 600w\" sizes=\"(max-width: 300px) 100vw, 300px\" \/><\/a>\u201cOvo jeste mu\u0161ki posao, odmah da se ka\u017ee. A da bi \u017eensko bilo u ovom poslu, mora se stav imati. I karakter. Mo\u017ee \u2013 mo\u017ee, ne mo\u017ee \u2013 ne mo\u017ee\u201c, ka\u017ee sagovornica.<\/p>\n<p>Rudarski fakultet u Prijedoru Ivana, tada Babi\u0107, danas Berga, upisala je ne da ga zavr\u0161i nego da studiranje odugovla\u010di i tako ostvaruje pravo na porodi\u010dnu penziju nakon smrti oca. Danas je druga osoba u hijerarhiji rudnika Sase u Srebrenici, odmah poslije generalnog direktora. <\/p>\n<p>Ranije ove godine profesorica s Rudarskog Ljiljana Kukolj Tankosi\u0107 ka\u017ee: da\u0107u ti broj jedne na\u0161e studentice, iz Prijedora je, u Bratuncu \u017eivi, zaposlena u rudniku Sase, sad su jednom le\u017ei\u0161tu dali ime po njoj, da samo vidi\u0161 kakav je to \u010dovjek, radnik, borac. Ma, \u017eena zmaj! Pa, ako ti je za pri\u010du. <\/p>\n<p>\u201eDa vam ka\u017eem prvo za taj fakultet, kako sam ga upisala. Uop\u0161te nije bilo da volim rudarstvo, pa zato idem na rudarstvo. I\u0161la sam u srednju ma\u0161insku i \u017eelja mi je bila, po\u0161to mi je otac bio majstor i stalno sam tako ne\u0161to s njim radila, da studiram ma\u0161instvo. Me\u0111utim, prvi srednje sam bila kad je otac poginuo i nije se moglo. Ostala majka, ja i jo\u0161 dvije sestre, i starije sestre beba, od deset mjeseci. I ja sad treba da se \u0161kolujem da bi majka imala penziju od oca, jer ona nije imala primanja nikakvih, a ja sam mogla do 26. godine studirati i ostvarivati tu penziju. Reko\u2019, \u2018aj\u2019 ja \u0107u to upisati, pa \u0107u vu\u0107i, mogu i deset godina vu\u0107i, k&#8217;o \u0161to neki tako studiraju. Kako sam upisala, 2007. godine je to bilo, tako sam ispit za ispitom polagala, \u010distila godinu za godinom, nisam prenosila ispite ni godinu obnavljala. A sve vrijeme sam radila. Ujutro predavanja, poslije tr\u010dim u kafi\u0107 na posao. Da \u0161to manje od majke uzimam. I nakon \u0161to sam diplomirala, 2011. godine, nastavila sam raditi po kafi\u0107ima. A onda je 2012. do\u0161ao prvi konkurs u struci. Rudnik u Prijedoru prima \u010detiri in\u017eenjera rudarstva, testiranje iz stru\u010dnih predmeta, iz engleskog jezika i iz poznavanja rada na ra\u010dunaru. Prijavljenih nas je tridesetak, po rezultatima testova ja \u010detvrta na spisku, ispred mene tri mu\u0161karca. Ostaje jo\u0161 intervju. I tu je odmah bilo, vi ste \u017eensko, kako \u0107ete na kop. Ka\u017eem im moj diplomski je i bio sa kopa Buva\u010d, tema bu\u0161enje i miniranje, i bila sam punih mjesec dana sa njihovim rudarima, bu\u0161ila, punila bu\u0161otine, sve radila kao obi\u010dan radnik, ra\u010dunala da taj rad samo na taj na\u010din mogu uraditi kako treba. Uradila sam ga sama, ba\u0161 se potrudila. A ovamo ka\u017eu, vi ste \u017eensko, kako \u0107ete u gumene \u010dizme. Ka\u017eem, ja sam, pored toga, i dijete sa sela i \u010dizme su mi na nogama stalno, a sad sam obu\u010dena ovako jer sam se spremila za intervju, evo kao i sa vama sad.<\/p>\n<p>Sje\u0107ate li se ko je sve bio u toj komisiji?<\/p>\n<p>Ne sje\u0107am se, bilo ih je vi\u0161e, mo\u017eda \u010detiri-pet. Ka\u017eu, znate, ipak je to mu\u0161ki posao. Ka\u017eem, pa za\u0161to onda ne pi\u0161e na Rudarskom fakultetu: nije za \u017eene. Pa neka se upisuju samo mu\u0161karci. I u va\u0161em konkursu: \u017eene ne treba da se prijavljuju. A ne ovako\u2026 I vidjela sam odmah tad da od toga nema ni\u0161ta. Primili su momka koji je bio 5. na spisku, prvi ispod crte i prvi ispod mene.<\/p>\n<p>Je li vama u tom trenutku jasno da oni pri\u010daju o trudno\u0107ama, a ne o \u010dizmama? Kad ve\u0107 mogu da biraju\u2026<\/p>\n<p>Da, da, pitali su me jesam li udata, imam li porodicu, djecu, momka\u2026 Aha, koliko dugo si s momkom, planira\u0161 li se udavati\u2026 Jasno k&#8217;o dan.<\/p>\n<p>Jeste li kad \u010duli da su na tim razgovorima za posao kolege mu\u0161karce pitali kako \u0107e u \u010dizme?<\/p>\n<p>Ma, shvatila sam ja sve. Ali poslije toga nisam prestala imati nadu ni slati dalje po rudnicima prijave i tra\u017eiti posao. A i na fakultetu postoji taj neki \u017eenski stav \u2013 da se po zavr\u0161etku studija ide raditi ili u \u0161kole ili u projektantske firme ili bilo \u0161ta, a da je kancelarija. Meni je bilo samo da po\u010dnem da radim. Jer majka nam je bolesne bila, starija sestra oti\u0161la raditi u Crnu Goru, sin joj ostao sa nama. To je na\u0161e zajedni\u010dko dijete \/smijeh\/. Ja sam ga podizala i hranila, i\u0161la na fakultet, radila. Znali su i na fakultetu za tu moju situaciju, bili su u toku svi. I sve se stizalo, ni\u0161ta nije bilo problem. I sje\u0107am se kad smo bili u studijskoj posjeti rudniku Sase, pa poslije kroz Bratunac, slobodno vrijeme, sjednemo na pi\u0107e. Ka\u017eem, ja \u0107u ovdje do\u0107i da \u017eivim i radim. Ja, onako, lupetala. A, eto, sad u aprilu navr\u0161ih punih deset godina. \/smijeh\/<\/p>\n<p>Sje\u0107ate li se tog prvog puta?<\/p>\n<p>Prijave sam slala gdje god ima rudnik. Zovu jedan dan iz kadrovske. Da do\u0111em, ponesem sve. Ne ono da prvo do\u0111em na razgovor, pa da se vidi, nego odmah sve, diplomu, papire, stvari\u2026 Sad je to meni bilo, ono\u2026 Ja se s mamom nikad nisam rastajala, a i za Danijela sam puno bila vezana. Ovdje mi je i momak bio i sad sve to treba ostaviti, a gdje je Bratunac? Ma, \u2018ajd\u2019, reko\u2019, praksu \u0107u, pripravni\u010dki bar da odradim. I sve ja to prikupljam, dokaz o neka\u017enjavanju, ljekarsko, ali sve dok ne krenem, ne\u0107u ni biti svjesna. I kad je do\u0161lo vrijeme da idem tamo, pove\u0161\u0107e mene i jo\u0161 jednog kolegu stariji kolega iz Prijedora koji tamo ve\u0107 radi. Kad je do\u0161ao momenat da se ide, zna\u010di, stra\u0161no. Ja bi\u2019 sad plakala. Meni se to sve toliko skupilo, steglo\u2026 \/pauza, gr\u010d, suze\/ Nikad ih nisam napu\u0161tala, ali tu sam prelomila. Idem i skupila sam snagu, sjela u auto, krenula. Mama ostala. Do Bratunca ja sam prejaukala.<\/p>\n<p>Sje\u0107ate li se prvog radnog dana?<\/p>\n<p>Sje\u0107am se svega. Ujutro u 6 se po\u010dinje. Ja do\u0161la gore, sve mi je k&#8217;o s neba pa u rebra, u\u0111i, pro\u0111i, vidi. Odmah se po\u010dinje raditi, dobila AutoCAD, sjedi i crtaj. Ostajala poslije radnog vremena, dolazila na posao svaki vikend, iako sam bila slobodna. Niko me nije tjerao. Hvatala, u\u010dila i tako sve dok nisam posao sa\u017evakala. Jedno su knjige, a drugo je kad si tu. Kad \u0107emo krenuti u jamu, poveo upravnik nas nove. Ovo je uskop, tu se baca ruda, \u2018vako bu\u0161i, odvodnjavanje prirodnim tokom. Sve to tako brzo da sam pomislila da ja to nikad ne\u0107u nau\u010diti. I ka\u017ee, \u2018aj\u2019 sad, Ivana, izvedi nas napolje. Kud \u0107u sad, majko mila! Dobro, reko\u2019. I krenem. Idem. Vidim, voda. Isti\u010de. Ako ona izlazi, moram i ja nekud. Nisam mogla popamtiti sve, jer to su transportni, dugi hodnici, pa do\u0111e skretanje, pa jedan blok, pa podeta\u017ee, kao brdo, s jednog na drugo se spu\u0161tate, uz rampe, niz rampe nas sproveo, ne znam ni gdje sam bila, ni odakle do\u0161la. I izvedem nas. Kako voda iza\u0111e, moramo i mi nigdje.<\/p>\n<p>Kako se na terenu reaguje na \u017eensko u \u010dizmama?<\/p>\n<p>Ja sam u po\u010detku samo \u0107utala, nikome ni\u0161ta nisam odgovarala, ni na galamu reagovala. I u jami sve vrijeme. Oni u 7 ulaze, ja s njima. U 2 izlaze, ja s njima. Oni bu\u0161e, daj da i ja. Nemoj, ti si \u017eensko. Nemoj ti meni \u017eensko, ja ne\u0107u nau\u010diti ako ne probam. Pa utovarna ma\u0161ina, ka\u0161ikom da pokupim materijal, mene je to sve zanimalo. Pa lokomotiva vagone kad izvozi, daj i to malo, pa pucanje, da se pove\u017ee eksploziv u serije, kako ide da se to zapuni, da na ma\u0161inice opali\u0161, ka\u017ee\u0161 MIII-NEEE! Sve bilo interesantno. A njima samo bilo da me sklone. Ti si \u017eensko, ti si in\u017eenjer, a ja\u2026 Sve letim. Ja sam bila tog stava da \u0161to vi\u0161e forsiram teren i da budem s radnicima dok ne nau\u010dim posao. Prva dva ugovora na odre\u0111eno, po mjesec dana, ve\u0107 tre\u0107i na neodre\u0111eno. Ja stala, mislila pripravni\u010dki samo, \u0161ta \u0107u sad, osta\u2019 Prijedor, mama, Danijel, momak. A kako \u0107u i odbiti, jedini mi iza\u0161li u susret kad me niko nigdje nije htio, oni mi jedini ponudili. I ja prihvatim. I imala sam poziva i ponuda, ali kako je vrijeme prolazilo, sve vi\u0161e nisam imala srca da napustim. Toliko sam se vezala za tu podzemnu, sad da mi neko i u Ministarstvu ponudi posao, bilo bi mi \u010dudno kako \u0107u ja sad tamo. \/smijeh\/<\/p>\n<p>Za\u0161to ka\u017eete podzemna eksploatacija je rudarstvo, a ne ni povr\u0161inski kop ni kamenolom?<\/p>\n<p>Nije isto onaj koji radi pod zemljom i onaj iznad kojeg je vedro nebo. Onaj crni je iz podzemne. Kad u\u0111e\u0161, nikad ne zna\u0161 ho\u0107e li ti \u0161ta pasti na glavu. Meni i koleginici iz Prijedora, koja je do\u0161la raditi poslije mene, ka\u017eu jednom da dovedemo majke, da vide gdje radimo, da se manje sikiraju. Opet kad se vidi krug, upravna zgrada, kuhinja, restoran, radionice, to je druga pri\u010da. Direktorica po\u0161alje voza\u010da po njih dvije u Bratunac, kad su jednom do\u0161le kod nas, one do\u0161le gore, izgubile se. Gledaju, hodaju po krugu, stalno pitaju gdje je ta jama. Odvedemo ih do ulaza na prvi horizont, gdje lokomotiva u vagonima izvozi rudu olova i cinka. To izbetonirano sve, izgleda kao tunel, ni\u0161ta stra\u0161no. Dalje ih nismo nigdje. \/smijeh\/ One mirnije, odmah lak\u0161e i nama. A niko ne mo\u017ee imati predstavu dok ne u\u0111e. Bude studenata, ne smiju u\u0107i, vri\u0161te.<\/p>\n<p>Rukovodite slu\u017ebom za\u0161tite na radu. U hijerarhiji ste odmah poslije direktora, a iznad tehni\u010dkog direktora, upravnika jame, poslovo\u0111e. I nakon deset godina i dalje ima momenata: ona je \u017eensko, \u0161ta ona zna.<\/p>\n<p>Kad ne\u0161to nije kako treba, ja to napi\u0161em i radovi moraju stati. I nije im pravo. Ne dam na sebe. Ako neko nije u pravu, ja za vratove. Dok nisam znala posao, ne mogu ni u raspravu. Kako sam nau\u010dila, ne dam pardona. I onda tako i za rudare svoje. Ve\u0107ina me vole, pravedna sam, idem onako kako jeste. Ima ih koji ka\u017eu, ona samo galami, ona je babaroga. O\u0161tra sam, ako se ne radi. Ako je neko bezobrazan, tu sam rigorozna.<\/p>\n<p>Kako znate da vas radnici vole?<\/p>\n<p>Na primjer, kad mi je majka je umrla, bila sam malo du\u017ee u Prijedoru, nisam mogla odmah da se vratim. Kad sam do\u0161la nazad, mene je sa\u010dekalo gore 200 rudara. \/Drhti joj glas, pauza, trese se vilica, smijeh i suze istovremeno.\/ Ili ima ih da ka\u017eu ako odem ja, odlaze i oni. I vezala sam se s ljudima i kad neko ima problem koji nema veze s poslom, oni nekako to meni ka\u017eu. Ja, na primjer, iza\u0111em ujutro na raport i iza\u0111e nadzornik da rasporedi ljude. Vi na kipanje, vi bu\u0161ite to \u010delo, vi na utovar rude, pripremite plo\u010du, ti ponesi eksploziv i tako. Ja samo ovako o\u010dima pro\u0111em kroz smjenu. To je nekih 40 radnika. Samo o\u010dima pre\u0111em i odma\u2019 vidim ima li ko problem.<\/p>\n<p>Kako?<\/p>\n<p>Pa valjda sam se srodila. I s poslom i s ljudima. Gledamo se svaki dan.<\/p>\n<p>I \u0161ta kad vidite?<\/p>\n<p>Ja zovnem onda radnika. \u2018Ajte vi sa mnom. I bilo je situacija raznih\u2026 Ka\u017eu, previ\u0161e se dajem, ali ne znam druga\u010dije. Ja i u kafi\u0107u kad sam radila, nije bilo, \u2018de smandrljaj tu \u010da\u0161u, \u0161ta ima veze, \u2018aj\u2019, pi\u0107e neko drugi iz nje. Ili \u0107u je oprati ili ne\u0107u ni\u0161ta. Tako i kod ku\u0107e. Ka\u017eu, ima i pa\u0161teta, \u0161to uvijek mora ka\u0161ika. A ja tako navikla.<\/p>\n<p>I kako je to lokalitet dobio ime po vama?<\/p>\n<p>Taj novi revir \u0161to je otvoren na Vrtlovcima dugo sam forsirala. I gore kad smo krenuli raditi, stavili mene da vodim. I ka\u017eu zbog mene se zove Iva. \/smijeh\/ Na Ivanjdan je otvorena. Jeste i zbog toga, ali znamo mi svi da je i zbog mene. \/smije se\/ I zove se: potkop Iva.<\/p>\n<p>Katarina Pani\u0107 &#8211; zamisli.ba<\/p>\n","protected":false},"excerpt":{"rendered":"<p>\u201cOvo jeste mu\u0161ki posao, odmah da se ka\u017ee. A da bi \u017eensko bilo u ovom poslu, mora se stav imati. I karakter. Mo\u017ee \u2013 mo\u017ee, ne mo\u017ee \u2013 ne mo\u017ee\u201c, [&hellip;]<\/p>\n","protected":false},"author":1,"featured_media":0,"comment_status":"closed","ping_status":"open","sticky":false,"template":"","format":"standard","meta":{"_monsterinsights_skip_tracking":false,"_monsterinsights_sitenote_active":false,"_monsterinsights_sitenote_note":"","_monsterinsights_sitenote_category":0,"footnotes":""},"categories":[3],"tags":[],"yoast_head":"<!-- This site is optimized with the Yoast SEO plugin v21.6 - https:\/\/yoast.com\/wordpress\/plugins\/seo\/ -->\n<title>\u017densko u rudarske \u010dizme? - PrijedorDanas.com - Prijedorski gradski portal<\/title>\n<meta name=\"robots\" content=\"index, follow, max-snippet:-1, max-image-preview:large, max-video-preview:-1\" \/>\n<link rel=\"canonical\" href=\"https:\/\/www.prijedordanas.com\/?p=210600\" \/>\n<meta property=\"og:locale\" content=\"en_US\" \/>\n<meta property=\"og:type\" content=\"article\" \/>\n<meta property=\"og:title\" content=\"\u017densko u rudarske \u010dizme? - PrijedorDanas.com - Prijedorski gradski portal\" \/>\n<meta property=\"og:description\" content=\"\u201cOvo jeste mu\u0161ki posao, odmah da se ka\u017ee. A da bi \u017eensko bilo u ovom poslu, mora se stav imati. I karakter. Mo\u017ee \u2013 mo\u017ee, ne mo\u017ee \u2013 ne mo\u017ee\u201c, [&hellip;]\" \/>\n<meta property=\"og:url\" content=\"https:\/\/www.prijedordanas.com\/?p=210600\" \/>\n<meta property=\"og:site_name\" content=\"PrijedorDanas.com - Prijedorski gradski portal\" \/>\n<meta property=\"article:publisher\" content=\"https:\/\/www.facebook.com\/PrijedorDanasCom\/\" \/>\n<meta property=\"article:published_time\" content=\"2023-08-29T18:52:07+00:00\" \/>\n<meta property=\"article:modified_time\" content=\"2023-08-30T05:32:35+00:00\" \/>\n<meta property=\"og:image\" content=\"https:\/\/www.prijedordanas.com\/wp-content\/uploads\/2023\/08\/ivana-berga-300x300.jpg\" \/>\n<meta name=\"author\" content=\"admin\" \/>\n<meta name=\"twitter:card\" content=\"summary_large_image\" \/>\n<meta name=\"twitter:label1\" content=\"Written by\" \/>\n\t<meta name=\"twitter:data1\" content=\"admin\" \/>\n\t<meta name=\"twitter:label2\" content=\"Est. reading time\" \/>\n\t<meta name=\"twitter:data2\" content=\"9 minutes\" \/>\n<script type=\"application\/ld+json\" class=\"yoast-schema-graph\">{\"@context\":\"https:\/\/schema.org\",\"@graph\":[{\"@type\":\"Article\",\"@id\":\"https:\/\/www.prijedordanas.com\/?p=210600#article\",\"isPartOf\":{\"@id\":\"https:\/\/www.prijedordanas.com\/?p=210600\"},\"author\":{\"name\":\"admin\",\"@id\":\"https:\/\/www.prijedordanas.com\/#\/schema\/person\/4e08ccf29b506ca916ff86d46bb700e6\"},\"headline\":\"\u017densko u rudarske \u010dizme?\",\"datePublished\":\"2023-08-29T18:52:07+00:00\",\"dateModified\":\"2023-08-30T05:32:35+00:00\",\"mainEntityOfPage\":{\"@id\":\"https:\/\/www.prijedordanas.com\/?p=210600\"},\"wordCount\":2086,\"publisher\":{\"@id\":\"https:\/\/www.prijedordanas.com\/#organization\"},\"articleSection\":[\"\u017divot\"],\"inLanguage\":\"en-US\"},{\"@type\":\"WebPage\",\"@id\":\"https:\/\/www.prijedordanas.com\/?p=210600\",\"url\":\"https:\/\/www.prijedordanas.com\/?p=210600\",\"name\":\"\u017densko u rudarske \u010dizme? - PrijedorDanas.com - Prijedorski gradski portal\",\"isPartOf\":{\"@id\":\"https:\/\/www.prijedordanas.com\/#website\"},\"datePublished\":\"2023-08-29T18:52:07+00:00\",\"dateModified\":\"2023-08-30T05:32:35+00:00\",\"breadcrumb\":{\"@id\":\"https:\/\/www.prijedordanas.com\/?p=210600#breadcrumb\"},\"inLanguage\":\"en-US\",\"potentialAction\":[{\"@type\":\"ReadAction\",\"target\":[\"https:\/\/www.prijedordanas.com\/?p=210600\"]}]},{\"@type\":\"BreadcrumbList\",\"@id\":\"https:\/\/www.prijedordanas.com\/?p=210600#breadcrumb\",\"itemListElement\":[{\"@type\":\"ListItem\",\"position\":1,\"name\":\"Home\",\"item\":\"https:\/\/www.prijedordanas.com\/\"},{\"@type\":\"ListItem\",\"position\":2,\"name\":\"\u017densko u rudarske \u010dizme?\"}]},{\"@type\":\"WebSite\",\"@id\":\"https:\/\/www.prijedordanas.com\/#website\",\"url\":\"https:\/\/www.prijedordanas.com\/\",\"name\":\"PrijedorDanas.com - Prijedorski gradski portal\",\"description\":\"Portal o doga\u0111anjima u gradu Prijedoru\",\"publisher\":{\"@id\":\"https:\/\/www.prijedordanas.com\/#organization\"},\"potentialAction\":[{\"@type\":\"SearchAction\",\"target\":{\"@type\":\"EntryPoint\",\"urlTemplate\":\"https:\/\/www.prijedordanas.com\/?s={search_term_string}\"},\"query-input\":\"required name=search_term_string\"}],\"inLanguage\":\"en-US\"},{\"@type\":\"Organization\",\"@id\":\"https:\/\/www.prijedordanas.com\/#organization\",\"name\":\"PrijedorDanas.com\",\"url\":\"https:\/\/www.prijedordanas.com\/\",\"logo\":{\"@type\":\"ImageObject\",\"inLanguage\":\"en-US\",\"@id\":\"https:\/\/www.prijedordanas.com\/#\/schema\/logo\/image\/\",\"url\":\"http:\/\/www.prijedordanas.com\/wp-content\/uploads\/2021\/12\/logopng.png\",\"contentUrl\":\"http:\/\/www.prijedordanas.com\/wp-content\/uploads\/2021\/12\/logopng.png\",\"width\":1019,\"height\":776,\"caption\":\"PrijedorDanas.com\"},\"image\":{\"@id\":\"https:\/\/www.prijedordanas.com\/#\/schema\/logo\/image\/\"},\"sameAs\":[\"https:\/\/www.facebook.com\/PrijedorDanasCom\/\"]},{\"@type\":\"Person\",\"@id\":\"https:\/\/www.prijedordanas.com\/#\/schema\/person\/4e08ccf29b506ca916ff86d46bb700e6\",\"name\":\"admin\",\"image\":{\"@type\":\"ImageObject\",\"inLanguage\":\"en-US\",\"@id\":\"https:\/\/www.prijedordanas.com\/#\/schema\/person\/image\/\",\"url\":\"https:\/\/secure.gravatar.com\/avatar\/1d3fc949d550f0b53a5f0d51e06dfd79?s=96&d=mm&r=g\",\"contentUrl\":\"https:\/\/secure.gravatar.com\/avatar\/1d3fc949d550f0b53a5f0d51e06dfd79?s=96&d=mm&r=g\",\"caption\":\"admin\"},\"url\":\"https:\/\/www.prijedordanas.com\/?author=1\"}]}<\/script>\n<!-- \/ Yoast SEO plugin. -->","yoast_head_json":{"title":"\u017densko u rudarske \u010dizme? - PrijedorDanas.com - Prijedorski gradski portal","robots":{"index":"index","follow":"follow","max-snippet":"max-snippet:-1","max-image-preview":"max-image-preview:large","max-video-preview":"max-video-preview:-1"},"canonical":"https:\/\/www.prijedordanas.com\/?p=210600","og_locale":"en_US","og_type":"article","og_title":"\u017densko u rudarske \u010dizme? - PrijedorDanas.com - Prijedorski gradski portal","og_description":"\u201cOvo jeste mu\u0161ki posao, odmah da se ka\u017ee. A da bi \u017eensko bilo u ovom poslu, mora se stav imati. I karakter. Mo\u017ee \u2013 mo\u017ee, ne mo\u017ee \u2013 ne mo\u017ee\u201c, [&hellip;]","og_url":"https:\/\/www.prijedordanas.com\/?p=210600","og_site_name":"PrijedorDanas.com - Prijedorski gradski portal","article_publisher":"https:\/\/www.facebook.com\/PrijedorDanasCom\/","article_published_time":"2023-08-29T18:52:07+00:00","article_modified_time":"2023-08-30T05:32:35+00:00","og_image":[{"url":"https:\/\/www.prijedordanas.com\/wp-content\/uploads\/2023\/08\/ivana-berga-300x300.jpg"}],"author":"admin","twitter_card":"summary_large_image","twitter_misc":{"Written by":"admin","Est. reading time":"9 minutes"},"schema":{"@context":"https:\/\/schema.org","@graph":[{"@type":"Article","@id":"https:\/\/www.prijedordanas.com\/?p=210600#article","isPartOf":{"@id":"https:\/\/www.prijedordanas.com\/?p=210600"},"author":{"name":"admin","@id":"https:\/\/www.prijedordanas.com\/#\/schema\/person\/4e08ccf29b506ca916ff86d46bb700e6"},"headline":"\u017densko u rudarske \u010dizme?","datePublished":"2023-08-29T18:52:07+00:00","dateModified":"2023-08-30T05:32:35+00:00","mainEntityOfPage":{"@id":"https:\/\/www.prijedordanas.com\/?p=210600"},"wordCount":2086,"publisher":{"@id":"https:\/\/www.prijedordanas.com\/#organization"},"articleSection":["\u017divot"],"inLanguage":"en-US"},{"@type":"WebPage","@id":"https:\/\/www.prijedordanas.com\/?p=210600","url":"https:\/\/www.prijedordanas.com\/?p=210600","name":"\u017densko u rudarske \u010dizme? - PrijedorDanas.com - Prijedorski gradski portal","isPartOf":{"@id":"https:\/\/www.prijedordanas.com\/#website"},"datePublished":"2023-08-29T18:52:07+00:00","dateModified":"2023-08-30T05:32:35+00:00","breadcrumb":{"@id":"https:\/\/www.prijedordanas.com\/?p=210600#breadcrumb"},"inLanguage":"en-US","potentialAction":[{"@type":"ReadAction","target":["https:\/\/www.prijedordanas.com\/?p=210600"]}]},{"@type":"BreadcrumbList","@id":"https:\/\/www.prijedordanas.com\/?p=210600#breadcrumb","itemListElement":[{"@type":"ListItem","position":1,"name":"Home","item":"https:\/\/www.prijedordanas.com\/"},{"@type":"ListItem","position":2,"name":"\u017densko u rudarske \u010dizme?"}]},{"@type":"WebSite","@id":"https:\/\/www.prijedordanas.com\/#website","url":"https:\/\/www.prijedordanas.com\/","name":"PrijedorDanas.com - Prijedorski gradski portal","description":"Portal o doga\u0111anjima u gradu Prijedoru","publisher":{"@id":"https:\/\/www.prijedordanas.com\/#organization"},"potentialAction":[{"@type":"SearchAction","target":{"@type":"EntryPoint","urlTemplate":"https:\/\/www.prijedordanas.com\/?s={search_term_string}"},"query-input":"required name=search_term_string"}],"inLanguage":"en-US"},{"@type":"Organization","@id":"https:\/\/www.prijedordanas.com\/#organization","name":"PrijedorDanas.com","url":"https:\/\/www.prijedordanas.com\/","logo":{"@type":"ImageObject","inLanguage":"en-US","@id":"https:\/\/www.prijedordanas.com\/#\/schema\/logo\/image\/","url":"http:\/\/www.prijedordanas.com\/wp-content\/uploads\/2021\/12\/logopng.png","contentUrl":"http:\/\/www.prijedordanas.com\/wp-content\/uploads\/2021\/12\/logopng.png","width":1019,"height":776,"caption":"PrijedorDanas.com"},"image":{"@id":"https:\/\/www.prijedordanas.com\/#\/schema\/logo\/image\/"},"sameAs":["https:\/\/www.facebook.com\/PrijedorDanasCom\/"]},{"@type":"Person","@id":"https:\/\/www.prijedordanas.com\/#\/schema\/person\/4e08ccf29b506ca916ff86d46bb700e6","name":"admin","image":{"@type":"ImageObject","inLanguage":"en-US","@id":"https:\/\/www.prijedordanas.com\/#\/schema\/person\/image\/","url":"https:\/\/secure.gravatar.com\/avatar\/1d3fc949d550f0b53a5f0d51e06dfd79?s=96&d=mm&r=g","contentUrl":"https:\/\/secure.gravatar.com\/avatar\/1d3fc949d550f0b53a5f0d51e06dfd79?s=96&d=mm&r=g","caption":"admin"},"url":"https:\/\/www.prijedordanas.com\/?author=1"}]}},"_links":{"self":[{"href":"https:\/\/www.prijedordanas.com\/index.php?rest_route=\/wp\/v2\/posts\/210600"}],"collection":[{"href":"https:\/\/www.prijedordanas.com\/index.php?rest_route=\/wp\/v2\/posts"}],"about":[{"href":"https:\/\/www.prijedordanas.com\/index.php?rest_route=\/wp\/v2\/types\/post"}],"author":[{"embeddable":true,"href":"https:\/\/www.prijedordanas.com\/index.php?rest_route=\/wp\/v2\/users\/1"}],"replies":[{"embeddable":true,"href":"https:\/\/www.prijedordanas.com\/index.php?rest_route=%2Fwp%2Fv2%2Fcomments&post=210600"}],"version-history":[{"count":2,"href":"https:\/\/www.prijedordanas.com\/index.php?rest_route=\/wp\/v2\/posts\/210600\/revisions"}],"predecessor-version":[{"id":210612,"href":"https:\/\/www.prijedordanas.com\/index.php?rest_route=\/wp\/v2\/posts\/210600\/revisions\/210612"}],"wp:attachment":[{"href":"https:\/\/www.prijedordanas.com\/index.php?rest_route=%2Fwp%2Fv2%2Fmedia&parent=210600"}],"wp:term":[{"taxonomy":"category","embeddable":true,"href":"https:\/\/www.prijedordanas.com\/index.php?rest_route=%2Fwp%2Fv2%2Fcategories&post=210600"},{"taxonomy":"post_tag","embeddable":true,"href":"https:\/\/www.prijedordanas.com\/index.php?rest_route=%2Fwp%2Fv2%2Ftags&post=210600"}],"curies":[{"name":"wp","href":"https:\/\/api.w.org\/{rel}","templated":true}]}}