{"id":210229,"date":"2023-08-18T13:06:32","date_gmt":"2023-08-18T11:06:32","guid":{"rendered":"https:\/\/www.prijedordanas.com\/?p=210229"},"modified":"2023-08-18T13:06:32","modified_gmt":"2023-08-18T11:06:32","slug":"bistrica-kod-prijedora-rufijeva-kompanija-zatvara-rjecicu-crljenjacu-u-cijev-foto","status":"publish","type":"post","link":"https:\/\/www.prijedordanas.com\/?p=210229","title":{"rendered":"Bistrica kod Prijedora: Rufijeva kompanija zatvara rje\u010dicu Crljenja\u010du u cijev &#8211; FOTO"},"content":{"rendered":"<p><a href=\"https:\/\/www.prijedordanas.com\/wp-content\/uploads\/2023\/08\/bistrica-crljenjaca-cijev-1.jpg\"><img loading=\"lazy\" decoding=\"async\" class=\"alignleft size-medium wp-image-210230\" src=\"https:\/\/www.prijedordanas.com\/wp-content\/uploads\/2023\/08\/bistrica-crljenjaca-cijev-1-300x225.jpg\" alt=\"\" width=\"300\" height=\"225\" srcset=\"https:\/\/www.prijedordanas.com\/wp-content\/uploads\/2023\/08\/bistrica-crljenjaca-cijev-1-300x225.jpg 300w, https:\/\/www.prijedordanas.com\/wp-content\/uploads\/2023\/08\/bistrica-crljenjaca-cijev-1-640x480.jpg 640w, https:\/\/www.prijedordanas.com\/wp-content\/uploads\/2023\/08\/bistrica-crljenjaca-cijev-1.jpg 667w\" sizes=\"(max-width: 300px) 100vw, 300px\" \/><\/a>Kompanija \u201eDrvo-export\u201c iz Tesli\u0107a, dobila je dozvolu \u201eVoda Srpske\u201c da zatvori rije\u010dicu Crljenja\u010du u cijevi da im ne bi smetala pri eksploataciji lignita u sred sela Bistrica kod Prijedora.<\/p>\n<p>Ni\u0161ta to ne bi bilo \u010dudno da ova kompanija ima dozvolu za eksploataciju, odnosno koncesiju za va\u0111enje lignita na ovom podru\u010dju, ali nema.<\/p>\n<p>Ipak, to nije bila prepreka Vodama Srpske da izdaju saglasnost i prije sprovedenog postupka dodjele.<\/p>\n<p>Kako se vidi iz dokumenta koji je u posjedu portala CAPITAL, \u201eDrvo-export-u\u201c je data saglasnost da pokrenu aktivnosti na regulisanju vodotoka Crljenja\u010de u svrhu realizacije koncesije (koju nemaju), uz odre\u0111ene uslove koji obuhvataju obezbje\u0111enje proticajnog profila, de\u017eurstva mehanizacije u slu\u010daju nailaska velikih voda i ljudstvo koje \u0107e pratiti hidrolo\u0161ku situaciju.<\/p>\n<p><a href=\"https:\/\/www.prijedordanas.com\/wp-content\/uploads\/2023\/08\/bistrica-crljenjaca-cijev-2.jpg\"><img loading=\"lazy\" decoding=\"async\" class=\"alignleft size-medium wp-image-210231\" src=\"https:\/\/www.prijedordanas.com\/wp-content\/uploads\/2023\/08\/bistrica-crljenjaca-cijev-2-225x300.jpg\" alt=\"\" width=\"225\" height=\"300\" srcset=\"https:\/\/www.prijedordanas.com\/wp-content\/uploads\/2023\/08\/bistrica-crljenjaca-cijev-2-225x300.jpg 225w, https:\/\/www.prijedordanas.com\/wp-content\/uploads\/2023\/08\/bistrica-crljenjaca-cijev-2.jpg 450w\" sizes=\"(max-width: 225px) 100vw, 225px\" \/><\/a>\u201eU slu\u010daju potrebe ukloni\u0107e se prepreke i vratiti vodotok u prvobitno stanje kako bi se omogu\u0107io proticaj velikih voda u koordinacijom sa Civilnom za\u0161titom Prijedora. Ako do\u0111e do nepredvi\u0111enih promjena u re\u017eimu proticanja vode, \u0161to mo\u017ee prouzrokovati \u0161tete ma kakvog karaktera, korisnik radova je obavezan da sve uzroke \u0161tete otkloni i izvr\u0161i potrebnu sanaciju\u201c, navodi se u saglasnosti koju su Vode Srpske izdale 4. avgusta ove godine.<\/p>\n<p>Mje\u0161tani Bistrice mjesecima se bore da zaustave otvaranje rudnika lignita koje je bez ikakvih dozvola jo\u0161 u martu po\u010delo ovo preduze\u0107e, a za koje se u\u017eurbano u nadle\u017enim institucijama priprema dokumentacija.<\/p>\n<p>Mje\u0161tanin Danijel Lazi\u0107 ka\u017ee da je sve \u0161to su do sada radili bilo nezakonito i da su se uvjerili u proteklih nekoliko mjeseci da pojedinim mo\u0107nicima, niko ne mo\u017ee stati u kraj.<\/p>\n<p>\u201eOvo je za nas katastrofa, uni\u0161ti\u0161e nam cijelo selo. Sada su upropastili rijeku koja je snabdijevala doma\u0107instva vodom. Zatvorili su je u cijev, razrovali pola sela. Mi smo se borili za svoje selo i ne\u0107emo ni sada odustati, u\u010dini\u0107emo sve \u0161to mo\u017eemo da zaustavimo otvaranje rudnika\u201c, ka\u017ee on.<\/p>\n<p><a href=\"https:\/\/www.prijedordanas.com\/wp-content\/uploads\/2023\/08\/bistrica-crljenjaca-cijev-3.jpg\"><img loading=\"lazy\" decoding=\"async\" class=\"alignleft size-medium wp-image-210232\" src=\"https:\/\/www.prijedordanas.com\/wp-content\/uploads\/2023\/08\/bistrica-crljenjaca-cijev-3-225x300.jpg\" alt=\"\" width=\"225\" height=\"300\" srcset=\"https:\/\/www.prijedordanas.com\/wp-content\/uploads\/2023\/08\/bistrica-crljenjaca-cijev-3-225x300.jpg 225w, https:\/\/www.prijedordanas.com\/wp-content\/uploads\/2023\/08\/bistrica-crljenjaca-cijev-3.jpg 450w\" sizes=\"(max-width: 225px) 100vw, 225px\" \/><\/a>Obja\u0161njava da se uz korito rijeke gradi put zato \u0161to\u201eDrvo-export\u201c nije uspio da otkupi zemlju mje\u0161tana sa druge strane rijeke kuda je prvobitno planiran prolaz za kamione.<\/p>\n<p>Gra\u0111ani Mjesne zajednice Bistrica kod Prijedora mjesecima se protive iskopavanju i eksploataciji uglja lignita na samo dvjesta metara od njihovih ku\u0107a.<\/p>\n<p>Ministarstvo energetike i rudarstva Republike Srpske je uprkos gr\u010devitoj borbi i protivljenju mje\u0161tana objavilo javni poziv za dodjelu koncesije za eksploataciju uglja u ovom selu.<\/p>\n<p>\u201eDrvo-Exportu\u201c se pogodovali toliko i da im je dodijeljen i bonus od deset odsto od pripadaju\u0107ih bodova po svim kriterijumima za vrednovanje ponuda, jer je \u201einicirao pokretanje postupka dodjele koncesije\u201c na ovom le\u017ei\u0161tu.<\/p>\n<p>Objava javnog poziva je samo formalnost, jer \u0107e osim po\u010detne prednosti u dodijeljenim bodovima Rufi biti jedini kandidat s obzirom na to da su prethodno na mjestu budu\u0107eg rudnika otkupili zemlji\u0161te od mje\u0161tana, ubje\u0111uju\u0107i ih da \u0107e tu otvoriti eko-selo.<\/p>\n<p>\u201eVodama Srpske\u201c poslali smo pitanja da bismo utvrdili i saznali kako su izdali dozvolu za zatvaranje rijeke u koritu kompaniji koja nije koncesionar, ali kako izjavu i odgovore na njih nismo dobili do zavr\u0161etka teksta, to \u0107emo objaviti kada ih dobijemo.<\/p>\n<p><a href=\"https:\/\/www.capital.ba\/rufijeva-kompanija-zatvara-rijecicu-crljenjacu-u-cijev-foto\/\" target=\"_blank\" rel=\"noopener\">capital.ba<\/a><\/p>\n<p><a href=\"https:\/\/www.prijedordanas.com\/wp-content\/uploads\/2023\/08\/bistrica-crljenjaca-cijev-4.jpg\"><img loading=\"lazy\" decoding=\"async\" src=\"https:\/\/www.prijedordanas.com\/wp-content\/uploads\/2023\/08\/bistrica-crljenjaca-cijev-4-225x300.jpg\" alt=\"\" width=\"225\" height=\"300\" class=\"alignleft size-medium wp-image-210233\" srcset=\"https:\/\/www.prijedordanas.com\/wp-content\/uploads\/2023\/08\/bistrica-crljenjaca-cijev-4-225x300.jpg 225w, https:\/\/www.prijedordanas.com\/wp-content\/uploads\/2023\/08\/bistrica-crljenjaca-cijev-4.jpg 450w\" sizes=\"(max-width: 225px) 100vw, 225px\" \/><\/a> <a href=\"https:\/\/www.prijedordanas.com\/wp-content\/uploads\/2023\/08\/bistrica-crljenjaca-cijev-5.jpg\"><img loading=\"lazy\" decoding=\"async\" src=\"https:\/\/www.prijedordanas.com\/wp-content\/uploads\/2023\/08\/bistrica-crljenjaca-cijev-5-225x300.jpg\" alt=\"\" width=\"225\" height=\"300\" class=\"alignleft size-medium wp-image-210234\" srcset=\"https:\/\/www.prijedordanas.com\/wp-content\/uploads\/2023\/08\/bistrica-crljenjaca-cijev-5-225x300.jpg 225w, https:\/\/www.prijedordanas.com\/wp-content\/uploads\/2023\/08\/bistrica-crljenjaca-cijev-5.jpg 450w\" sizes=\"(max-width: 225px) 100vw, 225px\" \/><\/a> <a href=\"https:\/\/www.prijedordanas.com\/wp-content\/uploads\/2023\/08\/bistrica-crljenjaca-cijev-6.jpg\"><img loading=\"lazy\" decoding=\"async\" src=\"https:\/\/www.prijedordanas.com\/wp-content\/uploads\/2023\/08\/bistrica-crljenjaca-cijev-6-225x300.jpg\" alt=\"\" width=\"225\" height=\"300\" class=\"alignleft size-medium wp-image-210235\" srcset=\"https:\/\/www.prijedordanas.com\/wp-content\/uploads\/2023\/08\/bistrica-crljenjaca-cijev-6-225x300.jpg 225w, https:\/\/www.prijedordanas.com\/wp-content\/uploads\/2023\/08\/bistrica-crljenjaca-cijev-6.jpg 450w\" sizes=\"(max-width: 225px) 100vw, 225px\" \/><\/a> <a href=\"https:\/\/www.prijedordanas.com\/wp-content\/uploads\/2023\/08\/bistrica-crljenjaca-cijev-7.jpg\"><img loading=\"lazy\" decoding=\"async\" src=\"https:\/\/www.prijedordanas.com\/wp-content\/uploads\/2023\/08\/bistrica-crljenjaca-cijev-7-225x300.jpg\" alt=\"\" width=\"225\" height=\"300\" class=\"alignleft size-medium wp-image-210236\" srcset=\"https:\/\/www.prijedordanas.com\/wp-content\/uploads\/2023\/08\/bistrica-crljenjaca-cijev-7-225x300.jpg 225w, https:\/\/www.prijedordanas.com\/wp-content\/uploads\/2023\/08\/bistrica-crljenjaca-cijev-7.jpg 450w\" sizes=\"(max-width: 225px) 100vw, 225px\" \/><\/a> <a href=\"https:\/\/www.prijedordanas.com\/wp-content\/uploads\/2023\/08\/bistrica-crljenjaca-cijev-8.jpg\"><img loading=\"lazy\" decoding=\"async\" src=\"https:\/\/www.prijedordanas.com\/wp-content\/uploads\/2023\/08\/bistrica-crljenjaca-cijev-8-206x300.jpg\" alt=\"\" width=\"206\" height=\"300\" class=\"alignleft size-medium wp-image-210237\" srcset=\"https:\/\/www.prijedordanas.com\/wp-content\/uploads\/2023\/08\/bistrica-crljenjaca-cijev-8-206x300.jpg 206w, https:\/\/www.prijedordanas.com\/wp-content\/uploads\/2023\/08\/bistrica-crljenjaca-cijev-8.jpg 411w\" sizes=\"(max-width: 206px) 100vw, 206px\" \/><\/a><\/p>\n","protected":false},"excerpt":{"rendered":"<p>Kompanija \u201eDrvo-export\u201c iz Tesli\u0107a, dobila je dozvolu \u201eVoda Srpske\u201c da zatvori rije\u010dicu Crljenja\u010du u cijevi da im ne bi smetala pri eksploataciji lignita u sred sela Bistrica kod Prijedora. Ni\u0161ta [&hellip;]<\/p>\n","protected":false},"author":1,"featured_media":0,"comment_status":"closed","ping_status":"open","sticky":false,"template":"","format":"standard","meta":{"_monsterinsights_skip_tracking":false,"_monsterinsights_sitenote_active":false,"_monsterinsights_sitenote_note":"","_monsterinsights_sitenote_category":0,"footnotes":""},"categories":[4],"tags":[],"yoast_head":"<!-- This site is optimized with the Yoast SEO plugin v21.6 - https:\/\/yoast.com\/wordpress\/plugins\/seo\/ -->\n<title>Bistrica kod Prijedora: Rufijeva kompanija zatvara rje\u010dicu Crljenja\u010du u cijev - FOTO - PrijedorDanas.com - Prijedorski gradski portal<\/title>\n<meta name=\"robots\" content=\"index, follow, max-snippet:-1, max-image-preview:large, max-video-preview:-1\" \/>\n<link rel=\"canonical\" href=\"https:\/\/www.prijedordanas.com\/?p=210229\" \/>\n<meta property=\"og:locale\" content=\"en_US\" \/>\n<meta property=\"og:type\" content=\"article\" \/>\n<meta property=\"og:title\" content=\"Bistrica kod Prijedora: Rufijeva kompanija zatvara rje\u010dicu Crljenja\u010du u cijev - FOTO - PrijedorDanas.com - Prijedorski gradski portal\" \/>\n<meta property=\"og:description\" content=\"Kompanija \u201eDrvo-export\u201c iz Tesli\u0107a, dobila je dozvolu \u201eVoda Srpske\u201c da zatvori rije\u010dicu Crljenja\u010du u cijevi da im ne bi smetala pri eksploataciji lignita u sred sela Bistrica kod Prijedora. Ni\u0161ta [&hellip;]\" \/>\n<meta property=\"og:url\" content=\"https:\/\/www.prijedordanas.com\/?p=210229\" \/>\n<meta property=\"og:site_name\" content=\"PrijedorDanas.com - Prijedorski gradski portal\" \/>\n<meta property=\"article:publisher\" content=\"https:\/\/www.facebook.com\/PrijedorDanasCom\/\" \/>\n<meta property=\"article:published_time\" content=\"2023-08-18T11:06:32+00:00\" \/>\n<meta property=\"og:image\" content=\"https:\/\/www.prijedordanas.com\/wp-content\/uploads\/2023\/08\/bistrica-crljenjaca-cijev-1-300x225.jpg\" \/>\n<meta name=\"author\" content=\"admin\" \/>\n<meta name=\"twitter:card\" content=\"summary_large_image\" \/>\n<meta name=\"twitter:label1\" content=\"Written by\" \/>\n\t<meta name=\"twitter:data1\" content=\"admin\" \/>\n\t<meta name=\"twitter:label2\" content=\"Est. reading time\" \/>\n\t<meta name=\"twitter:data2\" content=\"3 minutes\" \/>\n<script type=\"application\/ld+json\" class=\"yoast-schema-graph\">{\"@context\":\"https:\/\/schema.org\",\"@graph\":[{\"@type\":\"Article\",\"@id\":\"https:\/\/www.prijedordanas.com\/?p=210229#article\",\"isPartOf\":{\"@id\":\"https:\/\/www.prijedordanas.com\/?p=210229\"},\"author\":{\"name\":\"admin\",\"@id\":\"https:\/\/www.prijedordanas.com\/#\/schema\/person\/4e08ccf29b506ca916ff86d46bb700e6\"},\"headline\":\"Bistrica kod Prijedora: Rufijeva kompanija zatvara rje\u010dicu Crljenja\u010du u cijev &#8211; FOTO\",\"datePublished\":\"2023-08-18T11:06:32+00:00\",\"dateModified\":\"2023-08-18T11:06:32+00:00\",\"mainEntityOfPage\":{\"@id\":\"https:\/\/www.prijedordanas.com\/?p=210229\"},\"wordCount\":552,\"publisher\":{\"@id\":\"https:\/\/www.prijedordanas.com\/#organization\"},\"articleSection\":[\"Dru\u0161tvo\"],\"inLanguage\":\"en-US\"},{\"@type\":\"WebPage\",\"@id\":\"https:\/\/www.prijedordanas.com\/?p=210229\",\"url\":\"https:\/\/www.prijedordanas.com\/?p=210229\",\"name\":\"Bistrica kod Prijedora: Rufijeva kompanija zatvara rje\u010dicu Crljenja\u010du u cijev - FOTO - PrijedorDanas.com - Prijedorski gradski portal\",\"isPartOf\":{\"@id\":\"https:\/\/www.prijedordanas.com\/#website\"},\"datePublished\":\"2023-08-18T11:06:32+00:00\",\"dateModified\":\"2023-08-18T11:06:32+00:00\",\"breadcrumb\":{\"@id\":\"https:\/\/www.prijedordanas.com\/?p=210229#breadcrumb\"},\"inLanguage\":\"en-US\",\"potentialAction\":[{\"@type\":\"ReadAction\",\"target\":[\"https:\/\/www.prijedordanas.com\/?p=210229\"]}]},{\"@type\":\"BreadcrumbList\",\"@id\":\"https:\/\/www.prijedordanas.com\/?p=210229#breadcrumb\",\"itemListElement\":[{\"@type\":\"ListItem\",\"position\":1,\"name\":\"Home\",\"item\":\"https:\/\/www.prijedordanas.com\/\"},{\"@type\":\"ListItem\",\"position\":2,\"name\":\"Bistrica kod Prijedora: Rufijeva kompanija zatvara rje\u010dicu Crljenja\u010du u cijev &#8211; FOTO\"}]},{\"@type\":\"WebSite\",\"@id\":\"https:\/\/www.prijedordanas.com\/#website\",\"url\":\"https:\/\/www.prijedordanas.com\/\",\"name\":\"PrijedorDanas.com - Prijedorski gradski portal\",\"description\":\"Portal o doga\u0111anjima u gradu Prijedoru\",\"publisher\":{\"@id\":\"https:\/\/www.prijedordanas.com\/#organization\"},\"potentialAction\":[{\"@type\":\"SearchAction\",\"target\":{\"@type\":\"EntryPoint\",\"urlTemplate\":\"https:\/\/www.prijedordanas.com\/?s={search_term_string}\"},\"query-input\":\"required name=search_term_string\"}],\"inLanguage\":\"en-US\"},{\"@type\":\"Organization\",\"@id\":\"https:\/\/www.prijedordanas.com\/#organization\",\"name\":\"PrijedorDanas.com\",\"url\":\"https:\/\/www.prijedordanas.com\/\",\"logo\":{\"@type\":\"ImageObject\",\"inLanguage\":\"en-US\",\"@id\":\"https:\/\/www.prijedordanas.com\/#\/schema\/logo\/image\/\",\"url\":\"http:\/\/www.prijedordanas.com\/wp-content\/uploads\/2021\/12\/logopng.png\",\"contentUrl\":\"http:\/\/www.prijedordanas.com\/wp-content\/uploads\/2021\/12\/logopng.png\",\"width\":1019,\"height\":776,\"caption\":\"PrijedorDanas.com\"},\"image\":{\"@id\":\"https:\/\/www.prijedordanas.com\/#\/schema\/logo\/image\/\"},\"sameAs\":[\"https:\/\/www.facebook.com\/PrijedorDanasCom\/\"]},{\"@type\":\"Person\",\"@id\":\"https:\/\/www.prijedordanas.com\/#\/schema\/person\/4e08ccf29b506ca916ff86d46bb700e6\",\"name\":\"admin\",\"image\":{\"@type\":\"ImageObject\",\"inLanguage\":\"en-US\",\"@id\":\"https:\/\/www.prijedordanas.com\/#\/schema\/person\/image\/\",\"url\":\"https:\/\/secure.gravatar.com\/avatar\/1d3fc949d550f0b53a5f0d51e06dfd79?s=96&d=mm&r=g\",\"contentUrl\":\"https:\/\/secure.gravatar.com\/avatar\/1d3fc949d550f0b53a5f0d51e06dfd79?s=96&d=mm&r=g\",\"caption\":\"admin\"},\"url\":\"https:\/\/www.prijedordanas.com\/?author=1\"}]}<\/script>\n<!-- \/ Yoast SEO plugin. -->","yoast_head_json":{"title":"Bistrica kod Prijedora: Rufijeva kompanija zatvara rje\u010dicu Crljenja\u010du u cijev - FOTO - PrijedorDanas.com - Prijedorski gradski portal","robots":{"index":"index","follow":"follow","max-snippet":"max-snippet:-1","max-image-preview":"max-image-preview:large","max-video-preview":"max-video-preview:-1"},"canonical":"https:\/\/www.prijedordanas.com\/?p=210229","og_locale":"en_US","og_type":"article","og_title":"Bistrica kod Prijedora: Rufijeva kompanija zatvara rje\u010dicu Crljenja\u010du u cijev - FOTO - PrijedorDanas.com - Prijedorski gradski portal","og_description":"Kompanija \u201eDrvo-export\u201c iz Tesli\u0107a, dobila je dozvolu \u201eVoda Srpske\u201c da zatvori rije\u010dicu Crljenja\u010du u cijevi da im ne bi smetala pri eksploataciji lignita u sred sela Bistrica kod Prijedora. Ni\u0161ta [&hellip;]","og_url":"https:\/\/www.prijedordanas.com\/?p=210229","og_site_name":"PrijedorDanas.com - Prijedorski gradski portal","article_publisher":"https:\/\/www.facebook.com\/PrijedorDanasCom\/","article_published_time":"2023-08-18T11:06:32+00:00","og_image":[{"url":"https:\/\/www.prijedordanas.com\/wp-content\/uploads\/2023\/08\/bistrica-crljenjaca-cijev-1-300x225.jpg"}],"author":"admin","twitter_card":"summary_large_image","twitter_misc":{"Written by":"admin","Est. reading time":"3 minutes"},"schema":{"@context":"https:\/\/schema.org","@graph":[{"@type":"Article","@id":"https:\/\/www.prijedordanas.com\/?p=210229#article","isPartOf":{"@id":"https:\/\/www.prijedordanas.com\/?p=210229"},"author":{"name":"admin","@id":"https:\/\/www.prijedordanas.com\/#\/schema\/person\/4e08ccf29b506ca916ff86d46bb700e6"},"headline":"Bistrica kod Prijedora: Rufijeva kompanija zatvara rje\u010dicu Crljenja\u010du u cijev &#8211; FOTO","datePublished":"2023-08-18T11:06:32+00:00","dateModified":"2023-08-18T11:06:32+00:00","mainEntityOfPage":{"@id":"https:\/\/www.prijedordanas.com\/?p=210229"},"wordCount":552,"publisher":{"@id":"https:\/\/www.prijedordanas.com\/#organization"},"articleSection":["Dru\u0161tvo"],"inLanguage":"en-US"},{"@type":"WebPage","@id":"https:\/\/www.prijedordanas.com\/?p=210229","url":"https:\/\/www.prijedordanas.com\/?p=210229","name":"Bistrica kod Prijedora: Rufijeva kompanija zatvara rje\u010dicu Crljenja\u010du u cijev - FOTO - PrijedorDanas.com - Prijedorski gradski portal","isPartOf":{"@id":"https:\/\/www.prijedordanas.com\/#website"},"datePublished":"2023-08-18T11:06:32+00:00","dateModified":"2023-08-18T11:06:32+00:00","breadcrumb":{"@id":"https:\/\/www.prijedordanas.com\/?p=210229#breadcrumb"},"inLanguage":"en-US","potentialAction":[{"@type":"ReadAction","target":["https:\/\/www.prijedordanas.com\/?p=210229"]}]},{"@type":"BreadcrumbList","@id":"https:\/\/www.prijedordanas.com\/?p=210229#breadcrumb","itemListElement":[{"@type":"ListItem","position":1,"name":"Home","item":"https:\/\/www.prijedordanas.com\/"},{"@type":"ListItem","position":2,"name":"Bistrica kod Prijedora: Rufijeva kompanija zatvara rje\u010dicu Crljenja\u010du u cijev &#8211; FOTO"}]},{"@type":"WebSite","@id":"https:\/\/www.prijedordanas.com\/#website","url":"https:\/\/www.prijedordanas.com\/","name":"PrijedorDanas.com - Prijedorski gradski portal","description":"Portal o doga\u0111anjima u gradu Prijedoru","publisher":{"@id":"https:\/\/www.prijedordanas.com\/#organization"},"potentialAction":[{"@type":"SearchAction","target":{"@type":"EntryPoint","urlTemplate":"https:\/\/www.prijedordanas.com\/?s={search_term_string}"},"query-input":"required name=search_term_string"}],"inLanguage":"en-US"},{"@type":"Organization","@id":"https:\/\/www.prijedordanas.com\/#organization","name":"PrijedorDanas.com","url":"https:\/\/www.prijedordanas.com\/","logo":{"@type":"ImageObject","inLanguage":"en-US","@id":"https:\/\/www.prijedordanas.com\/#\/schema\/logo\/image\/","url":"http:\/\/www.prijedordanas.com\/wp-content\/uploads\/2021\/12\/logopng.png","contentUrl":"http:\/\/www.prijedordanas.com\/wp-content\/uploads\/2021\/12\/logopng.png","width":1019,"height":776,"caption":"PrijedorDanas.com"},"image":{"@id":"https:\/\/www.prijedordanas.com\/#\/schema\/logo\/image\/"},"sameAs":["https:\/\/www.facebook.com\/PrijedorDanasCom\/"]},{"@type":"Person","@id":"https:\/\/www.prijedordanas.com\/#\/schema\/person\/4e08ccf29b506ca916ff86d46bb700e6","name":"admin","image":{"@type":"ImageObject","inLanguage":"en-US","@id":"https:\/\/www.prijedordanas.com\/#\/schema\/person\/image\/","url":"https:\/\/secure.gravatar.com\/avatar\/1d3fc949d550f0b53a5f0d51e06dfd79?s=96&d=mm&r=g","contentUrl":"https:\/\/secure.gravatar.com\/avatar\/1d3fc949d550f0b53a5f0d51e06dfd79?s=96&d=mm&r=g","caption":"admin"},"url":"https:\/\/www.prijedordanas.com\/?author=1"}]}},"_links":{"self":[{"href":"https:\/\/www.prijedordanas.com\/index.php?rest_route=\/wp\/v2\/posts\/210229"}],"collection":[{"href":"https:\/\/www.prijedordanas.com\/index.php?rest_route=\/wp\/v2\/posts"}],"about":[{"href":"https:\/\/www.prijedordanas.com\/index.php?rest_route=\/wp\/v2\/types\/post"}],"author":[{"embeddable":true,"href":"https:\/\/www.prijedordanas.com\/index.php?rest_route=\/wp\/v2\/users\/1"}],"replies":[{"embeddable":true,"href":"https:\/\/www.prijedordanas.com\/index.php?rest_route=%2Fwp%2Fv2%2Fcomments&post=210229"}],"version-history":[{"count":1,"href":"https:\/\/www.prijedordanas.com\/index.php?rest_route=\/wp\/v2\/posts\/210229\/revisions"}],"predecessor-version":[{"id":210238,"href":"https:\/\/www.prijedordanas.com\/index.php?rest_route=\/wp\/v2\/posts\/210229\/revisions\/210238"}],"wp:attachment":[{"href":"https:\/\/www.prijedordanas.com\/index.php?rest_route=%2Fwp%2Fv2%2Fmedia&parent=210229"}],"wp:term":[{"taxonomy":"category","embeddable":true,"href":"https:\/\/www.prijedordanas.com\/index.php?rest_route=%2Fwp%2Fv2%2Fcategories&post=210229"},{"taxonomy":"post_tag","embeddable":true,"href":"https:\/\/www.prijedordanas.com\/index.php?rest_route=%2Fwp%2Fv2%2Ftags&post=210229"}],"curies":[{"name":"wp","href":"https:\/\/api.w.org\/{rel}","templated":true}]}}