{"id":209962,"date":"2023-08-10T20:45:56","date_gmt":"2023-08-10T18:45:56","guid":{"rendered":"https:\/\/www.prijedordanas.com\/?p=209962"},"modified":"2023-08-11T14:58:40","modified_gmt":"2023-08-11T12:58:40","slug":"prijedor-sve-spremno-za-1-motorijadu-koju-organizuje-moto-klub-otpisani-video","status":"publish","type":"post","link":"https:\/\/www.prijedordanas.com\/?p=209962","title":{"rendered":"Prijedor: Sve spremno za 1. Motorijadu koju organizuje Moto klub &#8220;Otpisani&#8221; &#8211; VIDEO"},"content":{"rendered":"<p><a href=\"https:\/\/www.prijedordanas.com\/wp-content\/uploads\/2023\/08\/mk-otpisani-motorijada-2023-plakat.jpg\"><img loading=\"lazy\" decoding=\"async\" class=\"alignleft size-medium wp-image-209963\" src=\"https:\/\/www.prijedordanas.com\/wp-content\/uploads\/2023\/08\/mk-otpisani-motorijada-2023-plakat-212x300.jpg\" alt=\"\" width=\"212\" height=\"300\" srcset=\"https:\/\/www.prijedordanas.com\/wp-content\/uploads\/2023\/08\/mk-otpisani-motorijada-2023-plakat-212x300.jpg 212w, https:\/\/www.prijedordanas.com\/wp-content\/uploads\/2023\/08\/mk-otpisani-motorijada-2023-plakat.jpg 452w\" sizes=\"(max-width: 212px) 100vw, 212px\" \/><\/a>U Prijedoru je sve spremno za 1. Motorijadu koju organizuje Moto klub &#8220;Otpisani&#8221; iz na\u0161eg grada.<\/p>\n<p>Potvrdili su ovo gostuju\u0107i na Alternativnoj televiziji predsjednik kluba Slavko Vru\u0107ini\u0107 i potpredsjednik Marinko Todoran.<\/p>\n<p>Ovog petka planiran je koncert grupe &#8220;Balkan Expres&#8221; u Life Club-u.<\/p>\n<p>U subotu je okupljanje bajkera iz brojnih op\u0161tina i gradova.<\/p>\n<p>Predvi\u0111ene su i sportske moto igre.<\/p>\n<p>Za 16 \u010dasova je planiran besplatan ru\u010dak za sve u\u010desnike bajkere, od 18 \u010dasova na raporedu je defile ljubitelja dvoto\u010dka\u0161a ulicama Prijedora.<\/p>\n<p>Od 19 \u010dasova kre\u0107e svirka u Ljetnoj ba\u0161ti Prijedor.<\/p>\n<p>Za sve bajkere ali i ostale Priejdor\u010dane nastupi\u0107e &#8220;Truba Bend&#8221;, &#8220;Sinhro&#8221;, Kob&#8221; te &#8220;Atomsko skloni\u0161te&#8221; uz besplatan ulaz.<\/p>\n<p>Bi\u0107e ovo prvi moto susret koju organizuje Moto klub &#8220;Otpisani&#8221; Prijedor koji postoji ve\u0107 \u0161est godina.<\/p>\n<p>Ina\u010de, motorijada je uvr\u0161tena u program &#8220;Prijedorskog ljeta 2023&#8221;.<\/p>\n<p>Ujedno, to je prva motorijada u Prijedoru nakon 14 godina.<\/p>\n<p><iframe loading=\"lazy\" style=\"border: none; overflow: hidden;\" src=\"https:\/\/www.facebook.com\/plugins\/video.php?height=314&amp;href=https%3A%2F%2Fwww.facebook.com%2FCentarDana%2Fvideos%2F244734058517881%2F&amp;show_text=false&amp;width=560&amp;t=0\" width=\"560\" height=\"314\" frameborder=\"0\" scrolling=\"no\" allowfullscreen=\"allowfullscreen\"><\/iframe><\/p>\n","protected":false},"excerpt":{"rendered":"<p>U Prijedoru je sve spremno za 1. Motorijadu koju organizuje Moto klub &#8220;Otpisani&#8221; iz na\u0161eg grada. Potvrdili su ovo gostuju\u0107i na Alternativnoj televiziji predsjednik kluba Slavko Vru\u0107ini\u0107 i potpredsjednik Marinko [&hellip;]<\/p>\n","protected":false},"author":1,"featured_media":0,"comment_status":"closed","ping_status":"open","sticky":false,"template":"","format":"standard","meta":{"_monsterinsights_skip_tracking":false,"_monsterinsights_sitenote_active":false,"_monsterinsights_sitenote_note":"","_monsterinsights_sitenote_category":0,"footnotes":""},"categories":[4],"tags":[],"yoast_head":"<!-- This site is optimized with the Yoast SEO plugin v21.6 - https:\/\/yoast.com\/wordpress\/plugins\/seo\/ -->\n<title>Prijedor: Sve spremno za 1. Motorijadu koju organizuje Moto klub &quot;Otpisani&quot; - VIDEO - PrijedorDanas.com - Prijedorski gradski portal<\/title>\n<meta name=\"robots\" content=\"index, follow, max-snippet:-1, max-image-preview:large, max-video-preview:-1\" \/>\n<link rel=\"canonical\" href=\"https:\/\/www.prijedordanas.com\/?p=209962\" \/>\n<meta property=\"og:locale\" content=\"en_US\" \/>\n<meta property=\"og:type\" content=\"article\" \/>\n<meta property=\"og:title\" content=\"Prijedor: Sve spremno za 1. Motorijadu koju organizuje Moto klub &quot;Otpisani&quot; - VIDEO - PrijedorDanas.com - Prijedorski gradski portal\" \/>\n<meta property=\"og:description\" content=\"U Prijedoru je sve spremno za 1. Motorijadu koju organizuje Moto klub &#8220;Otpisani&#8221; iz na\u0161eg grada. Potvrdili su ovo gostuju\u0107i na Alternativnoj televiziji predsjednik kluba Slavko Vru\u0107ini\u0107 i potpredsjednik Marinko [&hellip;]\" \/>\n<meta property=\"og:url\" content=\"https:\/\/www.prijedordanas.com\/?p=209962\" \/>\n<meta property=\"og:site_name\" content=\"PrijedorDanas.com - Prijedorski gradski portal\" \/>\n<meta property=\"article:publisher\" content=\"https:\/\/www.facebook.com\/PrijedorDanasCom\/\" \/>\n<meta property=\"article:published_time\" content=\"2023-08-10T18:45:56+00:00\" \/>\n<meta property=\"article:modified_time\" content=\"2023-08-11T12:58:40+00:00\" \/>\n<meta property=\"og:image\" content=\"https:\/\/www.prijedordanas.com\/wp-content\/uploads\/2023\/08\/mk-otpisani-motorijada-2023-plakat-212x300.jpg\" \/>\n<meta name=\"author\" content=\"admin\" \/>\n<meta name=\"twitter:card\" content=\"summary_large_image\" \/>\n<meta name=\"twitter:label1\" content=\"Written by\" \/>\n\t<meta name=\"twitter:data1\" content=\"admin\" \/>\n\t<meta name=\"twitter:label2\" content=\"Est. reading time\" \/>\n\t<meta name=\"twitter:data2\" content=\"1 minute\" \/>\n<script type=\"application\/ld+json\" class=\"yoast-schema-graph\">{\"@context\":\"https:\/\/schema.org\",\"@graph\":[{\"@type\":\"Article\",\"@id\":\"https:\/\/www.prijedordanas.com\/?p=209962#article\",\"isPartOf\":{\"@id\":\"https:\/\/www.prijedordanas.com\/?p=209962\"},\"author\":{\"name\":\"admin\",\"@id\":\"https:\/\/www.prijedordanas.com\/#\/schema\/person\/4e08ccf29b506ca916ff86d46bb700e6\"},\"headline\":\"Prijedor: Sve spremno za 1. Motorijadu koju organizuje Moto klub &#8220;Otpisani&#8221; &#8211; VIDEO\",\"datePublished\":\"2023-08-10T18:45:56+00:00\",\"dateModified\":\"2023-08-11T12:58:40+00:00\",\"mainEntityOfPage\":{\"@id\":\"https:\/\/www.prijedordanas.com\/?p=209962\"},\"wordCount\":165,\"publisher\":{\"@id\":\"https:\/\/www.prijedordanas.com\/#organization\"},\"articleSection\":[\"Dru\u0161tvo\"],\"inLanguage\":\"en-US\"},{\"@type\":\"WebPage\",\"@id\":\"https:\/\/www.prijedordanas.com\/?p=209962\",\"url\":\"https:\/\/www.prijedordanas.com\/?p=209962\",\"name\":\"Prijedor: Sve spremno za 1. Motorijadu koju organizuje Moto klub \\\"Otpisani\\\" - VIDEO - PrijedorDanas.com - Prijedorski gradski portal\",\"isPartOf\":{\"@id\":\"https:\/\/www.prijedordanas.com\/#website\"},\"datePublished\":\"2023-08-10T18:45:56+00:00\",\"dateModified\":\"2023-08-11T12:58:40+00:00\",\"breadcrumb\":{\"@id\":\"https:\/\/www.prijedordanas.com\/?p=209962#breadcrumb\"},\"inLanguage\":\"en-US\",\"potentialAction\":[{\"@type\":\"ReadAction\",\"target\":[\"https:\/\/www.prijedordanas.com\/?p=209962\"]}]},{\"@type\":\"BreadcrumbList\",\"@id\":\"https:\/\/www.prijedordanas.com\/?p=209962#breadcrumb\",\"itemListElement\":[{\"@type\":\"ListItem\",\"position\":1,\"name\":\"Home\",\"item\":\"https:\/\/www.prijedordanas.com\/\"},{\"@type\":\"ListItem\",\"position\":2,\"name\":\"Prijedor: Sve spremno za 1. Motorijadu koju organizuje Moto klub &#8220;Otpisani&#8221; &#8211; VIDEO\"}]},{\"@type\":\"WebSite\",\"@id\":\"https:\/\/www.prijedordanas.com\/#website\",\"url\":\"https:\/\/www.prijedordanas.com\/\",\"name\":\"PrijedorDanas.com - Prijedorski gradski portal\",\"description\":\"Portal o doga\u0111anjima u gradu Prijedoru\",\"publisher\":{\"@id\":\"https:\/\/www.prijedordanas.com\/#organization\"},\"potentialAction\":[{\"@type\":\"SearchAction\",\"target\":{\"@type\":\"EntryPoint\",\"urlTemplate\":\"https:\/\/www.prijedordanas.com\/?s={search_term_string}\"},\"query-input\":\"required name=search_term_string\"}],\"inLanguage\":\"en-US\"},{\"@type\":\"Organization\",\"@id\":\"https:\/\/www.prijedordanas.com\/#organization\",\"name\":\"PrijedorDanas.com\",\"url\":\"https:\/\/www.prijedordanas.com\/\",\"logo\":{\"@type\":\"ImageObject\",\"inLanguage\":\"en-US\",\"@id\":\"https:\/\/www.prijedordanas.com\/#\/schema\/logo\/image\/\",\"url\":\"http:\/\/www.prijedordanas.com\/wp-content\/uploads\/2021\/12\/logopng.png\",\"contentUrl\":\"http:\/\/www.prijedordanas.com\/wp-content\/uploads\/2021\/12\/logopng.png\",\"width\":1019,\"height\":776,\"caption\":\"PrijedorDanas.com\"},\"image\":{\"@id\":\"https:\/\/www.prijedordanas.com\/#\/schema\/logo\/image\/\"},\"sameAs\":[\"https:\/\/www.facebook.com\/PrijedorDanasCom\/\"]},{\"@type\":\"Person\",\"@id\":\"https:\/\/www.prijedordanas.com\/#\/schema\/person\/4e08ccf29b506ca916ff86d46bb700e6\",\"name\":\"admin\",\"image\":{\"@type\":\"ImageObject\",\"inLanguage\":\"en-US\",\"@id\":\"https:\/\/www.prijedordanas.com\/#\/schema\/person\/image\/\",\"url\":\"https:\/\/secure.gravatar.com\/avatar\/1d3fc949d550f0b53a5f0d51e06dfd79?s=96&d=mm&r=g\",\"contentUrl\":\"https:\/\/secure.gravatar.com\/avatar\/1d3fc949d550f0b53a5f0d51e06dfd79?s=96&d=mm&r=g\",\"caption\":\"admin\"},\"url\":\"https:\/\/www.prijedordanas.com\/?author=1\"}]}<\/script>\n<!-- \/ Yoast SEO plugin. -->","yoast_head_json":{"title":"Prijedor: Sve spremno za 1. Motorijadu koju organizuje Moto klub \"Otpisani\" - VIDEO - PrijedorDanas.com - Prijedorski gradski portal","robots":{"index":"index","follow":"follow","max-snippet":"max-snippet:-1","max-image-preview":"max-image-preview:large","max-video-preview":"max-video-preview:-1"},"canonical":"https:\/\/www.prijedordanas.com\/?p=209962","og_locale":"en_US","og_type":"article","og_title":"Prijedor: Sve spremno za 1. Motorijadu koju organizuje Moto klub \"Otpisani\" - VIDEO - PrijedorDanas.com - Prijedorski gradski portal","og_description":"U Prijedoru je sve spremno za 1. Motorijadu koju organizuje Moto klub &#8220;Otpisani&#8221; iz na\u0161eg grada. Potvrdili su ovo gostuju\u0107i na Alternativnoj televiziji predsjednik kluba Slavko Vru\u0107ini\u0107 i potpredsjednik Marinko [&hellip;]","og_url":"https:\/\/www.prijedordanas.com\/?p=209962","og_site_name":"PrijedorDanas.com - Prijedorski gradski portal","article_publisher":"https:\/\/www.facebook.com\/PrijedorDanasCom\/","article_published_time":"2023-08-10T18:45:56+00:00","article_modified_time":"2023-08-11T12:58:40+00:00","og_image":[{"url":"https:\/\/www.prijedordanas.com\/wp-content\/uploads\/2023\/08\/mk-otpisani-motorijada-2023-plakat-212x300.jpg"}],"author":"admin","twitter_card":"summary_large_image","twitter_misc":{"Written by":"admin","Est. reading time":"1 minute"},"schema":{"@context":"https:\/\/schema.org","@graph":[{"@type":"Article","@id":"https:\/\/www.prijedordanas.com\/?p=209962#article","isPartOf":{"@id":"https:\/\/www.prijedordanas.com\/?p=209962"},"author":{"name":"admin","@id":"https:\/\/www.prijedordanas.com\/#\/schema\/person\/4e08ccf29b506ca916ff86d46bb700e6"},"headline":"Prijedor: Sve spremno za 1. Motorijadu koju organizuje Moto klub &#8220;Otpisani&#8221; &#8211; VIDEO","datePublished":"2023-08-10T18:45:56+00:00","dateModified":"2023-08-11T12:58:40+00:00","mainEntityOfPage":{"@id":"https:\/\/www.prijedordanas.com\/?p=209962"},"wordCount":165,"publisher":{"@id":"https:\/\/www.prijedordanas.com\/#organization"},"articleSection":["Dru\u0161tvo"],"inLanguage":"en-US"},{"@type":"WebPage","@id":"https:\/\/www.prijedordanas.com\/?p=209962","url":"https:\/\/www.prijedordanas.com\/?p=209962","name":"Prijedor: Sve spremno za 1. Motorijadu koju organizuje Moto klub \"Otpisani\" - VIDEO - PrijedorDanas.com - Prijedorski gradski portal","isPartOf":{"@id":"https:\/\/www.prijedordanas.com\/#website"},"datePublished":"2023-08-10T18:45:56+00:00","dateModified":"2023-08-11T12:58:40+00:00","breadcrumb":{"@id":"https:\/\/www.prijedordanas.com\/?p=209962#breadcrumb"},"inLanguage":"en-US","potentialAction":[{"@type":"ReadAction","target":["https:\/\/www.prijedordanas.com\/?p=209962"]}]},{"@type":"BreadcrumbList","@id":"https:\/\/www.prijedordanas.com\/?p=209962#breadcrumb","itemListElement":[{"@type":"ListItem","position":1,"name":"Home","item":"https:\/\/www.prijedordanas.com\/"},{"@type":"ListItem","position":2,"name":"Prijedor: Sve spremno za 1. Motorijadu koju organizuje Moto klub &#8220;Otpisani&#8221; &#8211; VIDEO"}]},{"@type":"WebSite","@id":"https:\/\/www.prijedordanas.com\/#website","url":"https:\/\/www.prijedordanas.com\/","name":"PrijedorDanas.com - Prijedorski gradski portal","description":"Portal o doga\u0111anjima u gradu Prijedoru","publisher":{"@id":"https:\/\/www.prijedordanas.com\/#organization"},"potentialAction":[{"@type":"SearchAction","target":{"@type":"EntryPoint","urlTemplate":"https:\/\/www.prijedordanas.com\/?s={search_term_string}"},"query-input":"required name=search_term_string"}],"inLanguage":"en-US"},{"@type":"Organization","@id":"https:\/\/www.prijedordanas.com\/#organization","name":"PrijedorDanas.com","url":"https:\/\/www.prijedordanas.com\/","logo":{"@type":"ImageObject","inLanguage":"en-US","@id":"https:\/\/www.prijedordanas.com\/#\/schema\/logo\/image\/","url":"http:\/\/www.prijedordanas.com\/wp-content\/uploads\/2021\/12\/logopng.png","contentUrl":"http:\/\/www.prijedordanas.com\/wp-content\/uploads\/2021\/12\/logopng.png","width":1019,"height":776,"caption":"PrijedorDanas.com"},"image":{"@id":"https:\/\/www.prijedordanas.com\/#\/schema\/logo\/image\/"},"sameAs":["https:\/\/www.facebook.com\/PrijedorDanasCom\/"]},{"@type":"Person","@id":"https:\/\/www.prijedordanas.com\/#\/schema\/person\/4e08ccf29b506ca916ff86d46bb700e6","name":"admin","image":{"@type":"ImageObject","inLanguage":"en-US","@id":"https:\/\/www.prijedordanas.com\/#\/schema\/person\/image\/","url":"https:\/\/secure.gravatar.com\/avatar\/1d3fc949d550f0b53a5f0d51e06dfd79?s=96&d=mm&r=g","contentUrl":"https:\/\/secure.gravatar.com\/avatar\/1d3fc949d550f0b53a5f0d51e06dfd79?s=96&d=mm&r=g","caption":"admin"},"url":"https:\/\/www.prijedordanas.com\/?author=1"}]}},"_links":{"self":[{"href":"https:\/\/www.prijedordanas.com\/index.php?rest_route=\/wp\/v2\/posts\/209962"}],"collection":[{"href":"https:\/\/www.prijedordanas.com\/index.php?rest_route=\/wp\/v2\/posts"}],"about":[{"href":"https:\/\/www.prijedordanas.com\/index.php?rest_route=\/wp\/v2\/types\/post"}],"author":[{"embeddable":true,"href":"https:\/\/www.prijedordanas.com\/index.php?rest_route=\/wp\/v2\/users\/1"}],"replies":[{"embeddable":true,"href":"https:\/\/www.prijedordanas.com\/index.php?rest_route=%2Fwp%2Fv2%2Fcomments&post=209962"}],"version-history":[{"count":1,"href":"https:\/\/www.prijedordanas.com\/index.php?rest_route=\/wp\/v2\/posts\/209962\/revisions"}],"predecessor-version":[{"id":209964,"href":"https:\/\/www.prijedordanas.com\/index.php?rest_route=\/wp\/v2\/posts\/209962\/revisions\/209964"}],"wp:attachment":[{"href":"https:\/\/www.prijedordanas.com\/index.php?rest_route=%2Fwp%2Fv2%2Fmedia&parent=209962"}],"wp:term":[{"taxonomy":"category","embeddable":true,"href":"https:\/\/www.prijedordanas.com\/index.php?rest_route=%2Fwp%2Fv2%2Fcategories&post=209962"},{"taxonomy":"post_tag","embeddable":true,"href":"https:\/\/www.prijedordanas.com\/index.php?rest_route=%2Fwp%2Fv2%2Ftags&post=209962"}],"curies":[{"name":"wp","href":"https:\/\/api.w.org\/{rel}","templated":true}]}}