{"id":209738,"date":"2023-08-04T15:33:52","date_gmt":"2023-08-04T13:33:52","guid":{"rendered":"https:\/\/www.prijedordanas.com\/?p=209738"},"modified":"2023-08-04T15:33:52","modified_gmt":"2023-08-04T13:33:52","slug":"prijedor-oluja-dan-sjecanja-na-ubijene-i-protjerane-srbe-iz-hrvatske-video","status":"publish","type":"post","link":"https:\/\/www.prijedordanas.com\/?p=209738","title":{"rendered":"Prijedor: &#8220;Oluja&#8221; &#8211; Dan sje\u0107anja na ubijene i protjerane Srbe iz Hrvatske &#8211; VIDEO"},"content":{"rendered":"<p><a href=\"https:\/\/www.prijedordanas.com\/wp-content\/uploads\/2023\/08\/rtrs-olujaprognani-2.jpg\"><img loading=\"lazy\" decoding=\"async\" src=\"https:\/\/www.prijedordanas.com\/wp-content\/uploads\/2023\/08\/rtrs-olujaprognani-2-300x225.jpg\" alt=\"\" width=\"300\" height=\"225\" class=\"alignleft size-medium wp-image-209739\" srcset=\"https:\/\/www.prijedordanas.com\/wp-content\/uploads\/2023\/08\/rtrs-olujaprognani-2-300x225.jpg 300w, https:\/\/www.prijedordanas.com\/wp-content\/uploads\/2023\/08\/rtrs-olujaprognani-2-640x480.jpg 640w, https:\/\/www.prijedordanas.com\/wp-content\/uploads\/2023\/08\/rtrs-olujaprognani-2.jpg 666w\" sizes=\"(max-width: 300px) 100vw, 300px\" \/><\/a>Dan sje\u0107anja na ubijene i protjerane Srbe iz Hrvatske u pogromu &#8220;Oluja&#8221; 1995. godine bi\u0107e obilje\u017een danas u Prijedoru u prisustvu predsjednika Republike Srpske i Srbije Milorada Dodika i Aleksandra Vu\u010di\u0107a, premijera Srpske Radovana Vi\u0161kovi\u0107a, srpskog \u010dlana Predsjedni\u0161tva \u017deljke Cvijanovi\u0107 i drugih zvani\u010dnika Srpske i Srbije, kao i Njegove svetosti patrijarha srpskog Porfirija.<\/p>\n<p>Prenos Dana se\u0107anja na stradanje i progon Srba u Oluji gledajte od 19 \u010dasova na RTRS, na\u0161em portalu i \u0408utjub kanalu.<\/p>\n<p>Osim zvani\u010dnika Srpske i Srbije, obilje\u017eavanju \u0107e prisustvovati i veliki broj gra\u0111ana.<\/p>\n<p>Obilje\u017eavanje 28 godina od ovog velikog srpskog stradanja i najve\u0107eg etni\u010dkog \u010di\u0161\u0107enja u Evropi nakon Drugog svjetskog rata organizuju odbori vlada Republike Srpske i Srbije za njegovanje tradicije oslobodila\u010dkih ratova.<\/p>\n<p>Pogrom Srba u &#8220;Oluji&#8221; po\u010deo je 4. avgusta 1995. godine ofanzivom hrvatske vojske i policije, te jedinica HVO-a na podru\u010dju Banije, Like, Korduna i sjeverne Dalmacije.<\/p>\n<p>Dan kasnije, 5. avgusta, hrvatska vojska je u\u0161la u gotovo napu\u0161ten Knin i istakla zastavu Hrvatske, dok su kolone izbjeglica preko srpskih teritorija u BiH krenule ka Srbiji.<\/p>\n<p>Prema podacima &#8220;Veritasa&#8221;, tokom &#8220;Oluje&#8221; protjerano je vi\u0161e od 220.000 kraji\u0161kih Srba, a na evidenciji se nalaze imena 1.869 poginulih i nestalih Srba, od kojih 1.220 civila.<\/p>\n<p>Me\u0111unarodni sud pravde je u presudi iz februara 2015. godine &#8220;Oluju&#8221; okvalifikovao kao etni\u010dko \u010di\u0161\u0107enje, ali ne i kao genocid, mada svjetski eksperti za tu oblast tvrde da je ta operacija imala sve karakteristike genocida. <\/p>\n<p>Predsjednici Srpske i Srbije prethodno \u0107e polo\u017eiti vijence na spomen-obilje\u017eje i budu\u0107i kompleks sa spomen-kapelom srpskim izbjeglicama ubijenim na Petrova\u010dkoj cesti u selu \u0408anjila kod Bosanskog Petrovca.<\/p>\n<p>RTRS<\/p>\n<p><iframe loading=\"lazy\" title=\"U Prijedoru Srpska i Srbija sutra obilje\u017eavaju Dan sje\u0107anja na stradale i prognane Srbe u &quot;Oluji&quot;\" width=\"500\" height=\"281\" src=\"https:\/\/www.youtube.com\/embed\/HSIrf8aodmU?feature=oembed\" frameborder=\"0\" allow=\"accelerometer; autoplay; clipboard-write; encrypted-media; gyroscope; picture-in-picture; web-share\" allowfullscreen><\/iframe><\/p>\n","protected":false},"excerpt":{"rendered":"<p>Dan sje\u0107anja na ubijene i protjerane Srbe iz Hrvatske u pogromu &#8220;Oluja&#8221; 1995. godine bi\u0107e obilje\u017een danas u Prijedoru u prisustvu predsjednika Republike Srpske i Srbije Milorada Dodika i Aleksandra [&hellip;]<\/p>\n","protected":false},"author":1,"featured_media":0,"comment_status":"closed","ping_status":"open","sticky":false,"template":"","format":"standard","meta":{"_monsterinsights_skip_tracking":false,"_monsterinsights_sitenote_active":false,"_monsterinsights_sitenote_note":"","_monsterinsights_sitenote_category":0,"footnotes":""},"categories":[8],"tags":[],"yoast_head":"<!-- This site is optimized with the Yoast SEO plugin v21.6 - https:\/\/yoast.com\/wordpress\/plugins\/seo\/ -->\n<title>Prijedor: &quot;Oluja&quot; - Dan sje\u0107anja na ubijene i protjerane Srbe iz Hrvatske - VIDEO - PrijedorDanas.com - Prijedorski gradski portal<\/title>\n<meta name=\"robots\" content=\"index, follow, max-snippet:-1, max-image-preview:large, max-video-preview:-1\" \/>\n<link rel=\"canonical\" href=\"https:\/\/www.prijedordanas.com\/?p=209738\" \/>\n<meta property=\"og:locale\" content=\"en_US\" \/>\n<meta property=\"og:type\" content=\"article\" \/>\n<meta property=\"og:title\" content=\"Prijedor: &quot;Oluja&quot; - Dan sje\u0107anja na ubijene i protjerane Srbe iz Hrvatske - VIDEO - PrijedorDanas.com - Prijedorski gradski portal\" \/>\n<meta property=\"og:description\" content=\"Dan sje\u0107anja na ubijene i protjerane Srbe iz Hrvatske u pogromu &#8220;Oluja&#8221; 1995. godine bi\u0107e obilje\u017een danas u Prijedoru u prisustvu predsjednika Republike Srpske i Srbije Milorada Dodika i Aleksandra [&hellip;]\" \/>\n<meta property=\"og:url\" content=\"https:\/\/www.prijedordanas.com\/?p=209738\" \/>\n<meta property=\"og:site_name\" content=\"PrijedorDanas.com - Prijedorski gradski portal\" \/>\n<meta property=\"article:publisher\" content=\"https:\/\/www.facebook.com\/PrijedorDanasCom\/\" \/>\n<meta property=\"article:published_time\" content=\"2023-08-04T13:33:52+00:00\" \/>\n<meta property=\"og:image\" content=\"https:\/\/www.prijedordanas.com\/wp-content\/uploads\/2023\/08\/rtrs-olujaprognani-2-300x225.jpg\" \/>\n<meta name=\"author\" content=\"admin\" \/>\n<meta name=\"twitter:card\" content=\"summary_large_image\" \/>\n<meta name=\"twitter:label1\" content=\"Written by\" \/>\n\t<meta name=\"twitter:data1\" content=\"admin\" \/>\n<script type=\"application\/ld+json\" class=\"yoast-schema-graph\">{\"@context\":\"https:\/\/schema.org\",\"@graph\":[{\"@type\":\"Article\",\"@id\":\"https:\/\/www.prijedordanas.com\/?p=209738#article\",\"isPartOf\":{\"@id\":\"https:\/\/www.prijedordanas.com\/?p=209738\"},\"author\":{\"name\":\"admin\",\"@id\":\"https:\/\/www.prijedordanas.com\/#\/schema\/person\/4e08ccf29b506ca916ff86d46bb700e6\"},\"headline\":\"Prijedor: &#8220;Oluja&#8221; &#8211; Dan sje\u0107anja na ubijene i protjerane Srbe iz Hrvatske &#8211; VIDEO\",\"datePublished\":\"2023-08-04T13:33:52+00:00\",\"dateModified\":\"2023-08-04T13:33:52+00:00\",\"mainEntityOfPage\":{\"@id\":\"https:\/\/www.prijedordanas.com\/?p=209738\"},\"wordCount\":302,\"publisher\":{\"@id\":\"https:\/\/www.prijedordanas.com\/#organization\"},\"articleSection\":[\"Svakodnevno\"],\"inLanguage\":\"en-US\"},{\"@type\":\"WebPage\",\"@id\":\"https:\/\/www.prijedordanas.com\/?p=209738\",\"url\":\"https:\/\/www.prijedordanas.com\/?p=209738\",\"name\":\"Prijedor: \\\"Oluja\\\" - Dan sje\u0107anja na ubijene i protjerane Srbe iz Hrvatske - VIDEO - PrijedorDanas.com - Prijedorski gradski portal\",\"isPartOf\":{\"@id\":\"https:\/\/www.prijedordanas.com\/#website\"},\"datePublished\":\"2023-08-04T13:33:52+00:00\",\"dateModified\":\"2023-08-04T13:33:52+00:00\",\"breadcrumb\":{\"@id\":\"https:\/\/www.prijedordanas.com\/?p=209738#breadcrumb\"},\"inLanguage\":\"en-US\",\"potentialAction\":[{\"@type\":\"ReadAction\",\"target\":[\"https:\/\/www.prijedordanas.com\/?p=209738\"]}]},{\"@type\":\"BreadcrumbList\",\"@id\":\"https:\/\/www.prijedordanas.com\/?p=209738#breadcrumb\",\"itemListElement\":[{\"@type\":\"ListItem\",\"position\":1,\"name\":\"Home\",\"item\":\"https:\/\/www.prijedordanas.com\/\"},{\"@type\":\"ListItem\",\"position\":2,\"name\":\"Prijedor: &#8220;Oluja&#8221; &#8211; Dan sje\u0107anja na ubijene i protjerane Srbe iz Hrvatske &#8211; VIDEO\"}]},{\"@type\":\"WebSite\",\"@id\":\"https:\/\/www.prijedordanas.com\/#website\",\"url\":\"https:\/\/www.prijedordanas.com\/\",\"name\":\"PrijedorDanas.com - Prijedorski gradski portal\",\"description\":\"Portal o doga\u0111anjima u gradu Prijedoru\",\"publisher\":{\"@id\":\"https:\/\/www.prijedordanas.com\/#organization\"},\"potentialAction\":[{\"@type\":\"SearchAction\",\"target\":{\"@type\":\"EntryPoint\",\"urlTemplate\":\"https:\/\/www.prijedordanas.com\/?s={search_term_string}\"},\"query-input\":\"required name=search_term_string\"}],\"inLanguage\":\"en-US\"},{\"@type\":\"Organization\",\"@id\":\"https:\/\/www.prijedordanas.com\/#organization\",\"name\":\"PrijedorDanas.com\",\"url\":\"https:\/\/www.prijedordanas.com\/\",\"logo\":{\"@type\":\"ImageObject\",\"inLanguage\":\"en-US\",\"@id\":\"https:\/\/www.prijedordanas.com\/#\/schema\/logo\/image\/\",\"url\":\"http:\/\/www.prijedordanas.com\/wp-content\/uploads\/2021\/12\/logopng.png\",\"contentUrl\":\"http:\/\/www.prijedordanas.com\/wp-content\/uploads\/2021\/12\/logopng.png\",\"width\":1019,\"height\":776,\"caption\":\"PrijedorDanas.com\"},\"image\":{\"@id\":\"https:\/\/www.prijedordanas.com\/#\/schema\/logo\/image\/\"},\"sameAs\":[\"https:\/\/www.facebook.com\/PrijedorDanasCom\/\"]},{\"@type\":\"Person\",\"@id\":\"https:\/\/www.prijedordanas.com\/#\/schema\/person\/4e08ccf29b506ca916ff86d46bb700e6\",\"name\":\"admin\",\"image\":{\"@type\":\"ImageObject\",\"inLanguage\":\"en-US\",\"@id\":\"https:\/\/www.prijedordanas.com\/#\/schema\/person\/image\/\",\"url\":\"https:\/\/secure.gravatar.com\/avatar\/1d3fc949d550f0b53a5f0d51e06dfd79?s=96&d=mm&r=g\",\"contentUrl\":\"https:\/\/secure.gravatar.com\/avatar\/1d3fc949d550f0b53a5f0d51e06dfd79?s=96&d=mm&r=g\",\"caption\":\"admin\"},\"url\":\"https:\/\/www.prijedordanas.com\/?author=1\"}]}<\/script>\n<!-- \/ Yoast SEO plugin. -->","yoast_head_json":{"title":"Prijedor: \"Oluja\" - Dan sje\u0107anja na ubijene i protjerane Srbe iz Hrvatske - VIDEO - PrijedorDanas.com - Prijedorski gradski portal","robots":{"index":"index","follow":"follow","max-snippet":"max-snippet:-1","max-image-preview":"max-image-preview:large","max-video-preview":"max-video-preview:-1"},"canonical":"https:\/\/www.prijedordanas.com\/?p=209738","og_locale":"en_US","og_type":"article","og_title":"Prijedor: \"Oluja\" - Dan sje\u0107anja na ubijene i protjerane Srbe iz Hrvatske - VIDEO - PrijedorDanas.com - Prijedorski gradski portal","og_description":"Dan sje\u0107anja na ubijene i protjerane Srbe iz Hrvatske u pogromu &#8220;Oluja&#8221; 1995. godine bi\u0107e obilje\u017een danas u Prijedoru u prisustvu predsjednika Republike Srpske i Srbije Milorada Dodika i Aleksandra [&hellip;]","og_url":"https:\/\/www.prijedordanas.com\/?p=209738","og_site_name":"PrijedorDanas.com - Prijedorski gradski portal","article_publisher":"https:\/\/www.facebook.com\/PrijedorDanasCom\/","article_published_time":"2023-08-04T13:33:52+00:00","og_image":[{"url":"https:\/\/www.prijedordanas.com\/wp-content\/uploads\/2023\/08\/rtrs-olujaprognani-2-300x225.jpg"}],"author":"admin","twitter_card":"summary_large_image","twitter_misc":{"Written by":"admin"},"schema":{"@context":"https:\/\/schema.org","@graph":[{"@type":"Article","@id":"https:\/\/www.prijedordanas.com\/?p=209738#article","isPartOf":{"@id":"https:\/\/www.prijedordanas.com\/?p=209738"},"author":{"name":"admin","@id":"https:\/\/www.prijedordanas.com\/#\/schema\/person\/4e08ccf29b506ca916ff86d46bb700e6"},"headline":"Prijedor: &#8220;Oluja&#8221; &#8211; Dan sje\u0107anja na ubijene i protjerane Srbe iz Hrvatske &#8211; VIDEO","datePublished":"2023-08-04T13:33:52+00:00","dateModified":"2023-08-04T13:33:52+00:00","mainEntityOfPage":{"@id":"https:\/\/www.prijedordanas.com\/?p=209738"},"wordCount":302,"publisher":{"@id":"https:\/\/www.prijedordanas.com\/#organization"},"articleSection":["Svakodnevno"],"inLanguage":"en-US"},{"@type":"WebPage","@id":"https:\/\/www.prijedordanas.com\/?p=209738","url":"https:\/\/www.prijedordanas.com\/?p=209738","name":"Prijedor: \"Oluja\" - Dan sje\u0107anja na ubijene i protjerane Srbe iz Hrvatske - VIDEO - PrijedorDanas.com - Prijedorski gradski portal","isPartOf":{"@id":"https:\/\/www.prijedordanas.com\/#website"},"datePublished":"2023-08-04T13:33:52+00:00","dateModified":"2023-08-04T13:33:52+00:00","breadcrumb":{"@id":"https:\/\/www.prijedordanas.com\/?p=209738#breadcrumb"},"inLanguage":"en-US","potentialAction":[{"@type":"ReadAction","target":["https:\/\/www.prijedordanas.com\/?p=209738"]}]},{"@type":"BreadcrumbList","@id":"https:\/\/www.prijedordanas.com\/?p=209738#breadcrumb","itemListElement":[{"@type":"ListItem","position":1,"name":"Home","item":"https:\/\/www.prijedordanas.com\/"},{"@type":"ListItem","position":2,"name":"Prijedor: &#8220;Oluja&#8221; &#8211; Dan sje\u0107anja na ubijene i protjerane Srbe iz Hrvatske &#8211; VIDEO"}]},{"@type":"WebSite","@id":"https:\/\/www.prijedordanas.com\/#website","url":"https:\/\/www.prijedordanas.com\/","name":"PrijedorDanas.com - Prijedorski gradski portal","description":"Portal o doga\u0111anjima u gradu Prijedoru","publisher":{"@id":"https:\/\/www.prijedordanas.com\/#organization"},"potentialAction":[{"@type":"SearchAction","target":{"@type":"EntryPoint","urlTemplate":"https:\/\/www.prijedordanas.com\/?s={search_term_string}"},"query-input":"required name=search_term_string"}],"inLanguage":"en-US"},{"@type":"Organization","@id":"https:\/\/www.prijedordanas.com\/#organization","name":"PrijedorDanas.com","url":"https:\/\/www.prijedordanas.com\/","logo":{"@type":"ImageObject","inLanguage":"en-US","@id":"https:\/\/www.prijedordanas.com\/#\/schema\/logo\/image\/","url":"http:\/\/www.prijedordanas.com\/wp-content\/uploads\/2021\/12\/logopng.png","contentUrl":"http:\/\/www.prijedordanas.com\/wp-content\/uploads\/2021\/12\/logopng.png","width":1019,"height":776,"caption":"PrijedorDanas.com"},"image":{"@id":"https:\/\/www.prijedordanas.com\/#\/schema\/logo\/image\/"},"sameAs":["https:\/\/www.facebook.com\/PrijedorDanasCom\/"]},{"@type":"Person","@id":"https:\/\/www.prijedordanas.com\/#\/schema\/person\/4e08ccf29b506ca916ff86d46bb700e6","name":"admin","image":{"@type":"ImageObject","inLanguage":"en-US","@id":"https:\/\/www.prijedordanas.com\/#\/schema\/person\/image\/","url":"https:\/\/secure.gravatar.com\/avatar\/1d3fc949d550f0b53a5f0d51e06dfd79?s=96&d=mm&r=g","contentUrl":"https:\/\/secure.gravatar.com\/avatar\/1d3fc949d550f0b53a5f0d51e06dfd79?s=96&d=mm&r=g","caption":"admin"},"url":"https:\/\/www.prijedordanas.com\/?author=1"}]}},"_links":{"self":[{"href":"https:\/\/www.prijedordanas.com\/index.php?rest_route=\/wp\/v2\/posts\/209738"}],"collection":[{"href":"https:\/\/www.prijedordanas.com\/index.php?rest_route=\/wp\/v2\/posts"}],"about":[{"href":"https:\/\/www.prijedordanas.com\/index.php?rest_route=\/wp\/v2\/types\/post"}],"author":[{"embeddable":true,"href":"https:\/\/www.prijedordanas.com\/index.php?rest_route=\/wp\/v2\/users\/1"}],"replies":[{"embeddable":true,"href":"https:\/\/www.prijedordanas.com\/index.php?rest_route=%2Fwp%2Fv2%2Fcomments&post=209738"}],"version-history":[{"count":1,"href":"https:\/\/www.prijedordanas.com\/index.php?rest_route=\/wp\/v2\/posts\/209738\/revisions"}],"predecessor-version":[{"id":209740,"href":"https:\/\/www.prijedordanas.com\/index.php?rest_route=\/wp\/v2\/posts\/209738\/revisions\/209740"}],"wp:attachment":[{"href":"https:\/\/www.prijedordanas.com\/index.php?rest_route=%2Fwp%2Fv2%2Fmedia&parent=209738"}],"wp:term":[{"taxonomy":"category","embeddable":true,"href":"https:\/\/www.prijedordanas.com\/index.php?rest_route=%2Fwp%2Fv2%2Fcategories&post=209738"},{"taxonomy":"post_tag","embeddable":true,"href":"https:\/\/www.prijedordanas.com\/index.php?rest_route=%2Fwp%2Fv2%2Ftags&post=209738"}],"curies":[{"name":"wp","href":"https:\/\/api.w.org\/{rel}","templated":true}]}}