{"id":209703,"date":"2023-08-03T20:15:05","date_gmt":"2023-08-03T18:15:05","guid":{"rendered":"https:\/\/www.prijedordanas.com\/?p=209703"},"modified":"2023-08-04T17:03:06","modified_gmt":"2023-08-04T15:03:06","slug":"prijedor-apel-gradanima-da-se-ponasaju-odgovorno-tokom-sutrasnjeg-skupa","status":"publish","type":"post","link":"https:\/\/www.prijedordanas.com\/?p=209703","title":{"rendered":"Prijedor: Apel gra\u0111anima da se pona\u0161aju odgovorno tokom skupa u petak"},"content":{"rendered":"<p><a href=\"https:\/\/www.prijedordanas.com\/wp-content\/uploads\/2023\/08\/capital-prijedor-iz-vazduha-2023-2.jpg\"><img loading=\"lazy\" decoding=\"async\" class=\"alignleft size-medium wp-image-209704\" src=\"https:\/\/www.prijedordanas.com\/wp-content\/uploads\/2023\/08\/capital-prijedor-iz-vazduha-2023-2-300x225.jpg\" alt=\"\" width=\"300\" height=\"225\" srcset=\"https:\/\/www.prijedordanas.com\/wp-content\/uploads\/2023\/08\/capital-prijedor-iz-vazduha-2023-2-300x225.jpg 300w, https:\/\/www.prijedordanas.com\/wp-content\/uploads\/2023\/08\/capital-prijedor-iz-vazduha-2023-2-640x480.jpg 640w, https:\/\/www.prijedordanas.com\/wp-content\/uploads\/2023\/08\/capital-prijedor-iz-vazduha-2023-2.jpg 667w\" sizes=\"(max-width: 300px) 100vw, 300px\" \/><\/a>Iz Policijske uprave Prijedor pozvali su gra\u0111ane da u petak, tokom obilje\u017eavanja Dana sje\u0107anja na sve stradale i prognane Srbe u pogromu &#8220;Oluja&#8221; ne ugro\u017eavaju svoju i bezbjednost drugih gra\u0111ana, a pravna lica i preduzetnike da se pridr\u017eavaju zabrana kako bi odr\u017eavanje javnog skupa proteklo redovno.<\/p>\n<p>&#8211; Apelujemo da u\u010desnici javnog skupa po\u0161tuju naredbe policijskih slu\u017ebenika na terenu, da ne nose opasne predmete i pirotehni\u010dka sredstva i da, radi izbjegavanja gu\u017evi i lak\u0161eg kretanja, ne nose ruksake i torbe &#8211; saop\u0161teno je iz prijedorske Policijske uprave.<\/p>\n<p>Iz policije mole gra\u0111ane i u\u010desnike u saobra\u0107aju za strpljenje zbog obustave saobra\u0107aja u centru grada i pozivaju ih da koriste alternativne pravce.<\/p>\n<p>&#8211; Na saobra\u0107ajnicama koje ne podlije\u017eu zabrani obustave i parkiranja saobra\u0107aj \u0107e se nesmetano odvijati, kao i tranzit kroz grad, a gra\u0111anima \u0107e biti omogu\u0107en pristup zdravstvenim ustanovama i svim ostalim hitnim komunalnim slu\u017ebama &#8211; dodaje se u saop\u0161tenju.<\/p>\n<p><a href=\"https:\/\/www.prijedordanas.com\/wp-content\/uploads\/2023\/05\/pu-prijedor-april-2023.jpg\"><img loading=\"lazy\" decoding=\"async\" src=\"https:\/\/www.prijedordanas.com\/wp-content\/uploads\/2023\/05\/pu-prijedor-april-2023-300x225.jpg\" alt=\"\" width=\"300\" height=\"225\" class=\"alignleft size-medium wp-image-204975\" srcset=\"https:\/\/www.prijedordanas.com\/wp-content\/uploads\/2023\/05\/pu-prijedor-april-2023-300x225.jpg 300w, https:\/\/www.prijedordanas.com\/wp-content\/uploads\/2023\/05\/pu-prijedor-april-2023-640x480.jpg 640w, https:\/\/www.prijedordanas.com\/wp-content\/uploads\/2023\/05\/pu-prijedor-april-2023.jpg 667w\" sizes=\"(max-width: 300px) 100vw, 300px\" \/><\/a>Sutra od 14.00 do 22.00 \u010dasa na snazi \u0107e biti potpuna obustava saobra\u0107aja u ulicama Akademika \u0408ovana Ra\u0161kovi\u0107a, Vidovdanska, Branislava Nu\u0161i\u0107a, Me\u0161e Selimovi\u0107a od raskrsnice sa ulicom Vidovdanska do Tr\u017enog centra &#8220;Belamioniks&#8221;, Oslobodilaca Prijedora, Majora Milana Tepi\u0107a, Vo\u017eda Kara\u0111or\u0111a, Milo\u0161a Obrenovi\u0107a od gradske tr\u017enice do raskrsnice sa Zanatskom, Zanatska, Nikole Pa\u0161i\u0107a od raskrsnice sa Ulicom Vuka Karad\u017ei\u0107a do raskrsnice sa Usko\u010dkom i Kralja Petra Prvog Oslobodioca od &#8220;Patrije&#8221; do raskrsnice sa Ulicom akademika \u0408ovana Ra\u0161kovi\u0107a.<\/p>\n<p>U istom periodu na snazi \u0107e biti i zabrana parkiranja vozila na parkinzima iza &#8220;Patrije&#8221;, kod socijalnog, izme\u0111u &#8220;Robota&#8221; i stadiona, kod \u0161kole &#8220;Desanka Maksimovi\u0107&#8221;, u Zanatskoj, kod dvorane &#8220;Mladost&#8221; i u Ulici Majora Milana Tepi\u0107a.<\/p>\n<p>Bi\u0107e zabranjen rad pravnih lica i preduzetnika u ulicama Kralja Petra Prvog Oslobodioca, Branislava Nu\u0161i\u0107a, Akademika \u0408ovana Ra\u0161kovi\u0107a, Zanatskoj, Vo\u017eda Kara\u0111or\u0111a, Majora Milana Tepi\u0107a, Milo\u0161a Obrenovi\u0107a od Trga majora Zorana Karlice do raskrsnice sa ulicom Akademika \u0408ovana Ra\u0161kovi\u0107a, uklju\u010duju\u0107i &#8220;Patriju&#8221; i kafi\u0107e &#8220;Kvin&#8221;, &#8220;Inter&#8221; i &#8220;Star kafe&#8221;.<\/p>\n<p>U istom periodu zabranjeno je to\u010denje alkohola u ugostiteljskim objektima u ulicama Petra Petrovi\u0107a Njego\u0161a, Kralja Aleksandra do raskrsnice sa Prote Mateje Nenadovi\u0107a, Solunskoj, Vuka Karad\u017ei\u0107a, Nikole Pa\u0161i\u0107a, Prote Mateje Nenadovi\u0107a, Kralja Petra Prvog Oslobodioca, Usko\u010dkoj, Svetosavskoj do raskrsnice sa Nikole Pa\u0161i\u0107a, Milo\u0161a Obili\u0107a, Ahmeta Babi\u0107a, Muharema Suljanovi\u0107a do raskrsnice s Vojvode Putnika, \u017darka Zgonjanina do raskrsnice s Vojvode Putnika, Me\u0161e Selimovi\u0107a, Vidovdanskoj i Milo\u0161a Obrenovi\u0107a.<\/p>\n<p>RTRS<\/p>\n","protected":false},"excerpt":{"rendered":"<p>Iz Policijske uprave Prijedor pozvali su gra\u0111ane da u petak, tokom obilje\u017eavanja Dana sje\u0107anja na sve stradale i prognane Srbe u pogromu &#8220;Oluja&#8221; ne ugro\u017eavaju svoju i bezbjednost drugih gra\u0111ana, [&hellip;]<\/p>\n","protected":false},"author":1,"featured_media":0,"comment_status":"closed","ping_status":"open","sticky":false,"template":"","format":"standard","meta":{"_monsterinsights_skip_tracking":false,"_monsterinsights_sitenote_active":false,"_monsterinsights_sitenote_note":"","_monsterinsights_sitenote_category":0,"footnotes":""},"categories":[4],"tags":[],"yoast_head":"<!-- This site is optimized with the Yoast SEO plugin v21.6 - https:\/\/yoast.com\/wordpress\/plugins\/seo\/ -->\n<title>Prijedor: Apel gra\u0111anima da se pona\u0161aju odgovorno tokom skupa u petak - PrijedorDanas.com - Prijedorski gradski portal<\/title>\n<meta name=\"robots\" content=\"index, follow, max-snippet:-1, max-image-preview:large, max-video-preview:-1\" \/>\n<link rel=\"canonical\" href=\"https:\/\/www.prijedordanas.com\/?p=209703\" \/>\n<meta property=\"og:locale\" content=\"en_US\" \/>\n<meta property=\"og:type\" content=\"article\" \/>\n<meta property=\"og:title\" content=\"Prijedor: Apel gra\u0111anima da se pona\u0161aju odgovorno tokom skupa u petak - PrijedorDanas.com - Prijedorski gradski portal\" \/>\n<meta property=\"og:description\" content=\"Iz Policijske uprave Prijedor pozvali su gra\u0111ane da u petak, tokom obilje\u017eavanja Dana sje\u0107anja na sve stradale i prognane Srbe u pogromu &#8220;Oluja&#8221; ne ugro\u017eavaju svoju i bezbjednost drugih gra\u0111ana, [&hellip;]\" \/>\n<meta property=\"og:url\" content=\"https:\/\/www.prijedordanas.com\/?p=209703\" \/>\n<meta property=\"og:site_name\" content=\"PrijedorDanas.com - Prijedorski gradski portal\" \/>\n<meta property=\"article:publisher\" content=\"https:\/\/www.facebook.com\/PrijedorDanasCom\/\" \/>\n<meta property=\"article:published_time\" content=\"2023-08-03T18:15:05+00:00\" \/>\n<meta property=\"article:modified_time\" content=\"2023-08-04T15:03:06+00:00\" \/>\n<meta property=\"og:image\" content=\"https:\/\/www.prijedordanas.com\/wp-content\/uploads\/2023\/08\/capital-prijedor-iz-vazduha-2023-2-300x225.jpg\" \/>\n<meta name=\"author\" content=\"admin\" \/>\n<meta name=\"twitter:card\" content=\"summary_large_image\" \/>\n<meta name=\"twitter:label1\" content=\"Written by\" \/>\n\t<meta name=\"twitter:data1\" content=\"admin\" \/>\n\t<meta name=\"twitter:label2\" content=\"Est. reading time\" \/>\n\t<meta name=\"twitter:data2\" content=\"3 minutes\" \/>\n<script type=\"application\/ld+json\" class=\"yoast-schema-graph\">{\"@context\":\"https:\/\/schema.org\",\"@graph\":[{\"@type\":\"Article\",\"@id\":\"https:\/\/www.prijedordanas.com\/?p=209703#article\",\"isPartOf\":{\"@id\":\"https:\/\/www.prijedordanas.com\/?p=209703\"},\"author\":{\"name\":\"admin\",\"@id\":\"https:\/\/www.prijedordanas.com\/#\/schema\/person\/4e08ccf29b506ca916ff86d46bb700e6\"},\"headline\":\"Prijedor: Apel gra\u0111anima da se pona\u0161aju odgovorno tokom skupa u petak\",\"datePublished\":\"2023-08-03T18:15:05+00:00\",\"dateModified\":\"2023-08-04T15:03:06+00:00\",\"mainEntityOfPage\":{\"@id\":\"https:\/\/www.prijedordanas.com\/?p=209703\"},\"wordCount\":469,\"publisher\":{\"@id\":\"https:\/\/www.prijedordanas.com\/#organization\"},\"articleSection\":[\"Dru\u0161tvo\"],\"inLanguage\":\"en-US\"},{\"@type\":\"WebPage\",\"@id\":\"https:\/\/www.prijedordanas.com\/?p=209703\",\"url\":\"https:\/\/www.prijedordanas.com\/?p=209703\",\"name\":\"Prijedor: Apel gra\u0111anima da se pona\u0161aju odgovorno tokom skupa u petak - PrijedorDanas.com - Prijedorski gradski portal\",\"isPartOf\":{\"@id\":\"https:\/\/www.prijedordanas.com\/#website\"},\"datePublished\":\"2023-08-03T18:15:05+00:00\",\"dateModified\":\"2023-08-04T15:03:06+00:00\",\"breadcrumb\":{\"@id\":\"https:\/\/www.prijedordanas.com\/?p=209703#breadcrumb\"},\"inLanguage\":\"en-US\",\"potentialAction\":[{\"@type\":\"ReadAction\",\"target\":[\"https:\/\/www.prijedordanas.com\/?p=209703\"]}]},{\"@type\":\"BreadcrumbList\",\"@id\":\"https:\/\/www.prijedordanas.com\/?p=209703#breadcrumb\",\"itemListElement\":[{\"@type\":\"ListItem\",\"position\":1,\"name\":\"Home\",\"item\":\"https:\/\/www.prijedordanas.com\/\"},{\"@type\":\"ListItem\",\"position\":2,\"name\":\"Prijedor: Apel gra\u0111anima da se pona\u0161aju odgovorno tokom skupa u petak\"}]},{\"@type\":\"WebSite\",\"@id\":\"https:\/\/www.prijedordanas.com\/#website\",\"url\":\"https:\/\/www.prijedordanas.com\/\",\"name\":\"PrijedorDanas.com - Prijedorski gradski portal\",\"description\":\"Portal o doga\u0111anjima u gradu Prijedoru\",\"publisher\":{\"@id\":\"https:\/\/www.prijedordanas.com\/#organization\"},\"potentialAction\":[{\"@type\":\"SearchAction\",\"target\":{\"@type\":\"EntryPoint\",\"urlTemplate\":\"https:\/\/www.prijedordanas.com\/?s={search_term_string}\"},\"query-input\":\"required name=search_term_string\"}],\"inLanguage\":\"en-US\"},{\"@type\":\"Organization\",\"@id\":\"https:\/\/www.prijedordanas.com\/#organization\",\"name\":\"PrijedorDanas.com\",\"url\":\"https:\/\/www.prijedordanas.com\/\",\"logo\":{\"@type\":\"ImageObject\",\"inLanguage\":\"en-US\",\"@id\":\"https:\/\/www.prijedordanas.com\/#\/schema\/logo\/image\/\",\"url\":\"http:\/\/www.prijedordanas.com\/wp-content\/uploads\/2021\/12\/logopng.png\",\"contentUrl\":\"http:\/\/www.prijedordanas.com\/wp-content\/uploads\/2021\/12\/logopng.png\",\"width\":1019,\"height\":776,\"caption\":\"PrijedorDanas.com\"},\"image\":{\"@id\":\"https:\/\/www.prijedordanas.com\/#\/schema\/logo\/image\/\"},\"sameAs\":[\"https:\/\/www.facebook.com\/PrijedorDanasCom\/\"]},{\"@type\":\"Person\",\"@id\":\"https:\/\/www.prijedordanas.com\/#\/schema\/person\/4e08ccf29b506ca916ff86d46bb700e6\",\"name\":\"admin\",\"image\":{\"@type\":\"ImageObject\",\"inLanguage\":\"en-US\",\"@id\":\"https:\/\/www.prijedordanas.com\/#\/schema\/person\/image\/\",\"url\":\"https:\/\/secure.gravatar.com\/avatar\/1d3fc949d550f0b53a5f0d51e06dfd79?s=96&d=mm&r=g\",\"contentUrl\":\"https:\/\/secure.gravatar.com\/avatar\/1d3fc949d550f0b53a5f0d51e06dfd79?s=96&d=mm&r=g\",\"caption\":\"admin\"},\"url\":\"https:\/\/www.prijedordanas.com\/?author=1\"}]}<\/script>\n<!-- \/ Yoast SEO plugin. -->","yoast_head_json":{"title":"Prijedor: Apel gra\u0111anima da se pona\u0161aju odgovorno tokom skupa u petak - PrijedorDanas.com - Prijedorski gradski portal","robots":{"index":"index","follow":"follow","max-snippet":"max-snippet:-1","max-image-preview":"max-image-preview:large","max-video-preview":"max-video-preview:-1"},"canonical":"https:\/\/www.prijedordanas.com\/?p=209703","og_locale":"en_US","og_type":"article","og_title":"Prijedor: Apel gra\u0111anima da se pona\u0161aju odgovorno tokom skupa u petak - PrijedorDanas.com - Prijedorski gradski portal","og_description":"Iz Policijske uprave Prijedor pozvali su gra\u0111ane da u petak, tokom obilje\u017eavanja Dana sje\u0107anja na sve stradale i prognane Srbe u pogromu &#8220;Oluja&#8221; ne ugro\u017eavaju svoju i bezbjednost drugih gra\u0111ana, [&hellip;]","og_url":"https:\/\/www.prijedordanas.com\/?p=209703","og_site_name":"PrijedorDanas.com - Prijedorski gradski portal","article_publisher":"https:\/\/www.facebook.com\/PrijedorDanasCom\/","article_published_time":"2023-08-03T18:15:05+00:00","article_modified_time":"2023-08-04T15:03:06+00:00","og_image":[{"url":"https:\/\/www.prijedordanas.com\/wp-content\/uploads\/2023\/08\/capital-prijedor-iz-vazduha-2023-2-300x225.jpg"}],"author":"admin","twitter_card":"summary_large_image","twitter_misc":{"Written by":"admin","Est. reading time":"3 minutes"},"schema":{"@context":"https:\/\/schema.org","@graph":[{"@type":"Article","@id":"https:\/\/www.prijedordanas.com\/?p=209703#article","isPartOf":{"@id":"https:\/\/www.prijedordanas.com\/?p=209703"},"author":{"name":"admin","@id":"https:\/\/www.prijedordanas.com\/#\/schema\/person\/4e08ccf29b506ca916ff86d46bb700e6"},"headline":"Prijedor: Apel gra\u0111anima da se pona\u0161aju odgovorno tokom skupa u petak","datePublished":"2023-08-03T18:15:05+00:00","dateModified":"2023-08-04T15:03:06+00:00","mainEntityOfPage":{"@id":"https:\/\/www.prijedordanas.com\/?p=209703"},"wordCount":469,"publisher":{"@id":"https:\/\/www.prijedordanas.com\/#organization"},"articleSection":["Dru\u0161tvo"],"inLanguage":"en-US"},{"@type":"WebPage","@id":"https:\/\/www.prijedordanas.com\/?p=209703","url":"https:\/\/www.prijedordanas.com\/?p=209703","name":"Prijedor: Apel gra\u0111anima da se pona\u0161aju odgovorno tokom skupa u petak - PrijedorDanas.com - Prijedorski gradski portal","isPartOf":{"@id":"https:\/\/www.prijedordanas.com\/#website"},"datePublished":"2023-08-03T18:15:05+00:00","dateModified":"2023-08-04T15:03:06+00:00","breadcrumb":{"@id":"https:\/\/www.prijedordanas.com\/?p=209703#breadcrumb"},"inLanguage":"en-US","potentialAction":[{"@type":"ReadAction","target":["https:\/\/www.prijedordanas.com\/?p=209703"]}]},{"@type":"BreadcrumbList","@id":"https:\/\/www.prijedordanas.com\/?p=209703#breadcrumb","itemListElement":[{"@type":"ListItem","position":1,"name":"Home","item":"https:\/\/www.prijedordanas.com\/"},{"@type":"ListItem","position":2,"name":"Prijedor: Apel gra\u0111anima da se pona\u0161aju odgovorno tokom skupa u petak"}]},{"@type":"WebSite","@id":"https:\/\/www.prijedordanas.com\/#website","url":"https:\/\/www.prijedordanas.com\/","name":"PrijedorDanas.com - Prijedorski gradski portal","description":"Portal o doga\u0111anjima u gradu Prijedoru","publisher":{"@id":"https:\/\/www.prijedordanas.com\/#organization"},"potentialAction":[{"@type":"SearchAction","target":{"@type":"EntryPoint","urlTemplate":"https:\/\/www.prijedordanas.com\/?s={search_term_string}"},"query-input":"required name=search_term_string"}],"inLanguage":"en-US"},{"@type":"Organization","@id":"https:\/\/www.prijedordanas.com\/#organization","name":"PrijedorDanas.com","url":"https:\/\/www.prijedordanas.com\/","logo":{"@type":"ImageObject","inLanguage":"en-US","@id":"https:\/\/www.prijedordanas.com\/#\/schema\/logo\/image\/","url":"http:\/\/www.prijedordanas.com\/wp-content\/uploads\/2021\/12\/logopng.png","contentUrl":"http:\/\/www.prijedordanas.com\/wp-content\/uploads\/2021\/12\/logopng.png","width":1019,"height":776,"caption":"PrijedorDanas.com"},"image":{"@id":"https:\/\/www.prijedordanas.com\/#\/schema\/logo\/image\/"},"sameAs":["https:\/\/www.facebook.com\/PrijedorDanasCom\/"]},{"@type":"Person","@id":"https:\/\/www.prijedordanas.com\/#\/schema\/person\/4e08ccf29b506ca916ff86d46bb700e6","name":"admin","image":{"@type":"ImageObject","inLanguage":"en-US","@id":"https:\/\/www.prijedordanas.com\/#\/schema\/person\/image\/","url":"https:\/\/secure.gravatar.com\/avatar\/1d3fc949d550f0b53a5f0d51e06dfd79?s=96&d=mm&r=g","contentUrl":"https:\/\/secure.gravatar.com\/avatar\/1d3fc949d550f0b53a5f0d51e06dfd79?s=96&d=mm&r=g","caption":"admin"},"url":"https:\/\/www.prijedordanas.com\/?author=1"}]}},"_links":{"self":[{"href":"https:\/\/www.prijedordanas.com\/index.php?rest_route=\/wp\/v2\/posts\/209703"}],"collection":[{"href":"https:\/\/www.prijedordanas.com\/index.php?rest_route=\/wp\/v2\/posts"}],"about":[{"href":"https:\/\/www.prijedordanas.com\/index.php?rest_route=\/wp\/v2\/types\/post"}],"author":[{"embeddable":true,"href":"https:\/\/www.prijedordanas.com\/index.php?rest_route=\/wp\/v2\/users\/1"}],"replies":[{"embeddable":true,"href":"https:\/\/www.prijedordanas.com\/index.php?rest_route=%2Fwp%2Fv2%2Fcomments&post=209703"}],"version-history":[{"count":4,"href":"https:\/\/www.prijedordanas.com\/index.php?rest_route=\/wp\/v2\/posts\/209703\/revisions"}],"predecessor-version":[{"id":209754,"href":"https:\/\/www.prijedordanas.com\/index.php?rest_route=\/wp\/v2\/posts\/209703\/revisions\/209754"}],"wp:attachment":[{"href":"https:\/\/www.prijedordanas.com\/index.php?rest_route=%2Fwp%2Fv2%2Fmedia&parent=209703"}],"wp:term":[{"taxonomy":"category","embeddable":true,"href":"https:\/\/www.prijedordanas.com\/index.php?rest_route=%2Fwp%2Fv2%2Fcategories&post=209703"},{"taxonomy":"post_tag","embeddable":true,"href":"https:\/\/www.prijedordanas.com\/index.php?rest_route=%2Fwp%2Fv2%2Ftags&post=209703"}],"curies":[{"name":"wp","href":"https:\/\/api.w.org\/{rel}","templated":true}]}}