{"id":209628,"date":"2023-08-02T10:18:05","date_gmt":"2023-08-02T08:18:05","guid":{"rendered":"https:\/\/www.prijedordanas.com\/?p=209628"},"modified":"2023-08-02T10:18:05","modified_gmt":"2023-08-02T08:18:05","slug":"advokat-savan-zec-princip-dan-za-dan-nemoguc-za-advokate-koji-nemaju-sjediste-u-sarajevu","status":"publish","type":"post","link":"https:\/\/www.prijedordanas.com\/?p=209628","title":{"rendered":"Advokat Savan Zec: Princip &#8220;dan za dan&#8221; nemogu\u0107 za advokate koji nemaju sjedi\u0161te u Sarajevu"},"content":{"rendered":"<p><a href=\"https:\/\/www.prijedordanas.com\/wp-content\/uploads\/2023\/08\/advokat-savan-zec.jpg\"><img loading=\"lazy\" decoding=\"async\" src=\"https:\/\/www.prijedordanas.com\/wp-content\/uploads\/2023\/08\/advokat-savan-zec-300x225.jpg\" alt=\"\" width=\"300\" height=\"225\" class=\"alignleft size-medium wp-image-209630\" srcset=\"https:\/\/www.prijedordanas.com\/wp-content\/uploads\/2023\/08\/advokat-savan-zec-300x225.jpg 300w, https:\/\/www.prijedordanas.com\/wp-content\/uploads\/2023\/08\/advokat-savan-zec-640x480.jpg 640w, https:\/\/www.prijedordanas.com\/wp-content\/uploads\/2023\/08\/advokat-savan-zec.jpg 667w\" sizes=\"(max-width: 300px) 100vw, 300px\" \/><\/a>Zaklju\u010dak Visokog sudskog i tu\u017eila\u010dkog savjeta \/VSTS\/ BiH kojim se sudovima nala\u017ee da se glavni pretresi u predmetima ratnih zlo\u010dina odr\u017eavaju po principu &#8220;dan za dan&#8221; mogao bi zna\u010diti eliminaciju advokata koji nemaju sjedi\u0161te kancelarije u Sarajevu, budu\u0107i da \u0107e se u najte\u017eim predmetima suditi ili se ve\u0107 sudi pred Sudom BiH, izjavio je Srni predsjednik Izvr\u0161nog odbora Advokatske komore Republike Srpske Savan Zec.<\/p>\n<p>On je naveo da je VSTS o ovome po\u010detkom avgusta obavijestio Komoru i da je ona taj dopis proslijedila svim advokatima kako bi se upoznali o ovim zaklju\u010dcima koji bi mogli bitno uticati na rad.<\/p>\n<p>&#8220;Ovo je i nama i kolegama u Federaciji BiH nova informacija i o\u010dekujem da \u0107e na jesen obje komore zauzeti zvani\u010dne stavove i reagovati&#8221;, rekao je Zec i napomenuo da su predmeti koji se odnose na ratne zlo\u010dine najbrojniji pred Sudom BiH.<\/p>\n<p>On je pojasnio da se u predmetima ratnih zlo\u010dina u prosjeku odr\u017ei 40 do 140 glavnih pretresa i da bi primjena ovog zaklju\u010dka zna\u010dila da branilac optu\u017eenog za ratni zlo\u010din treba da provede u Sarajevu 40 do 140 radnih dana uzastopno, da isto toliko odsustvuje iz svoje kancelarije i bude odvojen od porodice za naknadu koja je minimalna u odnosu na te\u017einu djela i vrstu predmeta.<\/p>\n<p>&#8220;Za 90 odsto advokata iz provincije to je u na\u0161im uslovima jednostavno nemogu\u0107 na\u010din rada, jer ako ste od ponedjeljka do petka u Sarajevu, ne mo\u017eete raditi druge predmete. Ve\u0107ina nas koji nismo iz Sarajeva morali bismo tra\u017eiti da nas razrije\u0161e datih odbrana jer se to fizi\u010dki ne mo\u017ee posti\u0107i. Ve\u0107ina nas radimo sami, nema mnogo zajedni\u010dkih advokatskih kancelarija, pa se i u drugim predmetima moram pojavljivati u sudnicama, \u0161to bi bilo neostvarivo&#8221;, pojasnio je Zec.<\/p>\n<p>On je rekao da su razumljivi pritisci da se predmeti ubrzaju, ali da se moraju sagledati okolnosti u zemlji kada se ho\u0107e primijeniti neka pravila, da realnost nije idealne, da \u0107e biti problem i sudovima jer nemaju dovoljan broj sudnica i da su tehni\u010dke mogu\u0107nosti takve da nije realno da ovaj sistem za\u017eivi.<\/p>\n<p>&#8220;Jedino tu\u017eila\u0161tva imaju kapacitet jer imaju vi\u0161e zaposlenih i ne mora svaki put isti tu\u017eilac i\u0107i na jedan isti predmet. Oni se mogu mijenjati, a branilac po slu\u017ebenoj du\u017enosti mo\u017ee biti samo jedan i taj mora uvijek biti u sudnici&#8221;, naveo je Zec.<\/p>\n<p>On je objasnio da princip &#8220;dan za dan&#8221; postoji u pravosudnom sistemu SAD i da su to takozvane &#8220;odbrane za milion dolara&#8221; gdje rade advokatske korporacije i dru\u0161tva koja imaju desetine ili stotine zaposlenih advokata, gdje svaki zara\u0111uje milion dolara godi\u0161nje i stoga mo\u017ee da odlu\u010di da u jednoj godini radi samo jedan predmet i ni\u0161ta drugo.<\/p>\n<p>&#8220;U ameri\u010dkom pravosudnom sistemu su\u0111enja po principu `dan za dan` imaju vrijeme za pripremu vi\u0161estruko du\u017ee nego ovdje. Od momenta optu\u017eenja do momenta po\u010detka su\u0111enja pro\u0111e od jedne do nekoliko godina. Na\u0161 zakon o krivi\u010dnom postupku predvi\u0111a kratke rokove, razli\u010dite u zavisnosti od vrste predmeta, ali sve faze kad saberete to je tri do \u010detiri mjeseca od podizanja optu\u017enice, tako da bi ovo i\u0161lo i na \u0161tetu kvaliteta odbrane odnosno na \u0161tetu optu\u017eenog&#8221;, istakao je Zec.<\/p>\n<p>U dopisu VSTS-a BiH, upu\u0107enom Advokatskoj komori Republike Srpske 4. jula, navodi se da predmeti ratnih zlo\u010dina imaju prioritet u radu, da je obaveza unaprijediti procesnu disciplinu i odr\u017eavati dinamiku glavnog pretresa po principu &#8220;dan za dan&#8221; do okon\u010danja krivi\u010dne stvari.<\/p>\n<p>&#8220;U slu\u010daju objektivne nemogu\u0107nosti zadovoljavanja navedenog standarda, glavni pretres mora biti odr\u017ean minimalno jednom u sedam dana&#8221;, pi\u0161e u dopisu.<\/p>\n<p>SRNA<\/p>\n","protected":false},"excerpt":{"rendered":"<p>Zaklju\u010dak Visokog sudskog i tu\u017eila\u010dkog savjeta \/VSTS\/ BiH kojim se sudovima nala\u017ee da se glavni pretresi u predmetima ratnih zlo\u010dina odr\u017eavaju po principu &#8220;dan za dan&#8221; mogao bi zna\u010diti eliminaciju [&hellip;]<\/p>\n","protected":false},"author":1,"featured_media":0,"comment_status":"closed","ping_status":"open","sticky":false,"template":"","format":"standard","meta":{"_monsterinsights_skip_tracking":false,"_monsterinsights_sitenote_active":false,"_monsterinsights_sitenote_note":"","_monsterinsights_sitenote_category":0,"footnotes":""},"categories":[8],"tags":[],"yoast_head":"<!-- This site is optimized with the Yoast SEO plugin v21.6 - https:\/\/yoast.com\/wordpress\/plugins\/seo\/ -->\n<title>Advokat Savan Zec: Princip &quot;dan za dan&quot; nemogu\u0107 za advokate koji nemaju sjedi\u0161te u Sarajevu - PrijedorDanas.com - Prijedorski gradski portal<\/title>\n<meta name=\"robots\" content=\"index, follow, max-snippet:-1, max-image-preview:large, max-video-preview:-1\" \/>\n<link rel=\"canonical\" href=\"https:\/\/www.prijedordanas.com\/?p=209628\" \/>\n<meta property=\"og:locale\" content=\"en_US\" \/>\n<meta property=\"og:type\" content=\"article\" \/>\n<meta property=\"og:title\" content=\"Advokat Savan Zec: Princip &quot;dan za dan&quot; nemogu\u0107 za advokate koji nemaju sjedi\u0161te u Sarajevu - PrijedorDanas.com - Prijedorski gradski portal\" \/>\n<meta property=\"og:description\" content=\"Zaklju\u010dak Visokog sudskog i tu\u017eila\u010dkog savjeta \/VSTS\/ BiH kojim se sudovima nala\u017ee da se glavni pretresi u predmetima ratnih zlo\u010dina odr\u017eavaju po principu &#8220;dan za dan&#8221; mogao bi zna\u010diti eliminaciju [&hellip;]\" \/>\n<meta property=\"og:url\" content=\"https:\/\/www.prijedordanas.com\/?p=209628\" \/>\n<meta property=\"og:site_name\" content=\"PrijedorDanas.com - Prijedorski gradski portal\" \/>\n<meta property=\"article:publisher\" content=\"https:\/\/www.facebook.com\/PrijedorDanasCom\/\" \/>\n<meta property=\"article:published_time\" content=\"2023-08-02T08:18:05+00:00\" \/>\n<meta property=\"og:image\" content=\"https:\/\/www.prijedordanas.com\/wp-content\/uploads\/2023\/08\/advokat-savan-zec-300x225.jpg\" \/>\n<meta name=\"author\" content=\"admin\" \/>\n<meta name=\"twitter:card\" content=\"summary_large_image\" \/>\n<meta name=\"twitter:label1\" content=\"Written by\" \/>\n\t<meta name=\"twitter:data1\" content=\"admin\" \/>\n\t<meta name=\"twitter:label2\" content=\"Est. reading time\" \/>\n\t<meta name=\"twitter:data2\" content=\"3 minutes\" \/>\n<script type=\"application\/ld+json\" class=\"yoast-schema-graph\">{\"@context\":\"https:\/\/schema.org\",\"@graph\":[{\"@type\":\"Article\",\"@id\":\"https:\/\/www.prijedordanas.com\/?p=209628#article\",\"isPartOf\":{\"@id\":\"https:\/\/www.prijedordanas.com\/?p=209628\"},\"author\":{\"name\":\"admin\",\"@id\":\"https:\/\/www.prijedordanas.com\/#\/schema\/person\/4e08ccf29b506ca916ff86d46bb700e6\"},\"headline\":\"Advokat Savan Zec: Princip &#8220;dan za dan&#8221; nemogu\u0107 za advokate koji nemaju sjedi\u0161te u Sarajevu\",\"datePublished\":\"2023-08-02T08:18:05+00:00\",\"dateModified\":\"2023-08-02T08:18:05+00:00\",\"mainEntityOfPage\":{\"@id\":\"https:\/\/www.prijedordanas.com\/?p=209628\"},\"wordCount\":659,\"publisher\":{\"@id\":\"https:\/\/www.prijedordanas.com\/#organization\"},\"articleSection\":[\"Svakodnevno\"],\"inLanguage\":\"en-US\"},{\"@type\":\"WebPage\",\"@id\":\"https:\/\/www.prijedordanas.com\/?p=209628\",\"url\":\"https:\/\/www.prijedordanas.com\/?p=209628\",\"name\":\"Advokat Savan Zec: Princip \\\"dan za dan\\\" nemogu\u0107 za advokate koji nemaju sjedi\u0161te u Sarajevu - PrijedorDanas.com - Prijedorski gradski portal\",\"isPartOf\":{\"@id\":\"https:\/\/www.prijedordanas.com\/#website\"},\"datePublished\":\"2023-08-02T08:18:05+00:00\",\"dateModified\":\"2023-08-02T08:18:05+00:00\",\"breadcrumb\":{\"@id\":\"https:\/\/www.prijedordanas.com\/?p=209628#breadcrumb\"},\"inLanguage\":\"en-US\",\"potentialAction\":[{\"@type\":\"ReadAction\",\"target\":[\"https:\/\/www.prijedordanas.com\/?p=209628\"]}]},{\"@type\":\"BreadcrumbList\",\"@id\":\"https:\/\/www.prijedordanas.com\/?p=209628#breadcrumb\",\"itemListElement\":[{\"@type\":\"ListItem\",\"position\":1,\"name\":\"Home\",\"item\":\"https:\/\/www.prijedordanas.com\/\"},{\"@type\":\"ListItem\",\"position\":2,\"name\":\"Advokat Savan Zec: Princip &#8220;dan za dan&#8221; nemogu\u0107 za advokate koji nemaju sjedi\u0161te u Sarajevu\"}]},{\"@type\":\"WebSite\",\"@id\":\"https:\/\/www.prijedordanas.com\/#website\",\"url\":\"https:\/\/www.prijedordanas.com\/\",\"name\":\"PrijedorDanas.com - Prijedorski gradski portal\",\"description\":\"Portal o doga\u0111anjima u gradu Prijedoru\",\"publisher\":{\"@id\":\"https:\/\/www.prijedordanas.com\/#organization\"},\"potentialAction\":[{\"@type\":\"SearchAction\",\"target\":{\"@type\":\"EntryPoint\",\"urlTemplate\":\"https:\/\/www.prijedordanas.com\/?s={search_term_string}\"},\"query-input\":\"required name=search_term_string\"}],\"inLanguage\":\"en-US\"},{\"@type\":\"Organization\",\"@id\":\"https:\/\/www.prijedordanas.com\/#organization\",\"name\":\"PrijedorDanas.com\",\"url\":\"https:\/\/www.prijedordanas.com\/\",\"logo\":{\"@type\":\"ImageObject\",\"inLanguage\":\"en-US\",\"@id\":\"https:\/\/www.prijedordanas.com\/#\/schema\/logo\/image\/\",\"url\":\"http:\/\/www.prijedordanas.com\/wp-content\/uploads\/2021\/12\/logopng.png\",\"contentUrl\":\"http:\/\/www.prijedordanas.com\/wp-content\/uploads\/2021\/12\/logopng.png\",\"width\":1019,\"height\":776,\"caption\":\"PrijedorDanas.com\"},\"image\":{\"@id\":\"https:\/\/www.prijedordanas.com\/#\/schema\/logo\/image\/\"},\"sameAs\":[\"https:\/\/www.facebook.com\/PrijedorDanasCom\/\"]},{\"@type\":\"Person\",\"@id\":\"https:\/\/www.prijedordanas.com\/#\/schema\/person\/4e08ccf29b506ca916ff86d46bb700e6\",\"name\":\"admin\",\"image\":{\"@type\":\"ImageObject\",\"inLanguage\":\"en-US\",\"@id\":\"https:\/\/www.prijedordanas.com\/#\/schema\/person\/image\/\",\"url\":\"https:\/\/secure.gravatar.com\/avatar\/1d3fc949d550f0b53a5f0d51e06dfd79?s=96&d=mm&r=g\",\"contentUrl\":\"https:\/\/secure.gravatar.com\/avatar\/1d3fc949d550f0b53a5f0d51e06dfd79?s=96&d=mm&r=g\",\"caption\":\"admin\"},\"url\":\"https:\/\/www.prijedordanas.com\/?author=1\"}]}<\/script>\n<!-- \/ Yoast SEO plugin. -->","yoast_head_json":{"title":"Advokat Savan Zec: Princip \"dan za dan\" nemogu\u0107 za advokate koji nemaju sjedi\u0161te u Sarajevu - PrijedorDanas.com - Prijedorski gradski portal","robots":{"index":"index","follow":"follow","max-snippet":"max-snippet:-1","max-image-preview":"max-image-preview:large","max-video-preview":"max-video-preview:-1"},"canonical":"https:\/\/www.prijedordanas.com\/?p=209628","og_locale":"en_US","og_type":"article","og_title":"Advokat Savan Zec: Princip \"dan za dan\" nemogu\u0107 za advokate koji nemaju sjedi\u0161te u Sarajevu - PrijedorDanas.com - Prijedorski gradski portal","og_description":"Zaklju\u010dak Visokog sudskog i tu\u017eila\u010dkog savjeta \/VSTS\/ BiH kojim se sudovima nala\u017ee da se glavni pretresi u predmetima ratnih zlo\u010dina odr\u017eavaju po principu &#8220;dan za dan&#8221; mogao bi zna\u010diti eliminaciju [&hellip;]","og_url":"https:\/\/www.prijedordanas.com\/?p=209628","og_site_name":"PrijedorDanas.com - Prijedorski gradski portal","article_publisher":"https:\/\/www.facebook.com\/PrijedorDanasCom\/","article_published_time":"2023-08-02T08:18:05+00:00","og_image":[{"url":"https:\/\/www.prijedordanas.com\/wp-content\/uploads\/2023\/08\/advokat-savan-zec-300x225.jpg"}],"author":"admin","twitter_card":"summary_large_image","twitter_misc":{"Written by":"admin","Est. reading time":"3 minutes"},"schema":{"@context":"https:\/\/schema.org","@graph":[{"@type":"Article","@id":"https:\/\/www.prijedordanas.com\/?p=209628#article","isPartOf":{"@id":"https:\/\/www.prijedordanas.com\/?p=209628"},"author":{"name":"admin","@id":"https:\/\/www.prijedordanas.com\/#\/schema\/person\/4e08ccf29b506ca916ff86d46bb700e6"},"headline":"Advokat Savan Zec: Princip &#8220;dan za dan&#8221; nemogu\u0107 za advokate koji nemaju sjedi\u0161te u Sarajevu","datePublished":"2023-08-02T08:18:05+00:00","dateModified":"2023-08-02T08:18:05+00:00","mainEntityOfPage":{"@id":"https:\/\/www.prijedordanas.com\/?p=209628"},"wordCount":659,"publisher":{"@id":"https:\/\/www.prijedordanas.com\/#organization"},"articleSection":["Svakodnevno"],"inLanguage":"en-US"},{"@type":"WebPage","@id":"https:\/\/www.prijedordanas.com\/?p=209628","url":"https:\/\/www.prijedordanas.com\/?p=209628","name":"Advokat Savan Zec: Princip \"dan za dan\" nemogu\u0107 za advokate koji nemaju sjedi\u0161te u Sarajevu - PrijedorDanas.com - Prijedorski gradski portal","isPartOf":{"@id":"https:\/\/www.prijedordanas.com\/#website"},"datePublished":"2023-08-02T08:18:05+00:00","dateModified":"2023-08-02T08:18:05+00:00","breadcrumb":{"@id":"https:\/\/www.prijedordanas.com\/?p=209628#breadcrumb"},"inLanguage":"en-US","potentialAction":[{"@type":"ReadAction","target":["https:\/\/www.prijedordanas.com\/?p=209628"]}]},{"@type":"BreadcrumbList","@id":"https:\/\/www.prijedordanas.com\/?p=209628#breadcrumb","itemListElement":[{"@type":"ListItem","position":1,"name":"Home","item":"https:\/\/www.prijedordanas.com\/"},{"@type":"ListItem","position":2,"name":"Advokat Savan Zec: Princip &#8220;dan za dan&#8221; nemogu\u0107 za advokate koji nemaju sjedi\u0161te u Sarajevu"}]},{"@type":"WebSite","@id":"https:\/\/www.prijedordanas.com\/#website","url":"https:\/\/www.prijedordanas.com\/","name":"PrijedorDanas.com - Prijedorski gradski portal","description":"Portal o doga\u0111anjima u gradu Prijedoru","publisher":{"@id":"https:\/\/www.prijedordanas.com\/#organization"},"potentialAction":[{"@type":"SearchAction","target":{"@type":"EntryPoint","urlTemplate":"https:\/\/www.prijedordanas.com\/?s={search_term_string}"},"query-input":"required name=search_term_string"}],"inLanguage":"en-US"},{"@type":"Organization","@id":"https:\/\/www.prijedordanas.com\/#organization","name":"PrijedorDanas.com","url":"https:\/\/www.prijedordanas.com\/","logo":{"@type":"ImageObject","inLanguage":"en-US","@id":"https:\/\/www.prijedordanas.com\/#\/schema\/logo\/image\/","url":"http:\/\/www.prijedordanas.com\/wp-content\/uploads\/2021\/12\/logopng.png","contentUrl":"http:\/\/www.prijedordanas.com\/wp-content\/uploads\/2021\/12\/logopng.png","width":1019,"height":776,"caption":"PrijedorDanas.com"},"image":{"@id":"https:\/\/www.prijedordanas.com\/#\/schema\/logo\/image\/"},"sameAs":["https:\/\/www.facebook.com\/PrijedorDanasCom\/"]},{"@type":"Person","@id":"https:\/\/www.prijedordanas.com\/#\/schema\/person\/4e08ccf29b506ca916ff86d46bb700e6","name":"admin","image":{"@type":"ImageObject","inLanguage":"en-US","@id":"https:\/\/www.prijedordanas.com\/#\/schema\/person\/image\/","url":"https:\/\/secure.gravatar.com\/avatar\/1d3fc949d550f0b53a5f0d51e06dfd79?s=96&d=mm&r=g","contentUrl":"https:\/\/secure.gravatar.com\/avatar\/1d3fc949d550f0b53a5f0d51e06dfd79?s=96&d=mm&r=g","caption":"admin"},"url":"https:\/\/www.prijedordanas.com\/?author=1"}]}},"_links":{"self":[{"href":"https:\/\/www.prijedordanas.com\/index.php?rest_route=\/wp\/v2\/posts\/209628"}],"collection":[{"href":"https:\/\/www.prijedordanas.com\/index.php?rest_route=\/wp\/v2\/posts"}],"about":[{"href":"https:\/\/www.prijedordanas.com\/index.php?rest_route=\/wp\/v2\/types\/post"}],"author":[{"embeddable":true,"href":"https:\/\/www.prijedordanas.com\/index.php?rest_route=\/wp\/v2\/users\/1"}],"replies":[{"embeddable":true,"href":"https:\/\/www.prijedordanas.com\/index.php?rest_route=%2Fwp%2Fv2%2Fcomments&post=209628"}],"version-history":[{"count":1,"href":"https:\/\/www.prijedordanas.com\/index.php?rest_route=\/wp\/v2\/posts\/209628\/revisions"}],"predecessor-version":[{"id":209631,"href":"https:\/\/www.prijedordanas.com\/index.php?rest_route=\/wp\/v2\/posts\/209628\/revisions\/209631"}],"wp:attachment":[{"href":"https:\/\/www.prijedordanas.com\/index.php?rest_route=%2Fwp%2Fv2%2Fmedia&parent=209628"}],"wp:term":[{"taxonomy":"category","embeddable":true,"href":"https:\/\/www.prijedordanas.com\/index.php?rest_route=%2Fwp%2Fv2%2Fcategories&post=209628"},{"taxonomy":"post_tag","embeddable":true,"href":"https:\/\/www.prijedordanas.com\/index.php?rest_route=%2Fwp%2Fv2%2Ftags&post=209628"}],"curies":[{"name":"wp","href":"https:\/\/api.w.org\/{rel}","templated":true}]}}