{"id":209600,"date":"2023-08-01T20:52:15","date_gmt":"2023-08-01T18:52:15","guid":{"rendered":"https:\/\/www.prijedordanas.com\/?p=209600"},"modified":"2023-08-01T20:52:16","modified_gmt":"2023-08-01T18:52:16","slug":"gradonacelnik-%d1%98avor-najostrija-osuda-americkih-sankcija-funkcionerima-republike-srpske","status":"publish","type":"post","link":"https:\/\/www.prijedordanas.com\/?p=209600","title":{"rendered":"Gradona\u010delnik \u0408avor: Najo\u0161trija osuda ameri\u010dkih sankcija funkcionerima Republike Srpske"},"content":{"rendered":"<p><a href=\"https:\/\/www.prijedordanas.com\/wp-content\/uploads\/2023\/08\/srna-javor.jpg\"><img loading=\"lazy\" decoding=\"async\" src=\"https:\/\/www.prijedordanas.com\/wp-content\/uploads\/2023\/08\/srna-javor-300x225.jpg\" alt=\"\" width=\"300\" height=\"225\" class=\"alignleft size-medium wp-image-209603\" srcset=\"https:\/\/www.prijedordanas.com\/wp-content\/uploads\/2023\/08\/srna-javor-300x225.jpg 300w, https:\/\/www.prijedordanas.com\/wp-content\/uploads\/2023\/08\/srna-javor-640x480.jpg 640w, https:\/\/www.prijedordanas.com\/wp-content\/uploads\/2023\/08\/srna-javor.jpg 667w\" sizes=\"(max-width: 300px) 100vw, 300px\" \/><\/a>Gradona\u010delnik Prijedora Slobodan \u0408avor danas je najo\u0161trije osudio uvo\u0111enje sankcija ljudima koji rukovode Republikom Srpskom i njenim institucijama i koji zastupaju interese naroda i dr\u017eave.<\/p>\n<p>&#8211; \u017dao mi je da dobiju sankcije ljudi koji se bore na sve mogu\u0107e na\u010dine da se ispo\u0161tuje Ustav i Dejton. Grad Prijedor i mje\u0161tani na\u0161eg grada i cijela Republika Srpska dali su podr\u0161ku ljudima koji rukovode Srpskom &#8211; rekao je \u0408avor novinarima u Prijedoru.<\/p>\n<p>On je podsjetio da je bilo prilike vidjeti da su SAD najprije sankcije uveli predsjedniku Republike Srpske Miloradu Dodiku i Alternativnoj televiziji i da se to sada nastavlja prema najva\u017enijim ljudima u zemlji.<\/p>\n<p>&#8211; Oni treba da istraju, da ih ovo dodatno osna\u017ei, ne samo njih, nego sve nas, \u010ditav srpski narod, da se ujedinimo i da svi zajedno radimo na ja\u010danju Republike Srpske iz dana u dan, jer bez Republike Srpske nema slobode i opstanka u ovakvoj BiH &#8211; poru\u010dio je \u0408avor.<\/p>\n<p>Kancelarija za kontrolu imovine stranaca Ministarstva finansija SAD uvela je sankcije srpskom \u010dlanu Predsjedi\u0161tva BiH \u017deljki Cvijanovi\u0107, predsjedniku Narodne skup\u0161tine Republike Srpske Nenadu Stevandi\u0107u, predsjedniku Vlade Radovanu Vi\u0161kovi\u0107u i ministru pravde Milo\u0161u Bukejlovi\u0107u zbog, kako su naveli, neustavnih i antidejtonskih akcija.<\/p>\n<p>SRNA<\/p>\n","protected":false},"excerpt":{"rendered":"<p>Gradona\u010delnik Prijedora Slobodan \u0408avor danas je najo\u0161trije osudio uvo\u0111enje sankcija ljudima koji rukovode Republikom Srpskom i njenim institucijama i koji zastupaju interese naroda i dr\u017eave. &#8211; \u017dao mi je da [&hellip;]<\/p>\n","protected":false},"author":1,"featured_media":0,"comment_status":"closed","ping_status":"open","sticky":false,"template":"","format":"standard","meta":{"_monsterinsights_skip_tracking":false,"_monsterinsights_sitenote_active":false,"_monsterinsights_sitenote_note":"","_monsterinsights_sitenote_category":0,"footnotes":""},"categories":[8],"tags":[],"yoast_head":"<!-- This site is optimized with the Yoast SEO plugin v21.6 - https:\/\/yoast.com\/wordpress\/plugins\/seo\/ -->\n<title>Gradona\u010delnik \u0408avor: Najo\u0161trija osuda ameri\u010dkih sankcija funkcionerima Republike Srpske - PrijedorDanas.com - Prijedorski gradski portal<\/title>\n<meta name=\"robots\" content=\"index, follow, max-snippet:-1, max-image-preview:large, max-video-preview:-1\" \/>\n<link rel=\"canonical\" href=\"https:\/\/www.prijedordanas.com\/?p=209600\" \/>\n<meta property=\"og:locale\" content=\"en_US\" \/>\n<meta property=\"og:type\" content=\"article\" \/>\n<meta property=\"og:title\" content=\"Gradona\u010delnik \u0408avor: Najo\u0161trija osuda ameri\u010dkih sankcija funkcionerima Republike Srpske - PrijedorDanas.com - Prijedorski gradski portal\" \/>\n<meta property=\"og:description\" content=\"Gradona\u010delnik Prijedora Slobodan \u0408avor danas je najo\u0161trije osudio uvo\u0111enje sankcija ljudima koji rukovode Republikom Srpskom i njenim institucijama i koji zastupaju interese naroda i dr\u017eave. &#8211; \u017dao mi je da [&hellip;]\" \/>\n<meta property=\"og:url\" content=\"https:\/\/www.prijedordanas.com\/?p=209600\" \/>\n<meta property=\"og:site_name\" content=\"PrijedorDanas.com - Prijedorski gradski portal\" \/>\n<meta property=\"article:publisher\" content=\"https:\/\/www.facebook.com\/PrijedorDanasCom\/\" \/>\n<meta property=\"article:published_time\" content=\"2023-08-01T18:52:15+00:00\" \/>\n<meta property=\"article:modified_time\" content=\"2023-08-01T18:52:16+00:00\" \/>\n<meta property=\"og:image\" content=\"https:\/\/www.prijedordanas.com\/wp-content\/uploads\/2023\/08\/srna-javor-300x225.jpg\" \/>\n<meta name=\"author\" content=\"admin\" \/>\n<meta name=\"twitter:card\" content=\"summary_large_image\" \/>\n<meta name=\"twitter:label1\" content=\"Written by\" \/>\n\t<meta name=\"twitter:data1\" content=\"admin\" \/>\n<script type=\"application\/ld+json\" class=\"yoast-schema-graph\">{\"@context\":\"https:\/\/schema.org\",\"@graph\":[{\"@type\":\"Article\",\"@id\":\"https:\/\/www.prijedordanas.com\/?p=209600#article\",\"isPartOf\":{\"@id\":\"https:\/\/www.prijedordanas.com\/?p=209600\"},\"author\":{\"name\":\"admin\",\"@id\":\"https:\/\/www.prijedordanas.com\/#\/schema\/person\/4e08ccf29b506ca916ff86d46bb700e6\"},\"headline\":\"Gradona\u010delnik \u0408avor: Najo\u0161trija osuda ameri\u010dkih sankcija funkcionerima Republike Srpske\",\"datePublished\":\"2023-08-01T18:52:15+00:00\",\"dateModified\":\"2023-08-01T18:52:16+00:00\",\"mainEntityOfPage\":{\"@id\":\"https:\/\/www.prijedordanas.com\/?p=209600\"},\"wordCount\":228,\"publisher\":{\"@id\":\"https:\/\/www.prijedordanas.com\/#organization\"},\"articleSection\":[\"Svakodnevno\"],\"inLanguage\":\"en-US\"},{\"@type\":\"WebPage\",\"@id\":\"https:\/\/www.prijedordanas.com\/?p=209600\",\"url\":\"https:\/\/www.prijedordanas.com\/?p=209600\",\"name\":\"Gradona\u010delnik \u0408avor: Najo\u0161trija osuda ameri\u010dkih sankcija funkcionerima Republike Srpske - PrijedorDanas.com - Prijedorski gradski portal\",\"isPartOf\":{\"@id\":\"https:\/\/www.prijedordanas.com\/#website\"},\"datePublished\":\"2023-08-01T18:52:15+00:00\",\"dateModified\":\"2023-08-01T18:52:16+00:00\",\"breadcrumb\":{\"@id\":\"https:\/\/www.prijedordanas.com\/?p=209600#breadcrumb\"},\"inLanguage\":\"en-US\",\"potentialAction\":[{\"@type\":\"ReadAction\",\"target\":[\"https:\/\/www.prijedordanas.com\/?p=209600\"]}]},{\"@type\":\"BreadcrumbList\",\"@id\":\"https:\/\/www.prijedordanas.com\/?p=209600#breadcrumb\",\"itemListElement\":[{\"@type\":\"ListItem\",\"position\":1,\"name\":\"Home\",\"item\":\"https:\/\/www.prijedordanas.com\/\"},{\"@type\":\"ListItem\",\"position\":2,\"name\":\"Gradona\u010delnik \u0408avor: Najo\u0161trija osuda ameri\u010dkih sankcija funkcionerima Republike Srpske\"}]},{\"@type\":\"WebSite\",\"@id\":\"https:\/\/www.prijedordanas.com\/#website\",\"url\":\"https:\/\/www.prijedordanas.com\/\",\"name\":\"PrijedorDanas.com - Prijedorski gradski portal\",\"description\":\"Portal o doga\u0111anjima u gradu Prijedoru\",\"publisher\":{\"@id\":\"https:\/\/www.prijedordanas.com\/#organization\"},\"potentialAction\":[{\"@type\":\"SearchAction\",\"target\":{\"@type\":\"EntryPoint\",\"urlTemplate\":\"https:\/\/www.prijedordanas.com\/?s={search_term_string}\"},\"query-input\":\"required name=search_term_string\"}],\"inLanguage\":\"en-US\"},{\"@type\":\"Organization\",\"@id\":\"https:\/\/www.prijedordanas.com\/#organization\",\"name\":\"PrijedorDanas.com\",\"url\":\"https:\/\/www.prijedordanas.com\/\",\"logo\":{\"@type\":\"ImageObject\",\"inLanguage\":\"en-US\",\"@id\":\"https:\/\/www.prijedordanas.com\/#\/schema\/logo\/image\/\",\"url\":\"http:\/\/www.prijedordanas.com\/wp-content\/uploads\/2021\/12\/logopng.png\",\"contentUrl\":\"http:\/\/www.prijedordanas.com\/wp-content\/uploads\/2021\/12\/logopng.png\",\"width\":1019,\"height\":776,\"caption\":\"PrijedorDanas.com\"},\"image\":{\"@id\":\"https:\/\/www.prijedordanas.com\/#\/schema\/logo\/image\/\"},\"sameAs\":[\"https:\/\/www.facebook.com\/PrijedorDanasCom\/\"]},{\"@type\":\"Person\",\"@id\":\"https:\/\/www.prijedordanas.com\/#\/schema\/person\/4e08ccf29b506ca916ff86d46bb700e6\",\"name\":\"admin\",\"image\":{\"@type\":\"ImageObject\",\"inLanguage\":\"en-US\",\"@id\":\"https:\/\/www.prijedordanas.com\/#\/schema\/person\/image\/\",\"url\":\"https:\/\/secure.gravatar.com\/avatar\/1d3fc949d550f0b53a5f0d51e06dfd79?s=96&d=mm&r=g\",\"contentUrl\":\"https:\/\/secure.gravatar.com\/avatar\/1d3fc949d550f0b53a5f0d51e06dfd79?s=96&d=mm&r=g\",\"caption\":\"admin\"},\"url\":\"https:\/\/www.prijedordanas.com\/?author=1\"}]}<\/script>\n<!-- \/ Yoast SEO plugin. -->","yoast_head_json":{"title":"Gradona\u010delnik \u0408avor: Najo\u0161trija osuda ameri\u010dkih sankcija funkcionerima Republike Srpske - PrijedorDanas.com - Prijedorski gradski portal","robots":{"index":"index","follow":"follow","max-snippet":"max-snippet:-1","max-image-preview":"max-image-preview:large","max-video-preview":"max-video-preview:-1"},"canonical":"https:\/\/www.prijedordanas.com\/?p=209600","og_locale":"en_US","og_type":"article","og_title":"Gradona\u010delnik \u0408avor: Najo\u0161trija osuda ameri\u010dkih sankcija funkcionerima Republike Srpske - PrijedorDanas.com - Prijedorski gradski portal","og_description":"Gradona\u010delnik Prijedora Slobodan \u0408avor danas je najo\u0161trije osudio uvo\u0111enje sankcija ljudima koji rukovode Republikom Srpskom i njenim institucijama i koji zastupaju interese naroda i dr\u017eave. &#8211; \u017dao mi je da [&hellip;]","og_url":"https:\/\/www.prijedordanas.com\/?p=209600","og_site_name":"PrijedorDanas.com - Prijedorski gradski portal","article_publisher":"https:\/\/www.facebook.com\/PrijedorDanasCom\/","article_published_time":"2023-08-01T18:52:15+00:00","article_modified_time":"2023-08-01T18:52:16+00:00","og_image":[{"url":"https:\/\/www.prijedordanas.com\/wp-content\/uploads\/2023\/08\/srna-javor-300x225.jpg"}],"author":"admin","twitter_card":"summary_large_image","twitter_misc":{"Written by":"admin"},"schema":{"@context":"https:\/\/schema.org","@graph":[{"@type":"Article","@id":"https:\/\/www.prijedordanas.com\/?p=209600#article","isPartOf":{"@id":"https:\/\/www.prijedordanas.com\/?p=209600"},"author":{"name":"admin","@id":"https:\/\/www.prijedordanas.com\/#\/schema\/person\/4e08ccf29b506ca916ff86d46bb700e6"},"headline":"Gradona\u010delnik \u0408avor: Najo\u0161trija osuda ameri\u010dkih sankcija funkcionerima Republike Srpske","datePublished":"2023-08-01T18:52:15+00:00","dateModified":"2023-08-01T18:52:16+00:00","mainEntityOfPage":{"@id":"https:\/\/www.prijedordanas.com\/?p=209600"},"wordCount":228,"publisher":{"@id":"https:\/\/www.prijedordanas.com\/#organization"},"articleSection":["Svakodnevno"],"inLanguage":"en-US"},{"@type":"WebPage","@id":"https:\/\/www.prijedordanas.com\/?p=209600","url":"https:\/\/www.prijedordanas.com\/?p=209600","name":"Gradona\u010delnik \u0408avor: Najo\u0161trija osuda ameri\u010dkih sankcija funkcionerima Republike Srpske - PrijedorDanas.com - Prijedorski gradski portal","isPartOf":{"@id":"https:\/\/www.prijedordanas.com\/#website"},"datePublished":"2023-08-01T18:52:15+00:00","dateModified":"2023-08-01T18:52:16+00:00","breadcrumb":{"@id":"https:\/\/www.prijedordanas.com\/?p=209600#breadcrumb"},"inLanguage":"en-US","potentialAction":[{"@type":"ReadAction","target":["https:\/\/www.prijedordanas.com\/?p=209600"]}]},{"@type":"BreadcrumbList","@id":"https:\/\/www.prijedordanas.com\/?p=209600#breadcrumb","itemListElement":[{"@type":"ListItem","position":1,"name":"Home","item":"https:\/\/www.prijedordanas.com\/"},{"@type":"ListItem","position":2,"name":"Gradona\u010delnik \u0408avor: Najo\u0161trija osuda ameri\u010dkih sankcija funkcionerima Republike Srpske"}]},{"@type":"WebSite","@id":"https:\/\/www.prijedordanas.com\/#website","url":"https:\/\/www.prijedordanas.com\/","name":"PrijedorDanas.com - Prijedorski gradski portal","description":"Portal o doga\u0111anjima u gradu Prijedoru","publisher":{"@id":"https:\/\/www.prijedordanas.com\/#organization"},"potentialAction":[{"@type":"SearchAction","target":{"@type":"EntryPoint","urlTemplate":"https:\/\/www.prijedordanas.com\/?s={search_term_string}"},"query-input":"required name=search_term_string"}],"inLanguage":"en-US"},{"@type":"Organization","@id":"https:\/\/www.prijedordanas.com\/#organization","name":"PrijedorDanas.com","url":"https:\/\/www.prijedordanas.com\/","logo":{"@type":"ImageObject","inLanguage":"en-US","@id":"https:\/\/www.prijedordanas.com\/#\/schema\/logo\/image\/","url":"http:\/\/www.prijedordanas.com\/wp-content\/uploads\/2021\/12\/logopng.png","contentUrl":"http:\/\/www.prijedordanas.com\/wp-content\/uploads\/2021\/12\/logopng.png","width":1019,"height":776,"caption":"PrijedorDanas.com"},"image":{"@id":"https:\/\/www.prijedordanas.com\/#\/schema\/logo\/image\/"},"sameAs":["https:\/\/www.facebook.com\/PrijedorDanasCom\/"]},{"@type":"Person","@id":"https:\/\/www.prijedordanas.com\/#\/schema\/person\/4e08ccf29b506ca916ff86d46bb700e6","name":"admin","image":{"@type":"ImageObject","inLanguage":"en-US","@id":"https:\/\/www.prijedordanas.com\/#\/schema\/person\/image\/","url":"https:\/\/secure.gravatar.com\/avatar\/1d3fc949d550f0b53a5f0d51e06dfd79?s=96&d=mm&r=g","contentUrl":"https:\/\/secure.gravatar.com\/avatar\/1d3fc949d550f0b53a5f0d51e06dfd79?s=96&d=mm&r=g","caption":"admin"},"url":"https:\/\/www.prijedordanas.com\/?author=1"}]}},"_links":{"self":[{"href":"https:\/\/www.prijedordanas.com\/index.php?rest_route=\/wp\/v2\/posts\/209600"}],"collection":[{"href":"https:\/\/www.prijedordanas.com\/index.php?rest_route=\/wp\/v2\/posts"}],"about":[{"href":"https:\/\/www.prijedordanas.com\/index.php?rest_route=\/wp\/v2\/types\/post"}],"author":[{"embeddable":true,"href":"https:\/\/www.prijedordanas.com\/index.php?rest_route=\/wp\/v2\/users\/1"}],"replies":[{"embeddable":true,"href":"https:\/\/www.prijedordanas.com\/index.php?rest_route=%2Fwp%2Fv2%2Fcomments&post=209600"}],"version-history":[{"count":1,"href":"https:\/\/www.prijedordanas.com\/index.php?rest_route=\/wp\/v2\/posts\/209600\/revisions"}],"predecessor-version":[{"id":209604,"href":"https:\/\/www.prijedordanas.com\/index.php?rest_route=\/wp\/v2\/posts\/209600\/revisions\/209604"}],"wp:attachment":[{"href":"https:\/\/www.prijedordanas.com\/index.php?rest_route=%2Fwp%2Fv2%2Fmedia&parent=209600"}],"wp:term":[{"taxonomy":"category","embeddable":true,"href":"https:\/\/www.prijedordanas.com\/index.php?rest_route=%2Fwp%2Fv2%2Fcategories&post=209600"},{"taxonomy":"post_tag","embeddable":true,"href":"https:\/\/www.prijedordanas.com\/index.php?rest_route=%2Fwp%2Fv2%2Ftags&post=209600"}],"curies":[{"name":"wp","href":"https:\/\/api.w.org\/{rel}","templated":true}]}}