{"id":209518,"date":"2023-07-30T10:55:48","date_gmt":"2023-07-30T08:55:48","guid":{"rendered":"https:\/\/www.prijedordanas.com\/?p=209518"},"modified":"2023-07-30T10:55:48","modified_gmt":"2023-07-30T08:55:48","slug":"opet-protest-zbog-rudnika-mjestani-bistrice-zavapili-za-nas-je-ovo-nova-oluja-raselice-nam-selo","status":"publish","type":"post","link":"https:\/\/www.prijedordanas.com\/?p=209518","title":{"rendered":"Opet protest zbog rudnika, mje\u0161tani Bistrice zavapili &#8220;Za nas je ovo nova Oluja, raseli\u0107e nam selo&#8221;"},"content":{"rendered":"<p><a href=\"https:\/\/www.prijedordanas.com\/wp-content\/uploads\/2023\/06\/protest-bistrica.jpg\"><img loading=\"lazy\" decoding=\"async\" class=\"alignleft size-medium wp-image-207204\" src=\"https:\/\/www.prijedordanas.com\/wp-content\/uploads\/2023\/06\/protest-bistrica-300x225.jpg\" alt=\"\" width=\"300\" height=\"225\" srcset=\"https:\/\/www.prijedordanas.com\/wp-content\/uploads\/2023\/06\/protest-bistrica-300x225.jpg 300w, https:\/\/www.prijedordanas.com\/wp-content\/uploads\/2023\/06\/protest-bistrica-640x480.jpg 640w, https:\/\/www.prijedordanas.com\/wp-content\/uploads\/2023\/06\/protest-bistrica.jpg 667w\" sizes=\"(max-width: 300px) 100vw, 300px\" \/><\/a>Mje\u0161tani Bistrice danas \u0107e opet protestovati zbog namjere koncesionara i vlasti u Srpskoj da u njihovom selu otvore rudnik lignita, \u0161to bi, kako tvrde, zbog buke i zaga\u0111enja, ugrozilo njihova poljoprivredna imanja i \u017eivot u ovom porkozarskom selu, u\u010dinio nemogu\u0107im.<\/p>\n<p>Protestna \u0161etnja pod motom \u201cNe rudniku u Bistrici\u201d po\u010de\u0107e sutra u 12 \u010dasova ispred mjesnog Dru\u0161tvenog doma i nastavi\u0107e se do, kako navode organizatori, \u201cnelegalnog rudnika uglja\u201d.<\/p>\n<p>\u2013 Gra\u0111ani Bistrice su dali priliku institucijama Republike Srpske da zaustave nelegalne aktivnosti , ali za prethodna dva mjeseca se ni\u0161ta nije desilo, osim \u0161to nam je Bistrica devastirana \u2013 rekao je za Srpskainfo jedan od organizaora protesta.<\/p>\n<p><a href=\"https:\/\/www.prijedordanas.com\/wp-content\/uploads\/2023\/07\/bistrica-protestna-setnja-30juli-najava.jpg\"><img loading=\"lazy\" decoding=\"async\" class=\"alignleft size-medium wp-image-209464\" src=\"https:\/\/www.prijedordanas.com\/wp-content\/uploads\/2023\/07\/bistrica-protestna-setnja-30juli-najava-300x300.jpg\" alt=\"\" width=\"300\" height=\"300\" srcset=\"https:\/\/www.prijedordanas.com\/wp-content\/uploads\/2023\/07\/bistrica-protestna-setnja-30juli-najava-300x300.jpg 300w, https:\/\/www.prijedordanas.com\/wp-content\/uploads\/2023\/07\/bistrica-protestna-setnja-30juli-najava-150x150.jpg 150w, https:\/\/www.prijedordanas.com\/wp-content\/uploads\/2023\/07\/bistrica-protestna-setnja-30juli-najava-50x50.jpg 50w, https:\/\/www.prijedordanas.com\/wp-content\/uploads\/2023\/07\/bistrica-protestna-setnja-30juli-najava.jpg 600w\" sizes=\"(max-width: 300px) 100vw, 300px\" \/><\/a>Njegove kom\u0161ije podsje\u0107aju da su i ranije protestovali, izvodili na teren geometre, koji su ustanovili da je pristupni put ka radili\u0161tu, na kojem ma\u0161ine preduze\u0107a \u201cDrvo-eksport\u201d ve\u0107 dva mjeseca kopaju, zahvatio privatne parcele Bistri\u010dana.<\/p>\n<p>Pisali su i predsjedniku Republike Srpske Miloradu Dodiku, predsjedniku Srbije Aleksandru Vu\u010di\u0107u, pa \u010dak i patrijarhu Srpske pravoslavne crkve Porfiriju, apeluju\u0107i da zaustave nelegalne radove i devastaciju sela.<\/p>\n<p>Niko im nije odgovorio.<\/p>\n<p>\u2013 Dodik je poru\u010dio preko svog Tviter naloga da \u0107e se informisati o \u010demu se u Bistrici radi, kolio mi znamo, tra\u017eio je samo informacije od gradona\u010delnika Prijedora Slobodana Javora. I mi smo zvali Javora, re\u010deno nam je da su svi zauzeti zbog priprema za obilje\u017eavanje godi\u0161njice \u201cOluje\u201d. Uz du\u017eno po\u0161tovanje \u017ertvama, ali nama se sprema nova \u201cOluja\u201d \u2013 rekao je jedan mje\u0161tanin.<\/p>\n<p><a href=\"https:\/\/www.prijedordanas.com\/wp-content\/uploads\/2023\/06\/bistrica-mjestani-blokirali-put-1.jpg\"><img loading=\"lazy\" decoding=\"async\" class=\"alignleft size-medium wp-image-207670\" src=\"https:\/\/www.prijedordanas.com\/wp-content\/uploads\/2023\/06\/bistrica-mjestani-blokirali-put-1-300x225.jpg\" alt=\"\" width=\"300\" height=\"225\" srcset=\"https:\/\/www.prijedordanas.com\/wp-content\/uploads\/2023\/06\/bistrica-mjestani-blokirali-put-1-300x225.jpg 300w, https:\/\/www.prijedordanas.com\/wp-content\/uploads\/2023\/06\/bistrica-mjestani-blokirali-put-1-640x480.jpg 640w, https:\/\/www.prijedordanas.com\/wp-content\/uploads\/2023\/06\/bistrica-mjestani-blokirali-put-1.jpg 667w\" sizes=\"(max-width: 300px) 100vw, 300px\" \/><\/a>Na Fejsbuk grupi \u201c\u010cuvari Bistrice\u201d mje\u0161tani su detaljno obrazlo\u017eili za\u0161to protestuju.<\/p>\n<p>\u2013 Protestujemo zato \u0161to je Vlada Republike Srpske bespravno donijela Odluku o pokretanju postupka za dodjelu koncesije za eksploataciju uglja i zato \u0161to je Ministarstvo donijelo rije\u0161enje kojim se ne zahtijeva da \u201cDrvo-eksport\u201d izradi Studiju o procjeni uticaja na \u017eivotnu sredinu \u2013 navodi se u obajvi.<\/p>\n<p>Nezadovoljni su, ka\u017eu, i zato \u0161to institucije, a posebno inspekcije, ne\u0107e da sankcioni\u0161u nelegalne aktivnosti koje se sprovode u Bistrici, i zato \u0161to radovi nesmetano traju iako nisu rije\u0161eni imovinsko pravni odnosi, pa se kopa i po parcelama koje nisu u vlasni\u0161tvu budu\u0107ih koncesionara.<\/p>\n<p>\u2013 Protestujemo zato \u0161to ne \u017eelimo da Bistri\u010dki trougao napravi novu \u201cOluju\u201d na na\u0161im prostorima i da nam se ljudi raseljavaju zbog rudnika, kamenoloma u blizini sela i trase autoputa, koja \u0107e nam Bistricu presje\u0107i na dva dijela \u2013 poru\u010duju Bistri\u010dani.<\/p>\n<p><a href=\"https:\/\/srpskainfo.com\/opet-protest-zbog-rudnika-mjestani-bistrice-zavapili-za-nas-je-ovo-nova-oluja-raselice-nam-selo-foto\/\" target=\"_blank\" rel=\"noopener\">srpskainfo.com<\/a><\/p>\n","protected":false},"excerpt":{"rendered":"<p>Mje\u0161tani Bistrice danas \u0107e opet protestovati zbog namjere koncesionara i vlasti u Srpskoj da u njihovom selu otvore rudnik lignita, \u0161to bi, kako tvrde, zbog buke i zaga\u0111enja, ugrozilo njihova [&hellip;]<\/p>\n","protected":false},"author":1,"featured_media":0,"comment_status":"closed","ping_status":"open","sticky":false,"template":"","format":"standard","meta":{"_monsterinsights_skip_tracking":false,"_monsterinsights_sitenote_active":false,"_monsterinsights_sitenote_note":"","_monsterinsights_sitenote_category":0,"footnotes":""},"categories":[4],"tags":[],"yoast_head":"<!-- This site is optimized with the Yoast SEO plugin v21.6 - https:\/\/yoast.com\/wordpress\/plugins\/seo\/ -->\n<title>Opet protest zbog rudnika, mje\u0161tani Bistrice zavapili &quot;Za nas je ovo nova Oluja, raseli\u0107e nam selo&quot; - PrijedorDanas.com - Prijedorski gradski portal<\/title>\n<meta name=\"robots\" content=\"index, follow, max-snippet:-1, max-image-preview:large, max-video-preview:-1\" \/>\n<link rel=\"canonical\" href=\"https:\/\/www.prijedordanas.com\/?p=209518\" \/>\n<meta property=\"og:locale\" content=\"en_US\" \/>\n<meta property=\"og:type\" content=\"article\" \/>\n<meta property=\"og:title\" content=\"Opet protest zbog rudnika, mje\u0161tani Bistrice zavapili &quot;Za nas je ovo nova Oluja, raseli\u0107e nam selo&quot; - PrijedorDanas.com - Prijedorski gradski portal\" \/>\n<meta property=\"og:description\" content=\"Mje\u0161tani Bistrice danas \u0107e opet protestovati zbog namjere koncesionara i vlasti u Srpskoj da u njihovom selu otvore rudnik lignita, \u0161to bi, kako tvrde, zbog buke i zaga\u0111enja, ugrozilo njihova [&hellip;]\" \/>\n<meta property=\"og:url\" content=\"https:\/\/www.prijedordanas.com\/?p=209518\" \/>\n<meta property=\"og:site_name\" content=\"PrijedorDanas.com - Prijedorski gradski portal\" \/>\n<meta property=\"article:publisher\" content=\"https:\/\/www.facebook.com\/PrijedorDanasCom\/\" \/>\n<meta property=\"article:published_time\" content=\"2023-07-30T08:55:48+00:00\" \/>\n<meta property=\"og:image\" content=\"https:\/\/www.prijedordanas.com\/wp-content\/uploads\/2023\/06\/protest-bistrica-300x225.jpg\" \/>\n<meta name=\"author\" content=\"admin\" \/>\n<meta name=\"twitter:card\" content=\"summary_large_image\" \/>\n<meta name=\"twitter:label1\" content=\"Written by\" \/>\n\t<meta name=\"twitter:data1\" content=\"admin\" \/>\n\t<meta name=\"twitter:label2\" content=\"Est. reading time\" \/>\n\t<meta name=\"twitter:data2\" content=\"3 minutes\" \/>\n<script type=\"application\/ld+json\" class=\"yoast-schema-graph\">{\"@context\":\"https:\/\/schema.org\",\"@graph\":[{\"@type\":\"Article\",\"@id\":\"https:\/\/www.prijedordanas.com\/?p=209518#article\",\"isPartOf\":{\"@id\":\"https:\/\/www.prijedordanas.com\/?p=209518\"},\"author\":{\"name\":\"admin\",\"@id\":\"https:\/\/www.prijedordanas.com\/#\/schema\/person\/4e08ccf29b506ca916ff86d46bb700e6\"},\"headline\":\"Opet protest zbog rudnika, mje\u0161tani Bistrice zavapili &#8220;Za nas je ovo nova Oluja, raseli\u0107e nam selo&#8221;\",\"datePublished\":\"2023-07-30T08:55:48+00:00\",\"dateModified\":\"2023-07-30T08:55:48+00:00\",\"mainEntityOfPage\":{\"@id\":\"https:\/\/www.prijedordanas.com\/?p=209518\"},\"wordCount\":429,\"publisher\":{\"@id\":\"https:\/\/www.prijedordanas.com\/#organization\"},\"articleSection\":[\"Dru\u0161tvo\"],\"inLanguage\":\"en-US\"},{\"@type\":\"WebPage\",\"@id\":\"https:\/\/www.prijedordanas.com\/?p=209518\",\"url\":\"https:\/\/www.prijedordanas.com\/?p=209518\",\"name\":\"Opet protest zbog rudnika, mje\u0161tani Bistrice zavapili \\\"Za nas je ovo nova Oluja, raseli\u0107e nam selo\\\" - PrijedorDanas.com - Prijedorski gradski portal\",\"isPartOf\":{\"@id\":\"https:\/\/www.prijedordanas.com\/#website\"},\"datePublished\":\"2023-07-30T08:55:48+00:00\",\"dateModified\":\"2023-07-30T08:55:48+00:00\",\"breadcrumb\":{\"@id\":\"https:\/\/www.prijedordanas.com\/?p=209518#breadcrumb\"},\"inLanguage\":\"en-US\",\"potentialAction\":[{\"@type\":\"ReadAction\",\"target\":[\"https:\/\/www.prijedordanas.com\/?p=209518\"]}]},{\"@type\":\"BreadcrumbList\",\"@id\":\"https:\/\/www.prijedordanas.com\/?p=209518#breadcrumb\",\"itemListElement\":[{\"@type\":\"ListItem\",\"position\":1,\"name\":\"Home\",\"item\":\"https:\/\/www.prijedordanas.com\/\"},{\"@type\":\"ListItem\",\"position\":2,\"name\":\"Opet protest zbog rudnika, mje\u0161tani Bistrice zavapili &#8220;Za nas je ovo nova Oluja, raseli\u0107e nam selo&#8221;\"}]},{\"@type\":\"WebSite\",\"@id\":\"https:\/\/www.prijedordanas.com\/#website\",\"url\":\"https:\/\/www.prijedordanas.com\/\",\"name\":\"PrijedorDanas.com - Prijedorski gradski portal\",\"description\":\"Portal o doga\u0111anjima u gradu Prijedoru\",\"publisher\":{\"@id\":\"https:\/\/www.prijedordanas.com\/#organization\"},\"potentialAction\":[{\"@type\":\"SearchAction\",\"target\":{\"@type\":\"EntryPoint\",\"urlTemplate\":\"https:\/\/www.prijedordanas.com\/?s={search_term_string}\"},\"query-input\":\"required name=search_term_string\"}],\"inLanguage\":\"en-US\"},{\"@type\":\"Organization\",\"@id\":\"https:\/\/www.prijedordanas.com\/#organization\",\"name\":\"PrijedorDanas.com\",\"url\":\"https:\/\/www.prijedordanas.com\/\",\"logo\":{\"@type\":\"ImageObject\",\"inLanguage\":\"en-US\",\"@id\":\"https:\/\/www.prijedordanas.com\/#\/schema\/logo\/image\/\",\"url\":\"http:\/\/www.prijedordanas.com\/wp-content\/uploads\/2021\/12\/logopng.png\",\"contentUrl\":\"http:\/\/www.prijedordanas.com\/wp-content\/uploads\/2021\/12\/logopng.png\",\"width\":1019,\"height\":776,\"caption\":\"PrijedorDanas.com\"},\"image\":{\"@id\":\"https:\/\/www.prijedordanas.com\/#\/schema\/logo\/image\/\"},\"sameAs\":[\"https:\/\/www.facebook.com\/PrijedorDanasCom\/\"]},{\"@type\":\"Person\",\"@id\":\"https:\/\/www.prijedordanas.com\/#\/schema\/person\/4e08ccf29b506ca916ff86d46bb700e6\",\"name\":\"admin\",\"image\":{\"@type\":\"ImageObject\",\"inLanguage\":\"en-US\",\"@id\":\"https:\/\/www.prijedordanas.com\/#\/schema\/person\/image\/\",\"url\":\"https:\/\/secure.gravatar.com\/avatar\/1d3fc949d550f0b53a5f0d51e06dfd79?s=96&d=mm&r=g\",\"contentUrl\":\"https:\/\/secure.gravatar.com\/avatar\/1d3fc949d550f0b53a5f0d51e06dfd79?s=96&d=mm&r=g\",\"caption\":\"admin\"},\"url\":\"https:\/\/www.prijedordanas.com\/?author=1\"}]}<\/script>\n<!-- \/ Yoast SEO plugin. -->","yoast_head_json":{"title":"Opet protest zbog rudnika, mje\u0161tani Bistrice zavapili \"Za nas je ovo nova Oluja, raseli\u0107e nam selo\" - PrijedorDanas.com - Prijedorski gradski portal","robots":{"index":"index","follow":"follow","max-snippet":"max-snippet:-1","max-image-preview":"max-image-preview:large","max-video-preview":"max-video-preview:-1"},"canonical":"https:\/\/www.prijedordanas.com\/?p=209518","og_locale":"en_US","og_type":"article","og_title":"Opet protest zbog rudnika, mje\u0161tani Bistrice zavapili \"Za nas je ovo nova Oluja, raseli\u0107e nam selo\" - PrijedorDanas.com - Prijedorski gradski portal","og_description":"Mje\u0161tani Bistrice danas \u0107e opet protestovati zbog namjere koncesionara i vlasti u Srpskoj da u njihovom selu otvore rudnik lignita, \u0161to bi, kako tvrde, zbog buke i zaga\u0111enja, ugrozilo njihova [&hellip;]","og_url":"https:\/\/www.prijedordanas.com\/?p=209518","og_site_name":"PrijedorDanas.com - Prijedorski gradski portal","article_publisher":"https:\/\/www.facebook.com\/PrijedorDanasCom\/","article_published_time":"2023-07-30T08:55:48+00:00","og_image":[{"url":"https:\/\/www.prijedordanas.com\/wp-content\/uploads\/2023\/06\/protest-bistrica-300x225.jpg"}],"author":"admin","twitter_card":"summary_large_image","twitter_misc":{"Written by":"admin","Est. reading time":"3 minutes"},"schema":{"@context":"https:\/\/schema.org","@graph":[{"@type":"Article","@id":"https:\/\/www.prijedordanas.com\/?p=209518#article","isPartOf":{"@id":"https:\/\/www.prijedordanas.com\/?p=209518"},"author":{"name":"admin","@id":"https:\/\/www.prijedordanas.com\/#\/schema\/person\/4e08ccf29b506ca916ff86d46bb700e6"},"headline":"Opet protest zbog rudnika, mje\u0161tani Bistrice zavapili &#8220;Za nas je ovo nova Oluja, raseli\u0107e nam selo&#8221;","datePublished":"2023-07-30T08:55:48+00:00","dateModified":"2023-07-30T08:55:48+00:00","mainEntityOfPage":{"@id":"https:\/\/www.prijedordanas.com\/?p=209518"},"wordCount":429,"publisher":{"@id":"https:\/\/www.prijedordanas.com\/#organization"},"articleSection":["Dru\u0161tvo"],"inLanguage":"en-US"},{"@type":"WebPage","@id":"https:\/\/www.prijedordanas.com\/?p=209518","url":"https:\/\/www.prijedordanas.com\/?p=209518","name":"Opet protest zbog rudnika, mje\u0161tani Bistrice zavapili \"Za nas je ovo nova Oluja, raseli\u0107e nam selo\" - PrijedorDanas.com - Prijedorski gradski portal","isPartOf":{"@id":"https:\/\/www.prijedordanas.com\/#website"},"datePublished":"2023-07-30T08:55:48+00:00","dateModified":"2023-07-30T08:55:48+00:00","breadcrumb":{"@id":"https:\/\/www.prijedordanas.com\/?p=209518#breadcrumb"},"inLanguage":"en-US","potentialAction":[{"@type":"ReadAction","target":["https:\/\/www.prijedordanas.com\/?p=209518"]}]},{"@type":"BreadcrumbList","@id":"https:\/\/www.prijedordanas.com\/?p=209518#breadcrumb","itemListElement":[{"@type":"ListItem","position":1,"name":"Home","item":"https:\/\/www.prijedordanas.com\/"},{"@type":"ListItem","position":2,"name":"Opet protest zbog rudnika, mje\u0161tani Bistrice zavapili &#8220;Za nas je ovo nova Oluja, raseli\u0107e nam selo&#8221;"}]},{"@type":"WebSite","@id":"https:\/\/www.prijedordanas.com\/#website","url":"https:\/\/www.prijedordanas.com\/","name":"PrijedorDanas.com - Prijedorski gradski portal","description":"Portal o doga\u0111anjima u gradu Prijedoru","publisher":{"@id":"https:\/\/www.prijedordanas.com\/#organization"},"potentialAction":[{"@type":"SearchAction","target":{"@type":"EntryPoint","urlTemplate":"https:\/\/www.prijedordanas.com\/?s={search_term_string}"},"query-input":"required name=search_term_string"}],"inLanguage":"en-US"},{"@type":"Organization","@id":"https:\/\/www.prijedordanas.com\/#organization","name":"PrijedorDanas.com","url":"https:\/\/www.prijedordanas.com\/","logo":{"@type":"ImageObject","inLanguage":"en-US","@id":"https:\/\/www.prijedordanas.com\/#\/schema\/logo\/image\/","url":"http:\/\/www.prijedordanas.com\/wp-content\/uploads\/2021\/12\/logopng.png","contentUrl":"http:\/\/www.prijedordanas.com\/wp-content\/uploads\/2021\/12\/logopng.png","width":1019,"height":776,"caption":"PrijedorDanas.com"},"image":{"@id":"https:\/\/www.prijedordanas.com\/#\/schema\/logo\/image\/"},"sameAs":["https:\/\/www.facebook.com\/PrijedorDanasCom\/"]},{"@type":"Person","@id":"https:\/\/www.prijedordanas.com\/#\/schema\/person\/4e08ccf29b506ca916ff86d46bb700e6","name":"admin","image":{"@type":"ImageObject","inLanguage":"en-US","@id":"https:\/\/www.prijedordanas.com\/#\/schema\/person\/image\/","url":"https:\/\/secure.gravatar.com\/avatar\/1d3fc949d550f0b53a5f0d51e06dfd79?s=96&d=mm&r=g","contentUrl":"https:\/\/secure.gravatar.com\/avatar\/1d3fc949d550f0b53a5f0d51e06dfd79?s=96&d=mm&r=g","caption":"admin"},"url":"https:\/\/www.prijedordanas.com\/?author=1"}]}},"_links":{"self":[{"href":"https:\/\/www.prijedordanas.com\/index.php?rest_route=\/wp\/v2\/posts\/209518"}],"collection":[{"href":"https:\/\/www.prijedordanas.com\/index.php?rest_route=\/wp\/v2\/posts"}],"about":[{"href":"https:\/\/www.prijedordanas.com\/index.php?rest_route=\/wp\/v2\/types\/post"}],"author":[{"embeddable":true,"href":"https:\/\/www.prijedordanas.com\/index.php?rest_route=\/wp\/v2\/users\/1"}],"replies":[{"embeddable":true,"href":"https:\/\/www.prijedordanas.com\/index.php?rest_route=%2Fwp%2Fv2%2Fcomments&post=209518"}],"version-history":[{"count":1,"href":"https:\/\/www.prijedordanas.com\/index.php?rest_route=\/wp\/v2\/posts\/209518\/revisions"}],"predecessor-version":[{"id":209519,"href":"https:\/\/www.prijedordanas.com\/index.php?rest_route=\/wp\/v2\/posts\/209518\/revisions\/209519"}],"wp:attachment":[{"href":"https:\/\/www.prijedordanas.com\/index.php?rest_route=%2Fwp%2Fv2%2Fmedia&parent=209518"}],"wp:term":[{"taxonomy":"category","embeddable":true,"href":"https:\/\/www.prijedordanas.com\/index.php?rest_route=%2Fwp%2Fv2%2Fcategories&post=209518"},{"taxonomy":"post_tag","embeddable":true,"href":"https:\/\/www.prijedordanas.com\/index.php?rest_route=%2Fwp%2Fv2%2Ftags&post=209518"}],"curies":[{"name":"wp","href":"https:\/\/api.w.org\/{rel}","templated":true}]}}