{"id":209204,"date":"2023-07-22T22:47:30","date_gmt":"2023-07-22T20:47:30","guid":{"rendered":"https:\/\/www.prijedordanas.com\/?p=209204"},"modified":"2023-07-24T23:06:08","modified_gmt":"2023-07-24T21:06:08","slug":"kamp-dijaspore-mladi-rukometasi-iz-rs-borave-u-knjazevcu-promoter-ratko-nikolic-medu-ucesnicima-i-trojica-prijedorcana-foto","status":"publish","type":"post","link":"https:\/\/www.prijedordanas.com\/?p=209204","title":{"rendered":"Kamp dijaspore &#8211; Mladi rukometa\u0161i iz RS borave u Knja\u017eevcu, promoter Ratko Nikoli\u0107: Me\u0111u u\u010desnicima i trojica Prijedor\u010dana &#8211; FOTO"},"content":{"rendered":"<p><a href=\"https:\/\/www.prijedordanas.com\/wp-content\/uploads\/2023\/07\/rukometni-kamp-dijaspore-knjazevac-2023.jpg\"><img loading=\"lazy\" decoding=\"async\" class=\"alignleft size-medium wp-image-209205\" src=\"https:\/\/www.prijedordanas.com\/wp-content\/uploads\/2023\/07\/rukometni-kamp-dijaspore-knjazevac-2023-300x225.jpg\" alt=\"\" width=\"300\" height=\"225\" srcset=\"https:\/\/www.prijedordanas.com\/wp-content\/uploads\/2023\/07\/rukometni-kamp-dijaspore-knjazevac-2023-300x225.jpg 300w, https:\/\/www.prijedordanas.com\/wp-content\/uploads\/2023\/07\/rukometni-kamp-dijaspore-knjazevac-2023-640x480.jpg 640w, https:\/\/www.prijedordanas.com\/wp-content\/uploads\/2023\/07\/rukometni-kamp-dijaspore-knjazevac-2023.jpg 667w\" sizes=\"(max-width: 300px) 100vw, 300px\" \/><\/a>Oko 70 mladih rukometa\u0161a iz Novog Grada, Prijedora, Broda, Br\u010dkog, Br\u010dkog, Bijeljine, Zvornika, Isto\u010dnog Sarajeva i Nevesinja u\u010destvuje na prvom kampu za djecu iz dijaspore koji se odr\u017eava u Knja\u017eevcu.<\/p>\n<p>Kamp se odr\u017eava pod pokrovitelstvom Ministarstva za dijasporu u Vladi Republike Srbije, a djeca su imala priliku da se dru\u017ee sa legendom srpskog rukometa Ratkom Nikoli\u0107em koji je promoter ovog doga\u0111aja.<\/p>\n<p>Klinci iz Srpske u Knja\u017eevcu imaju sve uslove za vrhunski rad, a posebno su sre\u0107ni \u0161to su upoznali drugare koji su u maticu stigli iz nekoliko zemalja svijeta.<\/p>\n<p><a href=\"https:\/\/www.prijedordanas.com\/wp-content\/uploads\/2023\/07\/ork-prijedor-kamp-dijaspore-knjazevac-2023-3.jpg\"><img loading=\"lazy\" decoding=\"async\" src=\"https:\/\/www.prijedordanas.com\/wp-content\/uploads\/2023\/07\/ork-prijedor-kamp-dijaspore-knjazevac-2023-3-300x239.jpg\" alt=\"\" width=\"300\" height=\"239\" class=\"alignleft size-medium wp-image-209206\" srcset=\"https:\/\/www.prijedordanas.com\/wp-content\/uploads\/2023\/07\/ork-prijedor-kamp-dijaspore-knjazevac-2023-3-300x239.jpg 300w, https:\/\/www.prijedordanas.com\/wp-content\/uploads\/2023\/07\/ork-prijedor-kamp-dijaspore-knjazevac-2023-3.jpg 600w\" sizes=\"(max-width: 300px) 100vw, 300px\" \/><\/a>\u2013 Pokaza\u0107emo im i Staru planinu i Banjicu i na\u0161e terene, ali i na\u0161u gostoprimljivost, da se odavde vrate puni utisaka. Nadamo se nastavku dalje saradnje u avgustu mjesecu, kada o\u010dekujemo jo\u0161 dvadesetak u\u010desnika \u2013 pomo\u0107nik predsjednika op\u0161tine Knja\u017eevac rekao je Mi\u0161el Nikoli\u0107.<\/p>\n<p>Nikoli\u0107, koji ima i svoj kamp, isti\u010de da je svako okupljanje lijepa prilika za razvoj rukometa i pronala\u017eenje mladih talentovanih rukometa\u0161a.<\/p>\n<p>U\u010desnici kampa su i trojica \u010dlanova ORK Prijedor, Aleksandar Mudrini\u0107, Kosta Mar\u010deti\u0107 i Kosta Stevandi\u0107.<\/p>\n<p><a href=\"https:\/\/srpskainfo.com\/kamp-dijaspore-mladi-rukometasi-iz-srpske-borace-u-knjazevcu-promoter-ratko-nikolic-foto\/\" target=\"_blank\" rel=\"noopener\">srpskainfo.com<\/a><\/p>\n<p><a href=\"https:\/\/www.prijedordanas.com\/wp-content\/uploads\/2023\/07\/ork-prijedor-kamp-dijaspore-knjazevac-2023-1.jpg\"><img loading=\"lazy\" decoding=\"async\" src=\"https:\/\/www.prijedordanas.com\/wp-content\/uploads\/2023\/07\/ork-prijedor-kamp-dijaspore-knjazevac-2023-1-225x300.jpg\" alt=\"\" width=\"225\" height=\"300\" class=\"alignleft size-medium wp-image-209207\" srcset=\"https:\/\/www.prijedordanas.com\/wp-content\/uploads\/2023\/07\/ork-prijedor-kamp-dijaspore-knjazevac-2023-1-225x300.jpg 225w, https:\/\/www.prijedordanas.com\/wp-content\/uploads\/2023\/07\/ork-prijedor-kamp-dijaspore-knjazevac-2023-1.jpg 450w\" sizes=\"(max-width: 225px) 100vw, 225px\" \/><\/a> <a href=\"https:\/\/www.prijedordanas.com\/wp-content\/uploads\/2023\/07\/ork-prijedor-kamp-dijaspore-knjazevac-2023-2.jpg\"><img loading=\"lazy\" decoding=\"async\" src=\"https:\/\/www.prijedordanas.com\/wp-content\/uploads\/2023\/07\/ork-prijedor-kamp-dijaspore-knjazevac-2023-2-225x300.jpg\" alt=\"\" width=\"225\" height=\"300\" class=\"alignleft size-medium wp-image-209208\" srcset=\"https:\/\/www.prijedordanas.com\/wp-content\/uploads\/2023\/07\/ork-prijedor-kamp-dijaspore-knjazevac-2023-2-225x300.jpg 225w, https:\/\/www.prijedordanas.com\/wp-content\/uploads\/2023\/07\/ork-prijedor-kamp-dijaspore-knjazevac-2023-2.jpg 450w\" sizes=\"(max-width: 225px) 100vw, 225px\" \/><\/a> <a href=\"https:\/\/www.prijedordanas.com\/wp-content\/uploads\/2023\/07\/ork-prijedor-kamp-dijaspore-knjazevac-2023-4.jpg\"><img loading=\"lazy\" decoding=\"async\" src=\"https:\/\/www.prijedordanas.com\/wp-content\/uploads\/2023\/07\/ork-prijedor-kamp-dijaspore-knjazevac-2023-4-225x300.jpg\" alt=\"\" width=\"225\" height=\"300\" class=\"alignleft size-medium wp-image-209209\" srcset=\"https:\/\/www.prijedordanas.com\/wp-content\/uploads\/2023\/07\/ork-prijedor-kamp-dijaspore-knjazevac-2023-4-225x300.jpg 225w, https:\/\/www.prijedordanas.com\/wp-content\/uploads\/2023\/07\/ork-prijedor-kamp-dijaspore-knjazevac-2023-4.jpg 450w\" sizes=\"(max-width: 225px) 100vw, 225px\" \/><\/a><\/p>\n","protected":false},"excerpt":{"rendered":"<p>Oko 70 mladih rukometa\u0161a iz Novog Grada, Prijedora, Broda, Br\u010dkog, Br\u010dkog, Bijeljine, Zvornika, Isto\u010dnog Sarajeva i Nevesinja u\u010destvuje na prvom kampu za djecu iz dijaspore koji se odr\u017eava u Knja\u017eevcu. [&hellip;]<\/p>\n","protected":false},"author":1,"featured_media":0,"comment_status":"closed","ping_status":"open","sticky":false,"template":"","format":"standard","meta":{"_monsterinsights_skip_tracking":false,"_monsterinsights_sitenote_active":false,"_monsterinsights_sitenote_note":"","_monsterinsights_sitenote_category":0,"footnotes":""},"categories":[7],"tags":[],"yoast_head":"<!-- This site is optimized with the Yoast SEO plugin v21.6 - https:\/\/yoast.com\/wordpress\/plugins\/seo\/ -->\n<title>Kamp dijaspore - Mladi rukometa\u0161i iz RS borave u Knja\u017eevcu, promoter Ratko Nikoli\u0107: Me\u0111u u\u010desnicima i trojica Prijedor\u010dana - FOTO - PrijedorDanas.com - Prijedorski gradski portal<\/title>\n<meta name=\"robots\" content=\"index, follow, max-snippet:-1, max-image-preview:large, max-video-preview:-1\" \/>\n<link rel=\"canonical\" href=\"https:\/\/www.prijedordanas.com\/?p=209204\" \/>\n<meta property=\"og:locale\" content=\"en_US\" \/>\n<meta property=\"og:type\" content=\"article\" \/>\n<meta property=\"og:title\" content=\"Kamp dijaspore - Mladi rukometa\u0161i iz RS borave u Knja\u017eevcu, promoter Ratko Nikoli\u0107: Me\u0111u u\u010desnicima i trojica Prijedor\u010dana - FOTO - PrijedorDanas.com - Prijedorski gradski portal\" \/>\n<meta property=\"og:description\" content=\"Oko 70 mladih rukometa\u0161a iz Novog Grada, Prijedora, Broda, Br\u010dkog, Br\u010dkog, Bijeljine, Zvornika, Isto\u010dnog Sarajeva i Nevesinja u\u010destvuje na prvom kampu za djecu iz dijaspore koji se odr\u017eava u Knja\u017eevcu. [&hellip;]\" \/>\n<meta property=\"og:url\" content=\"https:\/\/www.prijedordanas.com\/?p=209204\" \/>\n<meta property=\"og:site_name\" content=\"PrijedorDanas.com - Prijedorski gradski portal\" \/>\n<meta property=\"article:publisher\" content=\"https:\/\/www.facebook.com\/PrijedorDanasCom\/\" \/>\n<meta property=\"article:published_time\" content=\"2023-07-22T20:47:30+00:00\" \/>\n<meta property=\"article:modified_time\" content=\"2023-07-24T21:06:08+00:00\" \/>\n<meta property=\"og:image\" content=\"https:\/\/www.prijedordanas.com\/wp-content\/uploads\/2023\/07\/rukometni-kamp-dijaspore-knjazevac-2023-300x225.jpg\" \/>\n<meta name=\"author\" content=\"admin\" \/>\n<meta name=\"twitter:card\" content=\"summary_large_image\" \/>\n<meta name=\"twitter:label1\" content=\"Written by\" \/>\n\t<meta name=\"twitter:data1\" content=\"admin\" \/>\n\t<meta name=\"twitter:label2\" content=\"Est. reading time\" \/>\n\t<meta name=\"twitter:data2\" content=\"1 minute\" \/>\n<script type=\"application\/ld+json\" class=\"yoast-schema-graph\">{\"@context\":\"https:\/\/schema.org\",\"@graph\":[{\"@type\":\"Article\",\"@id\":\"https:\/\/www.prijedordanas.com\/?p=209204#article\",\"isPartOf\":{\"@id\":\"https:\/\/www.prijedordanas.com\/?p=209204\"},\"author\":{\"name\":\"admin\",\"@id\":\"https:\/\/www.prijedordanas.com\/#\/schema\/person\/4e08ccf29b506ca916ff86d46bb700e6\"},\"headline\":\"Kamp dijaspore &#8211; Mladi rukometa\u0161i iz RS borave u Knja\u017eevcu, promoter Ratko Nikoli\u0107: Me\u0111u u\u010desnicima i trojica Prijedor\u010dana &#8211; FOTO\",\"datePublished\":\"2023-07-22T20:47:30+00:00\",\"dateModified\":\"2023-07-24T21:06:08+00:00\",\"mainEntityOfPage\":{\"@id\":\"https:\/\/www.prijedordanas.com\/?p=209204\"},\"wordCount\":219,\"publisher\":{\"@id\":\"https:\/\/www.prijedordanas.com\/#organization\"},\"articleSection\":[\"Sport\"],\"inLanguage\":\"en-US\"},{\"@type\":\"WebPage\",\"@id\":\"https:\/\/www.prijedordanas.com\/?p=209204\",\"url\":\"https:\/\/www.prijedordanas.com\/?p=209204\",\"name\":\"Kamp dijaspore - Mladi rukometa\u0161i iz RS borave u Knja\u017eevcu, promoter Ratko Nikoli\u0107: Me\u0111u u\u010desnicima i trojica Prijedor\u010dana - FOTO - PrijedorDanas.com - Prijedorski gradski portal\",\"isPartOf\":{\"@id\":\"https:\/\/www.prijedordanas.com\/#website\"},\"datePublished\":\"2023-07-22T20:47:30+00:00\",\"dateModified\":\"2023-07-24T21:06:08+00:00\",\"breadcrumb\":{\"@id\":\"https:\/\/www.prijedordanas.com\/?p=209204#breadcrumb\"},\"inLanguage\":\"en-US\",\"potentialAction\":[{\"@type\":\"ReadAction\",\"target\":[\"https:\/\/www.prijedordanas.com\/?p=209204\"]}]},{\"@type\":\"BreadcrumbList\",\"@id\":\"https:\/\/www.prijedordanas.com\/?p=209204#breadcrumb\",\"itemListElement\":[{\"@type\":\"ListItem\",\"position\":1,\"name\":\"Home\",\"item\":\"https:\/\/www.prijedordanas.com\/\"},{\"@type\":\"ListItem\",\"position\":2,\"name\":\"Kamp dijaspore &#8211; Mladi rukometa\u0161i iz RS borave u Knja\u017eevcu, promoter Ratko Nikoli\u0107: Me\u0111u u\u010desnicima i trojica Prijedor\u010dana &#8211; FOTO\"}]},{\"@type\":\"WebSite\",\"@id\":\"https:\/\/www.prijedordanas.com\/#website\",\"url\":\"https:\/\/www.prijedordanas.com\/\",\"name\":\"PrijedorDanas.com - Prijedorski gradski portal\",\"description\":\"Portal o doga\u0111anjima u gradu Prijedoru\",\"publisher\":{\"@id\":\"https:\/\/www.prijedordanas.com\/#organization\"},\"potentialAction\":[{\"@type\":\"SearchAction\",\"target\":{\"@type\":\"EntryPoint\",\"urlTemplate\":\"https:\/\/www.prijedordanas.com\/?s={search_term_string}\"},\"query-input\":\"required name=search_term_string\"}],\"inLanguage\":\"en-US\"},{\"@type\":\"Organization\",\"@id\":\"https:\/\/www.prijedordanas.com\/#organization\",\"name\":\"PrijedorDanas.com\",\"url\":\"https:\/\/www.prijedordanas.com\/\",\"logo\":{\"@type\":\"ImageObject\",\"inLanguage\":\"en-US\",\"@id\":\"https:\/\/www.prijedordanas.com\/#\/schema\/logo\/image\/\",\"url\":\"http:\/\/www.prijedordanas.com\/wp-content\/uploads\/2021\/12\/logopng.png\",\"contentUrl\":\"http:\/\/www.prijedordanas.com\/wp-content\/uploads\/2021\/12\/logopng.png\",\"width\":1019,\"height\":776,\"caption\":\"PrijedorDanas.com\"},\"image\":{\"@id\":\"https:\/\/www.prijedordanas.com\/#\/schema\/logo\/image\/\"},\"sameAs\":[\"https:\/\/www.facebook.com\/PrijedorDanasCom\/\"]},{\"@type\":\"Person\",\"@id\":\"https:\/\/www.prijedordanas.com\/#\/schema\/person\/4e08ccf29b506ca916ff86d46bb700e6\",\"name\":\"admin\",\"image\":{\"@type\":\"ImageObject\",\"inLanguage\":\"en-US\",\"@id\":\"https:\/\/www.prijedordanas.com\/#\/schema\/person\/image\/\",\"url\":\"https:\/\/secure.gravatar.com\/avatar\/1d3fc949d550f0b53a5f0d51e06dfd79?s=96&d=mm&r=g\",\"contentUrl\":\"https:\/\/secure.gravatar.com\/avatar\/1d3fc949d550f0b53a5f0d51e06dfd79?s=96&d=mm&r=g\",\"caption\":\"admin\"},\"url\":\"https:\/\/www.prijedordanas.com\/?author=1\"}]}<\/script>\n<!-- \/ Yoast SEO plugin. -->","yoast_head_json":{"title":"Kamp dijaspore - Mladi rukometa\u0161i iz RS borave u Knja\u017eevcu, promoter Ratko Nikoli\u0107: Me\u0111u u\u010desnicima i trojica Prijedor\u010dana - FOTO - PrijedorDanas.com - Prijedorski gradski portal","robots":{"index":"index","follow":"follow","max-snippet":"max-snippet:-1","max-image-preview":"max-image-preview:large","max-video-preview":"max-video-preview:-1"},"canonical":"https:\/\/www.prijedordanas.com\/?p=209204","og_locale":"en_US","og_type":"article","og_title":"Kamp dijaspore - Mladi rukometa\u0161i iz RS borave u Knja\u017eevcu, promoter Ratko Nikoli\u0107: Me\u0111u u\u010desnicima i trojica Prijedor\u010dana - FOTO - PrijedorDanas.com - Prijedorski gradski portal","og_description":"Oko 70 mladih rukometa\u0161a iz Novog Grada, Prijedora, Broda, Br\u010dkog, Br\u010dkog, Bijeljine, Zvornika, Isto\u010dnog Sarajeva i Nevesinja u\u010destvuje na prvom kampu za djecu iz dijaspore koji se odr\u017eava u Knja\u017eevcu. [&hellip;]","og_url":"https:\/\/www.prijedordanas.com\/?p=209204","og_site_name":"PrijedorDanas.com - Prijedorski gradski portal","article_publisher":"https:\/\/www.facebook.com\/PrijedorDanasCom\/","article_published_time":"2023-07-22T20:47:30+00:00","article_modified_time":"2023-07-24T21:06:08+00:00","og_image":[{"url":"https:\/\/www.prijedordanas.com\/wp-content\/uploads\/2023\/07\/rukometni-kamp-dijaspore-knjazevac-2023-300x225.jpg"}],"author":"admin","twitter_card":"summary_large_image","twitter_misc":{"Written by":"admin","Est. reading time":"1 minute"},"schema":{"@context":"https:\/\/schema.org","@graph":[{"@type":"Article","@id":"https:\/\/www.prijedordanas.com\/?p=209204#article","isPartOf":{"@id":"https:\/\/www.prijedordanas.com\/?p=209204"},"author":{"name":"admin","@id":"https:\/\/www.prijedordanas.com\/#\/schema\/person\/4e08ccf29b506ca916ff86d46bb700e6"},"headline":"Kamp dijaspore &#8211; Mladi rukometa\u0161i iz RS borave u Knja\u017eevcu, promoter Ratko Nikoli\u0107: Me\u0111u u\u010desnicima i trojica Prijedor\u010dana &#8211; FOTO","datePublished":"2023-07-22T20:47:30+00:00","dateModified":"2023-07-24T21:06:08+00:00","mainEntityOfPage":{"@id":"https:\/\/www.prijedordanas.com\/?p=209204"},"wordCount":219,"publisher":{"@id":"https:\/\/www.prijedordanas.com\/#organization"},"articleSection":["Sport"],"inLanguage":"en-US"},{"@type":"WebPage","@id":"https:\/\/www.prijedordanas.com\/?p=209204","url":"https:\/\/www.prijedordanas.com\/?p=209204","name":"Kamp dijaspore - Mladi rukometa\u0161i iz RS borave u Knja\u017eevcu, promoter Ratko Nikoli\u0107: Me\u0111u u\u010desnicima i trojica Prijedor\u010dana - FOTO - PrijedorDanas.com - Prijedorski gradski portal","isPartOf":{"@id":"https:\/\/www.prijedordanas.com\/#website"},"datePublished":"2023-07-22T20:47:30+00:00","dateModified":"2023-07-24T21:06:08+00:00","breadcrumb":{"@id":"https:\/\/www.prijedordanas.com\/?p=209204#breadcrumb"},"inLanguage":"en-US","potentialAction":[{"@type":"ReadAction","target":["https:\/\/www.prijedordanas.com\/?p=209204"]}]},{"@type":"BreadcrumbList","@id":"https:\/\/www.prijedordanas.com\/?p=209204#breadcrumb","itemListElement":[{"@type":"ListItem","position":1,"name":"Home","item":"https:\/\/www.prijedordanas.com\/"},{"@type":"ListItem","position":2,"name":"Kamp dijaspore &#8211; Mladi rukometa\u0161i iz RS borave u Knja\u017eevcu, promoter Ratko Nikoli\u0107: Me\u0111u u\u010desnicima i trojica Prijedor\u010dana &#8211; FOTO"}]},{"@type":"WebSite","@id":"https:\/\/www.prijedordanas.com\/#website","url":"https:\/\/www.prijedordanas.com\/","name":"PrijedorDanas.com - Prijedorski gradski portal","description":"Portal o doga\u0111anjima u gradu Prijedoru","publisher":{"@id":"https:\/\/www.prijedordanas.com\/#organization"},"potentialAction":[{"@type":"SearchAction","target":{"@type":"EntryPoint","urlTemplate":"https:\/\/www.prijedordanas.com\/?s={search_term_string}"},"query-input":"required name=search_term_string"}],"inLanguage":"en-US"},{"@type":"Organization","@id":"https:\/\/www.prijedordanas.com\/#organization","name":"PrijedorDanas.com","url":"https:\/\/www.prijedordanas.com\/","logo":{"@type":"ImageObject","inLanguage":"en-US","@id":"https:\/\/www.prijedordanas.com\/#\/schema\/logo\/image\/","url":"http:\/\/www.prijedordanas.com\/wp-content\/uploads\/2021\/12\/logopng.png","contentUrl":"http:\/\/www.prijedordanas.com\/wp-content\/uploads\/2021\/12\/logopng.png","width":1019,"height":776,"caption":"PrijedorDanas.com"},"image":{"@id":"https:\/\/www.prijedordanas.com\/#\/schema\/logo\/image\/"},"sameAs":["https:\/\/www.facebook.com\/PrijedorDanasCom\/"]},{"@type":"Person","@id":"https:\/\/www.prijedordanas.com\/#\/schema\/person\/4e08ccf29b506ca916ff86d46bb700e6","name":"admin","image":{"@type":"ImageObject","inLanguage":"en-US","@id":"https:\/\/www.prijedordanas.com\/#\/schema\/person\/image\/","url":"https:\/\/secure.gravatar.com\/avatar\/1d3fc949d550f0b53a5f0d51e06dfd79?s=96&d=mm&r=g","contentUrl":"https:\/\/secure.gravatar.com\/avatar\/1d3fc949d550f0b53a5f0d51e06dfd79?s=96&d=mm&r=g","caption":"admin"},"url":"https:\/\/www.prijedordanas.com\/?author=1"}]}},"_links":{"self":[{"href":"https:\/\/www.prijedordanas.com\/index.php?rest_route=\/wp\/v2\/posts\/209204"}],"collection":[{"href":"https:\/\/www.prijedordanas.com\/index.php?rest_route=\/wp\/v2\/posts"}],"about":[{"href":"https:\/\/www.prijedordanas.com\/index.php?rest_route=\/wp\/v2\/types\/post"}],"author":[{"embeddable":true,"href":"https:\/\/www.prijedordanas.com\/index.php?rest_route=\/wp\/v2\/users\/1"}],"replies":[{"embeddable":true,"href":"https:\/\/www.prijedordanas.com\/index.php?rest_route=%2Fwp%2Fv2%2Fcomments&post=209204"}],"version-history":[{"count":1,"href":"https:\/\/www.prijedordanas.com\/index.php?rest_route=\/wp\/v2\/posts\/209204\/revisions"}],"predecessor-version":[{"id":209210,"href":"https:\/\/www.prijedordanas.com\/index.php?rest_route=\/wp\/v2\/posts\/209204\/revisions\/209210"}],"wp:attachment":[{"href":"https:\/\/www.prijedordanas.com\/index.php?rest_route=%2Fwp%2Fv2%2Fmedia&parent=209204"}],"wp:term":[{"taxonomy":"category","embeddable":true,"href":"https:\/\/www.prijedordanas.com\/index.php?rest_route=%2Fwp%2Fv2%2Fcategories&post=209204"},{"taxonomy":"post_tag","embeddable":true,"href":"https:\/\/www.prijedordanas.com\/index.php?rest_route=%2Fwp%2Fv2%2Ftags&post=209204"}],"curies":[{"name":"wp","href":"https:\/\/api.w.org\/{rel}","templated":true}]}}