{"id":20916,"date":"2015-04-27T10:36:49","date_gmt":"2015-04-27T09:36:49","guid":{"rendered":"https:\/\/www.prijedordanas.com\/?p=20916"},"modified":"2015-05-11T21:56:51","modified_gmt":"2015-05-11T20:56:51","slug":"rudar-prijedor-slavio-na-gostovanju-u-vlasenici-bujic-procitao-domacina","status":"publish","type":"post","link":"https:\/\/www.prijedordanas.com\/?p=20916","title":{"rendered":"RUDAR-PRIJEDOR SLAVIO NA GOSTOVANJU U VLASENICI: BUJI\u0106 \u201ePRO\u010cITAO\u201c DOMA\u0106INA"},"content":{"rendered":"<p><a href=\"https:\/\/www.prijedordanas.com\/wp-content\/uploads\/2015\/04\/zoran-bujic.jpg\"><img loading=\"lazy\" decoding=\"async\" src=\"https:\/\/www.prijedordanas.com\/wp-content\/uploads\/2015\/04\/zoran-bujic-300x202.jpg\" alt=\"zoran bujic\" width=\"300\" height=\"202\" class=\"alignleft size-medium wp-image-20917\" srcset=\"https:\/\/www.prijedordanas.com\/wp-content\/uploads\/2015\/04\/zoran-bujic-300x202.jpg 300w, https:\/\/www.prijedordanas.com\/wp-content\/uploads\/2015\/04\/zoran-bujic.jpg 600w\" sizes=\"(max-width: 300px) 100vw, 300px\" \/><\/a>Nastavio je Rudar-Prijedor uspje\u0161nu seriju u prvenstvu Prve lige Republike Srpske, poslije remija u Janji protiv Podrinja (1:1) i pobjede na svom terenu nad vi\u0161egradskom Drinom HE (1:0) savladav\u0161i na gostovanju ekipu Vlasenice rezultatom 2:0. <\/p>\n<p>Tako su \u201erudari sa Sane\u201c ostali \u201eza petama\u201c lideru trebinjskom Leotaru od kojeg imaju samo dva boda manje.<\/p>\n<p>-Pretpostavio sam kako \u0107e igrati doma\u0107in, a znao na\u010din i strategiju kojom mo\u017eemo da ga dobijemo. Bez obzira na polo\u017eaj na tabeli, Vlaseni\u010dani imaju kvalitetnu ekipu, pokazali su \u017eelju da se nadigravaju i \u201epr\u0161talo je na sve strane\u201c. Ipak, ono \u0161to moram da naglasim je da je sve bilo u granicama fer i korektnog odmjeravanja snaga, protivniku sve pohvale na gostoprimstvu i na\u010dinu na koji su sportski podnijeli poraz, iako im je svaki bod potreban u borbi za opstanak, a i su\u0111enje je bilo dostojno fudbalske predstave izuzetnog ritma. Da ne ispadne da mi treneri obi\u010dno kada pobijedimo isti\u010demo u\u010dinak svog tima, ali sigurno je da gode priznanja poslije utakmice od strane protivnika da smo zaslu\u017eeno osvojili sva tri boda &#8211; pri\u010da \u0161ef stru\u010dnog \u0161taba zeleno-crnih Zoran Buji\u0107.<\/p>\n<p>Kao i u me\u010du sa Vi\u0161egra\u0111anima jo\u0161 jednom je centralna figura bio Vedran Kantar. Ovoga puta dva puta se upisao u listu strijelaca i sa pet ovosezonskih prvenstenih golova, primakao se Sini\u0161i Radoji sa sedam golova vode\u0107em na klupskoj rang-listi. Ipak, Buji\u0107, poznat kao borac na terenu od prvog do posljednjeg minuta, kao i kada je igrao, od svih pojedinaca tra\u017ei maksimum i kolektivni duh, a takav pristup je do\u0161ao do izra\u017eaja.<\/p>\n<p>-Odigrali smo odli\u010dno i momci su ispo\u0161tovali ono \u0161to smo se dogovorili u svla\u010dionici. Nedostajali su nam zbog kartona va\u017eni igra\u010di u sve tri linije, odbrambenoj-\u010cedomir \u0106ulum, veznom redu-Filip Are\u017eina i u napadu-Dragan Risti\u0107, ali su njihove alternative odradile posao bez gre\u0161ke. Bili smo kompaktni, disciplinovani, takti\u010dki zreli. Iskreno, mo\u017eda smo u Janji pru\u017eili i vi\u0161e, a nismo pobijedili, me\u0111utim, kao i u \u017eivotu, tako i na terenu, ako ima\u0161 po\u0161ten odnos, sve se vrati. \u010cvrsto smo na zemlji, jer svaka nova utakmica je novo isku\u0161enje, a, nema sumnje da \u0107e jedno od najte\u017eih biti u subotu, kada do\u010dekujemo novogradsku Slobodu &#8211; naglasio je Buji\u0107, koji je svojevremeno sedam godina nosio dres \u201ecrvenih\u201c i na stadionu \u201eMlakve\u201c do\u017eivio punu igra\u010dku afirmaciju i postao reprezentativac Republike Srpske.<\/p>\n<p>Tekst i foto \u2013 Nenad \u0110eri\u0107\/Aleksandar Drakuli\u0107 \u2013 <a href=\"www.prijedordanas.com\" target=\"_blank\">www.prijedordanas.com<\/a><\/p>\n","protected":false},"excerpt":{"rendered":"<p>Nastavio je Rudar-Prijedor uspje\u0161nu seriju u prvenstvu Prve lige Republike Srpske, poslije remija u Janji protiv Podrinja (1:1) i pobjede na svom terenu nad vi\u0161egradskom Drinom HE (1:0) savladav\u0161i na [&hellip;]<\/p>\n","protected":false},"author":1,"featured_media":0,"comment_status":"closed","ping_status":"open","sticky":false,"template":"","format":"standard","meta":{"_monsterinsights_skip_tracking":false,"_monsterinsights_sitenote_active":false,"_monsterinsights_sitenote_note":"","_monsterinsights_sitenote_category":0,"footnotes":""},"categories":[7],"tags":[80,221,1884,2939],"yoast_head":"<!-- This site is optimized with the Yoast SEO plugin v21.6 - https:\/\/yoast.com\/wordpress\/plugins\/seo\/ -->\n<title>RUDAR-PRIJEDOR SLAVIO NA GOSTOVANJU U VLASENICI: BUJI\u0106 \u201ePRO\u010cITAO\u201c DOMA\u0106INA - PrijedorDanas.com - Prijedorski gradski portal<\/title>\n<meta name=\"robots\" content=\"index, follow, max-snippet:-1, max-image-preview:large, max-video-preview:-1\" \/>\n<link rel=\"canonical\" href=\"https:\/\/www.prijedordanas.com\/?p=20916\" \/>\n<meta property=\"og:locale\" content=\"en_US\" \/>\n<meta property=\"og:type\" content=\"article\" \/>\n<meta property=\"og:title\" content=\"RUDAR-PRIJEDOR SLAVIO NA GOSTOVANJU U VLASENICI: BUJI\u0106 \u201ePRO\u010cITAO\u201c DOMA\u0106INA - PrijedorDanas.com - Prijedorski gradski portal\" \/>\n<meta property=\"og:description\" content=\"Nastavio je Rudar-Prijedor uspje\u0161nu seriju u prvenstvu Prve lige Republike Srpske, poslije remija u Janji protiv Podrinja (1:1) i pobjede na svom terenu nad vi\u0161egradskom Drinom HE (1:0) savladav\u0161i na [&hellip;]\" \/>\n<meta property=\"og:url\" content=\"https:\/\/www.prijedordanas.com\/?p=20916\" \/>\n<meta property=\"og:site_name\" content=\"PrijedorDanas.com - Prijedorski gradski portal\" \/>\n<meta property=\"article:publisher\" content=\"https:\/\/www.facebook.com\/PrijedorDanasCom\/\" \/>\n<meta property=\"article:published_time\" content=\"2015-04-27T09:36:49+00:00\" \/>\n<meta property=\"article:modified_time\" content=\"2015-05-11T20:56:51+00:00\" \/>\n<meta property=\"og:image\" content=\"https:\/\/www.prijedordanas.com\/wp-content\/uploads\/2015\/04\/zoran-bujic-300x202.jpg\" \/>\n<meta name=\"author\" content=\"admin\" \/>\n<meta name=\"twitter:card\" content=\"summary_large_image\" \/>\n<meta name=\"twitter:label1\" content=\"Written by\" \/>\n\t<meta name=\"twitter:data1\" content=\"admin\" \/>\n\t<meta name=\"twitter:label2\" content=\"Est. reading time\" \/>\n\t<meta name=\"twitter:data2\" content=\"2 minutes\" \/>\n<script type=\"application\/ld+json\" class=\"yoast-schema-graph\">{\"@context\":\"https:\/\/schema.org\",\"@graph\":[{\"@type\":\"Article\",\"@id\":\"https:\/\/www.prijedordanas.com\/?p=20916#article\",\"isPartOf\":{\"@id\":\"https:\/\/www.prijedordanas.com\/?p=20916\"},\"author\":{\"name\":\"admin\",\"@id\":\"https:\/\/www.prijedordanas.com\/#\/schema\/person\/4e08ccf29b506ca916ff86d46bb700e6\"},\"headline\":\"RUDAR-PRIJEDOR SLAVIO NA GOSTOVANJU U VLASENICI: BUJI\u0106 \u201ePRO\u010cITAO\u201c DOMA\u0106INA\",\"datePublished\":\"2015-04-27T09:36:49+00:00\",\"dateModified\":\"2015-05-11T20:56:51+00:00\",\"mainEntityOfPage\":{\"@id\":\"https:\/\/www.prijedordanas.com\/?p=20916\"},\"wordCount\":441,\"publisher\":{\"@id\":\"https:\/\/www.prijedordanas.com\/#organization\"},\"keywords\":[\"fudbal\",\"Rudar-Prijedor\",\"Vlasenica\",\"Zoran Buji\u0107\"],\"articleSection\":[\"Sport\"],\"inLanguage\":\"en-US\"},{\"@type\":\"WebPage\",\"@id\":\"https:\/\/www.prijedordanas.com\/?p=20916\",\"url\":\"https:\/\/www.prijedordanas.com\/?p=20916\",\"name\":\"RUDAR-PRIJEDOR SLAVIO NA GOSTOVANJU U VLASENICI: BUJI\u0106 \u201ePRO\u010cITAO\u201c DOMA\u0106INA - PrijedorDanas.com - Prijedorski gradski portal\",\"isPartOf\":{\"@id\":\"https:\/\/www.prijedordanas.com\/#website\"},\"datePublished\":\"2015-04-27T09:36:49+00:00\",\"dateModified\":\"2015-05-11T20:56:51+00:00\",\"breadcrumb\":{\"@id\":\"https:\/\/www.prijedordanas.com\/?p=20916#breadcrumb\"},\"inLanguage\":\"en-US\",\"potentialAction\":[{\"@type\":\"ReadAction\",\"target\":[\"https:\/\/www.prijedordanas.com\/?p=20916\"]}]},{\"@type\":\"BreadcrumbList\",\"@id\":\"https:\/\/www.prijedordanas.com\/?p=20916#breadcrumb\",\"itemListElement\":[{\"@type\":\"ListItem\",\"position\":1,\"name\":\"Home\",\"item\":\"https:\/\/www.prijedordanas.com\/\"},{\"@type\":\"ListItem\",\"position\":2,\"name\":\"RUDAR-PRIJEDOR SLAVIO NA GOSTOVANJU U VLASENICI: BUJI\u0106 \u201ePRO\u010cITAO\u201c DOMA\u0106INA\"}]},{\"@type\":\"WebSite\",\"@id\":\"https:\/\/www.prijedordanas.com\/#website\",\"url\":\"https:\/\/www.prijedordanas.com\/\",\"name\":\"PrijedorDanas.com - Prijedorski gradski portal\",\"description\":\"Portal o doga\u0111anjima u gradu Prijedoru\",\"publisher\":{\"@id\":\"https:\/\/www.prijedordanas.com\/#organization\"},\"potentialAction\":[{\"@type\":\"SearchAction\",\"target\":{\"@type\":\"EntryPoint\",\"urlTemplate\":\"https:\/\/www.prijedordanas.com\/?s={search_term_string}\"},\"query-input\":\"required name=search_term_string\"}],\"inLanguage\":\"en-US\"},{\"@type\":\"Organization\",\"@id\":\"https:\/\/www.prijedordanas.com\/#organization\",\"name\":\"PrijedorDanas.com\",\"url\":\"https:\/\/www.prijedordanas.com\/\",\"logo\":{\"@type\":\"ImageObject\",\"inLanguage\":\"en-US\",\"@id\":\"https:\/\/www.prijedordanas.com\/#\/schema\/logo\/image\/\",\"url\":\"http:\/\/www.prijedordanas.com\/wp-content\/uploads\/2021\/12\/logopng.png\",\"contentUrl\":\"http:\/\/www.prijedordanas.com\/wp-content\/uploads\/2021\/12\/logopng.png\",\"width\":1019,\"height\":776,\"caption\":\"PrijedorDanas.com\"},\"image\":{\"@id\":\"https:\/\/www.prijedordanas.com\/#\/schema\/logo\/image\/\"},\"sameAs\":[\"https:\/\/www.facebook.com\/PrijedorDanasCom\/\"]},{\"@type\":\"Person\",\"@id\":\"https:\/\/www.prijedordanas.com\/#\/schema\/person\/4e08ccf29b506ca916ff86d46bb700e6\",\"name\":\"admin\",\"image\":{\"@type\":\"ImageObject\",\"inLanguage\":\"en-US\",\"@id\":\"https:\/\/www.prijedordanas.com\/#\/schema\/person\/image\/\",\"url\":\"https:\/\/secure.gravatar.com\/avatar\/1d3fc949d550f0b53a5f0d51e06dfd79?s=96&d=mm&r=g\",\"contentUrl\":\"https:\/\/secure.gravatar.com\/avatar\/1d3fc949d550f0b53a5f0d51e06dfd79?s=96&d=mm&r=g\",\"caption\":\"admin\"},\"url\":\"https:\/\/www.prijedordanas.com\/?author=1\"}]}<\/script>\n<!-- \/ Yoast SEO plugin. -->","yoast_head_json":{"title":"RUDAR-PRIJEDOR SLAVIO NA GOSTOVANJU U VLASENICI: BUJI\u0106 \u201ePRO\u010cITAO\u201c DOMA\u0106INA - PrijedorDanas.com - Prijedorski gradski portal","robots":{"index":"index","follow":"follow","max-snippet":"max-snippet:-1","max-image-preview":"max-image-preview:large","max-video-preview":"max-video-preview:-1"},"canonical":"https:\/\/www.prijedordanas.com\/?p=20916","og_locale":"en_US","og_type":"article","og_title":"RUDAR-PRIJEDOR SLAVIO NA GOSTOVANJU U VLASENICI: BUJI\u0106 \u201ePRO\u010cITAO\u201c DOMA\u0106INA - PrijedorDanas.com - Prijedorski gradski portal","og_description":"Nastavio je Rudar-Prijedor uspje\u0161nu seriju u prvenstvu Prve lige Republike Srpske, poslije remija u Janji protiv Podrinja (1:1) i pobjede na svom terenu nad vi\u0161egradskom Drinom HE (1:0) savladav\u0161i na [&hellip;]","og_url":"https:\/\/www.prijedordanas.com\/?p=20916","og_site_name":"PrijedorDanas.com - Prijedorski gradski portal","article_publisher":"https:\/\/www.facebook.com\/PrijedorDanasCom\/","article_published_time":"2015-04-27T09:36:49+00:00","article_modified_time":"2015-05-11T20:56:51+00:00","og_image":[{"url":"https:\/\/www.prijedordanas.com\/wp-content\/uploads\/2015\/04\/zoran-bujic-300x202.jpg"}],"author":"admin","twitter_card":"summary_large_image","twitter_misc":{"Written by":"admin","Est. reading time":"2 minutes"},"schema":{"@context":"https:\/\/schema.org","@graph":[{"@type":"Article","@id":"https:\/\/www.prijedordanas.com\/?p=20916#article","isPartOf":{"@id":"https:\/\/www.prijedordanas.com\/?p=20916"},"author":{"name":"admin","@id":"https:\/\/www.prijedordanas.com\/#\/schema\/person\/4e08ccf29b506ca916ff86d46bb700e6"},"headline":"RUDAR-PRIJEDOR SLAVIO NA GOSTOVANJU U VLASENICI: BUJI\u0106 \u201ePRO\u010cITAO\u201c DOMA\u0106INA","datePublished":"2015-04-27T09:36:49+00:00","dateModified":"2015-05-11T20:56:51+00:00","mainEntityOfPage":{"@id":"https:\/\/www.prijedordanas.com\/?p=20916"},"wordCount":441,"publisher":{"@id":"https:\/\/www.prijedordanas.com\/#organization"},"keywords":["fudbal","Rudar-Prijedor","Vlasenica","Zoran Buji\u0107"],"articleSection":["Sport"],"inLanguage":"en-US"},{"@type":"WebPage","@id":"https:\/\/www.prijedordanas.com\/?p=20916","url":"https:\/\/www.prijedordanas.com\/?p=20916","name":"RUDAR-PRIJEDOR SLAVIO NA GOSTOVANJU U VLASENICI: BUJI\u0106 \u201ePRO\u010cITAO\u201c DOMA\u0106INA - PrijedorDanas.com - Prijedorski gradski portal","isPartOf":{"@id":"https:\/\/www.prijedordanas.com\/#website"},"datePublished":"2015-04-27T09:36:49+00:00","dateModified":"2015-05-11T20:56:51+00:00","breadcrumb":{"@id":"https:\/\/www.prijedordanas.com\/?p=20916#breadcrumb"},"inLanguage":"en-US","potentialAction":[{"@type":"ReadAction","target":["https:\/\/www.prijedordanas.com\/?p=20916"]}]},{"@type":"BreadcrumbList","@id":"https:\/\/www.prijedordanas.com\/?p=20916#breadcrumb","itemListElement":[{"@type":"ListItem","position":1,"name":"Home","item":"https:\/\/www.prijedordanas.com\/"},{"@type":"ListItem","position":2,"name":"RUDAR-PRIJEDOR SLAVIO NA GOSTOVANJU U VLASENICI: BUJI\u0106 \u201ePRO\u010cITAO\u201c DOMA\u0106INA"}]},{"@type":"WebSite","@id":"https:\/\/www.prijedordanas.com\/#website","url":"https:\/\/www.prijedordanas.com\/","name":"PrijedorDanas.com - Prijedorski gradski portal","description":"Portal o doga\u0111anjima u gradu Prijedoru","publisher":{"@id":"https:\/\/www.prijedordanas.com\/#organization"},"potentialAction":[{"@type":"SearchAction","target":{"@type":"EntryPoint","urlTemplate":"https:\/\/www.prijedordanas.com\/?s={search_term_string}"},"query-input":"required name=search_term_string"}],"inLanguage":"en-US"},{"@type":"Organization","@id":"https:\/\/www.prijedordanas.com\/#organization","name":"PrijedorDanas.com","url":"https:\/\/www.prijedordanas.com\/","logo":{"@type":"ImageObject","inLanguage":"en-US","@id":"https:\/\/www.prijedordanas.com\/#\/schema\/logo\/image\/","url":"http:\/\/www.prijedordanas.com\/wp-content\/uploads\/2021\/12\/logopng.png","contentUrl":"http:\/\/www.prijedordanas.com\/wp-content\/uploads\/2021\/12\/logopng.png","width":1019,"height":776,"caption":"PrijedorDanas.com"},"image":{"@id":"https:\/\/www.prijedordanas.com\/#\/schema\/logo\/image\/"},"sameAs":["https:\/\/www.facebook.com\/PrijedorDanasCom\/"]},{"@type":"Person","@id":"https:\/\/www.prijedordanas.com\/#\/schema\/person\/4e08ccf29b506ca916ff86d46bb700e6","name":"admin","image":{"@type":"ImageObject","inLanguage":"en-US","@id":"https:\/\/www.prijedordanas.com\/#\/schema\/person\/image\/","url":"https:\/\/secure.gravatar.com\/avatar\/1d3fc949d550f0b53a5f0d51e06dfd79?s=96&d=mm&r=g","contentUrl":"https:\/\/secure.gravatar.com\/avatar\/1d3fc949d550f0b53a5f0d51e06dfd79?s=96&d=mm&r=g","caption":"admin"},"url":"https:\/\/www.prijedordanas.com\/?author=1"}]}},"_links":{"self":[{"href":"https:\/\/www.prijedordanas.com\/index.php?rest_route=\/wp\/v2\/posts\/20916"}],"collection":[{"href":"https:\/\/www.prijedordanas.com\/index.php?rest_route=\/wp\/v2\/posts"}],"about":[{"href":"https:\/\/www.prijedordanas.com\/index.php?rest_route=\/wp\/v2\/types\/post"}],"author":[{"embeddable":true,"href":"https:\/\/www.prijedordanas.com\/index.php?rest_route=\/wp\/v2\/users\/1"}],"replies":[{"embeddable":true,"href":"https:\/\/www.prijedordanas.com\/index.php?rest_route=%2Fwp%2Fv2%2Fcomments&post=20916"}],"version-history":[{"count":1,"href":"https:\/\/www.prijedordanas.com\/index.php?rest_route=\/wp\/v2\/posts\/20916\/revisions"}],"predecessor-version":[{"id":20918,"href":"https:\/\/www.prijedordanas.com\/index.php?rest_route=\/wp\/v2\/posts\/20916\/revisions\/20918"}],"wp:attachment":[{"href":"https:\/\/www.prijedordanas.com\/index.php?rest_route=%2Fwp%2Fv2%2Fmedia&parent=20916"}],"wp:term":[{"taxonomy":"category","embeddable":true,"href":"https:\/\/www.prijedordanas.com\/index.php?rest_route=%2Fwp%2Fv2%2Fcategories&post=20916"},{"taxonomy":"post_tag","embeddable":true,"href":"https:\/\/www.prijedordanas.com\/index.php?rest_route=%2Fwp%2Fv2%2Ftags&post=20916"}],"curies":[{"name":"wp","href":"https:\/\/api.w.org\/{rel}","templated":true}]}}