{"id":2090,"date":"2014-04-25T18:47:22","date_gmt":"2014-04-25T17:47:22","guid":{"rendered":"https:\/\/www.prijedordanas.com\/?p=2090"},"modified":"2014-04-25T18:49:20","modified_gmt":"2014-04-25T17:49:20","slug":"identifikovano-oko-100-zrtava-iz-tomasice","status":"publish","type":"post","link":"https:\/\/www.prijedordanas.com\/?p=2090","title":{"rendered":"IDENTIFIKOVANO OKO 100 \u017dRTAVA IZ TOMA\u0160ICE"},"content":{"rendered":"<p><a href=\"https:\/\/www.prijedordanas.com\/wp-content\/uploads\/2014\/04\/identifikacija.jpg\"><img loading=\"lazy\" decoding=\"async\" src=\"https:\/\/www.prijedordanas.com\/wp-content\/uploads\/2014\/04\/identifikacija-300x275.jpg\" alt=\"identifikacija\" width=\"150\" height=\"137\" class=\"alignleft size-thumbnail wp-image-2091\" \/><\/a>U procesu identifikacije \u017ertava prona\u0111enih u grobnici Toma\u0161ica kod Prijedora do sada je identifikovano oko 100 kompletnih posmrtnih ostataka, saop\u0161teno je iz Tu\u017eila\u0161tva BiH.<\/p>\n<p>U ovoj grobnici prona\u0111eno je 275 kompletnih i 120 nekompletnih posmrtnih ostataka, na \u010dijoj se identifikaciji intenzivno radi.<\/p>\n<p>Brzina procesa identifikacije neko vrijeme je bila limitirana zbog broja DNK-a nalaza \u017ertava, a aktivnosti na identifikaciji u posljednje vrijeme su intenzivirane.<\/p>\n<p>Postupaju\u0107i tu\u017eilac Tu\u017eila\u0161tva BiH dao je odgovaraju\u0107a uputstva, odnosno naredbe svim u\u010desnicima u postupku kona\u010dne identifikacije \u017ertava, da se proces identifikacije zavr\u0161i do kraja juna.<\/p>\n<p>Tu\u017eila\u0161tvo BiH o\u010dekuje da udru\u017eenja gra\u0111ana sa podru\u010dja op\u0161tine Prijedor i \u010dlanovi porodica \u017ertava pru\u017ee pomo\u0107 nadle\u017enim organima u procesu identifikacije, kako bi on bio obavljen u datom roku i omogu\u0107eno da sahrana \u017ertava bude obavljena planiranog datuma, 20. jula.<\/p>\n<p>Uporedo sa procesom identifikacije, tim tu\u017eilaca i ovla\u0161tena slu\u017ebena lica zajedno sa policijskim agencijama intenzivno vr\u0161e uzimanje izjava od svjedoka i porodica \u017ertava, te preduzimaju druge istra\u017ene radnje s ciljem procesuiranja odgovornih za zlo\u010din \u010dije su \u017ertve prona\u0111ene u Toma\u0161ici.<\/p>\n<p>Tu\u017eila\u0161tvo BiH je jo\u0161 jednom pozvalo institucije vlasti i me\u0111unarodnu zajednicu da podr\u017ee proces tra\u017eenja i identifikacije nestalih lica u BiH.<\/p>\n<p>U BiH se jo\u0161 traga za oko 7.000 nestalih.<\/p>\n<p>SRNA &#8211; Nezavisne novine<\/p>\n","protected":false},"excerpt":{"rendered":"<p>U procesu identifikacije \u017ertava prona\u0111enih u grobnici Toma\u0161ica kod Prijedora do sada je identifikovano oko 100 kompletnih posmrtnih ostataka, saop\u0161teno je iz Tu\u017eila\u0161tva BiH. U ovoj grobnici prona\u0111eno je 275 [&hellip;]<\/p>\n","protected":false},"author":1,"featured_media":0,"comment_status":"closed","ping_status":"open","sticky":false,"template":"","format":"standard","meta":{"_monsterinsights_skip_tracking":false,"_monsterinsights_sitenote_active":false,"_monsterinsights_sitenote_note":"","_monsterinsights_sitenote_category":0,"footnotes":""},"categories":[5],"tags":[1041,1042,275],"yoast_head":"<!-- This site is optimized with the Yoast SEO plugin v21.6 - https:\/\/yoast.com\/wordpress\/plugins\/seo\/ -->\n<title>IDENTIFIKOVANO OKO 100 \u017dRTAVA IZ TOMA\u0160ICE - PrijedorDanas.com - Prijedorski gradski portal<\/title>\n<meta name=\"robots\" content=\"index, follow, max-snippet:-1, max-image-preview:large, max-video-preview:-1\" \/>\n<link rel=\"canonical\" href=\"https:\/\/www.prijedordanas.com\/?p=2090\" \/>\n<meta property=\"og:locale\" content=\"en_US\" \/>\n<meta property=\"og:type\" content=\"article\" \/>\n<meta property=\"og:title\" content=\"IDENTIFIKOVANO OKO 100 \u017dRTAVA IZ TOMA\u0160ICE - PrijedorDanas.com - Prijedorski gradski portal\" \/>\n<meta property=\"og:description\" content=\"U procesu identifikacije \u017ertava prona\u0111enih u grobnici Toma\u0161ica kod Prijedora do sada je identifikovano oko 100 kompletnih posmrtnih ostataka, saop\u0161teno je iz Tu\u017eila\u0161tva BiH. U ovoj grobnici prona\u0111eno je 275 [&hellip;]\" \/>\n<meta property=\"og:url\" content=\"https:\/\/www.prijedordanas.com\/?p=2090\" \/>\n<meta property=\"og:site_name\" content=\"PrijedorDanas.com - Prijedorski gradski portal\" \/>\n<meta property=\"article:publisher\" content=\"https:\/\/www.facebook.com\/PrijedorDanasCom\/\" \/>\n<meta property=\"article:published_time\" content=\"2014-04-25T17:47:22+00:00\" \/>\n<meta property=\"article:modified_time\" content=\"2014-04-25T17:49:20+00:00\" \/>\n<meta property=\"og:image\" content=\"https:\/\/www.prijedordanas.com\/wp-content\/uploads\/2014\/04\/identifikacija-300x275.jpg\" \/>\n<meta name=\"author\" content=\"admin\" \/>\n<meta name=\"twitter:card\" content=\"summary_large_image\" \/>\n<meta name=\"twitter:label1\" content=\"Written by\" \/>\n\t<meta name=\"twitter:data1\" content=\"admin\" \/>\n\t<meta name=\"twitter:label2\" content=\"Est. reading time\" \/>\n\t<meta name=\"twitter:data2\" content=\"1 minute\" \/>\n<script type=\"application\/ld+json\" class=\"yoast-schema-graph\">{\"@context\":\"https:\/\/schema.org\",\"@graph\":[{\"@type\":\"Article\",\"@id\":\"https:\/\/www.prijedordanas.com\/?p=2090#article\",\"isPartOf\":{\"@id\":\"https:\/\/www.prijedordanas.com\/?p=2090\"},\"author\":{\"name\":\"admin\",\"@id\":\"https:\/\/www.prijedordanas.com\/#\/schema\/person\/4e08ccf29b506ca916ff86d46bb700e6\"},\"headline\":\"IDENTIFIKOVANO OKO 100 \u017dRTAVA IZ TOMA\u0160ICE\",\"datePublished\":\"2014-04-25T17:47:22+00:00\",\"dateModified\":\"2014-04-25T17:49:20+00:00\",\"mainEntityOfPage\":{\"@id\":\"https:\/\/www.prijedordanas.com\/?p=2090\"},\"wordCount\":241,\"publisher\":{\"@id\":\"https:\/\/www.prijedordanas.com\/#organization\"},\"keywords\":[\"identifikacija\",\"Toma\u0161ica\",\"\u017ertve\"],\"articleSection\":[\"Hronika\"],\"inLanguage\":\"en-US\"},{\"@type\":\"WebPage\",\"@id\":\"https:\/\/www.prijedordanas.com\/?p=2090\",\"url\":\"https:\/\/www.prijedordanas.com\/?p=2090\",\"name\":\"IDENTIFIKOVANO OKO 100 \u017dRTAVA IZ TOMA\u0160ICE - PrijedorDanas.com - Prijedorski gradski portal\",\"isPartOf\":{\"@id\":\"https:\/\/www.prijedordanas.com\/#website\"},\"datePublished\":\"2014-04-25T17:47:22+00:00\",\"dateModified\":\"2014-04-25T17:49:20+00:00\",\"breadcrumb\":{\"@id\":\"https:\/\/www.prijedordanas.com\/?p=2090#breadcrumb\"},\"inLanguage\":\"en-US\",\"potentialAction\":[{\"@type\":\"ReadAction\",\"target\":[\"https:\/\/www.prijedordanas.com\/?p=2090\"]}]},{\"@type\":\"BreadcrumbList\",\"@id\":\"https:\/\/www.prijedordanas.com\/?p=2090#breadcrumb\",\"itemListElement\":[{\"@type\":\"ListItem\",\"position\":1,\"name\":\"Home\",\"item\":\"https:\/\/www.prijedordanas.com\/\"},{\"@type\":\"ListItem\",\"position\":2,\"name\":\"IDENTIFIKOVANO OKO 100 \u017dRTAVA IZ TOMA\u0160ICE\"}]},{\"@type\":\"WebSite\",\"@id\":\"https:\/\/www.prijedordanas.com\/#website\",\"url\":\"https:\/\/www.prijedordanas.com\/\",\"name\":\"PrijedorDanas.com - Prijedorski gradski portal\",\"description\":\"Portal o doga\u0111anjima u gradu Prijedoru\",\"publisher\":{\"@id\":\"https:\/\/www.prijedordanas.com\/#organization\"},\"potentialAction\":[{\"@type\":\"SearchAction\",\"target\":{\"@type\":\"EntryPoint\",\"urlTemplate\":\"https:\/\/www.prijedordanas.com\/?s={search_term_string}\"},\"query-input\":\"required name=search_term_string\"}],\"inLanguage\":\"en-US\"},{\"@type\":\"Organization\",\"@id\":\"https:\/\/www.prijedordanas.com\/#organization\",\"name\":\"PrijedorDanas.com\",\"url\":\"https:\/\/www.prijedordanas.com\/\",\"logo\":{\"@type\":\"ImageObject\",\"inLanguage\":\"en-US\",\"@id\":\"https:\/\/www.prijedordanas.com\/#\/schema\/logo\/image\/\",\"url\":\"http:\/\/www.prijedordanas.com\/wp-content\/uploads\/2021\/12\/logopng.png\",\"contentUrl\":\"http:\/\/www.prijedordanas.com\/wp-content\/uploads\/2021\/12\/logopng.png\",\"width\":1019,\"height\":776,\"caption\":\"PrijedorDanas.com\"},\"image\":{\"@id\":\"https:\/\/www.prijedordanas.com\/#\/schema\/logo\/image\/\"},\"sameAs\":[\"https:\/\/www.facebook.com\/PrijedorDanasCom\/\"]},{\"@type\":\"Person\",\"@id\":\"https:\/\/www.prijedordanas.com\/#\/schema\/person\/4e08ccf29b506ca916ff86d46bb700e6\",\"name\":\"admin\",\"image\":{\"@type\":\"ImageObject\",\"inLanguage\":\"en-US\",\"@id\":\"https:\/\/www.prijedordanas.com\/#\/schema\/person\/image\/\",\"url\":\"https:\/\/secure.gravatar.com\/avatar\/1d3fc949d550f0b53a5f0d51e06dfd79?s=96&d=mm&r=g\",\"contentUrl\":\"https:\/\/secure.gravatar.com\/avatar\/1d3fc949d550f0b53a5f0d51e06dfd79?s=96&d=mm&r=g\",\"caption\":\"admin\"},\"url\":\"https:\/\/www.prijedordanas.com\/?author=1\"}]}<\/script>\n<!-- \/ Yoast SEO plugin. -->","yoast_head_json":{"title":"IDENTIFIKOVANO OKO 100 \u017dRTAVA IZ TOMA\u0160ICE - PrijedorDanas.com - Prijedorski gradski portal","robots":{"index":"index","follow":"follow","max-snippet":"max-snippet:-1","max-image-preview":"max-image-preview:large","max-video-preview":"max-video-preview:-1"},"canonical":"https:\/\/www.prijedordanas.com\/?p=2090","og_locale":"en_US","og_type":"article","og_title":"IDENTIFIKOVANO OKO 100 \u017dRTAVA IZ TOMA\u0160ICE - PrijedorDanas.com - Prijedorski gradski portal","og_description":"U procesu identifikacije \u017ertava prona\u0111enih u grobnici Toma\u0161ica kod Prijedora do sada je identifikovano oko 100 kompletnih posmrtnih ostataka, saop\u0161teno je iz Tu\u017eila\u0161tva BiH. U ovoj grobnici prona\u0111eno je 275 [&hellip;]","og_url":"https:\/\/www.prijedordanas.com\/?p=2090","og_site_name":"PrijedorDanas.com - Prijedorski gradski portal","article_publisher":"https:\/\/www.facebook.com\/PrijedorDanasCom\/","article_published_time":"2014-04-25T17:47:22+00:00","article_modified_time":"2014-04-25T17:49:20+00:00","og_image":[{"url":"https:\/\/www.prijedordanas.com\/wp-content\/uploads\/2014\/04\/identifikacija-300x275.jpg"}],"author":"admin","twitter_card":"summary_large_image","twitter_misc":{"Written by":"admin","Est. reading time":"1 minute"},"schema":{"@context":"https:\/\/schema.org","@graph":[{"@type":"Article","@id":"https:\/\/www.prijedordanas.com\/?p=2090#article","isPartOf":{"@id":"https:\/\/www.prijedordanas.com\/?p=2090"},"author":{"name":"admin","@id":"https:\/\/www.prijedordanas.com\/#\/schema\/person\/4e08ccf29b506ca916ff86d46bb700e6"},"headline":"IDENTIFIKOVANO OKO 100 \u017dRTAVA IZ TOMA\u0160ICE","datePublished":"2014-04-25T17:47:22+00:00","dateModified":"2014-04-25T17:49:20+00:00","mainEntityOfPage":{"@id":"https:\/\/www.prijedordanas.com\/?p=2090"},"wordCount":241,"publisher":{"@id":"https:\/\/www.prijedordanas.com\/#organization"},"keywords":["identifikacija","Toma\u0161ica","\u017ertve"],"articleSection":["Hronika"],"inLanguage":"en-US"},{"@type":"WebPage","@id":"https:\/\/www.prijedordanas.com\/?p=2090","url":"https:\/\/www.prijedordanas.com\/?p=2090","name":"IDENTIFIKOVANO OKO 100 \u017dRTAVA IZ TOMA\u0160ICE - PrijedorDanas.com - Prijedorski gradski portal","isPartOf":{"@id":"https:\/\/www.prijedordanas.com\/#website"},"datePublished":"2014-04-25T17:47:22+00:00","dateModified":"2014-04-25T17:49:20+00:00","breadcrumb":{"@id":"https:\/\/www.prijedordanas.com\/?p=2090#breadcrumb"},"inLanguage":"en-US","potentialAction":[{"@type":"ReadAction","target":["https:\/\/www.prijedordanas.com\/?p=2090"]}]},{"@type":"BreadcrumbList","@id":"https:\/\/www.prijedordanas.com\/?p=2090#breadcrumb","itemListElement":[{"@type":"ListItem","position":1,"name":"Home","item":"https:\/\/www.prijedordanas.com\/"},{"@type":"ListItem","position":2,"name":"IDENTIFIKOVANO OKO 100 \u017dRTAVA IZ TOMA\u0160ICE"}]},{"@type":"WebSite","@id":"https:\/\/www.prijedordanas.com\/#website","url":"https:\/\/www.prijedordanas.com\/","name":"PrijedorDanas.com - Prijedorski gradski portal","description":"Portal o doga\u0111anjima u gradu Prijedoru","publisher":{"@id":"https:\/\/www.prijedordanas.com\/#organization"},"potentialAction":[{"@type":"SearchAction","target":{"@type":"EntryPoint","urlTemplate":"https:\/\/www.prijedordanas.com\/?s={search_term_string}"},"query-input":"required name=search_term_string"}],"inLanguage":"en-US"},{"@type":"Organization","@id":"https:\/\/www.prijedordanas.com\/#organization","name":"PrijedorDanas.com","url":"https:\/\/www.prijedordanas.com\/","logo":{"@type":"ImageObject","inLanguage":"en-US","@id":"https:\/\/www.prijedordanas.com\/#\/schema\/logo\/image\/","url":"http:\/\/www.prijedordanas.com\/wp-content\/uploads\/2021\/12\/logopng.png","contentUrl":"http:\/\/www.prijedordanas.com\/wp-content\/uploads\/2021\/12\/logopng.png","width":1019,"height":776,"caption":"PrijedorDanas.com"},"image":{"@id":"https:\/\/www.prijedordanas.com\/#\/schema\/logo\/image\/"},"sameAs":["https:\/\/www.facebook.com\/PrijedorDanasCom\/"]},{"@type":"Person","@id":"https:\/\/www.prijedordanas.com\/#\/schema\/person\/4e08ccf29b506ca916ff86d46bb700e6","name":"admin","image":{"@type":"ImageObject","inLanguage":"en-US","@id":"https:\/\/www.prijedordanas.com\/#\/schema\/person\/image\/","url":"https:\/\/secure.gravatar.com\/avatar\/1d3fc949d550f0b53a5f0d51e06dfd79?s=96&d=mm&r=g","contentUrl":"https:\/\/secure.gravatar.com\/avatar\/1d3fc949d550f0b53a5f0d51e06dfd79?s=96&d=mm&r=g","caption":"admin"},"url":"https:\/\/www.prijedordanas.com\/?author=1"}]}},"_links":{"self":[{"href":"https:\/\/www.prijedordanas.com\/index.php?rest_route=\/wp\/v2\/posts\/2090"}],"collection":[{"href":"https:\/\/www.prijedordanas.com\/index.php?rest_route=\/wp\/v2\/posts"}],"about":[{"href":"https:\/\/www.prijedordanas.com\/index.php?rest_route=\/wp\/v2\/types\/post"}],"author":[{"embeddable":true,"href":"https:\/\/www.prijedordanas.com\/index.php?rest_route=\/wp\/v2\/users\/1"}],"replies":[{"embeddable":true,"href":"https:\/\/www.prijedordanas.com\/index.php?rest_route=%2Fwp%2Fv2%2Fcomments&post=2090"}],"version-history":[{"count":2,"href":"https:\/\/www.prijedordanas.com\/index.php?rest_route=\/wp\/v2\/posts\/2090\/revisions"}],"predecessor-version":[{"id":2106,"href":"https:\/\/www.prijedordanas.com\/index.php?rest_route=\/wp\/v2\/posts\/2090\/revisions\/2106"}],"wp:attachment":[{"href":"https:\/\/www.prijedordanas.com\/index.php?rest_route=%2Fwp%2Fv2%2Fmedia&parent=2090"}],"wp:term":[{"taxonomy":"category","embeddable":true,"href":"https:\/\/www.prijedordanas.com\/index.php?rest_route=%2Fwp%2Fv2%2Fcategories&post=2090"},{"taxonomy":"post_tag","embeddable":true,"href":"https:\/\/www.prijedordanas.com\/index.php?rest_route=%2Fwp%2Fv2%2Ftags&post=2090"}],"curies":[{"name":"wp","href":"https:\/\/api.w.org\/{rel}","templated":true}]}}