{"id":208917,"date":"2023-07-17T20:29:55","date_gmt":"2023-07-17T18:29:55","guid":{"rendered":"https:\/\/www.prijedordanas.com\/?p=208917"},"modified":"2023-07-18T10:46:49","modified_gmt":"2023-07-18T08:46:49","slug":"biblioteka-cirilo-i-metodije-prijedor-organizovala-knjigomaniju-video","status":"publish","type":"post","link":"https:\/\/www.prijedordanas.com\/?p=208917","title":{"rendered":"Biblioteka &#8220;\u0106irilo i Metodije&#8221; Prijedor organizovala Knjigomaniju &#8211; VIDEO"},"content":{"rendered":"<p><a href=\"https:\/\/www.prijedordanas.com\/wp-content\/uploads\/2023\/07\/prijedorgradorg-knjigomanija-17juli-3.jpg\"><img loading=\"lazy\" decoding=\"async\" class=\"alignleft size-medium wp-image-208918\" src=\"https:\/\/www.prijedordanas.com\/wp-content\/uploads\/2023\/07\/prijedorgradorg-knjigomanija-17juli-3-300x225.jpg\" alt=\"\" width=\"300\" height=\"225\" srcset=\"https:\/\/www.prijedordanas.com\/wp-content\/uploads\/2023\/07\/prijedorgradorg-knjigomanija-17juli-3-300x225.jpg 300w, https:\/\/www.prijedordanas.com\/wp-content\/uploads\/2023\/07\/prijedorgradorg-knjigomanija-17juli-3-640x480.jpg 640w, https:\/\/www.prijedordanas.com\/wp-content\/uploads\/2023\/07\/prijedorgradorg-knjigomanija-17juli-3.jpg 666w\" sizes=\"(max-width: 300px) 100vw, 300px\" \/><\/a>Narodna biblioteka &#8220;\u0106irilo i Metodije&#8221; Prijedor danas je organizovala manifestaciju Biblioteka na otvorenom &#8211; Knjigomanija.<\/p>\n<p>Direktor biblioteke Gordana Vila navela je da je ovo druga godina Knjigomanije, manifestacije kojoj je cilj predstavljanje izdava\u010dke djelatnosti i drugih aktivnosti, kao i prikupljanje knjiga i slikovnica za bibliote\u010dki kutak koji je ova ustanova oformila na pedijatriji prijedorske bolnice.<\/p>\n<p>&#8220;Pove\u0107avamo fond bibliote\u010dkog kutka. Prijedor\u010dani svih generacija dolaze i donose knjige i slikovnice koje \u0107e oti\u0107i u prave ruke. Ovdje je izdava\u010dka djelatnost. Do sada imamo oko 40 naslova, uglavnom vezano za Potkozarje i grad Prijedor, ali i \u010dasopisi i bibliote\u010dko glasilo&#8221;, rekla je Vila novinarima U Prijedoru.<\/p>\n<p><a href=\"https:\/\/www.prijedordanas.com\/wp-content\/uploads\/2023\/07\/prijedorgradorg-knjigomanija-17juli-1.jpg\"><img loading=\"lazy\" decoding=\"async\" src=\"https:\/\/www.prijedordanas.com\/wp-content\/uploads\/2023\/07\/prijedorgradorg-knjigomanija-17juli-1-300x225.jpg\" alt=\"\" width=\"300\" height=\"225\" class=\"alignleft size-medium wp-image-208919\" srcset=\"https:\/\/www.prijedordanas.com\/wp-content\/uploads\/2023\/07\/prijedorgradorg-knjigomanija-17juli-1-300x225.jpg 300w, https:\/\/www.prijedordanas.com\/wp-content\/uploads\/2023\/07\/prijedorgradorg-knjigomanija-17juli-1-640x480.jpg 640w, https:\/\/www.prijedordanas.com\/wp-content\/uploads\/2023\/07\/prijedorgradorg-knjigomanija-17juli-1.jpg 666w\" sizes=\"(max-width: 300px) 100vw, 300px\" \/><\/a>Pored \u0161tanda za izdava\u0161tvo i kutija za humanitarnu akciju darivanja slikovnica i knjiga za djecu, na Malom trgu predstavljeni su i crte\u017ei mali\u0161ana Dje\u010dijeg vrti\u0107a &#8220;Radost&#8221; o temi kako bi trebalo da izgleda biblioteka u gradu na Sani, budu\u0107i da mati\u010dna ustanova nema odgovaraju\u0107i prostor i podstanar je u Muzeju Kozare, a ove godine bilje\u017ei jubilej 60 godina postojanja i rada.<\/p>\n<p>Direktor bolnice &#8220;Dr Mladen Stojanovi\u0107&#8221; Andrija Vukoti\u0107 izrazio je zahvalnost biblioteci.<\/p>\n<p>&#8220;Ovo je samo nastavak akcije koju smo sproveli prije nekoliko mjeseci. S novim naslovima na\u0161oj djeci bi\u0107e jo\u0161 ve\u0107i repertoar \u0161to \u0107e im pomo\u0107i da lak\u0161e prebrode bolesti&#8221;, dodao je Vukoti\u0107.<\/p>\n<p>Posjetioci Knjigomanije imali su priliku u centru gradskog \u0161etali\u0161ta slu\u0161ati grupu &#8220;Korzo&#8221;.<\/p>\n<p><a href=\"https:\/\/www.prijedorgrad.org\/sr-EU\/vijesti-sadrzaj.html?vid=18395\" target=\"_blank\" rel=\"noopener\">prijedorgrad.org<\/a><\/p>\n<p><a href=\"https:\/\/www.prijedordanas.com\/wp-content\/uploads\/2023\/07\/prijedorgradorg-knjigomanija-17juli-2.jpg\"><img loading=\"lazy\" decoding=\"async\" src=\"https:\/\/www.prijedordanas.com\/wp-content\/uploads\/2023\/07\/prijedorgradorg-knjigomanija-17juli-2-300x223.jpg\" alt=\"\" width=\"300\" height=\"223\" class=\"alignleft size-medium wp-image-208920\" srcset=\"https:\/\/www.prijedordanas.com\/wp-content\/uploads\/2023\/07\/prijedorgradorg-knjigomanija-17juli-2-300x223.jpg 300w, https:\/\/www.prijedordanas.com\/wp-content\/uploads\/2023\/07\/prijedorgradorg-knjigomanija-17juli-2.jpg 674w\" sizes=\"(max-width: 300px) 100vw, 300px\" \/><\/a><\/p>\n<p><iframe loading=\"lazy\" title=\"DARUJ SLIKOVNICU, OBRADUJ DRUGARE\" width=\"500\" height=\"281\" src=\"https:\/\/www.youtube.com\/embed\/GU_dFmxEMoY?feature=oembed\" frameborder=\"0\" allow=\"accelerometer; autoplay; clipboard-write; encrypted-media; gyroscope; picture-in-picture; web-share\" allowfullscreen><\/iframe><\/p>\n","protected":false},"excerpt":{"rendered":"<p>Narodna biblioteka &#8220;\u0106irilo i Metodije&#8221; Prijedor danas je organizovala manifestaciju Biblioteka na otvorenom &#8211; Knjigomanija. Direktor biblioteke Gordana Vila navela je da je ovo druga godina Knjigomanije, manifestacije kojoj je [&hellip;]<\/p>\n","protected":false},"author":1,"featured_media":0,"comment_status":"closed","ping_status":"open","sticky":false,"template":"","format":"standard","meta":{"_monsterinsights_skip_tracking":false,"_monsterinsights_sitenote_active":false,"_monsterinsights_sitenote_note":"","_monsterinsights_sitenote_category":0,"footnotes":""},"categories":[8],"tags":[],"yoast_head":"<!-- This site is optimized with the Yoast SEO plugin v21.6 - https:\/\/yoast.com\/wordpress\/plugins\/seo\/ -->\n<title>Biblioteka &quot;\u0106irilo i Metodije&quot; Prijedor organizovala Knjigomaniju - VIDEO - PrijedorDanas.com - Prijedorski gradski portal<\/title>\n<meta name=\"robots\" content=\"index, follow, max-snippet:-1, max-image-preview:large, max-video-preview:-1\" \/>\n<link rel=\"canonical\" href=\"https:\/\/www.prijedordanas.com\/?p=208917\" \/>\n<meta property=\"og:locale\" content=\"en_US\" \/>\n<meta property=\"og:type\" content=\"article\" \/>\n<meta property=\"og:title\" content=\"Biblioteka &quot;\u0106irilo i Metodije&quot; Prijedor organizovala Knjigomaniju - VIDEO - PrijedorDanas.com - Prijedorski gradski portal\" \/>\n<meta property=\"og:description\" content=\"Narodna biblioteka &#8220;\u0106irilo i Metodije&#8221; Prijedor danas je organizovala manifestaciju Biblioteka na otvorenom &#8211; Knjigomanija. Direktor biblioteke Gordana Vila navela je da je ovo druga godina Knjigomanije, manifestacije kojoj je [&hellip;]\" \/>\n<meta property=\"og:url\" content=\"https:\/\/www.prijedordanas.com\/?p=208917\" \/>\n<meta property=\"og:site_name\" content=\"PrijedorDanas.com - Prijedorski gradski portal\" \/>\n<meta property=\"article:publisher\" content=\"https:\/\/www.facebook.com\/PrijedorDanasCom\/\" \/>\n<meta property=\"article:published_time\" content=\"2023-07-17T18:29:55+00:00\" \/>\n<meta property=\"article:modified_time\" content=\"2023-07-18T08:46:49+00:00\" \/>\n<meta property=\"og:image\" content=\"https:\/\/www.prijedordanas.com\/wp-content\/uploads\/2023\/07\/prijedorgradorg-knjigomanija-17juli-3-300x225.jpg\" \/>\n<meta name=\"author\" content=\"admin\" \/>\n<meta name=\"twitter:card\" content=\"summary_large_image\" \/>\n<meta name=\"twitter:label1\" content=\"Written by\" \/>\n\t<meta name=\"twitter:data1\" content=\"admin\" \/>\n\t<meta name=\"twitter:label2\" content=\"Est. reading time\" \/>\n\t<meta name=\"twitter:data2\" content=\"2 minutes\" \/>\n<script type=\"application\/ld+json\" class=\"yoast-schema-graph\">{\"@context\":\"https:\/\/schema.org\",\"@graph\":[{\"@type\":\"Article\",\"@id\":\"https:\/\/www.prijedordanas.com\/?p=208917#article\",\"isPartOf\":{\"@id\":\"https:\/\/www.prijedordanas.com\/?p=208917\"},\"author\":{\"name\":\"admin\",\"@id\":\"https:\/\/www.prijedordanas.com\/#\/schema\/person\/4e08ccf29b506ca916ff86d46bb700e6\"},\"headline\":\"Biblioteka &#8220;\u0106irilo i Metodije&#8221; Prijedor organizovala Knjigomaniju &#8211; VIDEO\",\"datePublished\":\"2023-07-17T18:29:55+00:00\",\"dateModified\":\"2023-07-18T08:46:49+00:00\",\"mainEntityOfPage\":{\"@id\":\"https:\/\/www.prijedordanas.com\/?p=208917\"},\"wordCount\":256,\"publisher\":{\"@id\":\"https:\/\/www.prijedordanas.com\/#organization\"},\"articleSection\":[\"Svakodnevno\"],\"inLanguage\":\"en-US\"},{\"@type\":\"WebPage\",\"@id\":\"https:\/\/www.prijedordanas.com\/?p=208917\",\"url\":\"https:\/\/www.prijedordanas.com\/?p=208917\",\"name\":\"Biblioteka \\\"\u0106irilo i Metodije\\\" Prijedor organizovala Knjigomaniju - VIDEO - PrijedorDanas.com - Prijedorski gradski portal\",\"isPartOf\":{\"@id\":\"https:\/\/www.prijedordanas.com\/#website\"},\"datePublished\":\"2023-07-17T18:29:55+00:00\",\"dateModified\":\"2023-07-18T08:46:49+00:00\",\"breadcrumb\":{\"@id\":\"https:\/\/www.prijedordanas.com\/?p=208917#breadcrumb\"},\"inLanguage\":\"en-US\",\"potentialAction\":[{\"@type\":\"ReadAction\",\"target\":[\"https:\/\/www.prijedordanas.com\/?p=208917\"]}]},{\"@type\":\"BreadcrumbList\",\"@id\":\"https:\/\/www.prijedordanas.com\/?p=208917#breadcrumb\",\"itemListElement\":[{\"@type\":\"ListItem\",\"position\":1,\"name\":\"Home\",\"item\":\"https:\/\/www.prijedordanas.com\/\"},{\"@type\":\"ListItem\",\"position\":2,\"name\":\"Biblioteka &#8220;\u0106irilo i Metodije&#8221; Prijedor organizovala Knjigomaniju &#8211; VIDEO\"}]},{\"@type\":\"WebSite\",\"@id\":\"https:\/\/www.prijedordanas.com\/#website\",\"url\":\"https:\/\/www.prijedordanas.com\/\",\"name\":\"PrijedorDanas.com - Prijedorski gradski portal\",\"description\":\"Portal o doga\u0111anjima u gradu Prijedoru\",\"publisher\":{\"@id\":\"https:\/\/www.prijedordanas.com\/#organization\"},\"potentialAction\":[{\"@type\":\"SearchAction\",\"target\":{\"@type\":\"EntryPoint\",\"urlTemplate\":\"https:\/\/www.prijedordanas.com\/?s={search_term_string}\"},\"query-input\":\"required name=search_term_string\"}],\"inLanguage\":\"en-US\"},{\"@type\":\"Organization\",\"@id\":\"https:\/\/www.prijedordanas.com\/#organization\",\"name\":\"PrijedorDanas.com\",\"url\":\"https:\/\/www.prijedordanas.com\/\",\"logo\":{\"@type\":\"ImageObject\",\"inLanguage\":\"en-US\",\"@id\":\"https:\/\/www.prijedordanas.com\/#\/schema\/logo\/image\/\",\"url\":\"http:\/\/www.prijedordanas.com\/wp-content\/uploads\/2021\/12\/logopng.png\",\"contentUrl\":\"http:\/\/www.prijedordanas.com\/wp-content\/uploads\/2021\/12\/logopng.png\",\"width\":1019,\"height\":776,\"caption\":\"PrijedorDanas.com\"},\"image\":{\"@id\":\"https:\/\/www.prijedordanas.com\/#\/schema\/logo\/image\/\"},\"sameAs\":[\"https:\/\/www.facebook.com\/PrijedorDanasCom\/\"]},{\"@type\":\"Person\",\"@id\":\"https:\/\/www.prijedordanas.com\/#\/schema\/person\/4e08ccf29b506ca916ff86d46bb700e6\",\"name\":\"admin\",\"image\":{\"@type\":\"ImageObject\",\"inLanguage\":\"en-US\",\"@id\":\"https:\/\/www.prijedordanas.com\/#\/schema\/person\/image\/\",\"url\":\"https:\/\/secure.gravatar.com\/avatar\/1d3fc949d550f0b53a5f0d51e06dfd79?s=96&d=mm&r=g\",\"contentUrl\":\"https:\/\/secure.gravatar.com\/avatar\/1d3fc949d550f0b53a5f0d51e06dfd79?s=96&d=mm&r=g\",\"caption\":\"admin\"},\"url\":\"https:\/\/www.prijedordanas.com\/?author=1\"}]}<\/script>\n<!-- \/ Yoast SEO plugin. -->","yoast_head_json":{"title":"Biblioteka \"\u0106irilo i Metodije\" Prijedor organizovala Knjigomaniju - VIDEO - PrijedorDanas.com - Prijedorski gradski portal","robots":{"index":"index","follow":"follow","max-snippet":"max-snippet:-1","max-image-preview":"max-image-preview:large","max-video-preview":"max-video-preview:-1"},"canonical":"https:\/\/www.prijedordanas.com\/?p=208917","og_locale":"en_US","og_type":"article","og_title":"Biblioteka \"\u0106irilo i Metodije\" Prijedor organizovala Knjigomaniju - VIDEO - PrijedorDanas.com - Prijedorski gradski portal","og_description":"Narodna biblioteka &#8220;\u0106irilo i Metodije&#8221; Prijedor danas je organizovala manifestaciju Biblioteka na otvorenom &#8211; Knjigomanija. Direktor biblioteke Gordana Vila navela je da je ovo druga godina Knjigomanije, manifestacije kojoj je [&hellip;]","og_url":"https:\/\/www.prijedordanas.com\/?p=208917","og_site_name":"PrijedorDanas.com - Prijedorski gradski portal","article_publisher":"https:\/\/www.facebook.com\/PrijedorDanasCom\/","article_published_time":"2023-07-17T18:29:55+00:00","article_modified_time":"2023-07-18T08:46:49+00:00","og_image":[{"url":"https:\/\/www.prijedordanas.com\/wp-content\/uploads\/2023\/07\/prijedorgradorg-knjigomanija-17juli-3-300x225.jpg"}],"author":"admin","twitter_card":"summary_large_image","twitter_misc":{"Written by":"admin","Est. reading time":"2 minutes"},"schema":{"@context":"https:\/\/schema.org","@graph":[{"@type":"Article","@id":"https:\/\/www.prijedordanas.com\/?p=208917#article","isPartOf":{"@id":"https:\/\/www.prijedordanas.com\/?p=208917"},"author":{"name":"admin","@id":"https:\/\/www.prijedordanas.com\/#\/schema\/person\/4e08ccf29b506ca916ff86d46bb700e6"},"headline":"Biblioteka &#8220;\u0106irilo i Metodije&#8221; Prijedor organizovala Knjigomaniju &#8211; VIDEO","datePublished":"2023-07-17T18:29:55+00:00","dateModified":"2023-07-18T08:46:49+00:00","mainEntityOfPage":{"@id":"https:\/\/www.prijedordanas.com\/?p=208917"},"wordCount":256,"publisher":{"@id":"https:\/\/www.prijedordanas.com\/#organization"},"articleSection":["Svakodnevno"],"inLanguage":"en-US"},{"@type":"WebPage","@id":"https:\/\/www.prijedordanas.com\/?p=208917","url":"https:\/\/www.prijedordanas.com\/?p=208917","name":"Biblioteka \"\u0106irilo i Metodije\" Prijedor organizovala Knjigomaniju - VIDEO - PrijedorDanas.com - Prijedorski gradski portal","isPartOf":{"@id":"https:\/\/www.prijedordanas.com\/#website"},"datePublished":"2023-07-17T18:29:55+00:00","dateModified":"2023-07-18T08:46:49+00:00","breadcrumb":{"@id":"https:\/\/www.prijedordanas.com\/?p=208917#breadcrumb"},"inLanguage":"en-US","potentialAction":[{"@type":"ReadAction","target":["https:\/\/www.prijedordanas.com\/?p=208917"]}]},{"@type":"BreadcrumbList","@id":"https:\/\/www.prijedordanas.com\/?p=208917#breadcrumb","itemListElement":[{"@type":"ListItem","position":1,"name":"Home","item":"https:\/\/www.prijedordanas.com\/"},{"@type":"ListItem","position":2,"name":"Biblioteka &#8220;\u0106irilo i Metodije&#8221; Prijedor organizovala Knjigomaniju &#8211; VIDEO"}]},{"@type":"WebSite","@id":"https:\/\/www.prijedordanas.com\/#website","url":"https:\/\/www.prijedordanas.com\/","name":"PrijedorDanas.com - Prijedorski gradski portal","description":"Portal o doga\u0111anjima u gradu Prijedoru","publisher":{"@id":"https:\/\/www.prijedordanas.com\/#organization"},"potentialAction":[{"@type":"SearchAction","target":{"@type":"EntryPoint","urlTemplate":"https:\/\/www.prijedordanas.com\/?s={search_term_string}"},"query-input":"required name=search_term_string"}],"inLanguage":"en-US"},{"@type":"Organization","@id":"https:\/\/www.prijedordanas.com\/#organization","name":"PrijedorDanas.com","url":"https:\/\/www.prijedordanas.com\/","logo":{"@type":"ImageObject","inLanguage":"en-US","@id":"https:\/\/www.prijedordanas.com\/#\/schema\/logo\/image\/","url":"http:\/\/www.prijedordanas.com\/wp-content\/uploads\/2021\/12\/logopng.png","contentUrl":"http:\/\/www.prijedordanas.com\/wp-content\/uploads\/2021\/12\/logopng.png","width":1019,"height":776,"caption":"PrijedorDanas.com"},"image":{"@id":"https:\/\/www.prijedordanas.com\/#\/schema\/logo\/image\/"},"sameAs":["https:\/\/www.facebook.com\/PrijedorDanasCom\/"]},{"@type":"Person","@id":"https:\/\/www.prijedordanas.com\/#\/schema\/person\/4e08ccf29b506ca916ff86d46bb700e6","name":"admin","image":{"@type":"ImageObject","inLanguage":"en-US","@id":"https:\/\/www.prijedordanas.com\/#\/schema\/person\/image\/","url":"https:\/\/secure.gravatar.com\/avatar\/1d3fc949d550f0b53a5f0d51e06dfd79?s=96&d=mm&r=g","contentUrl":"https:\/\/secure.gravatar.com\/avatar\/1d3fc949d550f0b53a5f0d51e06dfd79?s=96&d=mm&r=g","caption":"admin"},"url":"https:\/\/www.prijedordanas.com\/?author=1"}]}},"_links":{"self":[{"href":"https:\/\/www.prijedordanas.com\/index.php?rest_route=\/wp\/v2\/posts\/208917"}],"collection":[{"href":"https:\/\/www.prijedordanas.com\/index.php?rest_route=\/wp\/v2\/posts"}],"about":[{"href":"https:\/\/www.prijedordanas.com\/index.php?rest_route=\/wp\/v2\/types\/post"}],"author":[{"embeddable":true,"href":"https:\/\/www.prijedordanas.com\/index.php?rest_route=\/wp\/v2\/users\/1"}],"replies":[{"embeddable":true,"href":"https:\/\/www.prijedordanas.com\/index.php?rest_route=%2Fwp%2Fv2%2Fcomments&post=208917"}],"version-history":[{"count":1,"href":"https:\/\/www.prijedordanas.com\/index.php?rest_route=\/wp\/v2\/posts\/208917\/revisions"}],"predecessor-version":[{"id":208921,"href":"https:\/\/www.prijedordanas.com\/index.php?rest_route=\/wp\/v2\/posts\/208917\/revisions\/208921"}],"wp:attachment":[{"href":"https:\/\/www.prijedordanas.com\/index.php?rest_route=%2Fwp%2Fv2%2Fmedia&parent=208917"}],"wp:term":[{"taxonomy":"category","embeddable":true,"href":"https:\/\/www.prijedordanas.com\/index.php?rest_route=%2Fwp%2Fv2%2Fcategories&post=208917"},{"taxonomy":"post_tag","embeddable":true,"href":"https:\/\/www.prijedordanas.com\/index.php?rest_route=%2Fwp%2Fv2%2Ftags&post=208917"}],"curies":[{"name":"wp","href":"https:\/\/api.w.org\/{rel}","templated":true}]}}