{"id":208893,"date":"2023-07-17T17:06:48","date_gmt":"2023-07-17T15:06:48","guid":{"rendered":"https:\/\/www.prijedordanas.com\/?p=208893"},"modified":"2023-07-17T17:06:48","modified_gmt":"2023-07-17T15:06:48","slug":"okruzno-javno-tuzilastvo-prijedor-podignuta-optuznica-jer-je-prijetio-muzu-svoje-partnerke","status":"publish","type":"post","link":"https:\/\/www.prijedordanas.com\/?p=208893","title":{"rendered":"Okru\u017eno javno tu\u017eila\u0161tvo Prijedor: Podignuta optu\u017enica jer je prijetio mu\u017eu svoje partnerke"},"content":{"rendered":"<p><a href=\"https:\/\/www.prijedordanas.com\/wp-content\/uploads\/2023\/05\/okruzni-sud-tuzilastvo-prijedor-april2023.jpg\"><img loading=\"lazy\" decoding=\"async\" src=\"https:\/\/www.prijedordanas.com\/wp-content\/uploads\/2023\/05\/okruzni-sud-tuzilastvo-prijedor-april2023-225x300.jpg\" alt=\"\" width=\"225\" height=\"300\" class=\"alignleft size-medium wp-image-206303\" srcset=\"https:\/\/www.prijedordanas.com\/wp-content\/uploads\/2023\/05\/okruzni-sud-tuzilastvo-prijedor-april2023-225x300.jpg 225w, https:\/\/www.prijedordanas.com\/wp-content\/uploads\/2023\/05\/okruzni-sud-tuzilastvo-prijedor-april2023.jpg 450w\" sizes=\"(max-width: 225px) 100vw, 225px\" \/><\/a>Okru\u017eno javno tu\u017eila\u0161tvo Prijedor podiglo je optu\u017enicu protiv G.V. iz Novog Grada zbog krivi\u010dnog djela ugro\u017eavanje sigurnosti, objavilo je danas ovo tu\u017eila\u0161tvo.<\/p>\n<p>U optu\u017enici se navodi da je G.V. u aprilu 2020. godine telefonom vi\u0161e puta psovao i prijetio mu\u0161karcu D.Z. koji je suprug njegove partnerke D.M, govore\u0107i da \u0107e ubiti i njega i djecu ako jo\u0161 jednom pri\u0111e supruzi, da \u0107e mu baciti bombu u stan i da \u0107e poslati ljude u stan da ih pobiju.<\/p>\n<p>Krivi\u010dnim zakonikom Republike Srpske propisana je nov\u010dana ili kazna zatvora do dvije godine za onoga ko ozbiljnom prijetnjom da \u0107e ga li\u0161iti \u017eivota ugrozi sigurnost nekog lica. <\/p>\n<p>SRNA<\/p>\n","protected":false},"excerpt":{"rendered":"<p>Okru\u017eno javno tu\u017eila\u0161tvo Prijedor podiglo je optu\u017enicu protiv G.V. iz Novog Grada zbog krivi\u010dnog djela ugro\u017eavanje sigurnosti, objavilo je danas ovo tu\u017eila\u0161tvo. U optu\u017enici se navodi da je G.V. u [&hellip;]<\/p>\n","protected":false},"author":1,"featured_media":0,"comment_status":"closed","ping_status":"open","sticky":false,"template":"","format":"standard","meta":{"_monsterinsights_skip_tracking":false,"_monsterinsights_sitenote_active":false,"_monsterinsights_sitenote_note":"","_monsterinsights_sitenote_category":0,"footnotes":""},"categories":[5],"tags":[],"yoast_head":"<!-- This site is optimized with the Yoast SEO plugin v21.6 - https:\/\/yoast.com\/wordpress\/plugins\/seo\/ -->\n<title>Okru\u017eno javno tu\u017eila\u0161tvo Prijedor: Podignuta optu\u017enica jer je prijetio mu\u017eu svoje partnerke - PrijedorDanas.com - Prijedorski gradski portal<\/title>\n<meta name=\"robots\" content=\"index, follow, max-snippet:-1, max-image-preview:large, max-video-preview:-1\" \/>\n<link rel=\"canonical\" href=\"https:\/\/www.prijedordanas.com\/?p=208893\" \/>\n<meta property=\"og:locale\" content=\"en_US\" \/>\n<meta property=\"og:type\" content=\"article\" \/>\n<meta property=\"og:title\" content=\"Okru\u017eno javno tu\u017eila\u0161tvo Prijedor: Podignuta optu\u017enica jer je prijetio mu\u017eu svoje partnerke - PrijedorDanas.com - Prijedorski gradski portal\" \/>\n<meta property=\"og:description\" content=\"Okru\u017eno javno tu\u017eila\u0161tvo Prijedor podiglo je optu\u017enicu protiv G.V. iz Novog Grada zbog krivi\u010dnog djela ugro\u017eavanje sigurnosti, objavilo je danas ovo tu\u017eila\u0161tvo. U optu\u017enici se navodi da je G.V. u [&hellip;]\" \/>\n<meta property=\"og:url\" content=\"https:\/\/www.prijedordanas.com\/?p=208893\" \/>\n<meta property=\"og:site_name\" content=\"PrijedorDanas.com - Prijedorski gradski portal\" \/>\n<meta property=\"article:publisher\" content=\"https:\/\/www.facebook.com\/PrijedorDanasCom\/\" \/>\n<meta property=\"article:published_time\" content=\"2023-07-17T15:06:48+00:00\" \/>\n<meta property=\"og:image\" content=\"https:\/\/www.prijedordanas.com\/wp-content\/uploads\/2023\/05\/okruzni-sud-tuzilastvo-prijedor-april2023-225x300.jpg\" \/>\n<meta name=\"author\" content=\"admin\" \/>\n<meta name=\"twitter:card\" content=\"summary_large_image\" \/>\n<meta name=\"twitter:label1\" content=\"Written by\" \/>\n\t<meta name=\"twitter:data1\" content=\"admin\" \/>\n<script type=\"application\/ld+json\" class=\"yoast-schema-graph\">{\"@context\":\"https:\/\/schema.org\",\"@graph\":[{\"@type\":\"Article\",\"@id\":\"https:\/\/www.prijedordanas.com\/?p=208893#article\",\"isPartOf\":{\"@id\":\"https:\/\/www.prijedordanas.com\/?p=208893\"},\"author\":{\"name\":\"admin\",\"@id\":\"https:\/\/www.prijedordanas.com\/#\/schema\/person\/4e08ccf29b506ca916ff86d46bb700e6\"},\"headline\":\"Okru\u017eno javno tu\u017eila\u0161tvo Prijedor: Podignuta optu\u017enica jer je prijetio mu\u017eu svoje partnerke\",\"datePublished\":\"2023-07-17T15:06:48+00:00\",\"dateModified\":\"2023-07-17T15:06:48+00:00\",\"mainEntityOfPage\":{\"@id\":\"https:\/\/www.prijedordanas.com\/?p=208893\"},\"wordCount\":141,\"publisher\":{\"@id\":\"https:\/\/www.prijedordanas.com\/#organization\"},\"articleSection\":[\"Hronika\"],\"inLanguage\":\"en-US\"},{\"@type\":\"WebPage\",\"@id\":\"https:\/\/www.prijedordanas.com\/?p=208893\",\"url\":\"https:\/\/www.prijedordanas.com\/?p=208893\",\"name\":\"Okru\u017eno javno tu\u017eila\u0161tvo Prijedor: Podignuta optu\u017enica jer je prijetio mu\u017eu svoje partnerke - PrijedorDanas.com - Prijedorski gradski portal\",\"isPartOf\":{\"@id\":\"https:\/\/www.prijedordanas.com\/#website\"},\"datePublished\":\"2023-07-17T15:06:48+00:00\",\"dateModified\":\"2023-07-17T15:06:48+00:00\",\"breadcrumb\":{\"@id\":\"https:\/\/www.prijedordanas.com\/?p=208893#breadcrumb\"},\"inLanguage\":\"en-US\",\"potentialAction\":[{\"@type\":\"ReadAction\",\"target\":[\"https:\/\/www.prijedordanas.com\/?p=208893\"]}]},{\"@type\":\"BreadcrumbList\",\"@id\":\"https:\/\/www.prijedordanas.com\/?p=208893#breadcrumb\",\"itemListElement\":[{\"@type\":\"ListItem\",\"position\":1,\"name\":\"Home\",\"item\":\"https:\/\/www.prijedordanas.com\/\"},{\"@type\":\"ListItem\",\"position\":2,\"name\":\"Okru\u017eno javno tu\u017eila\u0161tvo Prijedor: Podignuta optu\u017enica jer je prijetio mu\u017eu svoje partnerke\"}]},{\"@type\":\"WebSite\",\"@id\":\"https:\/\/www.prijedordanas.com\/#website\",\"url\":\"https:\/\/www.prijedordanas.com\/\",\"name\":\"PrijedorDanas.com - Prijedorski gradski portal\",\"description\":\"Portal o doga\u0111anjima u gradu Prijedoru\",\"publisher\":{\"@id\":\"https:\/\/www.prijedordanas.com\/#organization\"},\"potentialAction\":[{\"@type\":\"SearchAction\",\"target\":{\"@type\":\"EntryPoint\",\"urlTemplate\":\"https:\/\/www.prijedordanas.com\/?s={search_term_string}\"},\"query-input\":\"required name=search_term_string\"}],\"inLanguage\":\"en-US\"},{\"@type\":\"Organization\",\"@id\":\"https:\/\/www.prijedordanas.com\/#organization\",\"name\":\"PrijedorDanas.com\",\"url\":\"https:\/\/www.prijedordanas.com\/\",\"logo\":{\"@type\":\"ImageObject\",\"inLanguage\":\"en-US\",\"@id\":\"https:\/\/www.prijedordanas.com\/#\/schema\/logo\/image\/\",\"url\":\"http:\/\/www.prijedordanas.com\/wp-content\/uploads\/2021\/12\/logopng.png\",\"contentUrl\":\"http:\/\/www.prijedordanas.com\/wp-content\/uploads\/2021\/12\/logopng.png\",\"width\":1019,\"height\":776,\"caption\":\"PrijedorDanas.com\"},\"image\":{\"@id\":\"https:\/\/www.prijedordanas.com\/#\/schema\/logo\/image\/\"},\"sameAs\":[\"https:\/\/www.facebook.com\/PrijedorDanasCom\/\"]},{\"@type\":\"Person\",\"@id\":\"https:\/\/www.prijedordanas.com\/#\/schema\/person\/4e08ccf29b506ca916ff86d46bb700e6\",\"name\":\"admin\",\"image\":{\"@type\":\"ImageObject\",\"inLanguage\":\"en-US\",\"@id\":\"https:\/\/www.prijedordanas.com\/#\/schema\/person\/image\/\",\"url\":\"https:\/\/secure.gravatar.com\/avatar\/1d3fc949d550f0b53a5f0d51e06dfd79?s=96&d=mm&r=g\",\"contentUrl\":\"https:\/\/secure.gravatar.com\/avatar\/1d3fc949d550f0b53a5f0d51e06dfd79?s=96&d=mm&r=g\",\"caption\":\"admin\"},\"url\":\"https:\/\/www.prijedordanas.com\/?author=1\"}]}<\/script>\n<!-- \/ Yoast SEO plugin. -->","yoast_head_json":{"title":"Okru\u017eno javno tu\u017eila\u0161tvo Prijedor: Podignuta optu\u017enica jer je prijetio mu\u017eu svoje partnerke - PrijedorDanas.com - Prijedorski gradski portal","robots":{"index":"index","follow":"follow","max-snippet":"max-snippet:-1","max-image-preview":"max-image-preview:large","max-video-preview":"max-video-preview:-1"},"canonical":"https:\/\/www.prijedordanas.com\/?p=208893","og_locale":"en_US","og_type":"article","og_title":"Okru\u017eno javno tu\u017eila\u0161tvo Prijedor: Podignuta optu\u017enica jer je prijetio mu\u017eu svoje partnerke - PrijedorDanas.com - Prijedorski gradski portal","og_description":"Okru\u017eno javno tu\u017eila\u0161tvo Prijedor podiglo je optu\u017enicu protiv G.V. iz Novog Grada zbog krivi\u010dnog djela ugro\u017eavanje sigurnosti, objavilo je danas ovo tu\u017eila\u0161tvo. U optu\u017enici se navodi da je G.V. u [&hellip;]","og_url":"https:\/\/www.prijedordanas.com\/?p=208893","og_site_name":"PrijedorDanas.com - Prijedorski gradski portal","article_publisher":"https:\/\/www.facebook.com\/PrijedorDanasCom\/","article_published_time":"2023-07-17T15:06:48+00:00","og_image":[{"url":"https:\/\/www.prijedordanas.com\/wp-content\/uploads\/2023\/05\/okruzni-sud-tuzilastvo-prijedor-april2023-225x300.jpg"}],"author":"admin","twitter_card":"summary_large_image","twitter_misc":{"Written by":"admin"},"schema":{"@context":"https:\/\/schema.org","@graph":[{"@type":"Article","@id":"https:\/\/www.prijedordanas.com\/?p=208893#article","isPartOf":{"@id":"https:\/\/www.prijedordanas.com\/?p=208893"},"author":{"name":"admin","@id":"https:\/\/www.prijedordanas.com\/#\/schema\/person\/4e08ccf29b506ca916ff86d46bb700e6"},"headline":"Okru\u017eno javno tu\u017eila\u0161tvo Prijedor: Podignuta optu\u017enica jer je prijetio mu\u017eu svoje partnerke","datePublished":"2023-07-17T15:06:48+00:00","dateModified":"2023-07-17T15:06:48+00:00","mainEntityOfPage":{"@id":"https:\/\/www.prijedordanas.com\/?p=208893"},"wordCount":141,"publisher":{"@id":"https:\/\/www.prijedordanas.com\/#organization"},"articleSection":["Hronika"],"inLanguage":"en-US"},{"@type":"WebPage","@id":"https:\/\/www.prijedordanas.com\/?p=208893","url":"https:\/\/www.prijedordanas.com\/?p=208893","name":"Okru\u017eno javno tu\u017eila\u0161tvo Prijedor: Podignuta optu\u017enica jer je prijetio mu\u017eu svoje partnerke - PrijedorDanas.com - Prijedorski gradski portal","isPartOf":{"@id":"https:\/\/www.prijedordanas.com\/#website"},"datePublished":"2023-07-17T15:06:48+00:00","dateModified":"2023-07-17T15:06:48+00:00","breadcrumb":{"@id":"https:\/\/www.prijedordanas.com\/?p=208893#breadcrumb"},"inLanguage":"en-US","potentialAction":[{"@type":"ReadAction","target":["https:\/\/www.prijedordanas.com\/?p=208893"]}]},{"@type":"BreadcrumbList","@id":"https:\/\/www.prijedordanas.com\/?p=208893#breadcrumb","itemListElement":[{"@type":"ListItem","position":1,"name":"Home","item":"https:\/\/www.prijedordanas.com\/"},{"@type":"ListItem","position":2,"name":"Okru\u017eno javno tu\u017eila\u0161tvo Prijedor: Podignuta optu\u017enica jer je prijetio mu\u017eu svoje partnerke"}]},{"@type":"WebSite","@id":"https:\/\/www.prijedordanas.com\/#website","url":"https:\/\/www.prijedordanas.com\/","name":"PrijedorDanas.com - Prijedorski gradski portal","description":"Portal o doga\u0111anjima u gradu Prijedoru","publisher":{"@id":"https:\/\/www.prijedordanas.com\/#organization"},"potentialAction":[{"@type":"SearchAction","target":{"@type":"EntryPoint","urlTemplate":"https:\/\/www.prijedordanas.com\/?s={search_term_string}"},"query-input":"required name=search_term_string"}],"inLanguage":"en-US"},{"@type":"Organization","@id":"https:\/\/www.prijedordanas.com\/#organization","name":"PrijedorDanas.com","url":"https:\/\/www.prijedordanas.com\/","logo":{"@type":"ImageObject","inLanguage":"en-US","@id":"https:\/\/www.prijedordanas.com\/#\/schema\/logo\/image\/","url":"http:\/\/www.prijedordanas.com\/wp-content\/uploads\/2021\/12\/logopng.png","contentUrl":"http:\/\/www.prijedordanas.com\/wp-content\/uploads\/2021\/12\/logopng.png","width":1019,"height":776,"caption":"PrijedorDanas.com"},"image":{"@id":"https:\/\/www.prijedordanas.com\/#\/schema\/logo\/image\/"},"sameAs":["https:\/\/www.facebook.com\/PrijedorDanasCom\/"]},{"@type":"Person","@id":"https:\/\/www.prijedordanas.com\/#\/schema\/person\/4e08ccf29b506ca916ff86d46bb700e6","name":"admin","image":{"@type":"ImageObject","inLanguage":"en-US","@id":"https:\/\/www.prijedordanas.com\/#\/schema\/person\/image\/","url":"https:\/\/secure.gravatar.com\/avatar\/1d3fc949d550f0b53a5f0d51e06dfd79?s=96&d=mm&r=g","contentUrl":"https:\/\/secure.gravatar.com\/avatar\/1d3fc949d550f0b53a5f0d51e06dfd79?s=96&d=mm&r=g","caption":"admin"},"url":"https:\/\/www.prijedordanas.com\/?author=1"}]}},"_links":{"self":[{"href":"https:\/\/www.prijedordanas.com\/index.php?rest_route=\/wp\/v2\/posts\/208893"}],"collection":[{"href":"https:\/\/www.prijedordanas.com\/index.php?rest_route=\/wp\/v2\/posts"}],"about":[{"href":"https:\/\/www.prijedordanas.com\/index.php?rest_route=\/wp\/v2\/types\/post"}],"author":[{"embeddable":true,"href":"https:\/\/www.prijedordanas.com\/index.php?rest_route=\/wp\/v2\/users\/1"}],"replies":[{"embeddable":true,"href":"https:\/\/www.prijedordanas.com\/index.php?rest_route=%2Fwp%2Fv2%2Fcomments&post=208893"}],"version-history":[{"count":1,"href":"https:\/\/www.prijedordanas.com\/index.php?rest_route=\/wp\/v2\/posts\/208893\/revisions"}],"predecessor-version":[{"id":208894,"href":"https:\/\/www.prijedordanas.com\/index.php?rest_route=\/wp\/v2\/posts\/208893\/revisions\/208894"}],"wp:attachment":[{"href":"https:\/\/www.prijedordanas.com\/index.php?rest_route=%2Fwp%2Fv2%2Fmedia&parent=208893"}],"wp:term":[{"taxonomy":"category","embeddable":true,"href":"https:\/\/www.prijedordanas.com\/index.php?rest_route=%2Fwp%2Fv2%2Fcategories&post=208893"},{"taxonomy":"post_tag","embeddable":true,"href":"https:\/\/www.prijedordanas.com\/index.php?rest_route=%2Fwp%2Fv2%2Ftags&post=208893"}],"curies":[{"name":"wp","href":"https:\/\/api.w.org\/{rel}","templated":true}]}}