{"id":208753,"date":"2023-07-15T07:34:23","date_gmt":"2023-07-15T05:34:23","guid":{"rendered":"https:\/\/www.prijedordanas.com\/?p=208753"},"modified":"2023-07-15T07:34:23","modified_gmt":"2023-07-15T05:34:23","slug":"tuzbe-protiv-vlade-rs-zbog-rudnika-kod-prijedora-centar-za-zastitu-zivotne-sredine-ocekuje-od-suda-hitnu-reakciju","status":"publish","type":"post","link":"https:\/\/www.prijedordanas.com\/?p=208753","title":{"rendered":"Tu\u017ebe protiv Vlade RS zbog rudnika kod Prijedora: Centar za za\u0161titu \u017eivotne sredine o\u010dekuje od suda hitnu reakciju"},"content":{"rendered":"<p><a href=\"https:\/\/www.prijedordanas.com\/wp-content\/uploads\/2023\/06\/protesti-bistrica.jpg\"><img loading=\"lazy\" decoding=\"async\" src=\"https:\/\/www.prijedordanas.com\/wp-content\/uploads\/2023\/06\/protesti-bistrica-300x225.jpg\" alt=\"\" width=\"300\" height=\"225\" class=\"alignleft size-medium wp-image-207915\" srcset=\"https:\/\/www.prijedordanas.com\/wp-content\/uploads\/2023\/06\/protesti-bistrica-300x225.jpg 300w, https:\/\/www.prijedordanas.com\/wp-content\/uploads\/2023\/06\/protesti-bistrica-640x480.jpg 640w, https:\/\/www.prijedordanas.com\/wp-content\/uploads\/2023\/06\/protesti-bistrica.jpg 667w\" sizes=\"(max-width: 300px) 100vw, 300px\" \/><\/a>Centar za za\u0161titu \u017eivotne sredine saop\u0161tio je da su u petak Okru\u017enom sudu u Banjaluci podnesne dvije tu\u017ebe protiv odluka Vlade Republike Srpske kojima se odlu\u010duje o koncesijama na podru\u010dju Grada Prijedora.<\/p>\n<p>Tu\u017ebe su podnesene protiv Rje\u0161enja o izboru najpovoljnijeg ponu\u0111a\u010da i dodjeli koncesije za istra\u017eivanje uglja na lokalitetu \u201eBukova kosa\u201c i protiv Odluke o pokretanju postupka dodjele koncesije za eksploataciju uglja na lokalitetu \u201eBistrica\u201c kod Prijedora.<\/p>\n<p>\u2013 Tu\u017ebe su bazirane na skoro identi\u010dnim navodima, i to nepostojanja va\u017ee\u0107eg Dokumenta o politici dodjele koncesija u Republici Srpskoj, a koji je temeljan za legitimnu dodjelu koncesija i raspolaganja javnim dobrima, a koji usvaja Narodna skup\u0161tina Republike Srpske. Pored toga, razlog tu\u017ebe u vezi projekta na Bukovoj kosi jeste i postojanje sudskog postupka protiv ranije odluke Vlade u vezi istog projekta, a koji postupak jo\u0161 uvijek traje \u2013 saop\u0161teno je iz Centra za za\u0161titu \u017eivotne sredine.<\/p>\n<p>Ina\u010de, Dokument o politici zadnji put donesen je 2006. godine na period od tri godine i kao takav davno je prestao da va\u017ei, a novi nije donesen ni nakon 17 godina.<\/p>\n<p>\u2013 Stoga, Vlada Republike Srpske nije imala zakonsko upori\u0161te za dono\u0161enje spornih odluka, a koje je uprkos tome donijela sa ciljem dodjele koncesija na lokalitetima \u201cBukova kosa\u201d i \u201cBistrica\u201d. Zajedno sa mje\u0161tanima koji se protive kontroverznim projektima, ranije je odr\u017eana i konferencija za medije \u2013 podsje\u0107aju u Centru.<\/p>\n<p>Red\u017eib Skomorac, pravni savjetnik u Centru za \u017eivotnu sredinu, ka\u017ee da je u tu\u017ebama istaknut i poseban zahtjev za odlaganje izvr\u0161enja obje odluke Vlade, \u010dime bi se po sili zakona nalo\u017eilo suspendovanje daljih postupanja vlasti, a kojima bi se eventualno legalizovalo stanje na terenu, \u0161to je ozbiljan izvor pravne nesigurnosti. \u2013 Nadamo se uva\u017eavanju tog zahtjeva, jer bi odluka nadle\u017enog suda svakako bila cjelishodna i sa zaklju\u010dcima Skup\u0161tine grada Prijedora usvojenih na posebnoj sjednici, a kojim se primarno zahtjeva privremena obustava svih radnji koji se ti\u010du oba projekta \u2013 izjavio je Skomorac.<\/p>\n<p>Kako koncesije nisu bile predvi\u0111ene u Dokumentu o politici iz 2006. godine, niti u Prostornom planu Grada Prijedora 2008-2018, to je, kako se navodi u saop\u0161tenju, prakti\u010dki pokazatelj da se u zadnjih 15 godina koncesije neplanski i nelegitimno dodjeljuju investitorima, ne uzimaju\u0107i u obzir stavove mje\u0161tana koji \u017eive na tim prostorima<\/p>\n<p> Na ovaj na\u010din, stavljaju\u0107i li\u010dne interese pojedinaca ispred interesa lokalnih zajednica, vlasti prakti\u010dno samoinicijativne ponude privatnika stavljaju ispred legitimne koncesione politike koja bi eventualno bila od koristi za sve gra\u0111ane \u2013 poru\u010duju iz Centra.<\/p>\n<p>Ratko Pilipovi\u0107, pravnik u Centru za \u017eivotnu sredinu, podsje\u0107a da su obje odluke Vlade donesene po inicijativama investitora \u2018Drvo-export\u2019 d.o.o. iz Tesli\u0107a.<\/p>\n<p>\u2013 Rije\u010d je kompaniji koja je ve\u0107 kompromitovana usljed ranijeg poslovanja koje je trenutno predmet istra\u017enih organa. Usljed toga, mje\u0161tani pomenutih mjesnih zajednica su s pravom zabrinuti, me\u0111utim jo\u0161 uvijek o\u010dekuju adekvatno i hitnije postupanje nadle\u017enih organa i za\u0161titu svojih prava- izjavio je Pilipovi\u0107.<\/p>\n<p>O zahtjevu za odlaganje izvr\u0161enja osporenih odluka Vlade, sud bi trebao da odlu\u010di posebnim rje\u0161enjem u skra\u0107enom postupku, tj. prije dono\u0161enja kona\u010dnih presuda u ovim postupcima koji imaju potencijal da koncesionu politiku vlasti u RS vrati u zakonske okvire.<\/p>\n<p>Srpskainfo pisala je detaljno o pobuni mje\u0161tana Bistrice zbog namjere otvaranja rudnika lignita.<\/p>\n<p>Glas Srpske<\/p>\n","protected":false},"excerpt":{"rendered":"<p>Centar za za\u0161titu \u017eivotne sredine saop\u0161tio je da su u petak Okru\u017enom sudu u Banjaluci podnesne dvije tu\u017ebe protiv odluka Vlade Republike Srpske kojima se odlu\u010duje o koncesijama na podru\u010dju [&hellip;]<\/p>\n","protected":false},"author":1,"featured_media":0,"comment_status":"closed","ping_status":"open","sticky":false,"template":"","format":"standard","meta":{"_monsterinsights_skip_tracking":false,"_monsterinsights_sitenote_active":false,"_monsterinsights_sitenote_note":"","_monsterinsights_sitenote_category":0,"footnotes":""},"categories":[4],"tags":[],"yoast_head":"<!-- This site is optimized with the Yoast SEO plugin v21.6 - https:\/\/yoast.com\/wordpress\/plugins\/seo\/ -->\n<title>Tu\u017ebe protiv Vlade RS zbog rudnika kod Prijedora: Centar za za\u0161titu \u017eivotne sredine o\u010dekuje od suda hitnu reakciju - PrijedorDanas.com - Prijedorski gradski portal<\/title>\n<meta name=\"robots\" content=\"index, follow, max-snippet:-1, max-image-preview:large, max-video-preview:-1\" \/>\n<link rel=\"canonical\" href=\"https:\/\/www.prijedordanas.com\/?p=208753\" \/>\n<meta property=\"og:locale\" content=\"en_US\" \/>\n<meta property=\"og:type\" content=\"article\" \/>\n<meta property=\"og:title\" content=\"Tu\u017ebe protiv Vlade RS zbog rudnika kod Prijedora: Centar za za\u0161titu \u017eivotne sredine o\u010dekuje od suda hitnu reakciju - PrijedorDanas.com - Prijedorski gradski portal\" \/>\n<meta property=\"og:description\" content=\"Centar za za\u0161titu \u017eivotne sredine saop\u0161tio je da su u petak Okru\u017enom sudu u Banjaluci podnesne dvije tu\u017ebe protiv odluka Vlade Republike Srpske kojima se odlu\u010duje o koncesijama na podru\u010dju [&hellip;]\" \/>\n<meta property=\"og:url\" content=\"https:\/\/www.prijedordanas.com\/?p=208753\" \/>\n<meta property=\"og:site_name\" content=\"PrijedorDanas.com - Prijedorski gradski portal\" \/>\n<meta property=\"article:publisher\" content=\"https:\/\/www.facebook.com\/PrijedorDanasCom\/\" \/>\n<meta property=\"article:published_time\" content=\"2023-07-15T05:34:23+00:00\" \/>\n<meta property=\"og:image\" content=\"https:\/\/www.prijedordanas.com\/wp-content\/uploads\/2023\/06\/protesti-bistrica-300x225.jpg\" \/>\n<meta name=\"author\" content=\"admin\" \/>\n<meta name=\"twitter:card\" content=\"summary_large_image\" \/>\n<meta name=\"twitter:label1\" content=\"Written by\" \/>\n\t<meta name=\"twitter:data1\" content=\"admin\" \/>\n<script type=\"application\/ld+json\" class=\"yoast-schema-graph\">{\"@context\":\"https:\/\/schema.org\",\"@graph\":[{\"@type\":\"Article\",\"@id\":\"https:\/\/www.prijedordanas.com\/?p=208753#article\",\"isPartOf\":{\"@id\":\"https:\/\/www.prijedordanas.com\/?p=208753\"},\"author\":{\"name\":\"admin\",\"@id\":\"https:\/\/www.prijedordanas.com\/#\/schema\/person\/4e08ccf29b506ca916ff86d46bb700e6\"},\"headline\":\"Tu\u017ebe protiv Vlade RS zbog rudnika kod Prijedora: Centar za za\u0161titu \u017eivotne sredine o\u010dekuje od suda hitnu reakciju\",\"datePublished\":\"2023-07-15T05:34:23+00:00\",\"dateModified\":\"2023-07-15T05:34:23+00:00\",\"mainEntityOfPage\":{\"@id\":\"https:\/\/www.prijedordanas.com\/?p=208753\"},\"wordCount\":593,\"publisher\":{\"@id\":\"https:\/\/www.prijedordanas.com\/#organization\"},\"articleSection\":[\"Dru\u0161tvo\"],\"inLanguage\":\"en-US\"},{\"@type\":\"WebPage\",\"@id\":\"https:\/\/www.prijedordanas.com\/?p=208753\",\"url\":\"https:\/\/www.prijedordanas.com\/?p=208753\",\"name\":\"Tu\u017ebe protiv Vlade RS zbog rudnika kod Prijedora: Centar za za\u0161titu \u017eivotne sredine o\u010dekuje od suda hitnu reakciju - PrijedorDanas.com - Prijedorski gradski portal\",\"isPartOf\":{\"@id\":\"https:\/\/www.prijedordanas.com\/#website\"},\"datePublished\":\"2023-07-15T05:34:23+00:00\",\"dateModified\":\"2023-07-15T05:34:23+00:00\",\"breadcrumb\":{\"@id\":\"https:\/\/www.prijedordanas.com\/?p=208753#breadcrumb\"},\"inLanguage\":\"en-US\",\"potentialAction\":[{\"@type\":\"ReadAction\",\"target\":[\"https:\/\/www.prijedordanas.com\/?p=208753\"]}]},{\"@type\":\"BreadcrumbList\",\"@id\":\"https:\/\/www.prijedordanas.com\/?p=208753#breadcrumb\",\"itemListElement\":[{\"@type\":\"ListItem\",\"position\":1,\"name\":\"Home\",\"item\":\"https:\/\/www.prijedordanas.com\/\"},{\"@type\":\"ListItem\",\"position\":2,\"name\":\"Tu\u017ebe protiv Vlade RS zbog rudnika kod Prijedora: Centar za za\u0161titu \u017eivotne sredine o\u010dekuje od suda hitnu reakciju\"}]},{\"@type\":\"WebSite\",\"@id\":\"https:\/\/www.prijedordanas.com\/#website\",\"url\":\"https:\/\/www.prijedordanas.com\/\",\"name\":\"PrijedorDanas.com - Prijedorski gradski portal\",\"description\":\"Portal o doga\u0111anjima u gradu Prijedoru\",\"publisher\":{\"@id\":\"https:\/\/www.prijedordanas.com\/#organization\"},\"potentialAction\":[{\"@type\":\"SearchAction\",\"target\":{\"@type\":\"EntryPoint\",\"urlTemplate\":\"https:\/\/www.prijedordanas.com\/?s={search_term_string}\"},\"query-input\":\"required name=search_term_string\"}],\"inLanguage\":\"en-US\"},{\"@type\":\"Organization\",\"@id\":\"https:\/\/www.prijedordanas.com\/#organization\",\"name\":\"PrijedorDanas.com\",\"url\":\"https:\/\/www.prijedordanas.com\/\",\"logo\":{\"@type\":\"ImageObject\",\"inLanguage\":\"en-US\",\"@id\":\"https:\/\/www.prijedordanas.com\/#\/schema\/logo\/image\/\",\"url\":\"http:\/\/www.prijedordanas.com\/wp-content\/uploads\/2021\/12\/logopng.png\",\"contentUrl\":\"http:\/\/www.prijedordanas.com\/wp-content\/uploads\/2021\/12\/logopng.png\",\"width\":1019,\"height\":776,\"caption\":\"PrijedorDanas.com\"},\"image\":{\"@id\":\"https:\/\/www.prijedordanas.com\/#\/schema\/logo\/image\/\"},\"sameAs\":[\"https:\/\/www.facebook.com\/PrijedorDanasCom\/\"]},{\"@type\":\"Person\",\"@id\":\"https:\/\/www.prijedordanas.com\/#\/schema\/person\/4e08ccf29b506ca916ff86d46bb700e6\",\"name\":\"admin\",\"image\":{\"@type\":\"ImageObject\",\"inLanguage\":\"en-US\",\"@id\":\"https:\/\/www.prijedordanas.com\/#\/schema\/person\/image\/\",\"url\":\"https:\/\/secure.gravatar.com\/avatar\/1d3fc949d550f0b53a5f0d51e06dfd79?s=96&d=mm&r=g\",\"contentUrl\":\"https:\/\/secure.gravatar.com\/avatar\/1d3fc949d550f0b53a5f0d51e06dfd79?s=96&d=mm&r=g\",\"caption\":\"admin\"},\"url\":\"https:\/\/www.prijedordanas.com\/?author=1\"}]}<\/script>\n<!-- \/ Yoast SEO plugin. -->","yoast_head_json":{"title":"Tu\u017ebe protiv Vlade RS zbog rudnika kod Prijedora: Centar za za\u0161titu \u017eivotne sredine o\u010dekuje od suda hitnu reakciju - PrijedorDanas.com - Prijedorski gradski portal","robots":{"index":"index","follow":"follow","max-snippet":"max-snippet:-1","max-image-preview":"max-image-preview:large","max-video-preview":"max-video-preview:-1"},"canonical":"https:\/\/www.prijedordanas.com\/?p=208753","og_locale":"en_US","og_type":"article","og_title":"Tu\u017ebe protiv Vlade RS zbog rudnika kod Prijedora: Centar za za\u0161titu \u017eivotne sredine o\u010dekuje od suda hitnu reakciju - PrijedorDanas.com - Prijedorski gradski portal","og_description":"Centar za za\u0161titu \u017eivotne sredine saop\u0161tio je da su u petak Okru\u017enom sudu u Banjaluci podnesne dvije tu\u017ebe protiv odluka Vlade Republike Srpske kojima se odlu\u010duje o koncesijama na podru\u010dju [&hellip;]","og_url":"https:\/\/www.prijedordanas.com\/?p=208753","og_site_name":"PrijedorDanas.com - Prijedorski gradski portal","article_publisher":"https:\/\/www.facebook.com\/PrijedorDanasCom\/","article_published_time":"2023-07-15T05:34:23+00:00","og_image":[{"url":"https:\/\/www.prijedordanas.com\/wp-content\/uploads\/2023\/06\/protesti-bistrica-300x225.jpg"}],"author":"admin","twitter_card":"summary_large_image","twitter_misc":{"Written by":"admin"},"schema":{"@context":"https:\/\/schema.org","@graph":[{"@type":"Article","@id":"https:\/\/www.prijedordanas.com\/?p=208753#article","isPartOf":{"@id":"https:\/\/www.prijedordanas.com\/?p=208753"},"author":{"name":"admin","@id":"https:\/\/www.prijedordanas.com\/#\/schema\/person\/4e08ccf29b506ca916ff86d46bb700e6"},"headline":"Tu\u017ebe protiv Vlade RS zbog rudnika kod Prijedora: Centar za za\u0161titu \u017eivotne sredine o\u010dekuje od suda hitnu reakciju","datePublished":"2023-07-15T05:34:23+00:00","dateModified":"2023-07-15T05:34:23+00:00","mainEntityOfPage":{"@id":"https:\/\/www.prijedordanas.com\/?p=208753"},"wordCount":593,"publisher":{"@id":"https:\/\/www.prijedordanas.com\/#organization"},"articleSection":["Dru\u0161tvo"],"inLanguage":"en-US"},{"@type":"WebPage","@id":"https:\/\/www.prijedordanas.com\/?p=208753","url":"https:\/\/www.prijedordanas.com\/?p=208753","name":"Tu\u017ebe protiv Vlade RS zbog rudnika kod Prijedora: Centar za za\u0161titu \u017eivotne sredine o\u010dekuje od suda hitnu reakciju - PrijedorDanas.com - Prijedorski gradski portal","isPartOf":{"@id":"https:\/\/www.prijedordanas.com\/#website"},"datePublished":"2023-07-15T05:34:23+00:00","dateModified":"2023-07-15T05:34:23+00:00","breadcrumb":{"@id":"https:\/\/www.prijedordanas.com\/?p=208753#breadcrumb"},"inLanguage":"en-US","potentialAction":[{"@type":"ReadAction","target":["https:\/\/www.prijedordanas.com\/?p=208753"]}]},{"@type":"BreadcrumbList","@id":"https:\/\/www.prijedordanas.com\/?p=208753#breadcrumb","itemListElement":[{"@type":"ListItem","position":1,"name":"Home","item":"https:\/\/www.prijedordanas.com\/"},{"@type":"ListItem","position":2,"name":"Tu\u017ebe protiv Vlade RS zbog rudnika kod Prijedora: Centar za za\u0161titu \u017eivotne sredine o\u010dekuje od suda hitnu reakciju"}]},{"@type":"WebSite","@id":"https:\/\/www.prijedordanas.com\/#website","url":"https:\/\/www.prijedordanas.com\/","name":"PrijedorDanas.com - Prijedorski gradski portal","description":"Portal o doga\u0111anjima u gradu Prijedoru","publisher":{"@id":"https:\/\/www.prijedordanas.com\/#organization"},"potentialAction":[{"@type":"SearchAction","target":{"@type":"EntryPoint","urlTemplate":"https:\/\/www.prijedordanas.com\/?s={search_term_string}"},"query-input":"required name=search_term_string"}],"inLanguage":"en-US"},{"@type":"Organization","@id":"https:\/\/www.prijedordanas.com\/#organization","name":"PrijedorDanas.com","url":"https:\/\/www.prijedordanas.com\/","logo":{"@type":"ImageObject","inLanguage":"en-US","@id":"https:\/\/www.prijedordanas.com\/#\/schema\/logo\/image\/","url":"http:\/\/www.prijedordanas.com\/wp-content\/uploads\/2021\/12\/logopng.png","contentUrl":"http:\/\/www.prijedordanas.com\/wp-content\/uploads\/2021\/12\/logopng.png","width":1019,"height":776,"caption":"PrijedorDanas.com"},"image":{"@id":"https:\/\/www.prijedordanas.com\/#\/schema\/logo\/image\/"},"sameAs":["https:\/\/www.facebook.com\/PrijedorDanasCom\/"]},{"@type":"Person","@id":"https:\/\/www.prijedordanas.com\/#\/schema\/person\/4e08ccf29b506ca916ff86d46bb700e6","name":"admin","image":{"@type":"ImageObject","inLanguage":"en-US","@id":"https:\/\/www.prijedordanas.com\/#\/schema\/person\/image\/","url":"https:\/\/secure.gravatar.com\/avatar\/1d3fc949d550f0b53a5f0d51e06dfd79?s=96&d=mm&r=g","contentUrl":"https:\/\/secure.gravatar.com\/avatar\/1d3fc949d550f0b53a5f0d51e06dfd79?s=96&d=mm&r=g","caption":"admin"},"url":"https:\/\/www.prijedordanas.com\/?author=1"}]}},"_links":{"self":[{"href":"https:\/\/www.prijedordanas.com\/index.php?rest_route=\/wp\/v2\/posts\/208753"}],"collection":[{"href":"https:\/\/www.prijedordanas.com\/index.php?rest_route=\/wp\/v2\/posts"}],"about":[{"href":"https:\/\/www.prijedordanas.com\/index.php?rest_route=\/wp\/v2\/types\/post"}],"author":[{"embeddable":true,"href":"https:\/\/www.prijedordanas.com\/index.php?rest_route=\/wp\/v2\/users\/1"}],"replies":[{"embeddable":true,"href":"https:\/\/www.prijedordanas.com\/index.php?rest_route=%2Fwp%2Fv2%2Fcomments&post=208753"}],"version-history":[{"count":1,"href":"https:\/\/www.prijedordanas.com\/index.php?rest_route=\/wp\/v2\/posts\/208753\/revisions"}],"predecessor-version":[{"id":208754,"href":"https:\/\/www.prijedordanas.com\/index.php?rest_route=\/wp\/v2\/posts\/208753\/revisions\/208754"}],"wp:attachment":[{"href":"https:\/\/www.prijedordanas.com\/index.php?rest_route=%2Fwp%2Fv2%2Fmedia&parent=208753"}],"wp:term":[{"taxonomy":"category","embeddable":true,"href":"https:\/\/www.prijedordanas.com\/index.php?rest_route=%2Fwp%2Fv2%2Fcategories&post=208753"},{"taxonomy":"post_tag","embeddable":true,"href":"https:\/\/www.prijedordanas.com\/index.php?rest_route=%2Fwp%2Fv2%2Ftags&post=208753"}],"curies":[{"name":"wp","href":"https:\/\/api.w.org\/{rel}","templated":true}]}}