{"id":208585,"date":"2023-07-12T15:25:43","date_gmt":"2023-07-12T13:25:43","guid":{"rendered":"https:\/\/www.prijedordanas.com\/?p=208585"},"modified":"2023-07-12T15:25:43","modified_gmt":"2023-07-12T13:25:43","slug":"rudar-prijedor-na-pripremama-na-zlatiboru","status":"publish","type":"post","link":"https:\/\/www.prijedordanas.com\/?p=208585","title":{"rendered":"Rudar-Prijedor na pripremama na Zlatiboru"},"content":{"rendered":"<p><a href=\"https:\/\/www.prijedordanas.com\/wp-content\/uploads\/2023\/07\/rudar-prijedor-pripreme-zlatibor.jpg\"><img loading=\"lazy\" decoding=\"async\" src=\"https:\/\/www.prijedordanas.com\/wp-content\/uploads\/2023\/07\/rudar-prijedor-pripreme-zlatibor-300x225.jpg\" alt=\"\" width=\"300\" height=\"225\" class=\"alignleft size-medium wp-image-208580\" srcset=\"https:\/\/www.prijedordanas.com\/wp-content\/uploads\/2023\/07\/rudar-prijedor-pripreme-zlatibor-300x225.jpg 300w, https:\/\/www.prijedordanas.com\/wp-content\/uploads\/2023\/07\/rudar-prijedor-pripreme-zlatibor-640x480.jpg 640w, https:\/\/www.prijedordanas.com\/wp-content\/uploads\/2023\/07\/rudar-prijedor-pripreme-zlatibor.jpg 667w\" sizes=\"(max-width: 300px) 100vw, 300px\" \/><\/a>Rudar-Prijedor nalaze se na pripremama na Zlatiboru.<\/p>\n<p>Oni \u0107e na ovoj planini boraviti od 10. do 22. jula gdje \u0107e tokom 12 dana brusiti formu za izazove koji ih cekaju u Prvoj ligi Republike Srpske.<\/p>\n<p>Bojan Krulj, sa svojim stru\u010dnim \u0161tabom, odlu\u010dio je da na pripreme povede 24 igra\u010da i to:<br \/>\nGolmani &#8211; Kristijan Sekuli\u0107, Aleksa Trnini\u0107 i Sinan \u0106ehi\u0107;<br \/>\nIgra\u010di &#8211; Nemanja Pekija, Aleksandar Ignjatovi\u0107, Nemanja Rakovi\u0107, Franklin Ogboke, Veljko Rau\u0161, Nemanja Mari\u0107, Mile Kova\u010devi\u0107, Aleksandar Milakovi\u0107, Mujo Smaji\u0107, Milorad Bilbija, D\u017eozep Amoa, Edin Kesi\u0107, Aleksandar Demonji\u0107, Aleksandar Petrovi\u0107, Branko Rosi\u0107, Davor Peri\u0107, \u017doel Paulo da Silva, Vuka\u0161in Dani\u010di\u0107, Marko \u0160ebez, Nikola Komazec i Dragan \u017divanovi\u0107. <\/p>\n<p>Ekipi \u0107e se jo\u0161 priklju\u010diti Amoah i Ogboke, dok \u0107e se Petrovi\u0107 Aleksandar sti\u0107i naknadno.<\/p>\n<p>Na Zlatiboru \u0107e Rudar-Prijedor odigrati pet izuzetno jakih utakmica:<br \/>\n12. jul &#8211; FK IN\u0110IJA &#8211; Prva liga Srbije<br \/>\n14. jul &#8211; FK \u017dELEZNI\u010cAR (PAN\u010cEVO) &#8211; Super liga Srbije<br \/>\n17. jul &#8211; OFK BEOGRAD &#8211; Prva liga Srbije<br \/>\n19. jul &#8211; FK METALAC (GORNJI MILANOVAC) &#8211; Prva liga Srbije<br \/>\n12. jul &#8211; FC HATTA (UJEDINJENI ARAPSKI EMIRATI) &#8211; UAE League<\/p>\n<p>Rudar-Prijedor<\/p>\n","protected":false},"excerpt":{"rendered":"<p>Rudar-Prijedor nalaze se na pripremama na Zlatiboru. Oni \u0107e na ovoj planini boraviti od 10. do 22. jula gdje \u0107e tokom 12 dana brusiti formu za izazove koji ih cekaju [&hellip;]<\/p>\n","protected":false},"author":1,"featured_media":0,"comment_status":"closed","ping_status":"open","sticky":false,"template":"","format":"standard","meta":{"_monsterinsights_skip_tracking":false,"_monsterinsights_sitenote_active":false,"_monsterinsights_sitenote_note":"","_monsterinsights_sitenote_category":0,"footnotes":""},"categories":[7],"tags":[],"yoast_head":"<!-- This site is optimized with the Yoast SEO plugin v21.6 - https:\/\/yoast.com\/wordpress\/plugins\/seo\/ -->\n<title>Rudar-Prijedor na pripremama na Zlatiboru - PrijedorDanas.com - Prijedorski gradski portal<\/title>\n<meta name=\"robots\" content=\"index, follow, max-snippet:-1, max-image-preview:large, max-video-preview:-1\" \/>\n<link rel=\"canonical\" href=\"https:\/\/www.prijedordanas.com\/?p=208585\" \/>\n<meta property=\"og:locale\" content=\"en_US\" \/>\n<meta property=\"og:type\" content=\"article\" \/>\n<meta property=\"og:title\" content=\"Rudar-Prijedor na pripremama na Zlatiboru - PrijedorDanas.com - Prijedorski gradski portal\" \/>\n<meta property=\"og:description\" content=\"Rudar-Prijedor nalaze se na pripremama na Zlatiboru. Oni \u0107e na ovoj planini boraviti od 10. do 22. jula gdje \u0107e tokom 12 dana brusiti formu za izazove koji ih cekaju [&hellip;]\" \/>\n<meta property=\"og:url\" content=\"https:\/\/www.prijedordanas.com\/?p=208585\" \/>\n<meta property=\"og:site_name\" content=\"PrijedorDanas.com - Prijedorski gradski portal\" \/>\n<meta property=\"article:publisher\" content=\"https:\/\/www.facebook.com\/PrijedorDanasCom\/\" \/>\n<meta property=\"article:published_time\" content=\"2023-07-12T13:25:43+00:00\" \/>\n<meta property=\"og:image\" content=\"https:\/\/www.prijedordanas.com\/wp-content\/uploads\/2023\/07\/rudar-prijedor-pripreme-zlatibor-300x225.jpg\" \/>\n<meta name=\"author\" content=\"admin\" \/>\n<meta name=\"twitter:card\" content=\"summary_large_image\" \/>\n<meta name=\"twitter:label1\" content=\"Written by\" \/>\n\t<meta name=\"twitter:data1\" content=\"admin\" \/>\n<script type=\"application\/ld+json\" class=\"yoast-schema-graph\">{\"@context\":\"https:\/\/schema.org\",\"@graph\":[{\"@type\":\"Article\",\"@id\":\"https:\/\/www.prijedordanas.com\/?p=208585#article\",\"isPartOf\":{\"@id\":\"https:\/\/www.prijedordanas.com\/?p=208585\"},\"author\":{\"name\":\"admin\",\"@id\":\"https:\/\/www.prijedordanas.com\/#\/schema\/person\/4e08ccf29b506ca916ff86d46bb700e6\"},\"headline\":\"Rudar-Prijedor na pripremama na Zlatiboru\",\"datePublished\":\"2023-07-12T13:25:43+00:00\",\"dateModified\":\"2023-07-12T13:25:43+00:00\",\"mainEntityOfPage\":{\"@id\":\"https:\/\/www.prijedordanas.com\/?p=208585\"},\"wordCount\":191,\"publisher\":{\"@id\":\"https:\/\/www.prijedordanas.com\/#organization\"},\"articleSection\":[\"Sport\"],\"inLanguage\":\"en-US\"},{\"@type\":\"WebPage\",\"@id\":\"https:\/\/www.prijedordanas.com\/?p=208585\",\"url\":\"https:\/\/www.prijedordanas.com\/?p=208585\",\"name\":\"Rudar-Prijedor na pripremama na Zlatiboru - PrijedorDanas.com - Prijedorski gradski portal\",\"isPartOf\":{\"@id\":\"https:\/\/www.prijedordanas.com\/#website\"},\"datePublished\":\"2023-07-12T13:25:43+00:00\",\"dateModified\":\"2023-07-12T13:25:43+00:00\",\"breadcrumb\":{\"@id\":\"https:\/\/www.prijedordanas.com\/?p=208585#breadcrumb\"},\"inLanguage\":\"en-US\",\"potentialAction\":[{\"@type\":\"ReadAction\",\"target\":[\"https:\/\/www.prijedordanas.com\/?p=208585\"]}]},{\"@type\":\"BreadcrumbList\",\"@id\":\"https:\/\/www.prijedordanas.com\/?p=208585#breadcrumb\",\"itemListElement\":[{\"@type\":\"ListItem\",\"position\":1,\"name\":\"Home\",\"item\":\"https:\/\/www.prijedordanas.com\/\"},{\"@type\":\"ListItem\",\"position\":2,\"name\":\"Rudar-Prijedor na pripremama na Zlatiboru\"}]},{\"@type\":\"WebSite\",\"@id\":\"https:\/\/www.prijedordanas.com\/#website\",\"url\":\"https:\/\/www.prijedordanas.com\/\",\"name\":\"PrijedorDanas.com - Prijedorski gradski portal\",\"description\":\"Portal o doga\u0111anjima u gradu Prijedoru\",\"publisher\":{\"@id\":\"https:\/\/www.prijedordanas.com\/#organization\"},\"potentialAction\":[{\"@type\":\"SearchAction\",\"target\":{\"@type\":\"EntryPoint\",\"urlTemplate\":\"https:\/\/www.prijedordanas.com\/?s={search_term_string}\"},\"query-input\":\"required name=search_term_string\"}],\"inLanguage\":\"en-US\"},{\"@type\":\"Organization\",\"@id\":\"https:\/\/www.prijedordanas.com\/#organization\",\"name\":\"PrijedorDanas.com\",\"url\":\"https:\/\/www.prijedordanas.com\/\",\"logo\":{\"@type\":\"ImageObject\",\"inLanguage\":\"en-US\",\"@id\":\"https:\/\/www.prijedordanas.com\/#\/schema\/logo\/image\/\",\"url\":\"http:\/\/www.prijedordanas.com\/wp-content\/uploads\/2021\/12\/logopng.png\",\"contentUrl\":\"http:\/\/www.prijedordanas.com\/wp-content\/uploads\/2021\/12\/logopng.png\",\"width\":1019,\"height\":776,\"caption\":\"PrijedorDanas.com\"},\"image\":{\"@id\":\"https:\/\/www.prijedordanas.com\/#\/schema\/logo\/image\/\"},\"sameAs\":[\"https:\/\/www.facebook.com\/PrijedorDanasCom\/\"]},{\"@type\":\"Person\",\"@id\":\"https:\/\/www.prijedordanas.com\/#\/schema\/person\/4e08ccf29b506ca916ff86d46bb700e6\",\"name\":\"admin\",\"image\":{\"@type\":\"ImageObject\",\"inLanguage\":\"en-US\",\"@id\":\"https:\/\/www.prijedordanas.com\/#\/schema\/person\/image\/\",\"url\":\"https:\/\/secure.gravatar.com\/avatar\/1d3fc949d550f0b53a5f0d51e06dfd79?s=96&d=mm&r=g\",\"contentUrl\":\"https:\/\/secure.gravatar.com\/avatar\/1d3fc949d550f0b53a5f0d51e06dfd79?s=96&d=mm&r=g\",\"caption\":\"admin\"},\"url\":\"https:\/\/www.prijedordanas.com\/?author=1\"}]}<\/script>\n<!-- \/ Yoast SEO plugin. -->","yoast_head_json":{"title":"Rudar-Prijedor na pripremama na Zlatiboru - PrijedorDanas.com - Prijedorski gradski portal","robots":{"index":"index","follow":"follow","max-snippet":"max-snippet:-1","max-image-preview":"max-image-preview:large","max-video-preview":"max-video-preview:-1"},"canonical":"https:\/\/www.prijedordanas.com\/?p=208585","og_locale":"en_US","og_type":"article","og_title":"Rudar-Prijedor na pripremama na Zlatiboru - PrijedorDanas.com - Prijedorski gradski portal","og_description":"Rudar-Prijedor nalaze se na pripremama na Zlatiboru. Oni \u0107e na ovoj planini boraviti od 10. do 22. jula gdje \u0107e tokom 12 dana brusiti formu za izazove koji ih cekaju [&hellip;]","og_url":"https:\/\/www.prijedordanas.com\/?p=208585","og_site_name":"PrijedorDanas.com - Prijedorski gradski portal","article_publisher":"https:\/\/www.facebook.com\/PrijedorDanasCom\/","article_published_time":"2023-07-12T13:25:43+00:00","og_image":[{"url":"https:\/\/www.prijedordanas.com\/wp-content\/uploads\/2023\/07\/rudar-prijedor-pripreme-zlatibor-300x225.jpg"}],"author":"admin","twitter_card":"summary_large_image","twitter_misc":{"Written by":"admin"},"schema":{"@context":"https:\/\/schema.org","@graph":[{"@type":"Article","@id":"https:\/\/www.prijedordanas.com\/?p=208585#article","isPartOf":{"@id":"https:\/\/www.prijedordanas.com\/?p=208585"},"author":{"name":"admin","@id":"https:\/\/www.prijedordanas.com\/#\/schema\/person\/4e08ccf29b506ca916ff86d46bb700e6"},"headline":"Rudar-Prijedor na pripremama na Zlatiboru","datePublished":"2023-07-12T13:25:43+00:00","dateModified":"2023-07-12T13:25:43+00:00","mainEntityOfPage":{"@id":"https:\/\/www.prijedordanas.com\/?p=208585"},"wordCount":191,"publisher":{"@id":"https:\/\/www.prijedordanas.com\/#organization"},"articleSection":["Sport"],"inLanguage":"en-US"},{"@type":"WebPage","@id":"https:\/\/www.prijedordanas.com\/?p=208585","url":"https:\/\/www.prijedordanas.com\/?p=208585","name":"Rudar-Prijedor na pripremama na Zlatiboru - PrijedorDanas.com - Prijedorski gradski portal","isPartOf":{"@id":"https:\/\/www.prijedordanas.com\/#website"},"datePublished":"2023-07-12T13:25:43+00:00","dateModified":"2023-07-12T13:25:43+00:00","breadcrumb":{"@id":"https:\/\/www.prijedordanas.com\/?p=208585#breadcrumb"},"inLanguage":"en-US","potentialAction":[{"@type":"ReadAction","target":["https:\/\/www.prijedordanas.com\/?p=208585"]}]},{"@type":"BreadcrumbList","@id":"https:\/\/www.prijedordanas.com\/?p=208585#breadcrumb","itemListElement":[{"@type":"ListItem","position":1,"name":"Home","item":"https:\/\/www.prijedordanas.com\/"},{"@type":"ListItem","position":2,"name":"Rudar-Prijedor na pripremama na Zlatiboru"}]},{"@type":"WebSite","@id":"https:\/\/www.prijedordanas.com\/#website","url":"https:\/\/www.prijedordanas.com\/","name":"PrijedorDanas.com - Prijedorski gradski portal","description":"Portal o doga\u0111anjima u gradu Prijedoru","publisher":{"@id":"https:\/\/www.prijedordanas.com\/#organization"},"potentialAction":[{"@type":"SearchAction","target":{"@type":"EntryPoint","urlTemplate":"https:\/\/www.prijedordanas.com\/?s={search_term_string}"},"query-input":"required name=search_term_string"}],"inLanguage":"en-US"},{"@type":"Organization","@id":"https:\/\/www.prijedordanas.com\/#organization","name":"PrijedorDanas.com","url":"https:\/\/www.prijedordanas.com\/","logo":{"@type":"ImageObject","inLanguage":"en-US","@id":"https:\/\/www.prijedordanas.com\/#\/schema\/logo\/image\/","url":"http:\/\/www.prijedordanas.com\/wp-content\/uploads\/2021\/12\/logopng.png","contentUrl":"http:\/\/www.prijedordanas.com\/wp-content\/uploads\/2021\/12\/logopng.png","width":1019,"height":776,"caption":"PrijedorDanas.com"},"image":{"@id":"https:\/\/www.prijedordanas.com\/#\/schema\/logo\/image\/"},"sameAs":["https:\/\/www.facebook.com\/PrijedorDanasCom\/"]},{"@type":"Person","@id":"https:\/\/www.prijedordanas.com\/#\/schema\/person\/4e08ccf29b506ca916ff86d46bb700e6","name":"admin","image":{"@type":"ImageObject","inLanguage":"en-US","@id":"https:\/\/www.prijedordanas.com\/#\/schema\/person\/image\/","url":"https:\/\/secure.gravatar.com\/avatar\/1d3fc949d550f0b53a5f0d51e06dfd79?s=96&d=mm&r=g","contentUrl":"https:\/\/secure.gravatar.com\/avatar\/1d3fc949d550f0b53a5f0d51e06dfd79?s=96&d=mm&r=g","caption":"admin"},"url":"https:\/\/www.prijedordanas.com\/?author=1"}]}},"_links":{"self":[{"href":"https:\/\/www.prijedordanas.com\/index.php?rest_route=\/wp\/v2\/posts\/208585"}],"collection":[{"href":"https:\/\/www.prijedordanas.com\/index.php?rest_route=\/wp\/v2\/posts"}],"about":[{"href":"https:\/\/www.prijedordanas.com\/index.php?rest_route=\/wp\/v2\/types\/post"}],"author":[{"embeddable":true,"href":"https:\/\/www.prijedordanas.com\/index.php?rest_route=\/wp\/v2\/users\/1"}],"replies":[{"embeddable":true,"href":"https:\/\/www.prijedordanas.com\/index.php?rest_route=%2Fwp%2Fv2%2Fcomments&post=208585"}],"version-history":[{"count":1,"href":"https:\/\/www.prijedordanas.com\/index.php?rest_route=\/wp\/v2\/posts\/208585\/revisions"}],"predecessor-version":[{"id":208588,"href":"https:\/\/www.prijedordanas.com\/index.php?rest_route=\/wp\/v2\/posts\/208585\/revisions\/208588"}],"wp:attachment":[{"href":"https:\/\/www.prijedordanas.com\/index.php?rest_route=%2Fwp%2Fv2%2Fmedia&parent=208585"}],"wp:term":[{"taxonomy":"category","embeddable":true,"href":"https:\/\/www.prijedordanas.com\/index.php?rest_route=%2Fwp%2Fv2%2Fcategories&post=208585"},{"taxonomy":"post_tag","embeddable":true,"href":"https:\/\/www.prijedordanas.com\/index.php?rest_route=%2Fwp%2Fv2%2Ftags&post=208585"}],"curies":[{"name":"wp","href":"https:\/\/api.w.org\/{rel}","templated":true}]}}