{"id":208573,"date":"2023-07-12T15:23:47","date_gmt":"2023-07-12T13:23:47","guid":{"rendered":"https:\/\/www.prijedordanas.com\/?p=208573"},"modified":"2023-07-12T15:23:47","modified_gmt":"2023-07-12T13:23:47","slug":"dom-zdravlja-prijedor-pocelo-renoviranje-fizijatrije-do-kraja-godine-niz-investicija","status":"publish","type":"post","link":"https:\/\/www.prijedordanas.com\/?p=208573","title":{"rendered":"Dom zdravlja Prijedor: Po\u010delo renoviranje fizijatrije, do kraja godine niz investicija"},"content":{"rendered":"<p><a href=\"https:\/\/www.prijedordanas.com\/wp-content\/uploads\/2023\/07\/dom-zdravlja-pd-juni2023.jpg\"><img loading=\"lazy\" decoding=\"async\" class=\"alignleft size-medium wp-image-208582\" src=\"https:\/\/www.prijedordanas.com\/wp-content\/uploads\/2023\/07\/dom-zdravlja-pd-juni2023-300x225.jpg\" alt=\"\" width=\"300\" height=\"225\" srcset=\"https:\/\/www.prijedordanas.com\/wp-content\/uploads\/2023\/07\/dom-zdravlja-pd-juni2023-300x225.jpg 300w, https:\/\/www.prijedordanas.com\/wp-content\/uploads\/2023\/07\/dom-zdravlja-pd-juni2023-640x480.jpg 640w, https:\/\/www.prijedordanas.com\/wp-content\/uploads\/2023\/07\/dom-zdravlja-pd-juni2023.jpg 667w\" sizes=\"(max-width: 300px) 100vw, 300px\" \/><\/a>Dom zdravlja Prijedor zapo\u010deo je renoviranje prostorija fizijatrije, a u planu su investicije u slu\u017ebama stomatologije, pedijatrije, hitne pomo\u0107i i ambulante u LJubiji, izjavio je direktor ustanove Milo\u0161 Marjanovi\u0107.<\/p>\n<p>On je naveo da se sve investicije rade vlastitim resursima i da \u0107e se raditi postepeno na na\u010din da ne ugro\u017eavaju proces rada.<\/p>\n<p>&#8220;Na fizijatriji radimo prostoriju po prostoriju, da posao ne trpi, i ve\u0107ina radova \u0107e biti zavr\u0161ena do kraja godine&#8221;, rekao je Marjanovi\u0107 danas Srni.<\/p>\n<p>On je najavio da \u0107e, nakon \u0161to Zavod za stomatologiju Republike Srpske zavr\u0161i ure\u0111enje prostora u zgradi na Urijama, gdje se uskoro otvara oralna hirurgija, i Dom zdravlja krenuti parcijalno renovirati svoje prostorije u toj zgradi \u2013 pojedine dijelove stomatologije i ambulantu porodi\u010dne medicine.<\/p>\n<p><a href=\"https:\/\/www.prijedordanas.com\/wp-content\/uploads\/2023\/07\/milos-marjanovic-dom-zdravlja-prijedor-3.jpg\"><img loading=\"lazy\" decoding=\"async\" src=\"https:\/\/www.prijedordanas.com\/wp-content\/uploads\/2023\/07\/milos-marjanovic-dom-zdravlja-prijedor-3-300x225.jpg\" alt=\"\" width=\"300\" height=\"225\" class=\"alignleft size-medium wp-image-208583\" srcset=\"https:\/\/www.prijedordanas.com\/wp-content\/uploads\/2023\/07\/milos-marjanovic-dom-zdravlja-prijedor-3-300x225.jpg 300w, https:\/\/www.prijedordanas.com\/wp-content\/uploads\/2023\/07\/milos-marjanovic-dom-zdravlja-prijedor-3-640x480.jpg 640w, https:\/\/www.prijedordanas.com\/wp-content\/uploads\/2023\/07\/milos-marjanovic-dom-zdravlja-prijedor-3.jpg 666w\" sizes=\"(max-width: 300px) 100vw, 300px\" \/><\/a>&#8220;Ove sedmice sti\u017ee novi, digitalni ortopan, \u010dime pove\u0107avamo obim usluga, komercijalnih. To je investicija od oko 80.000 KM, realizovana vlastitim sredstvima i pacijente \u0107emo obavijestiti od kada \u0107e je mo\u0107i koristiti&#8221;, dodao je Marjanovi\u0107.<\/p>\n<p>Prema njegovim rije\u010dima, za septembar je planiran po\u010detak djelimi\u010dnog renoviranja ambulante u LJubiji, dok se za obnovu pedijatrije \u010deka odgovor Ministarstva zdravlja i socijalne za\u0161tite Republike Srpske kojem je ovaj projekat kandidovan u saradnji s nevladinim sektorom.<\/p>\n<p>&#8220;Uve\u0161\u0107emo dodatne usluge koje mo\u017eemo mi u svom kapacitetu pru\u017eiti, a koje \u0107e biti komercijalnog karaktera, i to u laboratoriji, na fizijatriji i na stomatologiji. U planu su poseban brzi ulaz za hitnu pomo\u0107, kao i odvojen ulaz za pedijatriju&#8221;, istakao je Marjanovi\u0107.<\/p>\n<p>On je zamolio pacijente za razumijevanje tokom godi\u0161njih odmora, navode\u0107i da su uska grla Orlova\u010da i Kozarac.<\/p>\n<p>&#8220;Izvinjavam se i mje\u0161tanima Bistrice jer ove godine nismo imali kapacitet da tamo otvorimo ambulantu. Tamo na 12 kilometara kvadratnih imamo jo\u0161 tri ambulante \u2013 Lamovita, Kozarac i Omarska. Druge ambulante pokrivaju i ve\u0107e povr\u0161ine, ali gleda\u0107emo da u narednom periodu i to rije\u0161imo&#8221;, pojasnio je Marjanovi\u0107.<\/p>\n<p>On je istakao da je pro\u0161logodi\u0161njim prelaskom na trezorsko poslovanje Dom zdravlja popravio konsolidovani izvje\u0161taj gradskog bud\u017eeta budu\u0107i da posluje pozitivno, da nema zaostalih obaveza, ni dugova prema dr\u017eavi, radnicima i dobavlja\u010dima.<\/p>\n<p>SRNA<\/p>\n","protected":false},"excerpt":{"rendered":"<p>Dom zdravlja Prijedor zapo\u010deo je renoviranje prostorija fizijatrije, a u planu su investicije u slu\u017ebama stomatologije, pedijatrije, hitne pomo\u0107i i ambulante u LJubiji, izjavio je direktor ustanove Milo\u0161 Marjanovi\u0107. On [&hellip;]<\/p>\n","protected":false},"author":1,"featured_media":0,"comment_status":"closed","ping_status":"open","sticky":false,"template":"","format":"standard","meta":{"_monsterinsights_skip_tracking":false,"_monsterinsights_sitenote_active":false,"_monsterinsights_sitenote_note":"","_monsterinsights_sitenote_category":0,"footnotes":""},"categories":[4],"tags":[],"yoast_head":"<!-- This site is optimized with the Yoast SEO plugin v21.6 - https:\/\/yoast.com\/wordpress\/plugins\/seo\/ -->\n<title>Dom zdravlja Prijedor: Po\u010delo renoviranje fizijatrije, do kraja godine niz investicija - PrijedorDanas.com - Prijedorski gradski portal<\/title>\n<meta name=\"robots\" content=\"index, follow, max-snippet:-1, max-image-preview:large, max-video-preview:-1\" \/>\n<link rel=\"canonical\" href=\"https:\/\/www.prijedordanas.com\/?p=208573\" \/>\n<meta property=\"og:locale\" content=\"en_US\" \/>\n<meta property=\"og:type\" content=\"article\" \/>\n<meta property=\"og:title\" content=\"Dom zdravlja Prijedor: Po\u010delo renoviranje fizijatrije, do kraja godine niz investicija - PrijedorDanas.com - Prijedorski gradski portal\" \/>\n<meta property=\"og:description\" content=\"Dom zdravlja Prijedor zapo\u010deo je renoviranje prostorija fizijatrije, a u planu su investicije u slu\u017ebama stomatologije, pedijatrije, hitne pomo\u0107i i ambulante u LJubiji, izjavio je direktor ustanove Milo\u0161 Marjanovi\u0107. On [&hellip;]\" \/>\n<meta property=\"og:url\" content=\"https:\/\/www.prijedordanas.com\/?p=208573\" \/>\n<meta property=\"og:site_name\" content=\"PrijedorDanas.com - Prijedorski gradski portal\" \/>\n<meta property=\"article:publisher\" content=\"https:\/\/www.facebook.com\/PrijedorDanasCom\/\" \/>\n<meta property=\"article:published_time\" content=\"2023-07-12T13:23:47+00:00\" \/>\n<meta property=\"og:image\" content=\"https:\/\/www.prijedordanas.com\/wp-content\/uploads\/2023\/07\/dom-zdravlja-pd-juni2023-300x225.jpg\" \/>\n<meta name=\"author\" content=\"admin\" \/>\n<meta name=\"twitter:card\" content=\"summary_large_image\" \/>\n<meta name=\"twitter:label1\" content=\"Written by\" \/>\n\t<meta name=\"twitter:data1\" content=\"admin\" \/>\n\t<meta name=\"twitter:label2\" content=\"Est. reading time\" \/>\n\t<meta name=\"twitter:data2\" content=\"2 minutes\" \/>\n<script type=\"application\/ld+json\" class=\"yoast-schema-graph\">{\"@context\":\"https:\/\/schema.org\",\"@graph\":[{\"@type\":\"Article\",\"@id\":\"https:\/\/www.prijedordanas.com\/?p=208573#article\",\"isPartOf\":{\"@id\":\"https:\/\/www.prijedordanas.com\/?p=208573\"},\"author\":{\"name\":\"admin\",\"@id\":\"https:\/\/www.prijedordanas.com\/#\/schema\/person\/4e08ccf29b506ca916ff86d46bb700e6\"},\"headline\":\"Dom zdravlja Prijedor: Po\u010delo renoviranje fizijatrije, do kraja godine niz investicija\",\"datePublished\":\"2023-07-12T13:23:47+00:00\",\"dateModified\":\"2023-07-12T13:23:47+00:00\",\"mainEntityOfPage\":{\"@id\":\"https:\/\/www.prijedordanas.com\/?p=208573\"},\"wordCount\":374,\"publisher\":{\"@id\":\"https:\/\/www.prijedordanas.com\/#organization\"},\"articleSection\":[\"Dru\u0161tvo\"],\"inLanguage\":\"en-US\"},{\"@type\":\"WebPage\",\"@id\":\"https:\/\/www.prijedordanas.com\/?p=208573\",\"url\":\"https:\/\/www.prijedordanas.com\/?p=208573\",\"name\":\"Dom zdravlja Prijedor: Po\u010delo renoviranje fizijatrije, do kraja godine niz investicija - PrijedorDanas.com - Prijedorski gradski portal\",\"isPartOf\":{\"@id\":\"https:\/\/www.prijedordanas.com\/#website\"},\"datePublished\":\"2023-07-12T13:23:47+00:00\",\"dateModified\":\"2023-07-12T13:23:47+00:00\",\"breadcrumb\":{\"@id\":\"https:\/\/www.prijedordanas.com\/?p=208573#breadcrumb\"},\"inLanguage\":\"en-US\",\"potentialAction\":[{\"@type\":\"ReadAction\",\"target\":[\"https:\/\/www.prijedordanas.com\/?p=208573\"]}]},{\"@type\":\"BreadcrumbList\",\"@id\":\"https:\/\/www.prijedordanas.com\/?p=208573#breadcrumb\",\"itemListElement\":[{\"@type\":\"ListItem\",\"position\":1,\"name\":\"Home\",\"item\":\"https:\/\/www.prijedordanas.com\/\"},{\"@type\":\"ListItem\",\"position\":2,\"name\":\"Dom zdravlja Prijedor: Po\u010delo renoviranje fizijatrije, do kraja godine niz investicija\"}]},{\"@type\":\"WebSite\",\"@id\":\"https:\/\/www.prijedordanas.com\/#website\",\"url\":\"https:\/\/www.prijedordanas.com\/\",\"name\":\"PrijedorDanas.com - Prijedorski gradski portal\",\"description\":\"Portal o doga\u0111anjima u gradu Prijedoru\",\"publisher\":{\"@id\":\"https:\/\/www.prijedordanas.com\/#organization\"},\"potentialAction\":[{\"@type\":\"SearchAction\",\"target\":{\"@type\":\"EntryPoint\",\"urlTemplate\":\"https:\/\/www.prijedordanas.com\/?s={search_term_string}\"},\"query-input\":\"required name=search_term_string\"}],\"inLanguage\":\"en-US\"},{\"@type\":\"Organization\",\"@id\":\"https:\/\/www.prijedordanas.com\/#organization\",\"name\":\"PrijedorDanas.com\",\"url\":\"https:\/\/www.prijedordanas.com\/\",\"logo\":{\"@type\":\"ImageObject\",\"inLanguage\":\"en-US\",\"@id\":\"https:\/\/www.prijedordanas.com\/#\/schema\/logo\/image\/\",\"url\":\"http:\/\/www.prijedordanas.com\/wp-content\/uploads\/2021\/12\/logopng.png\",\"contentUrl\":\"http:\/\/www.prijedordanas.com\/wp-content\/uploads\/2021\/12\/logopng.png\",\"width\":1019,\"height\":776,\"caption\":\"PrijedorDanas.com\"},\"image\":{\"@id\":\"https:\/\/www.prijedordanas.com\/#\/schema\/logo\/image\/\"},\"sameAs\":[\"https:\/\/www.facebook.com\/PrijedorDanasCom\/\"]},{\"@type\":\"Person\",\"@id\":\"https:\/\/www.prijedordanas.com\/#\/schema\/person\/4e08ccf29b506ca916ff86d46bb700e6\",\"name\":\"admin\",\"image\":{\"@type\":\"ImageObject\",\"inLanguage\":\"en-US\",\"@id\":\"https:\/\/www.prijedordanas.com\/#\/schema\/person\/image\/\",\"url\":\"https:\/\/secure.gravatar.com\/avatar\/1d3fc949d550f0b53a5f0d51e06dfd79?s=96&d=mm&r=g\",\"contentUrl\":\"https:\/\/secure.gravatar.com\/avatar\/1d3fc949d550f0b53a5f0d51e06dfd79?s=96&d=mm&r=g\",\"caption\":\"admin\"},\"url\":\"https:\/\/www.prijedordanas.com\/?author=1\"}]}<\/script>\n<!-- \/ Yoast SEO plugin. -->","yoast_head_json":{"title":"Dom zdravlja Prijedor: Po\u010delo renoviranje fizijatrije, do kraja godine niz investicija - PrijedorDanas.com - Prijedorski gradski portal","robots":{"index":"index","follow":"follow","max-snippet":"max-snippet:-1","max-image-preview":"max-image-preview:large","max-video-preview":"max-video-preview:-1"},"canonical":"https:\/\/www.prijedordanas.com\/?p=208573","og_locale":"en_US","og_type":"article","og_title":"Dom zdravlja Prijedor: Po\u010delo renoviranje fizijatrije, do kraja godine niz investicija - PrijedorDanas.com - Prijedorski gradski portal","og_description":"Dom zdravlja Prijedor zapo\u010deo je renoviranje prostorija fizijatrije, a u planu su investicije u slu\u017ebama stomatologije, pedijatrije, hitne pomo\u0107i i ambulante u LJubiji, izjavio je direktor ustanove Milo\u0161 Marjanovi\u0107. On [&hellip;]","og_url":"https:\/\/www.prijedordanas.com\/?p=208573","og_site_name":"PrijedorDanas.com - Prijedorski gradski portal","article_publisher":"https:\/\/www.facebook.com\/PrijedorDanasCom\/","article_published_time":"2023-07-12T13:23:47+00:00","og_image":[{"url":"https:\/\/www.prijedordanas.com\/wp-content\/uploads\/2023\/07\/dom-zdravlja-pd-juni2023-300x225.jpg"}],"author":"admin","twitter_card":"summary_large_image","twitter_misc":{"Written by":"admin","Est. reading time":"2 minutes"},"schema":{"@context":"https:\/\/schema.org","@graph":[{"@type":"Article","@id":"https:\/\/www.prijedordanas.com\/?p=208573#article","isPartOf":{"@id":"https:\/\/www.prijedordanas.com\/?p=208573"},"author":{"name":"admin","@id":"https:\/\/www.prijedordanas.com\/#\/schema\/person\/4e08ccf29b506ca916ff86d46bb700e6"},"headline":"Dom zdravlja Prijedor: Po\u010delo renoviranje fizijatrije, do kraja godine niz investicija","datePublished":"2023-07-12T13:23:47+00:00","dateModified":"2023-07-12T13:23:47+00:00","mainEntityOfPage":{"@id":"https:\/\/www.prijedordanas.com\/?p=208573"},"wordCount":374,"publisher":{"@id":"https:\/\/www.prijedordanas.com\/#organization"},"articleSection":["Dru\u0161tvo"],"inLanguage":"en-US"},{"@type":"WebPage","@id":"https:\/\/www.prijedordanas.com\/?p=208573","url":"https:\/\/www.prijedordanas.com\/?p=208573","name":"Dom zdravlja Prijedor: Po\u010delo renoviranje fizijatrije, do kraja godine niz investicija - PrijedorDanas.com - Prijedorski gradski portal","isPartOf":{"@id":"https:\/\/www.prijedordanas.com\/#website"},"datePublished":"2023-07-12T13:23:47+00:00","dateModified":"2023-07-12T13:23:47+00:00","breadcrumb":{"@id":"https:\/\/www.prijedordanas.com\/?p=208573#breadcrumb"},"inLanguage":"en-US","potentialAction":[{"@type":"ReadAction","target":["https:\/\/www.prijedordanas.com\/?p=208573"]}]},{"@type":"BreadcrumbList","@id":"https:\/\/www.prijedordanas.com\/?p=208573#breadcrumb","itemListElement":[{"@type":"ListItem","position":1,"name":"Home","item":"https:\/\/www.prijedordanas.com\/"},{"@type":"ListItem","position":2,"name":"Dom zdravlja Prijedor: Po\u010delo renoviranje fizijatrije, do kraja godine niz investicija"}]},{"@type":"WebSite","@id":"https:\/\/www.prijedordanas.com\/#website","url":"https:\/\/www.prijedordanas.com\/","name":"PrijedorDanas.com - Prijedorski gradski portal","description":"Portal o doga\u0111anjima u gradu Prijedoru","publisher":{"@id":"https:\/\/www.prijedordanas.com\/#organization"},"potentialAction":[{"@type":"SearchAction","target":{"@type":"EntryPoint","urlTemplate":"https:\/\/www.prijedordanas.com\/?s={search_term_string}"},"query-input":"required name=search_term_string"}],"inLanguage":"en-US"},{"@type":"Organization","@id":"https:\/\/www.prijedordanas.com\/#organization","name":"PrijedorDanas.com","url":"https:\/\/www.prijedordanas.com\/","logo":{"@type":"ImageObject","inLanguage":"en-US","@id":"https:\/\/www.prijedordanas.com\/#\/schema\/logo\/image\/","url":"http:\/\/www.prijedordanas.com\/wp-content\/uploads\/2021\/12\/logopng.png","contentUrl":"http:\/\/www.prijedordanas.com\/wp-content\/uploads\/2021\/12\/logopng.png","width":1019,"height":776,"caption":"PrijedorDanas.com"},"image":{"@id":"https:\/\/www.prijedordanas.com\/#\/schema\/logo\/image\/"},"sameAs":["https:\/\/www.facebook.com\/PrijedorDanasCom\/"]},{"@type":"Person","@id":"https:\/\/www.prijedordanas.com\/#\/schema\/person\/4e08ccf29b506ca916ff86d46bb700e6","name":"admin","image":{"@type":"ImageObject","inLanguage":"en-US","@id":"https:\/\/www.prijedordanas.com\/#\/schema\/person\/image\/","url":"https:\/\/secure.gravatar.com\/avatar\/1d3fc949d550f0b53a5f0d51e06dfd79?s=96&d=mm&r=g","contentUrl":"https:\/\/secure.gravatar.com\/avatar\/1d3fc949d550f0b53a5f0d51e06dfd79?s=96&d=mm&r=g","caption":"admin"},"url":"https:\/\/www.prijedordanas.com\/?author=1"}]}},"_links":{"self":[{"href":"https:\/\/www.prijedordanas.com\/index.php?rest_route=\/wp\/v2\/posts\/208573"}],"collection":[{"href":"https:\/\/www.prijedordanas.com\/index.php?rest_route=\/wp\/v2\/posts"}],"about":[{"href":"https:\/\/www.prijedordanas.com\/index.php?rest_route=\/wp\/v2\/types\/post"}],"author":[{"embeddable":true,"href":"https:\/\/www.prijedordanas.com\/index.php?rest_route=\/wp\/v2\/users\/1"}],"replies":[{"embeddable":true,"href":"https:\/\/www.prijedordanas.com\/index.php?rest_route=%2Fwp%2Fv2%2Fcomments&post=208573"}],"version-history":[{"count":2,"href":"https:\/\/www.prijedordanas.com\/index.php?rest_route=\/wp\/v2\/posts\/208573\/revisions"}],"predecessor-version":[{"id":208584,"href":"https:\/\/www.prijedordanas.com\/index.php?rest_route=\/wp\/v2\/posts\/208573\/revisions\/208584"}],"wp:attachment":[{"href":"https:\/\/www.prijedordanas.com\/index.php?rest_route=%2Fwp%2Fv2%2Fmedia&parent=208573"}],"wp:term":[{"taxonomy":"category","embeddable":true,"href":"https:\/\/www.prijedordanas.com\/index.php?rest_route=%2Fwp%2Fv2%2Fcategories&post=208573"},{"taxonomy":"post_tag","embeddable":true,"href":"https:\/\/www.prijedordanas.com\/index.php?rest_route=%2Fwp%2Fv2%2Ftags&post=208573"}],"curies":[{"name":"wp","href":"https:\/\/api.w.org\/{rel}","templated":true}]}}