{"id":208191,"date":"2023-07-05T00:36:19","date_gmt":"2023-07-04T22:36:19","guid":{"rendered":"https:\/\/www.prijedordanas.com\/?p=208191"},"modified":"2023-07-05T00:36:19","modified_gmt":"2023-07-04T22:36:19","slug":"sudenje-taranjac-i-ostali-nisu-vidjeli-obradovica-u-miskoj-glavi-i-ljubiji","status":"publish","type":"post","link":"https:\/\/www.prijedordanas.com\/?p=208191","title":{"rendered":"Su\u0111enje Taranjac i ostali: Nisu vidjeli Obradovi\u0107a u Miskoj Glavi i Ljubiji"},"content":{"rendered":"<p><a href=\"https:\/\/www.prijedordanas.com\/wp-content\/uploads\/2019\/02\/sud-bih-taranjac-i-ostali.jpg\"><img loading=\"lazy\" decoding=\"async\" class=\"alignleft size-medium wp-image-122077\" src=\"https:\/\/www.prijedordanas.com\/wp-content\/uploads\/2019\/02\/sud-bih-taranjac-i-ostali-300x217.jpg\" alt=\"\" width=\"300\" height=\"217\" srcset=\"https:\/\/www.prijedordanas.com\/wp-content\/uploads\/2019\/02\/sud-bih-taranjac-i-ostali-300x217.jpg 300w, https:\/\/www.prijedordanas.com\/wp-content\/uploads\/2019\/02\/sud-bih-taranjac-i-ostali-100x72.jpg 100w, https:\/\/www.prijedordanas.com\/wp-content\/uploads\/2019\/02\/sud-bih-taranjac-i-ostali.jpg 690w\" sizes=\"(max-width: 300px) 100vw, 300px\" \/><\/a>U nastavku su\u0111enja za zlo\u010dine na podru\u010dju Prijedora, Odbrana Milorada Obradovi\u0107a unakrsno je ispitala \u010detiri svjedoka Dr\u017eavnog tu\u017eila\u0161tva, koji su iskaze dali prije spajanja predmeta sa Slobodanom Taranjacem, od kojih su trojica naveli da optu\u017eenog nisu vidjeli u Domu u Miskoj Glavi.<\/p>\n<p>Svjedok Elvir Musi\u0107, koji je bio zarobljen u Miskoj Glavi, tokom svjedo\u010denja 2017. godine opisao je vojnika koji je izvodio mu\u0161karce Bo\u0161njake izvan Doma u tom mjestu.<\/p>\n<p>Obradovi\u0107eva braniteljica Tatjana Savi\u0107 pitala je svjedoka da li se sje\u0107a opisa tog vojnika, \u0161to je Musi\u0107 potvrdio i ponovio da je nosio crni prsluk, crne ko\u017ene rukavice bez prstiju, imao \u017eu\u0107kastu bradu, bio mr\u0161av i imao oko 40 godina.<\/p>\n<p>\u201cAjde \u2018vamo, jagnje moje\u201c, rije\u010di su kojih se svjedok sje\u0107a, a koje je vojnik izgovorio prilikom izvo\u0111enja Bo\u0161njaka.<\/p>\n<p>Odbranu je zanimao i opis dvojice vojnika koja su pucala na stadionu Ljubija, a svjedok je naveo da je jedan nosio crni ka\u010dket, a drugi maskirnu uniformu sa bijelim opasa\u010dem.<\/p>\n<p>\u201cZa njega su govorili da je karatista i najbolji strijelac\u201c, ponovio je svjedok, dodaju\u0107i kako ga je jednom prilikom izveo, tjerao da uzme pu\u0161ku i puca, te ga je stra\u017ear Predrag Vasiljevi\u0107 spasio.<\/p>\n<p>Odbrana je unakrsno ispitala i svjedoke Momira Luki\u0107a, Ljubomira Gaji\u0107a i Ljubana Vilu, te su na pitanja braniteljice Savi\u0107 rekli da nisu vidjeli optu\u017eenog Obradovi\u0107a ni u Domu u Miskoj Glavi, ni na stadionu Ljubija, niti su \u010duli da je bio tamo.<\/p>\n<p>Tu\u017eitelj Izet Odoba\u0161i\u0107 dodatno je pitao svjedoke da li ostaju kod izjava koje su dali ranije u Sudu BiH, \u0161to su svi odlu\u010dno potvrdili.<\/p>\n<p>Milorad Obradovi\u0107 zvani Stiven optu\u017een je da je, kao pripadnik rezervnog sastava policije Ljubija, s drugim pripadnicima vojno-policijskih snaga u\u010destvovao u progonu Bo\u0161njaka \u2013 ubistvima, mu\u010denjima i drugim ne\u010dovje\u010dnim djelima u periodu od 27. do 30. jula 1992. godine, a 2018. je pravosu\u0111u BiH izru\u010den iz Njema\u010dke.<\/p>\n<p>Obradovi\u0107u se sudi sa Taranjcem, Rankom Babi\u0107em, Rankom Do\u0161enovi\u0107em, Zdravkom Pani\u0107em, Slobodanom Kne\u017eevi\u0107em te Trivom i Milanom Vuki\u0107em za u\u010de\u0161\u0107e u nezakonitom zarobljavanju i zatvaranju 120 mu\u0161karaca \u2013 u Domu u Miskoj Glavi, a potom i na stadionu u Ljubiji \u2013 te njihovom mu\u010denju i ubistvima po\u010dinjenim krajem jula 1992. godine. Obradovi\u0107u je stavljeno na teret da je na stadionu \u201cRudara\u201d li\u010dno ubio trojicu civila Bo\u0161njaka.<\/p>\n<p>Termin nastavka su\u0111enja bi\u0107e naknadno odre\u0111en.<\/p>\n<p>detektor.ba<\/p>\n","protected":false},"excerpt":{"rendered":"<p>U nastavku su\u0111enja za zlo\u010dine na podru\u010dju Prijedora, Odbrana Milorada Obradovi\u0107a unakrsno je ispitala \u010detiri svjedoka Dr\u017eavnog tu\u017eila\u0161tva, koji su iskaze dali prije spajanja predmeta sa Slobodanom Taranjacem, od kojih [&hellip;]<\/p>\n","protected":false},"author":1,"featured_media":0,"comment_status":"closed","ping_status":"open","sticky":false,"template":"","format":"standard","meta":{"_monsterinsights_skip_tracking":false,"_monsterinsights_sitenote_active":false,"_monsterinsights_sitenote_note":"","_monsterinsights_sitenote_category":0,"footnotes":""},"categories":[5],"tags":[],"yoast_head":"<!-- This site is optimized with the Yoast SEO plugin v21.6 - https:\/\/yoast.com\/wordpress\/plugins\/seo\/ -->\n<title>Su\u0111enje Taranjac i ostali: Nisu vidjeli Obradovi\u0107a u Miskoj Glavi i Ljubiji - PrijedorDanas.com - Prijedorski gradski portal<\/title>\n<meta name=\"robots\" content=\"index, follow, max-snippet:-1, max-image-preview:large, max-video-preview:-1\" \/>\n<link rel=\"canonical\" href=\"https:\/\/www.prijedordanas.com\/?p=208191\" \/>\n<meta property=\"og:locale\" content=\"en_US\" \/>\n<meta property=\"og:type\" content=\"article\" \/>\n<meta property=\"og:title\" content=\"Su\u0111enje Taranjac i ostali: Nisu vidjeli Obradovi\u0107a u Miskoj Glavi i Ljubiji - PrijedorDanas.com - Prijedorski gradski portal\" \/>\n<meta property=\"og:description\" content=\"U nastavku su\u0111enja za zlo\u010dine na podru\u010dju Prijedora, Odbrana Milorada Obradovi\u0107a unakrsno je ispitala \u010detiri svjedoka Dr\u017eavnog tu\u017eila\u0161tva, koji su iskaze dali prije spajanja predmeta sa Slobodanom Taranjacem, od kojih [&hellip;]\" \/>\n<meta property=\"og:url\" content=\"https:\/\/www.prijedordanas.com\/?p=208191\" \/>\n<meta property=\"og:site_name\" content=\"PrijedorDanas.com - Prijedorski gradski portal\" \/>\n<meta property=\"article:publisher\" content=\"https:\/\/www.facebook.com\/PrijedorDanasCom\/\" \/>\n<meta property=\"article:published_time\" content=\"2023-07-04T22:36:19+00:00\" \/>\n<meta property=\"og:image\" content=\"https:\/\/www.prijedordanas.com\/wp-content\/uploads\/2019\/02\/sud-bih-taranjac-i-ostali-300x217.jpg\" \/>\n<meta name=\"author\" content=\"admin\" \/>\n<meta name=\"twitter:card\" content=\"summary_large_image\" \/>\n<meta name=\"twitter:label1\" content=\"Written by\" \/>\n\t<meta name=\"twitter:data1\" content=\"admin\" \/>\n\t<meta name=\"twitter:label2\" content=\"Est. reading time\" \/>\n\t<meta name=\"twitter:data2\" content=\"2 minutes\" \/>\n<script type=\"application\/ld+json\" class=\"yoast-schema-graph\">{\"@context\":\"https:\/\/schema.org\",\"@graph\":[{\"@type\":\"Article\",\"@id\":\"https:\/\/www.prijedordanas.com\/?p=208191#article\",\"isPartOf\":{\"@id\":\"https:\/\/www.prijedordanas.com\/?p=208191\"},\"author\":{\"name\":\"admin\",\"@id\":\"https:\/\/www.prijedordanas.com\/#\/schema\/person\/4e08ccf29b506ca916ff86d46bb700e6\"},\"headline\":\"Su\u0111enje Taranjac i ostali: Nisu vidjeli Obradovi\u0107a u Miskoj Glavi i Ljubiji\",\"datePublished\":\"2023-07-04T22:36:19+00:00\",\"dateModified\":\"2023-07-04T22:36:19+00:00\",\"mainEntityOfPage\":{\"@id\":\"https:\/\/www.prijedordanas.com\/?p=208191\"},\"wordCount\":440,\"publisher\":{\"@id\":\"https:\/\/www.prijedordanas.com\/#organization\"},\"articleSection\":[\"Hronika\"],\"inLanguage\":\"en-US\"},{\"@type\":\"WebPage\",\"@id\":\"https:\/\/www.prijedordanas.com\/?p=208191\",\"url\":\"https:\/\/www.prijedordanas.com\/?p=208191\",\"name\":\"Su\u0111enje Taranjac i ostali: Nisu vidjeli Obradovi\u0107a u Miskoj Glavi i Ljubiji - PrijedorDanas.com - Prijedorski gradski portal\",\"isPartOf\":{\"@id\":\"https:\/\/www.prijedordanas.com\/#website\"},\"datePublished\":\"2023-07-04T22:36:19+00:00\",\"dateModified\":\"2023-07-04T22:36:19+00:00\",\"breadcrumb\":{\"@id\":\"https:\/\/www.prijedordanas.com\/?p=208191#breadcrumb\"},\"inLanguage\":\"en-US\",\"potentialAction\":[{\"@type\":\"ReadAction\",\"target\":[\"https:\/\/www.prijedordanas.com\/?p=208191\"]}]},{\"@type\":\"BreadcrumbList\",\"@id\":\"https:\/\/www.prijedordanas.com\/?p=208191#breadcrumb\",\"itemListElement\":[{\"@type\":\"ListItem\",\"position\":1,\"name\":\"Home\",\"item\":\"https:\/\/www.prijedordanas.com\/\"},{\"@type\":\"ListItem\",\"position\":2,\"name\":\"Su\u0111enje Taranjac i ostali: Nisu vidjeli Obradovi\u0107a u Miskoj Glavi i Ljubiji\"}]},{\"@type\":\"WebSite\",\"@id\":\"https:\/\/www.prijedordanas.com\/#website\",\"url\":\"https:\/\/www.prijedordanas.com\/\",\"name\":\"PrijedorDanas.com - Prijedorski gradski portal\",\"description\":\"Portal o doga\u0111anjima u gradu Prijedoru\",\"publisher\":{\"@id\":\"https:\/\/www.prijedordanas.com\/#organization\"},\"potentialAction\":[{\"@type\":\"SearchAction\",\"target\":{\"@type\":\"EntryPoint\",\"urlTemplate\":\"https:\/\/www.prijedordanas.com\/?s={search_term_string}\"},\"query-input\":\"required name=search_term_string\"}],\"inLanguage\":\"en-US\"},{\"@type\":\"Organization\",\"@id\":\"https:\/\/www.prijedordanas.com\/#organization\",\"name\":\"PrijedorDanas.com\",\"url\":\"https:\/\/www.prijedordanas.com\/\",\"logo\":{\"@type\":\"ImageObject\",\"inLanguage\":\"en-US\",\"@id\":\"https:\/\/www.prijedordanas.com\/#\/schema\/logo\/image\/\",\"url\":\"http:\/\/www.prijedordanas.com\/wp-content\/uploads\/2021\/12\/logopng.png\",\"contentUrl\":\"http:\/\/www.prijedordanas.com\/wp-content\/uploads\/2021\/12\/logopng.png\",\"width\":1019,\"height\":776,\"caption\":\"PrijedorDanas.com\"},\"image\":{\"@id\":\"https:\/\/www.prijedordanas.com\/#\/schema\/logo\/image\/\"},\"sameAs\":[\"https:\/\/www.facebook.com\/PrijedorDanasCom\/\"]},{\"@type\":\"Person\",\"@id\":\"https:\/\/www.prijedordanas.com\/#\/schema\/person\/4e08ccf29b506ca916ff86d46bb700e6\",\"name\":\"admin\",\"image\":{\"@type\":\"ImageObject\",\"inLanguage\":\"en-US\",\"@id\":\"https:\/\/www.prijedordanas.com\/#\/schema\/person\/image\/\",\"url\":\"https:\/\/secure.gravatar.com\/avatar\/1d3fc949d550f0b53a5f0d51e06dfd79?s=96&d=mm&r=g\",\"contentUrl\":\"https:\/\/secure.gravatar.com\/avatar\/1d3fc949d550f0b53a5f0d51e06dfd79?s=96&d=mm&r=g\",\"caption\":\"admin\"},\"url\":\"https:\/\/www.prijedordanas.com\/?author=1\"}]}<\/script>\n<!-- \/ Yoast SEO plugin. -->","yoast_head_json":{"title":"Su\u0111enje Taranjac i ostali: Nisu vidjeli Obradovi\u0107a u Miskoj Glavi i Ljubiji - PrijedorDanas.com - Prijedorski gradski portal","robots":{"index":"index","follow":"follow","max-snippet":"max-snippet:-1","max-image-preview":"max-image-preview:large","max-video-preview":"max-video-preview:-1"},"canonical":"https:\/\/www.prijedordanas.com\/?p=208191","og_locale":"en_US","og_type":"article","og_title":"Su\u0111enje Taranjac i ostali: Nisu vidjeli Obradovi\u0107a u Miskoj Glavi i Ljubiji - PrijedorDanas.com - Prijedorski gradski portal","og_description":"U nastavku su\u0111enja za zlo\u010dine na podru\u010dju Prijedora, Odbrana Milorada Obradovi\u0107a unakrsno je ispitala \u010detiri svjedoka Dr\u017eavnog tu\u017eila\u0161tva, koji su iskaze dali prije spajanja predmeta sa Slobodanom Taranjacem, od kojih [&hellip;]","og_url":"https:\/\/www.prijedordanas.com\/?p=208191","og_site_name":"PrijedorDanas.com - Prijedorski gradski portal","article_publisher":"https:\/\/www.facebook.com\/PrijedorDanasCom\/","article_published_time":"2023-07-04T22:36:19+00:00","og_image":[{"url":"https:\/\/www.prijedordanas.com\/wp-content\/uploads\/2019\/02\/sud-bih-taranjac-i-ostali-300x217.jpg"}],"author":"admin","twitter_card":"summary_large_image","twitter_misc":{"Written by":"admin","Est. reading time":"2 minutes"},"schema":{"@context":"https:\/\/schema.org","@graph":[{"@type":"Article","@id":"https:\/\/www.prijedordanas.com\/?p=208191#article","isPartOf":{"@id":"https:\/\/www.prijedordanas.com\/?p=208191"},"author":{"name":"admin","@id":"https:\/\/www.prijedordanas.com\/#\/schema\/person\/4e08ccf29b506ca916ff86d46bb700e6"},"headline":"Su\u0111enje Taranjac i ostali: Nisu vidjeli Obradovi\u0107a u Miskoj Glavi i Ljubiji","datePublished":"2023-07-04T22:36:19+00:00","dateModified":"2023-07-04T22:36:19+00:00","mainEntityOfPage":{"@id":"https:\/\/www.prijedordanas.com\/?p=208191"},"wordCount":440,"publisher":{"@id":"https:\/\/www.prijedordanas.com\/#organization"},"articleSection":["Hronika"],"inLanguage":"en-US"},{"@type":"WebPage","@id":"https:\/\/www.prijedordanas.com\/?p=208191","url":"https:\/\/www.prijedordanas.com\/?p=208191","name":"Su\u0111enje Taranjac i ostali: Nisu vidjeli Obradovi\u0107a u Miskoj Glavi i Ljubiji - PrijedorDanas.com - Prijedorski gradski portal","isPartOf":{"@id":"https:\/\/www.prijedordanas.com\/#website"},"datePublished":"2023-07-04T22:36:19+00:00","dateModified":"2023-07-04T22:36:19+00:00","breadcrumb":{"@id":"https:\/\/www.prijedordanas.com\/?p=208191#breadcrumb"},"inLanguage":"en-US","potentialAction":[{"@type":"ReadAction","target":["https:\/\/www.prijedordanas.com\/?p=208191"]}]},{"@type":"BreadcrumbList","@id":"https:\/\/www.prijedordanas.com\/?p=208191#breadcrumb","itemListElement":[{"@type":"ListItem","position":1,"name":"Home","item":"https:\/\/www.prijedordanas.com\/"},{"@type":"ListItem","position":2,"name":"Su\u0111enje Taranjac i ostali: Nisu vidjeli Obradovi\u0107a u Miskoj Glavi i Ljubiji"}]},{"@type":"WebSite","@id":"https:\/\/www.prijedordanas.com\/#website","url":"https:\/\/www.prijedordanas.com\/","name":"PrijedorDanas.com - Prijedorski gradski portal","description":"Portal o doga\u0111anjima u gradu Prijedoru","publisher":{"@id":"https:\/\/www.prijedordanas.com\/#organization"},"potentialAction":[{"@type":"SearchAction","target":{"@type":"EntryPoint","urlTemplate":"https:\/\/www.prijedordanas.com\/?s={search_term_string}"},"query-input":"required name=search_term_string"}],"inLanguage":"en-US"},{"@type":"Organization","@id":"https:\/\/www.prijedordanas.com\/#organization","name":"PrijedorDanas.com","url":"https:\/\/www.prijedordanas.com\/","logo":{"@type":"ImageObject","inLanguage":"en-US","@id":"https:\/\/www.prijedordanas.com\/#\/schema\/logo\/image\/","url":"http:\/\/www.prijedordanas.com\/wp-content\/uploads\/2021\/12\/logopng.png","contentUrl":"http:\/\/www.prijedordanas.com\/wp-content\/uploads\/2021\/12\/logopng.png","width":1019,"height":776,"caption":"PrijedorDanas.com"},"image":{"@id":"https:\/\/www.prijedordanas.com\/#\/schema\/logo\/image\/"},"sameAs":["https:\/\/www.facebook.com\/PrijedorDanasCom\/"]},{"@type":"Person","@id":"https:\/\/www.prijedordanas.com\/#\/schema\/person\/4e08ccf29b506ca916ff86d46bb700e6","name":"admin","image":{"@type":"ImageObject","inLanguage":"en-US","@id":"https:\/\/www.prijedordanas.com\/#\/schema\/person\/image\/","url":"https:\/\/secure.gravatar.com\/avatar\/1d3fc949d550f0b53a5f0d51e06dfd79?s=96&d=mm&r=g","contentUrl":"https:\/\/secure.gravatar.com\/avatar\/1d3fc949d550f0b53a5f0d51e06dfd79?s=96&d=mm&r=g","caption":"admin"},"url":"https:\/\/www.prijedordanas.com\/?author=1"}]}},"_links":{"self":[{"href":"https:\/\/www.prijedordanas.com\/index.php?rest_route=\/wp\/v2\/posts\/208191"}],"collection":[{"href":"https:\/\/www.prijedordanas.com\/index.php?rest_route=\/wp\/v2\/posts"}],"about":[{"href":"https:\/\/www.prijedordanas.com\/index.php?rest_route=\/wp\/v2\/types\/post"}],"author":[{"embeddable":true,"href":"https:\/\/www.prijedordanas.com\/index.php?rest_route=\/wp\/v2\/users\/1"}],"replies":[{"embeddable":true,"href":"https:\/\/www.prijedordanas.com\/index.php?rest_route=%2Fwp%2Fv2%2Fcomments&post=208191"}],"version-history":[{"count":1,"href":"https:\/\/www.prijedordanas.com\/index.php?rest_route=\/wp\/v2\/posts\/208191\/revisions"}],"predecessor-version":[{"id":208192,"href":"https:\/\/www.prijedordanas.com\/index.php?rest_route=\/wp\/v2\/posts\/208191\/revisions\/208192"}],"wp:attachment":[{"href":"https:\/\/www.prijedordanas.com\/index.php?rest_route=%2Fwp%2Fv2%2Fmedia&parent=208191"}],"wp:term":[{"taxonomy":"category","embeddable":true,"href":"https:\/\/www.prijedordanas.com\/index.php?rest_route=%2Fwp%2Fv2%2Fcategories&post=208191"},{"taxonomy":"post_tag","embeddable":true,"href":"https:\/\/www.prijedordanas.com\/index.php?rest_route=%2Fwp%2Fv2%2Ftags&post=208191"}],"curies":[{"name":"wp","href":"https:\/\/api.w.org\/{rel}","templated":true}]}}