{"id":207939,"date":"2023-06-30T13:35:51","date_gmt":"2023-06-30T11:35:51","guid":{"rendered":"https:\/\/www.prijedordanas.com\/?p=207939"},"modified":"2023-06-30T13:35:51","modified_gmt":"2023-06-30T11:35:51","slug":"tubin-u-prijedoru-nema-zabiljezenih-slucajeva-africke-kuge-svinja","status":"publish","type":"post","link":"https:\/\/www.prijedordanas.com\/?p=207939","title":{"rendered":"Tubin: U Prijedoru nema zabilje\u017eenih slu\u010dajeva afri\u010dke kuge svinja"},"content":{"rendered":"<p><a href=\"https:\/\/www.prijedordanas.com\/wp-content\/uploads\/2023\/06\/prijedorgradorg-tubin-zarko.jpg\"><img loading=\"lazy\" decoding=\"async\" src=\"https:\/\/www.prijedordanas.com\/wp-content\/uploads\/2023\/06\/prijedorgradorg-tubin-zarko-300x225.jpg\" alt=\"\" width=\"300\" height=\"225\" class=\"alignleft size-medium wp-image-207940\" srcset=\"https:\/\/www.prijedordanas.com\/wp-content\/uploads\/2023\/06\/prijedorgradorg-tubin-zarko-300x225.jpg 300w, https:\/\/www.prijedordanas.com\/wp-content\/uploads\/2023\/06\/prijedorgradorg-tubin-zarko-640x480.jpg 640w, https:\/\/www.prijedordanas.com\/wp-content\/uploads\/2023\/06\/prijedorgradorg-tubin-zarko.jpg 667w\" sizes=\"(max-width: 300px) 100vw, 300px\" \/><\/a>Na podru\u010dju Prijedora nema identifikovanih slu\u010dajeva afri\u010dke kuge svinja, izjavio je danas vr\u0161ilac du\u017enosti na\u010delnika Odjeljenja za poljoprivredu i ruralni razvoj \u017darko Tubin.<\/p>\n<p>On je naglasio da je nakon pojave ove vrste zaraznog oboljenja na par poljoprivrednih gazdinstava na podru\u010dju Semberije jako bitno da se djeluje preventivno i da \u0107e u Prijedoru s tim u vezi biti formiran lokalni krizni centar koji \u0107e u saradnji sa republi\u010dkim kriznim centrom sprovoditi sve neophodne mjere i radnje u cilju spre\u010davanja pojave i \u0161irenja zaraze.<\/p>\n<p>&#8220;Jedna od mjera je da su zabranjene izlo\u017ebe stoke, sajmovi, kao i rad sto\u010dnih pijaca. U narednom periodu bi\u0107e vr\u0161ene poja\u010dane kontrole prometa svinja u saradnji sa MUP-om&#8221;, rekao je Tubin novinarima u Prijedoru.<\/p>\n<p>Prema njegovim rije\u010dima, preporuka za poljoprivredne proizvo\u0111a\u010de je da u svojim objektima poja\u010daju mjere deratizacije i dezinsekcije, s posebnim akcentom na pacove, da postavljaju dezinfikacione barijere na ulazu i izlazu sa farmi, da svinje dr\u017ee zatvorene, da ih ne pu\u0161taju na pa\u0161u u vo\u0107njake, njive, livade, \u0161ume i sli\u010dno, te da izbjegavaju posjete imanjima koja imaju svinje i da ne dozvoljavaju posjete svojim imanjima.<\/p>\n<p>&#8220;Ova vrsta oboljenja nije zoonoza i ne prenosi se na \u010dovjeka, ali se vrlo lako i brzo \u0161iri. Neki simptomi koji se pojavljuju na svinjama se manifestuju u vidu crvenila ko\u017ee, naro\u010dito na abdomenu i po ekstremitetima. U tim uslovima svinje ote\u017eano di\u0161u i ote\u017eano se kre\u0107u&#8221;, dodao je Tubin.<\/p>\n<p><a href=\"https:\/\/www.prijedorgrad.org\/sr-EU\/vijesti-sadrzaj.html?vid=18318\" rel=\"noopener\" target=\"_blank\">prijedorgrad.org<\/a><\/p>\n","protected":false},"excerpt":{"rendered":"<p>Na podru\u010dju Prijedora nema identifikovanih slu\u010dajeva afri\u010dke kuge svinja, izjavio je danas vr\u0161ilac du\u017enosti na\u010delnika Odjeljenja za poljoprivredu i ruralni razvoj \u017darko Tubin. On je naglasio da je nakon pojave [&hellip;]<\/p>\n","protected":false},"author":1,"featured_media":0,"comment_status":"closed","ping_status":"open","sticky":false,"template":"","format":"standard","meta":{"_monsterinsights_skip_tracking":false,"_monsterinsights_sitenote_active":false,"_monsterinsights_sitenote_note":"","_monsterinsights_sitenote_category":0,"footnotes":""},"categories":[8],"tags":[],"yoast_head":"<!-- This site is optimized with the Yoast SEO plugin v21.6 - https:\/\/yoast.com\/wordpress\/plugins\/seo\/ -->\n<title>Tubin: U Prijedoru nema zabilje\u017eenih slu\u010dajeva afri\u010dke kuge svinja - PrijedorDanas.com - Prijedorski gradski portal<\/title>\n<meta name=\"robots\" content=\"index, follow, max-snippet:-1, max-image-preview:large, max-video-preview:-1\" \/>\n<link rel=\"canonical\" href=\"https:\/\/www.prijedordanas.com\/?p=207939\" \/>\n<meta property=\"og:locale\" content=\"en_US\" \/>\n<meta property=\"og:type\" content=\"article\" \/>\n<meta property=\"og:title\" content=\"Tubin: U Prijedoru nema zabilje\u017eenih slu\u010dajeva afri\u010dke kuge svinja - PrijedorDanas.com - Prijedorski gradski portal\" \/>\n<meta property=\"og:description\" content=\"Na podru\u010dju Prijedora nema identifikovanih slu\u010dajeva afri\u010dke kuge svinja, izjavio je danas vr\u0161ilac du\u017enosti na\u010delnika Odjeljenja za poljoprivredu i ruralni razvoj \u017darko Tubin. On je naglasio da je nakon pojave [&hellip;]\" \/>\n<meta property=\"og:url\" content=\"https:\/\/www.prijedordanas.com\/?p=207939\" \/>\n<meta property=\"og:site_name\" content=\"PrijedorDanas.com - Prijedorski gradski portal\" \/>\n<meta property=\"article:publisher\" content=\"https:\/\/www.facebook.com\/PrijedorDanasCom\/\" \/>\n<meta property=\"article:published_time\" content=\"2023-06-30T11:35:51+00:00\" \/>\n<meta property=\"og:image\" content=\"https:\/\/www.prijedordanas.com\/wp-content\/uploads\/2023\/06\/prijedorgradorg-tubin-zarko-300x225.jpg\" \/>\n<meta name=\"author\" content=\"admin\" \/>\n<meta name=\"twitter:card\" content=\"summary_large_image\" \/>\n<meta name=\"twitter:label1\" content=\"Written by\" \/>\n\t<meta name=\"twitter:data1\" content=\"admin\" \/>\n<script type=\"application\/ld+json\" class=\"yoast-schema-graph\">{\"@context\":\"https:\/\/schema.org\",\"@graph\":[{\"@type\":\"Article\",\"@id\":\"https:\/\/www.prijedordanas.com\/?p=207939#article\",\"isPartOf\":{\"@id\":\"https:\/\/www.prijedordanas.com\/?p=207939\"},\"author\":{\"name\":\"admin\",\"@id\":\"https:\/\/www.prijedordanas.com\/#\/schema\/person\/4e08ccf29b506ca916ff86d46bb700e6\"},\"headline\":\"Tubin: U Prijedoru nema zabilje\u017eenih slu\u010dajeva afri\u010dke kuge svinja\",\"datePublished\":\"2023-06-30T11:35:51+00:00\",\"dateModified\":\"2023-06-30T11:35:51+00:00\",\"mainEntityOfPage\":{\"@id\":\"https:\/\/www.prijedordanas.com\/?p=207939\"},\"wordCount\":273,\"publisher\":{\"@id\":\"https:\/\/www.prijedordanas.com\/#organization\"},\"articleSection\":[\"Svakodnevno\"],\"inLanguage\":\"en-US\"},{\"@type\":\"WebPage\",\"@id\":\"https:\/\/www.prijedordanas.com\/?p=207939\",\"url\":\"https:\/\/www.prijedordanas.com\/?p=207939\",\"name\":\"Tubin: U Prijedoru nema zabilje\u017eenih slu\u010dajeva afri\u010dke kuge svinja - PrijedorDanas.com - Prijedorski gradski portal\",\"isPartOf\":{\"@id\":\"https:\/\/www.prijedordanas.com\/#website\"},\"datePublished\":\"2023-06-30T11:35:51+00:00\",\"dateModified\":\"2023-06-30T11:35:51+00:00\",\"breadcrumb\":{\"@id\":\"https:\/\/www.prijedordanas.com\/?p=207939#breadcrumb\"},\"inLanguage\":\"en-US\",\"potentialAction\":[{\"@type\":\"ReadAction\",\"target\":[\"https:\/\/www.prijedordanas.com\/?p=207939\"]}]},{\"@type\":\"BreadcrumbList\",\"@id\":\"https:\/\/www.prijedordanas.com\/?p=207939#breadcrumb\",\"itemListElement\":[{\"@type\":\"ListItem\",\"position\":1,\"name\":\"Home\",\"item\":\"https:\/\/www.prijedordanas.com\/\"},{\"@type\":\"ListItem\",\"position\":2,\"name\":\"Tubin: U Prijedoru nema zabilje\u017eenih slu\u010dajeva afri\u010dke kuge svinja\"}]},{\"@type\":\"WebSite\",\"@id\":\"https:\/\/www.prijedordanas.com\/#website\",\"url\":\"https:\/\/www.prijedordanas.com\/\",\"name\":\"PrijedorDanas.com - Prijedorski gradski portal\",\"description\":\"Portal o doga\u0111anjima u gradu Prijedoru\",\"publisher\":{\"@id\":\"https:\/\/www.prijedordanas.com\/#organization\"},\"potentialAction\":[{\"@type\":\"SearchAction\",\"target\":{\"@type\":\"EntryPoint\",\"urlTemplate\":\"https:\/\/www.prijedordanas.com\/?s={search_term_string}\"},\"query-input\":\"required name=search_term_string\"}],\"inLanguage\":\"en-US\"},{\"@type\":\"Organization\",\"@id\":\"https:\/\/www.prijedordanas.com\/#organization\",\"name\":\"PrijedorDanas.com\",\"url\":\"https:\/\/www.prijedordanas.com\/\",\"logo\":{\"@type\":\"ImageObject\",\"inLanguage\":\"en-US\",\"@id\":\"https:\/\/www.prijedordanas.com\/#\/schema\/logo\/image\/\",\"url\":\"http:\/\/www.prijedordanas.com\/wp-content\/uploads\/2021\/12\/logopng.png\",\"contentUrl\":\"http:\/\/www.prijedordanas.com\/wp-content\/uploads\/2021\/12\/logopng.png\",\"width\":1019,\"height\":776,\"caption\":\"PrijedorDanas.com\"},\"image\":{\"@id\":\"https:\/\/www.prijedordanas.com\/#\/schema\/logo\/image\/\"},\"sameAs\":[\"https:\/\/www.facebook.com\/PrijedorDanasCom\/\"]},{\"@type\":\"Person\",\"@id\":\"https:\/\/www.prijedordanas.com\/#\/schema\/person\/4e08ccf29b506ca916ff86d46bb700e6\",\"name\":\"admin\",\"image\":{\"@type\":\"ImageObject\",\"inLanguage\":\"en-US\",\"@id\":\"https:\/\/www.prijedordanas.com\/#\/schema\/person\/image\/\",\"url\":\"https:\/\/secure.gravatar.com\/avatar\/1d3fc949d550f0b53a5f0d51e06dfd79?s=96&d=mm&r=g\",\"contentUrl\":\"https:\/\/secure.gravatar.com\/avatar\/1d3fc949d550f0b53a5f0d51e06dfd79?s=96&d=mm&r=g\",\"caption\":\"admin\"},\"url\":\"https:\/\/www.prijedordanas.com\/?author=1\"}]}<\/script>\n<!-- \/ Yoast SEO plugin. -->","yoast_head_json":{"title":"Tubin: U Prijedoru nema zabilje\u017eenih slu\u010dajeva afri\u010dke kuge svinja - PrijedorDanas.com - Prijedorski gradski portal","robots":{"index":"index","follow":"follow","max-snippet":"max-snippet:-1","max-image-preview":"max-image-preview:large","max-video-preview":"max-video-preview:-1"},"canonical":"https:\/\/www.prijedordanas.com\/?p=207939","og_locale":"en_US","og_type":"article","og_title":"Tubin: U Prijedoru nema zabilje\u017eenih slu\u010dajeva afri\u010dke kuge svinja - PrijedorDanas.com - Prijedorski gradski portal","og_description":"Na podru\u010dju Prijedora nema identifikovanih slu\u010dajeva afri\u010dke kuge svinja, izjavio je danas vr\u0161ilac du\u017enosti na\u010delnika Odjeljenja za poljoprivredu i ruralni razvoj \u017darko Tubin. On je naglasio da je nakon pojave [&hellip;]","og_url":"https:\/\/www.prijedordanas.com\/?p=207939","og_site_name":"PrijedorDanas.com - Prijedorski gradski portal","article_publisher":"https:\/\/www.facebook.com\/PrijedorDanasCom\/","article_published_time":"2023-06-30T11:35:51+00:00","og_image":[{"url":"https:\/\/www.prijedordanas.com\/wp-content\/uploads\/2023\/06\/prijedorgradorg-tubin-zarko-300x225.jpg"}],"author":"admin","twitter_card":"summary_large_image","twitter_misc":{"Written by":"admin"},"schema":{"@context":"https:\/\/schema.org","@graph":[{"@type":"Article","@id":"https:\/\/www.prijedordanas.com\/?p=207939#article","isPartOf":{"@id":"https:\/\/www.prijedordanas.com\/?p=207939"},"author":{"name":"admin","@id":"https:\/\/www.prijedordanas.com\/#\/schema\/person\/4e08ccf29b506ca916ff86d46bb700e6"},"headline":"Tubin: U Prijedoru nema zabilje\u017eenih slu\u010dajeva afri\u010dke kuge svinja","datePublished":"2023-06-30T11:35:51+00:00","dateModified":"2023-06-30T11:35:51+00:00","mainEntityOfPage":{"@id":"https:\/\/www.prijedordanas.com\/?p=207939"},"wordCount":273,"publisher":{"@id":"https:\/\/www.prijedordanas.com\/#organization"},"articleSection":["Svakodnevno"],"inLanguage":"en-US"},{"@type":"WebPage","@id":"https:\/\/www.prijedordanas.com\/?p=207939","url":"https:\/\/www.prijedordanas.com\/?p=207939","name":"Tubin: U Prijedoru nema zabilje\u017eenih slu\u010dajeva afri\u010dke kuge svinja - PrijedorDanas.com - Prijedorski gradski portal","isPartOf":{"@id":"https:\/\/www.prijedordanas.com\/#website"},"datePublished":"2023-06-30T11:35:51+00:00","dateModified":"2023-06-30T11:35:51+00:00","breadcrumb":{"@id":"https:\/\/www.prijedordanas.com\/?p=207939#breadcrumb"},"inLanguage":"en-US","potentialAction":[{"@type":"ReadAction","target":["https:\/\/www.prijedordanas.com\/?p=207939"]}]},{"@type":"BreadcrumbList","@id":"https:\/\/www.prijedordanas.com\/?p=207939#breadcrumb","itemListElement":[{"@type":"ListItem","position":1,"name":"Home","item":"https:\/\/www.prijedordanas.com\/"},{"@type":"ListItem","position":2,"name":"Tubin: U Prijedoru nema zabilje\u017eenih slu\u010dajeva afri\u010dke kuge svinja"}]},{"@type":"WebSite","@id":"https:\/\/www.prijedordanas.com\/#website","url":"https:\/\/www.prijedordanas.com\/","name":"PrijedorDanas.com - Prijedorski gradski portal","description":"Portal o doga\u0111anjima u gradu Prijedoru","publisher":{"@id":"https:\/\/www.prijedordanas.com\/#organization"},"potentialAction":[{"@type":"SearchAction","target":{"@type":"EntryPoint","urlTemplate":"https:\/\/www.prijedordanas.com\/?s={search_term_string}"},"query-input":"required name=search_term_string"}],"inLanguage":"en-US"},{"@type":"Organization","@id":"https:\/\/www.prijedordanas.com\/#organization","name":"PrijedorDanas.com","url":"https:\/\/www.prijedordanas.com\/","logo":{"@type":"ImageObject","inLanguage":"en-US","@id":"https:\/\/www.prijedordanas.com\/#\/schema\/logo\/image\/","url":"http:\/\/www.prijedordanas.com\/wp-content\/uploads\/2021\/12\/logopng.png","contentUrl":"http:\/\/www.prijedordanas.com\/wp-content\/uploads\/2021\/12\/logopng.png","width":1019,"height":776,"caption":"PrijedorDanas.com"},"image":{"@id":"https:\/\/www.prijedordanas.com\/#\/schema\/logo\/image\/"},"sameAs":["https:\/\/www.facebook.com\/PrijedorDanasCom\/"]},{"@type":"Person","@id":"https:\/\/www.prijedordanas.com\/#\/schema\/person\/4e08ccf29b506ca916ff86d46bb700e6","name":"admin","image":{"@type":"ImageObject","inLanguage":"en-US","@id":"https:\/\/www.prijedordanas.com\/#\/schema\/person\/image\/","url":"https:\/\/secure.gravatar.com\/avatar\/1d3fc949d550f0b53a5f0d51e06dfd79?s=96&d=mm&r=g","contentUrl":"https:\/\/secure.gravatar.com\/avatar\/1d3fc949d550f0b53a5f0d51e06dfd79?s=96&d=mm&r=g","caption":"admin"},"url":"https:\/\/www.prijedordanas.com\/?author=1"}]}},"_links":{"self":[{"href":"https:\/\/www.prijedordanas.com\/index.php?rest_route=\/wp\/v2\/posts\/207939"}],"collection":[{"href":"https:\/\/www.prijedordanas.com\/index.php?rest_route=\/wp\/v2\/posts"}],"about":[{"href":"https:\/\/www.prijedordanas.com\/index.php?rest_route=\/wp\/v2\/types\/post"}],"author":[{"embeddable":true,"href":"https:\/\/www.prijedordanas.com\/index.php?rest_route=\/wp\/v2\/users\/1"}],"replies":[{"embeddable":true,"href":"https:\/\/www.prijedordanas.com\/index.php?rest_route=%2Fwp%2Fv2%2Fcomments&post=207939"}],"version-history":[{"count":1,"href":"https:\/\/www.prijedordanas.com\/index.php?rest_route=\/wp\/v2\/posts\/207939\/revisions"}],"predecessor-version":[{"id":207941,"href":"https:\/\/www.prijedordanas.com\/index.php?rest_route=\/wp\/v2\/posts\/207939\/revisions\/207941"}],"wp:attachment":[{"href":"https:\/\/www.prijedordanas.com\/index.php?rest_route=%2Fwp%2Fv2%2Fmedia&parent=207939"}],"wp:term":[{"taxonomy":"category","embeddable":true,"href":"https:\/\/www.prijedordanas.com\/index.php?rest_route=%2Fwp%2Fv2%2Fcategories&post=207939"},{"taxonomy":"post_tag","embeddable":true,"href":"https:\/\/www.prijedordanas.com\/index.php?rest_route=%2Fwp%2Fv2%2Ftags&post=207939"}],"curies":[{"name":"wp","href":"https:\/\/api.w.org\/{rel}","templated":true}]}}