{"id":207931,"date":"2023-06-30T10:24:11","date_gmt":"2023-06-30T08:24:11","guid":{"rendered":"https:\/\/www.prijedordanas.com\/?p=207931"},"modified":"2023-06-30T10:24:11","modified_gmt":"2023-06-30T08:24:11","slug":"veceras-pocinje-treci-nektar-garden-fest","status":"publish","type":"post","link":"https:\/\/www.prijedordanas.com\/?p=207931","title":{"rendered":"Ve\u010deras po\u010dinje tre\u0107i \u201cNektar Garden Fest\u201d"},"content":{"rendered":"<p><a href=\"https:\/\/www.prijedordanas.com\/wp-content\/uploads\/2023\/05\/garden-fest-2023-najava.jpg\"><img loading=\"lazy\" decoding=\"async\" class=\"alignleft size-medium wp-image-204968\" src=\"https:\/\/www.prijedordanas.com\/wp-content\/uploads\/2023\/05\/garden-fest-2023-najava-300x300.jpg\" alt=\"\" width=\"300\" height=\"300\" srcset=\"https:\/\/www.prijedordanas.com\/wp-content\/uploads\/2023\/05\/garden-fest-2023-najava-300x300.jpg 300w, https:\/\/www.prijedordanas.com\/wp-content\/uploads\/2023\/05\/garden-fest-2023-najava-150x150.jpg 150w, https:\/\/www.prijedordanas.com\/wp-content\/uploads\/2023\/05\/garden-fest-2023-najava-50x50.jpg 50w, https:\/\/www.prijedordanas.com\/wp-content\/uploads\/2023\/05\/garden-fest-2023-najava.jpg 600w\" sizes=\"(max-width: 300px) 100vw, 300px\" \/><\/a>\u201cNektar Garden Fest\u201d, najve\u0107i regionalni muzi\u010dki festival, po\u010dinje ve\u010deras u Ljetnoj ba\u0161ti Prijedor.<\/p>\n<p>\u201cPred nama su dva dana u\u017eivanja uz vrhunske regionalne izvo\u0111a\u010de i odli\u010dnu muziku.<\/p>\n<p>O\u010dekuje nas odli\u010dna zabava i savr\u0161en po\u010detak ljeta\u201d, poru\u010dili su organizatori.<\/p>\n<p>Ve\u010deras, prvu festivalsku no\u0107, otvara grupa Sinhro od 19.30 \u010dasova, a potom \u0107e na velikoj bini Ljetne ba\u0161te zasvirati jedan od najpoznatijih regionalnih punk rock sastava \u201cPsihomodo Pop\u201d, koji se nakon nekoliko godina vra\u0107a u Prijedor i koji ove godine obilje\u017eava 40 godina postojanja.<\/p>\n<p>Za istinski muzi\u010dki spektakl zadu\u017eena je punk folk wellness petorka Brkovi, koji su \u010desti gosti u gradu na Sani.<\/p>\n<p><a href=\"https:\/\/www.prijedordanas.com\/wp-content\/uploads\/2023\/06\/garden-fest-nele-karajlic.jpg\"><img loading=\"lazy\" decoding=\"async\" class=\"alignleft size-medium wp-image-207226\" src=\"https:\/\/www.prijedordanas.com\/wp-content\/uploads\/2023\/06\/garden-fest-nele-karajlic-300x300.jpg\" alt=\"\" width=\"300\" height=\"300\" srcset=\"https:\/\/www.prijedordanas.com\/wp-content\/uploads\/2023\/06\/garden-fest-nele-karajlic-300x300.jpg 300w, https:\/\/www.prijedordanas.com\/wp-content\/uploads\/2023\/06\/garden-fest-nele-karajlic-150x150.jpg 150w, https:\/\/www.prijedordanas.com\/wp-content\/uploads\/2023\/06\/garden-fest-nele-karajlic-50x50.jpg 50w, https:\/\/www.prijedordanas.com\/wp-content\/uploads\/2023\/06\/garden-fest-nele-karajlic.jpg 600w\" sizes=\"(max-width: 300px) 100vw, 300px\" \/><\/a>Uz njihove najve\u0107e hitove bi\u0107e to prilika da publika \u010duje i pjesme sa novog albuma \u201eKrvava nov\u010danica\u201c. Nasljednik izdanja \u201eBrkovi su da se vole\u201c prvi je materijal koji je bend snimio sa dva nova \u010dlana, gitaristima Alenom Vlajni\u0107em \u2013 Talentinom i Igorom Paspaljem iz Prijedora, gitaristom 2020.godine po izboru magazina \u201cGuitar World\u201d.<\/p>\n<p>Ove godine ljubitelji starog dobrog roka ima\u0107e priliku da \u010duju pionira sarajevskog Novog primitivizma, Dr Neleta Karajli\u0107a, poznatog po bezvremenskim hitovima poput &#8220;Bos ili had\u017eija&#8221; i &#8220;Nedelja kad je oti\u0161&#8217;o Hase&#8221;, koji \u0107e zatvoriti prvo festivalsko ve\u010de.<\/p>\n<p>Sutra, drugog dana festivala, svira\u0107e lokalni alternativni bend \u201cEho Radar\u201d, koji \u0107e publici pored svojih pjesama, predstaviti i nove \u010dlanove. Potom slijedi nastup benda Ni\u010dim Izazvan, koji je nedavno izbacio \u010detvrti studijski album\u201dIdu godine\u201d . Podsje\u0107amo, oni su dobitnici MTV nagrade i predvodnici moderne balkanske pop-rock scene, koji su pro\u0161le godine obilje\u017eili deset godina rada, a sigurni smo da \u0107e nam uljep\u0161ati ovo ljeto, nezaboravnim koncertom u Ljetnoj ba\u0161ti.<\/p>\n<p><a href=\"https:\/\/www.prijedordanas.com\/wp-content\/uploads\/2023\/06\/bajaga.jpg\"><img loading=\"lazy\" decoding=\"async\" class=\"alignleft size-medium wp-image-207932\" src=\"https:\/\/www.prijedordanas.com\/wp-content\/uploads\/2023\/06\/bajaga-300x300.jpg\" alt=\"\" width=\"300\" height=\"300\" srcset=\"https:\/\/www.prijedordanas.com\/wp-content\/uploads\/2023\/06\/bajaga-300x300.jpg 300w, https:\/\/www.prijedordanas.com\/wp-content\/uploads\/2023\/06\/bajaga-150x150.jpg 150w, https:\/\/www.prijedordanas.com\/wp-content\/uploads\/2023\/06\/bajaga-50x50.jpg 50w, https:\/\/www.prijedordanas.com\/wp-content\/uploads\/2023\/06\/bajaga.jpg 600w\" sizes=\"(max-width: 300px) 100vw, 300px\" \/><\/a>Na tre\u0107em \u201cNektar Garden Festu\u201d svira\u0107e i \u201cJaha\u010di magle\u201d sa gotovo 40 godina bogatom karijerom, rock velikani Bajaga i Instruktori. Neka nam \u017eivot bude \u017eut, a ne siv uz Bajagine stare i nove hitove, koje \u0107e publika imati priliku \u010duti sutra na bini Ljetne ba\u0161te.<\/p>\n<p>Festival \u0107e da zatvori Neno Belan &amp; Fiumens, koji prvi put dolaze u Prijedor. Belanova profesionalna karijera traje 38 godina, a sa Fiumensima je pro\u0161le godine obilje\u017eio 25 godina uspje\u0161nog rada.<\/p>\n<p>Poznat je po brojnim hitovima, izme\u0111u ostalog tu su \u201cRijeka snova\u201d, \u201cVino no\u0107i\u201d, \u201cPono\u0107na zvona\u201d,\u201dOceani ljubavi\u201d \u201cSun\u010dan dan\u201d, a publika u Prijedoru \u0107e imati priliku i da \u010duje novi singl \u201d\u017duti Semafor\u201c.<\/p>\n<p>Ukoliko jo\u0161 uvijek niste nabavili svoje karte, iste su u prodaji na www.gigstix.ba, u okviru Gigstix prodajne mre\u017ee, u poslovnicama \u201cPo\u0161ta Srpske\u201d, te na ulazu u Ljetnu ba\u0161tu. Dvodnevne ulaznice su u prodaji po cijeni od 35 KM, a jednodnevne 20 KM. \u2063<\/p>\n<p><a href=\"https:\/\/www.prijedordanas.com\/wp-content\/uploads\/2023\/06\/garden-fest-line-up.jpg\"><img loading=\"lazy\" decoding=\"async\" class=\"alignleft size-medium wp-image-207334\" src=\"https:\/\/www.prijedordanas.com\/wp-content\/uploads\/2023\/06\/garden-fest-line-up-300x300.jpg\" alt=\"\" width=\"300\" height=\"300\" srcset=\"https:\/\/www.prijedordanas.com\/wp-content\/uploads\/2023\/06\/garden-fest-line-up-300x300.jpg 300w, https:\/\/www.prijedordanas.com\/wp-content\/uploads\/2023\/06\/garden-fest-line-up-150x150.jpg 150w, https:\/\/www.prijedordanas.com\/wp-content\/uploads\/2023\/06\/garden-fest-line-up-50x50.jpg 50w, https:\/\/www.prijedordanas.com\/wp-content\/uploads\/2023\/06\/garden-fest-line-up.jpg 600w\" sizes=\"(max-width: 300px) 100vw, 300px\" \/><\/a>Za publiku van Prijedora, besplatan i siguran prevoz do festivala i nazad, u vrijeme kada vama to najvi\u0161e odgovara, obezbjedi\u0107e \u017deljeznice Republike Srpske. Sve \u0161to je potrebno da uradite je da va\u0161u kartu predo\u010dite na \u0161alteru \u017deljeznice. \u2063<\/p>\n<p>\u201cCashless kartica je osnovno i jedino sredstvo pla\u0107anja unutar festivalske zone, jer ne \u017eelimo da na\u0161i posjetioci razmi\u0161ljaju o novcu ili da nestrpljivo \u010dekaju svoje pi\u0107e. \u017delimo da u svakom trenutku vrijeme bude ispunjeno zabavom i pozitivnom energijom. Dakle, na TOP \u2013 UP lokaciji na festivalu jednostavno mo\u017eete iznajmiti ili napuniti karticu i prepusti se u\u017eivanju bez smetnji\u201d, poru\u010dili su organizatori.\u2063<\/p>\n<p>Za vi\u0161e informacija pratite nas na www.gardenfest.net , kao i Facebook i Instagram stranicama festivala.<\/p>\n<p>Okupite ekipu, posjetite \u201cNektar Garden Fest\u201d u Prijedoru i do\u017eivite najbolje momente va\u0161eg ljeta. Zakora\u010dite u ba\u0161tu najboljeg ljetnog provoda!<\/p>\n<p><a href=\"https:\/\/www.prijedordanas.com\/wp-content\/uploads\/2023\/06\/garden-fest-neno-belan.jpg\"><img loading=\"lazy\" decoding=\"async\" class=\"alignleft size-medium wp-image-207055\" src=\"https:\/\/www.prijedordanas.com\/wp-content\/uploads\/2023\/06\/garden-fest-neno-belan-300x300.jpg\" alt=\"\" width=\"300\" height=\"300\" srcset=\"https:\/\/www.prijedordanas.com\/wp-content\/uploads\/2023\/06\/garden-fest-neno-belan-300x300.jpg 300w, https:\/\/www.prijedordanas.com\/wp-content\/uploads\/2023\/06\/garden-fest-neno-belan-150x150.jpg 150w, https:\/\/www.prijedordanas.com\/wp-content\/uploads\/2023\/06\/garden-fest-neno-belan-50x50.jpg 50w, https:\/\/www.prijedordanas.com\/wp-content\/uploads\/2023\/06\/garden-fest-neno-belan.jpg 600w\" sizes=\"(max-width: 300px) 100vw, 300px\" \/><\/a> <a href=\"https:\/\/www.prijedordanas.com\/wp-content\/uploads\/2023\/06\/brkovi.jpg\"><img loading=\"lazy\" decoding=\"async\" class=\"alignleft size-medium wp-image-207332\" src=\"https:\/\/www.prijedordanas.com\/wp-content\/uploads\/2023\/06\/brkovi-300x300.jpg\" alt=\"\" width=\"300\" height=\"300\" srcset=\"https:\/\/www.prijedordanas.com\/wp-content\/uploads\/2023\/06\/brkovi-300x300.jpg 300w, https:\/\/www.prijedordanas.com\/wp-content\/uploads\/2023\/06\/brkovi-150x150.jpg 150w, https:\/\/www.prijedordanas.com\/wp-content\/uploads\/2023\/06\/brkovi-50x50.jpg 50w, https:\/\/www.prijedordanas.com\/wp-content\/uploads\/2023\/06\/brkovi.jpg 600w\" sizes=\"(max-width: 300px) 100vw, 300px\" \/><\/a><\/p>\n","protected":false},"excerpt":{"rendered":"<p>\u201cNektar Garden Fest\u201d, najve\u0107i regionalni muzi\u010dki festival, po\u010dinje ve\u010deras u Ljetnoj ba\u0161ti Prijedor. \u201cPred nama su dva dana u\u017eivanja uz vrhunske regionalne izvo\u0111a\u010de i odli\u010dnu muziku. O\u010dekuje nas odli\u010dna zabava [&hellip;]<\/p>\n","protected":false},"author":1,"featured_media":0,"comment_status":"closed","ping_status":"open","sticky":false,"template":"","format":"standard","meta":{"_monsterinsights_skip_tracking":false,"_monsterinsights_sitenote_active":false,"_monsterinsights_sitenote_note":"","_monsterinsights_sitenote_category":0,"footnotes":""},"categories":[4],"tags":[],"yoast_head":"<!-- This site is optimized with the Yoast SEO plugin v21.6 - https:\/\/yoast.com\/wordpress\/plugins\/seo\/ -->\n<title>Ve\u010deras po\u010dinje tre\u0107i \u201cNektar Garden Fest\u201d - PrijedorDanas.com - Prijedorski gradski portal<\/title>\n<meta name=\"robots\" content=\"index, follow, max-snippet:-1, max-image-preview:large, max-video-preview:-1\" \/>\n<link rel=\"canonical\" href=\"https:\/\/www.prijedordanas.com\/?p=207931\" \/>\n<meta property=\"og:locale\" content=\"en_US\" \/>\n<meta property=\"og:type\" content=\"article\" \/>\n<meta property=\"og:title\" content=\"Ve\u010deras po\u010dinje tre\u0107i \u201cNektar Garden Fest\u201d - PrijedorDanas.com - Prijedorski gradski portal\" \/>\n<meta property=\"og:description\" content=\"\u201cNektar Garden Fest\u201d, najve\u0107i regionalni muzi\u010dki festival, po\u010dinje ve\u010deras u Ljetnoj ba\u0161ti Prijedor. \u201cPred nama su dva dana u\u017eivanja uz vrhunske regionalne izvo\u0111a\u010de i odli\u010dnu muziku. O\u010dekuje nas odli\u010dna zabava [&hellip;]\" \/>\n<meta property=\"og:url\" content=\"https:\/\/www.prijedordanas.com\/?p=207931\" \/>\n<meta property=\"og:site_name\" content=\"PrijedorDanas.com - Prijedorski gradski portal\" \/>\n<meta property=\"article:publisher\" content=\"https:\/\/www.facebook.com\/PrijedorDanasCom\/\" \/>\n<meta property=\"article:published_time\" content=\"2023-06-30T08:24:11+00:00\" \/>\n<meta property=\"og:image\" content=\"https:\/\/www.prijedordanas.com\/wp-content\/uploads\/2023\/05\/garden-fest-2023-najava-300x300.jpg\" \/>\n<meta name=\"author\" content=\"admin\" \/>\n<meta name=\"twitter:card\" content=\"summary_large_image\" \/>\n<meta name=\"twitter:label1\" content=\"Written by\" \/>\n\t<meta name=\"twitter:data1\" content=\"admin\" \/>\n\t<meta name=\"twitter:label2\" content=\"Est. reading time\" \/>\n\t<meta name=\"twitter:data2\" content=\"4 minutes\" \/>\n<script type=\"application\/ld+json\" class=\"yoast-schema-graph\">{\"@context\":\"https:\/\/schema.org\",\"@graph\":[{\"@type\":\"Article\",\"@id\":\"https:\/\/www.prijedordanas.com\/?p=207931#article\",\"isPartOf\":{\"@id\":\"https:\/\/www.prijedordanas.com\/?p=207931\"},\"author\":{\"name\":\"admin\",\"@id\":\"https:\/\/www.prijedordanas.com\/#\/schema\/person\/4e08ccf29b506ca916ff86d46bb700e6\"},\"headline\":\"Ve\u010deras po\u010dinje tre\u0107i \u201cNektar Garden Fest\u201d\",\"datePublished\":\"2023-06-30T08:24:11+00:00\",\"dateModified\":\"2023-06-30T08:24:11+00:00\",\"mainEntityOfPage\":{\"@id\":\"https:\/\/www.prijedordanas.com\/?p=207931\"},\"wordCount\":611,\"publisher\":{\"@id\":\"https:\/\/www.prijedordanas.com\/#organization\"},\"articleSection\":[\"Dru\u0161tvo\"],\"inLanguage\":\"en-US\"},{\"@type\":\"WebPage\",\"@id\":\"https:\/\/www.prijedordanas.com\/?p=207931\",\"url\":\"https:\/\/www.prijedordanas.com\/?p=207931\",\"name\":\"Ve\u010deras po\u010dinje tre\u0107i \u201cNektar Garden Fest\u201d - PrijedorDanas.com - Prijedorski gradski portal\",\"isPartOf\":{\"@id\":\"https:\/\/www.prijedordanas.com\/#website\"},\"datePublished\":\"2023-06-30T08:24:11+00:00\",\"dateModified\":\"2023-06-30T08:24:11+00:00\",\"breadcrumb\":{\"@id\":\"https:\/\/www.prijedordanas.com\/?p=207931#breadcrumb\"},\"inLanguage\":\"en-US\",\"potentialAction\":[{\"@type\":\"ReadAction\",\"target\":[\"https:\/\/www.prijedordanas.com\/?p=207931\"]}]},{\"@type\":\"BreadcrumbList\",\"@id\":\"https:\/\/www.prijedordanas.com\/?p=207931#breadcrumb\",\"itemListElement\":[{\"@type\":\"ListItem\",\"position\":1,\"name\":\"Home\",\"item\":\"https:\/\/www.prijedordanas.com\/\"},{\"@type\":\"ListItem\",\"position\":2,\"name\":\"Ve\u010deras po\u010dinje tre\u0107i \u201cNektar Garden Fest\u201d\"}]},{\"@type\":\"WebSite\",\"@id\":\"https:\/\/www.prijedordanas.com\/#website\",\"url\":\"https:\/\/www.prijedordanas.com\/\",\"name\":\"PrijedorDanas.com - Prijedorski gradski portal\",\"description\":\"Portal o doga\u0111anjima u gradu Prijedoru\",\"publisher\":{\"@id\":\"https:\/\/www.prijedordanas.com\/#organization\"},\"potentialAction\":[{\"@type\":\"SearchAction\",\"target\":{\"@type\":\"EntryPoint\",\"urlTemplate\":\"https:\/\/www.prijedordanas.com\/?s={search_term_string}\"},\"query-input\":\"required name=search_term_string\"}],\"inLanguage\":\"en-US\"},{\"@type\":\"Organization\",\"@id\":\"https:\/\/www.prijedordanas.com\/#organization\",\"name\":\"PrijedorDanas.com\",\"url\":\"https:\/\/www.prijedordanas.com\/\",\"logo\":{\"@type\":\"ImageObject\",\"inLanguage\":\"en-US\",\"@id\":\"https:\/\/www.prijedordanas.com\/#\/schema\/logo\/image\/\",\"url\":\"http:\/\/www.prijedordanas.com\/wp-content\/uploads\/2021\/12\/logopng.png\",\"contentUrl\":\"http:\/\/www.prijedordanas.com\/wp-content\/uploads\/2021\/12\/logopng.png\",\"width\":1019,\"height\":776,\"caption\":\"PrijedorDanas.com\"},\"image\":{\"@id\":\"https:\/\/www.prijedordanas.com\/#\/schema\/logo\/image\/\"},\"sameAs\":[\"https:\/\/www.facebook.com\/PrijedorDanasCom\/\"]},{\"@type\":\"Person\",\"@id\":\"https:\/\/www.prijedordanas.com\/#\/schema\/person\/4e08ccf29b506ca916ff86d46bb700e6\",\"name\":\"admin\",\"image\":{\"@type\":\"ImageObject\",\"inLanguage\":\"en-US\",\"@id\":\"https:\/\/www.prijedordanas.com\/#\/schema\/person\/image\/\",\"url\":\"https:\/\/secure.gravatar.com\/avatar\/1d3fc949d550f0b53a5f0d51e06dfd79?s=96&d=mm&r=g\",\"contentUrl\":\"https:\/\/secure.gravatar.com\/avatar\/1d3fc949d550f0b53a5f0d51e06dfd79?s=96&d=mm&r=g\",\"caption\":\"admin\"},\"url\":\"https:\/\/www.prijedordanas.com\/?author=1\"}]}<\/script>\n<!-- \/ Yoast SEO plugin. -->","yoast_head_json":{"title":"Ve\u010deras po\u010dinje tre\u0107i \u201cNektar Garden Fest\u201d - PrijedorDanas.com - Prijedorski gradski portal","robots":{"index":"index","follow":"follow","max-snippet":"max-snippet:-1","max-image-preview":"max-image-preview:large","max-video-preview":"max-video-preview:-1"},"canonical":"https:\/\/www.prijedordanas.com\/?p=207931","og_locale":"en_US","og_type":"article","og_title":"Ve\u010deras po\u010dinje tre\u0107i \u201cNektar Garden Fest\u201d - PrijedorDanas.com - Prijedorski gradski portal","og_description":"\u201cNektar Garden Fest\u201d, najve\u0107i regionalni muzi\u010dki festival, po\u010dinje ve\u010deras u Ljetnoj ba\u0161ti Prijedor. \u201cPred nama su dva dana u\u017eivanja uz vrhunske regionalne izvo\u0111a\u010de i odli\u010dnu muziku. O\u010dekuje nas odli\u010dna zabava [&hellip;]","og_url":"https:\/\/www.prijedordanas.com\/?p=207931","og_site_name":"PrijedorDanas.com - Prijedorski gradski portal","article_publisher":"https:\/\/www.facebook.com\/PrijedorDanasCom\/","article_published_time":"2023-06-30T08:24:11+00:00","og_image":[{"url":"https:\/\/www.prijedordanas.com\/wp-content\/uploads\/2023\/05\/garden-fest-2023-najava-300x300.jpg"}],"author":"admin","twitter_card":"summary_large_image","twitter_misc":{"Written by":"admin","Est. reading time":"4 minutes"},"schema":{"@context":"https:\/\/schema.org","@graph":[{"@type":"Article","@id":"https:\/\/www.prijedordanas.com\/?p=207931#article","isPartOf":{"@id":"https:\/\/www.prijedordanas.com\/?p=207931"},"author":{"name":"admin","@id":"https:\/\/www.prijedordanas.com\/#\/schema\/person\/4e08ccf29b506ca916ff86d46bb700e6"},"headline":"Ve\u010deras po\u010dinje tre\u0107i \u201cNektar Garden Fest\u201d","datePublished":"2023-06-30T08:24:11+00:00","dateModified":"2023-06-30T08:24:11+00:00","mainEntityOfPage":{"@id":"https:\/\/www.prijedordanas.com\/?p=207931"},"wordCount":611,"publisher":{"@id":"https:\/\/www.prijedordanas.com\/#organization"},"articleSection":["Dru\u0161tvo"],"inLanguage":"en-US"},{"@type":"WebPage","@id":"https:\/\/www.prijedordanas.com\/?p=207931","url":"https:\/\/www.prijedordanas.com\/?p=207931","name":"Ve\u010deras po\u010dinje tre\u0107i \u201cNektar Garden Fest\u201d - PrijedorDanas.com - Prijedorski gradski portal","isPartOf":{"@id":"https:\/\/www.prijedordanas.com\/#website"},"datePublished":"2023-06-30T08:24:11+00:00","dateModified":"2023-06-30T08:24:11+00:00","breadcrumb":{"@id":"https:\/\/www.prijedordanas.com\/?p=207931#breadcrumb"},"inLanguage":"en-US","potentialAction":[{"@type":"ReadAction","target":["https:\/\/www.prijedordanas.com\/?p=207931"]}]},{"@type":"BreadcrumbList","@id":"https:\/\/www.prijedordanas.com\/?p=207931#breadcrumb","itemListElement":[{"@type":"ListItem","position":1,"name":"Home","item":"https:\/\/www.prijedordanas.com\/"},{"@type":"ListItem","position":2,"name":"Ve\u010deras po\u010dinje tre\u0107i \u201cNektar Garden Fest\u201d"}]},{"@type":"WebSite","@id":"https:\/\/www.prijedordanas.com\/#website","url":"https:\/\/www.prijedordanas.com\/","name":"PrijedorDanas.com - Prijedorski gradski portal","description":"Portal o doga\u0111anjima u gradu Prijedoru","publisher":{"@id":"https:\/\/www.prijedordanas.com\/#organization"},"potentialAction":[{"@type":"SearchAction","target":{"@type":"EntryPoint","urlTemplate":"https:\/\/www.prijedordanas.com\/?s={search_term_string}"},"query-input":"required name=search_term_string"}],"inLanguage":"en-US"},{"@type":"Organization","@id":"https:\/\/www.prijedordanas.com\/#organization","name":"PrijedorDanas.com","url":"https:\/\/www.prijedordanas.com\/","logo":{"@type":"ImageObject","inLanguage":"en-US","@id":"https:\/\/www.prijedordanas.com\/#\/schema\/logo\/image\/","url":"http:\/\/www.prijedordanas.com\/wp-content\/uploads\/2021\/12\/logopng.png","contentUrl":"http:\/\/www.prijedordanas.com\/wp-content\/uploads\/2021\/12\/logopng.png","width":1019,"height":776,"caption":"PrijedorDanas.com"},"image":{"@id":"https:\/\/www.prijedordanas.com\/#\/schema\/logo\/image\/"},"sameAs":["https:\/\/www.facebook.com\/PrijedorDanasCom\/"]},{"@type":"Person","@id":"https:\/\/www.prijedordanas.com\/#\/schema\/person\/4e08ccf29b506ca916ff86d46bb700e6","name":"admin","image":{"@type":"ImageObject","inLanguage":"en-US","@id":"https:\/\/www.prijedordanas.com\/#\/schema\/person\/image\/","url":"https:\/\/secure.gravatar.com\/avatar\/1d3fc949d550f0b53a5f0d51e06dfd79?s=96&d=mm&r=g","contentUrl":"https:\/\/secure.gravatar.com\/avatar\/1d3fc949d550f0b53a5f0d51e06dfd79?s=96&d=mm&r=g","caption":"admin"},"url":"https:\/\/www.prijedordanas.com\/?author=1"}]}},"_links":{"self":[{"href":"https:\/\/www.prijedordanas.com\/index.php?rest_route=\/wp\/v2\/posts\/207931"}],"collection":[{"href":"https:\/\/www.prijedordanas.com\/index.php?rest_route=\/wp\/v2\/posts"}],"about":[{"href":"https:\/\/www.prijedordanas.com\/index.php?rest_route=\/wp\/v2\/types\/post"}],"author":[{"embeddable":true,"href":"https:\/\/www.prijedordanas.com\/index.php?rest_route=\/wp\/v2\/users\/1"}],"replies":[{"embeddable":true,"href":"https:\/\/www.prijedordanas.com\/index.php?rest_route=%2Fwp%2Fv2%2Fcomments&post=207931"}],"version-history":[{"count":1,"href":"https:\/\/www.prijedordanas.com\/index.php?rest_route=\/wp\/v2\/posts\/207931\/revisions"}],"predecessor-version":[{"id":207933,"href":"https:\/\/www.prijedordanas.com\/index.php?rest_route=\/wp\/v2\/posts\/207931\/revisions\/207933"}],"wp:attachment":[{"href":"https:\/\/www.prijedordanas.com\/index.php?rest_route=%2Fwp%2Fv2%2Fmedia&parent=207931"}],"wp:term":[{"taxonomy":"category","embeddable":true,"href":"https:\/\/www.prijedordanas.com\/index.php?rest_route=%2Fwp%2Fv2%2Fcategories&post=207931"},{"taxonomy":"post_tag","embeddable":true,"href":"https:\/\/www.prijedordanas.com\/index.php?rest_route=%2Fwp%2Fv2%2Ftags&post=207931"}],"curies":[{"name":"wp","href":"https:\/\/api.w.org\/{rel}","templated":true}]}}