{"id":207926,"date":"2023-06-30T10:15:21","date_gmt":"2023-06-30T08:15:21","guid":{"rendered":"https:\/\/www.prijedordanas.com\/?p=207926"},"modified":"2023-06-30T10:15:21","modified_gmt":"2023-06-30T08:15:21","slug":"medijski-napad-na-cuvare-bistrice-oprobani-recept-targetiranja-neistomisljenika","status":"publish","type":"post","link":"https:\/\/www.prijedordanas.com\/?p=207926","title":{"rendered":"Medijski napad na \u010duvare Bistrice, oprobani recept targetiranja neistomi\u0161ljenika"},"content":{"rendered":"<p><a href=\"https:\/\/www.prijedordanas.com\/wp-content\/uploads\/2023\/06\/protest-bistrica-privatan-posjed.jpg\"><img loading=\"lazy\" decoding=\"async\" src=\"https:\/\/www.prijedordanas.com\/wp-content\/uploads\/2023\/06\/protest-bistrica-privatan-posjed-300x225.jpg\" alt=\"\" width=\"300\" height=\"225\" class=\"alignleft size-medium wp-image-207927\" srcset=\"https:\/\/www.prijedordanas.com\/wp-content\/uploads\/2023\/06\/protest-bistrica-privatan-posjed-300x225.jpg 300w, https:\/\/www.prijedordanas.com\/wp-content\/uploads\/2023\/06\/protest-bistrica-privatan-posjed-640x480.jpg 640w, https:\/\/www.prijedordanas.com\/wp-content\/uploads\/2023\/06\/protest-bistrica-privatan-posjed.jpg 667w\" sizes=\"(max-width: 300px) 100vw, 300px\" \/><\/a>Mje\u0161tani prijedorskog sela Bistrica ustali su o odbranu sela i protive se otvaranju rudnika u tom selu. dana na tu temu raspravlja i prijedorska skup\u0161tina. Idealn povod za megafone ovda\u0161nje vlasti da po oprobanom receptu targetiraju ljude koji brane svoje selo. ATV, RTRS i pojedini portali \u201cobja\u0161njavaju\u201d kako je rudnik uglja od velikog intersa za Bistricu, Prijedor i Republiku Srpsku.<br \/>\nDok objektivni mediji danima upozoravaju kako mje\u0161tani Bistrice tijelima brane svoje selo i kako je vrlo upitno da li preduze\u0107e koje je sa ma\u0161inerijom u\u0161lo u to selo ima sve potrebne dozvole ATV i RTRS su po oprobanom receptu odlu\u010dili da pru\u017ee medijsku pomo\u0107 investitorima.<\/p>\n<p>ATV u prilogu novinarke Biljane Stoki\u0107 obja\u0161njava kako je otvaranje rudnika u interesu Bistrice jer \u0107e doprinijeti otvaranju novih radnih mjesta i razvoju sela. ATV sve potkrepljuje izjavom Milorada Mami\u0107a koji je potpisan kao predsjednik Savjeta Mjesne zajednice Bistrica ali i saop\u0161tenjem preduze\u0107a Drvo-Export iz Tesli\u0107a. U prilogu se navodi kako su mje\u0161tani koji se bune pobunu organizovali jer nisu dobili garancije da \u0107e novac dobiti na svoje li\u010dne ra\u010dune. U saop\u0161tenju iz Tesli\u0107a navodi se da je put koji koriste kamioni Drvo-Exporta u dr\u017eavnom vlasni\u0161tvu. Predsjednik MZ Bistrica Milorad Mami\u0107 navodi u izjavi za ATV da je u sve umje\u0161ana jedna nevladina organizacija iz Federacije. U prilogu nema stava niti izjava mje\u0161tana koji se protive otvaranju rudnika u blizini svojih ku\u0107a.<\/p>\n<p><a href=\"https:\/\/www.prijedordanas.com\/wp-content\/uploads\/2023\/06\/gerila-protest-bistrica-1.jpg\"><img loading=\"lazy\" decoding=\"async\" src=\"https:\/\/www.prijedordanas.com\/wp-content\/uploads\/2023\/06\/gerila-protest-bistrica-1-300x225.jpg\" alt=\"\" width=\"300\" height=\"225\" class=\"alignleft size-medium wp-image-207929\" srcset=\"https:\/\/www.prijedordanas.com\/wp-content\/uploads\/2023\/06\/gerila-protest-bistrica-1-300x225.jpg 300w, https:\/\/www.prijedordanas.com\/wp-content\/uploads\/2023\/06\/gerila-protest-bistrica-1-640x480.jpg 640w, https:\/\/www.prijedordanas.com\/wp-content\/uploads\/2023\/06\/gerila-protest-bistrica-1.jpg 667w\" sizes=\"(max-width: 300px) 100vw, 300px\" \/><\/a>Novinarka Biljana Stoki\u0107, u kratkom telefonskom razgovoru za Gerila info, ka\u017ee da je uzela izjave svih strana a da je predstavnik mje\u0161tana predsjednik Savjeta Mjesne zajednice.<\/p>\n<p>Predsjednik Savjeta Mjesne zajednice Milorad Mami\u0107 u razgovoru za Gerila info ka\u017ee da on ne zna o kojoj nevladinoj organizaciji iz Federacije je rije\u010d ve\u0107 da je on \u010duo da je u sve umje\u0161ana jedna takva organizacija. Potvr\u0111uje da on misli da je rudnik dobar za selo. Na pitanje da li je on prodao zemlju za potrebe rudnika odgovara odri\u010dno i ka\u017ee da je samo ustupio put preko svoje zemlje.<\/p>\n<p>Na pitanje da li zna za proces dekarbonizacije u cijeloj Evropi i za pobune gra\u0111ana BiH zbog uslova \u017eivota pored rudnika, naro\u010dito uglja, ka\u017ee da zna za dekarbonizaciju ali i da se od nje odustalo.<\/p>\n<p>Potvr\u0111uje, me\u0111utim, da mu je mandat na \u010delu Savjeta Mjesne zajednice Bistrica istekao prije dvije godine i da Bistrica fakti\u010dki nema izabran Savjet mjesne zajednice.<\/p>\n<p>\u201cJa tu nisam kriv \u0161to nema izbora. Ja bih najvi\u0161e volio da se to zavr\u0161i i da se rije\u0161im toga\u201c, rekao je Mami\u0107.<\/p>\n<p>Gotovo identi\u010dan tekst sa targetiranjem mje\u0161tana Bistrice objavljen je na portalu RTRS-a. Ni tu nema izjava mje\u0161tana koji se protive kopanju uglja. Sli\u010dan tekst objavljen je na portalima \u010diji vlasnici deceniju uspje\u0161no sara\u0111uju sa razli\u010ditim bud\u017eetima u Republici Srpskoj.<\/p>\n<p>Iz preduze\u0107a Drvo-Export nisu odgovorili na na\u0161a pitanja u vezi tvrdnji da nemaju sve potrebne dozvole za posao u Bistrici. Ina\u010de, vlasnik te kompanije je Sr\u0111an Klje\u010danin odbornik SNSD u Tesli\u0107u a kao zastupnik se na Akta.ba pojavljuje Mladen Marko\u010devi\u0107. Ina\u010de, protiv obojice je 2021. godine policija podnijela izvje\u0161taj Okru\u017enom tu\u017eila\u0161tvu u Doboju zbog sumnji da su na\u010dinili \u0161tetu \u0160umama Republike Srpske, odnosno \u0160umskom gazdinstvu Borja Tesli\u0107. Zanimljivo, tada je pri\u010du o kriminalu u \u0160G Borja objavila upravo RTRS a to se tuma\u010dilo kao dio sukoba izme\u0111u tada\u0161njeg ministra Dragana Luka\u010da sa Miloradom Dodikom.<\/p>\n<p>Prijedorsko Okru\u017eno javno tu\u017eila\u0161tvo potvrdilo je za Gerila info da je zaprimilo krivi\u010dnu prijavu protiv NN lica zbog nelegalnog raskopavanja u selu Bistrica. Prijavu je OJT Prijedor proslijedilo Republi\u010dko javno tu\u017eila\u0161tvo.<\/p>\n<p>Iz prijedorske policije jo\u0161 nisu odgovorili na pitanja u vezi de\u0161avanja u Bistrici ali su odgovore u kratkom telefonskom razgovoru obe\u0107ali dostaviti uskoro.<\/p>\n<p><a href=\"https:\/\/www.gerila.info\/medijski-napad-na-cuvare-bistrice-oprobani-recept-targetiranja-neistomisljenika\/\" rel=\"noopener\" target=\"_blank\">gerila.info<\/a><\/p>\n","protected":false},"excerpt":{"rendered":"<p>Mje\u0161tani prijedorskog sela Bistrica ustali su o odbranu sela i protive se otvaranju rudnika u tom selu. dana na tu temu raspravlja i prijedorska skup\u0161tina. Idealn povod za megafone ovda\u0161nje [&hellip;]<\/p>\n","protected":false},"author":1,"featured_media":0,"comment_status":"closed","ping_status":"open","sticky":false,"template":"","format":"standard","meta":{"_monsterinsights_skip_tracking":false,"_monsterinsights_sitenote_active":false,"_monsterinsights_sitenote_note":"","_monsterinsights_sitenote_category":0,"footnotes":""},"categories":[8],"tags":[],"yoast_head":"<!-- This site is optimized with the Yoast SEO plugin v21.6 - https:\/\/yoast.com\/wordpress\/plugins\/seo\/ -->\n<title>Medijski napad na \u010duvare Bistrice, oprobani recept targetiranja neistomi\u0161ljenika - PrijedorDanas.com - Prijedorski gradski portal<\/title>\n<meta name=\"robots\" content=\"index, follow, max-snippet:-1, max-image-preview:large, max-video-preview:-1\" \/>\n<link rel=\"canonical\" href=\"https:\/\/www.prijedordanas.com\/?p=207926\" \/>\n<meta property=\"og:locale\" content=\"en_US\" \/>\n<meta property=\"og:type\" content=\"article\" \/>\n<meta property=\"og:title\" content=\"Medijski napad na \u010duvare Bistrice, oprobani recept targetiranja neistomi\u0161ljenika - PrijedorDanas.com - Prijedorski gradski portal\" \/>\n<meta property=\"og:description\" content=\"Mje\u0161tani prijedorskog sela Bistrica ustali su o odbranu sela i protive se otvaranju rudnika u tom selu. dana na tu temu raspravlja i prijedorska skup\u0161tina. Idealn povod za megafone ovda\u0161nje [&hellip;]\" \/>\n<meta property=\"og:url\" content=\"https:\/\/www.prijedordanas.com\/?p=207926\" \/>\n<meta property=\"og:site_name\" content=\"PrijedorDanas.com - Prijedorski gradski portal\" \/>\n<meta property=\"article:publisher\" content=\"https:\/\/www.facebook.com\/PrijedorDanasCom\/\" \/>\n<meta property=\"article:published_time\" content=\"2023-06-30T08:15:21+00:00\" \/>\n<meta property=\"og:image\" content=\"https:\/\/www.prijedordanas.com\/wp-content\/uploads\/2023\/06\/protest-bistrica-privatan-posjed-300x225.jpg\" \/>\n<meta name=\"author\" content=\"admin\" \/>\n<meta name=\"twitter:card\" content=\"summary_large_image\" \/>\n<meta name=\"twitter:label1\" content=\"Written by\" \/>\n\t<meta name=\"twitter:data1\" content=\"admin\" \/>\n<script type=\"application\/ld+json\" class=\"yoast-schema-graph\">{\"@context\":\"https:\/\/schema.org\",\"@graph\":[{\"@type\":\"Article\",\"@id\":\"https:\/\/www.prijedordanas.com\/?p=207926#article\",\"isPartOf\":{\"@id\":\"https:\/\/www.prijedordanas.com\/?p=207926\"},\"author\":{\"name\":\"admin\",\"@id\":\"https:\/\/www.prijedordanas.com\/#\/schema\/person\/4e08ccf29b506ca916ff86d46bb700e6\"},\"headline\":\"Medijski napad na \u010duvare Bistrice, oprobani recept targetiranja neistomi\u0161ljenika\",\"datePublished\":\"2023-06-30T08:15:21+00:00\",\"dateModified\":\"2023-06-30T08:15:21+00:00\",\"mainEntityOfPage\":{\"@id\":\"https:\/\/www.prijedordanas.com\/?p=207926\"},\"wordCount\":681,\"publisher\":{\"@id\":\"https:\/\/www.prijedordanas.com\/#organization\"},\"articleSection\":[\"Svakodnevno\"],\"inLanguage\":\"en-US\"},{\"@type\":\"WebPage\",\"@id\":\"https:\/\/www.prijedordanas.com\/?p=207926\",\"url\":\"https:\/\/www.prijedordanas.com\/?p=207926\",\"name\":\"Medijski napad na \u010duvare Bistrice, oprobani recept targetiranja neistomi\u0161ljenika - PrijedorDanas.com - Prijedorski gradski portal\",\"isPartOf\":{\"@id\":\"https:\/\/www.prijedordanas.com\/#website\"},\"datePublished\":\"2023-06-30T08:15:21+00:00\",\"dateModified\":\"2023-06-30T08:15:21+00:00\",\"breadcrumb\":{\"@id\":\"https:\/\/www.prijedordanas.com\/?p=207926#breadcrumb\"},\"inLanguage\":\"en-US\",\"potentialAction\":[{\"@type\":\"ReadAction\",\"target\":[\"https:\/\/www.prijedordanas.com\/?p=207926\"]}]},{\"@type\":\"BreadcrumbList\",\"@id\":\"https:\/\/www.prijedordanas.com\/?p=207926#breadcrumb\",\"itemListElement\":[{\"@type\":\"ListItem\",\"position\":1,\"name\":\"Home\",\"item\":\"https:\/\/www.prijedordanas.com\/\"},{\"@type\":\"ListItem\",\"position\":2,\"name\":\"Medijski napad na \u010duvare Bistrice, oprobani recept targetiranja neistomi\u0161ljenika\"}]},{\"@type\":\"WebSite\",\"@id\":\"https:\/\/www.prijedordanas.com\/#website\",\"url\":\"https:\/\/www.prijedordanas.com\/\",\"name\":\"PrijedorDanas.com - Prijedorski gradski portal\",\"description\":\"Portal o doga\u0111anjima u gradu Prijedoru\",\"publisher\":{\"@id\":\"https:\/\/www.prijedordanas.com\/#organization\"},\"potentialAction\":[{\"@type\":\"SearchAction\",\"target\":{\"@type\":\"EntryPoint\",\"urlTemplate\":\"https:\/\/www.prijedordanas.com\/?s={search_term_string}\"},\"query-input\":\"required name=search_term_string\"}],\"inLanguage\":\"en-US\"},{\"@type\":\"Organization\",\"@id\":\"https:\/\/www.prijedordanas.com\/#organization\",\"name\":\"PrijedorDanas.com\",\"url\":\"https:\/\/www.prijedordanas.com\/\",\"logo\":{\"@type\":\"ImageObject\",\"inLanguage\":\"en-US\",\"@id\":\"https:\/\/www.prijedordanas.com\/#\/schema\/logo\/image\/\",\"url\":\"http:\/\/www.prijedordanas.com\/wp-content\/uploads\/2021\/12\/logopng.png\",\"contentUrl\":\"http:\/\/www.prijedordanas.com\/wp-content\/uploads\/2021\/12\/logopng.png\",\"width\":1019,\"height\":776,\"caption\":\"PrijedorDanas.com\"},\"image\":{\"@id\":\"https:\/\/www.prijedordanas.com\/#\/schema\/logo\/image\/\"},\"sameAs\":[\"https:\/\/www.facebook.com\/PrijedorDanasCom\/\"]},{\"@type\":\"Person\",\"@id\":\"https:\/\/www.prijedordanas.com\/#\/schema\/person\/4e08ccf29b506ca916ff86d46bb700e6\",\"name\":\"admin\",\"image\":{\"@type\":\"ImageObject\",\"inLanguage\":\"en-US\",\"@id\":\"https:\/\/www.prijedordanas.com\/#\/schema\/person\/image\/\",\"url\":\"https:\/\/secure.gravatar.com\/avatar\/1d3fc949d550f0b53a5f0d51e06dfd79?s=96&d=mm&r=g\",\"contentUrl\":\"https:\/\/secure.gravatar.com\/avatar\/1d3fc949d550f0b53a5f0d51e06dfd79?s=96&d=mm&r=g\",\"caption\":\"admin\"},\"url\":\"https:\/\/www.prijedordanas.com\/?author=1\"}]}<\/script>\n<!-- \/ Yoast SEO plugin. -->","yoast_head_json":{"title":"Medijski napad na \u010duvare Bistrice, oprobani recept targetiranja neistomi\u0161ljenika - PrijedorDanas.com - Prijedorski gradski portal","robots":{"index":"index","follow":"follow","max-snippet":"max-snippet:-1","max-image-preview":"max-image-preview:large","max-video-preview":"max-video-preview:-1"},"canonical":"https:\/\/www.prijedordanas.com\/?p=207926","og_locale":"en_US","og_type":"article","og_title":"Medijski napad na \u010duvare Bistrice, oprobani recept targetiranja neistomi\u0161ljenika - PrijedorDanas.com - Prijedorski gradski portal","og_description":"Mje\u0161tani prijedorskog sela Bistrica ustali su o odbranu sela i protive se otvaranju rudnika u tom selu. dana na tu temu raspravlja i prijedorska skup\u0161tina. Idealn povod za megafone ovda\u0161nje [&hellip;]","og_url":"https:\/\/www.prijedordanas.com\/?p=207926","og_site_name":"PrijedorDanas.com - Prijedorski gradski portal","article_publisher":"https:\/\/www.facebook.com\/PrijedorDanasCom\/","article_published_time":"2023-06-30T08:15:21+00:00","og_image":[{"url":"https:\/\/www.prijedordanas.com\/wp-content\/uploads\/2023\/06\/protest-bistrica-privatan-posjed-300x225.jpg"}],"author":"admin","twitter_card":"summary_large_image","twitter_misc":{"Written by":"admin"},"schema":{"@context":"https:\/\/schema.org","@graph":[{"@type":"Article","@id":"https:\/\/www.prijedordanas.com\/?p=207926#article","isPartOf":{"@id":"https:\/\/www.prijedordanas.com\/?p=207926"},"author":{"name":"admin","@id":"https:\/\/www.prijedordanas.com\/#\/schema\/person\/4e08ccf29b506ca916ff86d46bb700e6"},"headline":"Medijski napad na \u010duvare Bistrice, oprobani recept targetiranja neistomi\u0161ljenika","datePublished":"2023-06-30T08:15:21+00:00","dateModified":"2023-06-30T08:15:21+00:00","mainEntityOfPage":{"@id":"https:\/\/www.prijedordanas.com\/?p=207926"},"wordCount":681,"publisher":{"@id":"https:\/\/www.prijedordanas.com\/#organization"},"articleSection":["Svakodnevno"],"inLanguage":"en-US"},{"@type":"WebPage","@id":"https:\/\/www.prijedordanas.com\/?p=207926","url":"https:\/\/www.prijedordanas.com\/?p=207926","name":"Medijski napad na \u010duvare Bistrice, oprobani recept targetiranja neistomi\u0161ljenika - PrijedorDanas.com - Prijedorski gradski portal","isPartOf":{"@id":"https:\/\/www.prijedordanas.com\/#website"},"datePublished":"2023-06-30T08:15:21+00:00","dateModified":"2023-06-30T08:15:21+00:00","breadcrumb":{"@id":"https:\/\/www.prijedordanas.com\/?p=207926#breadcrumb"},"inLanguage":"en-US","potentialAction":[{"@type":"ReadAction","target":["https:\/\/www.prijedordanas.com\/?p=207926"]}]},{"@type":"BreadcrumbList","@id":"https:\/\/www.prijedordanas.com\/?p=207926#breadcrumb","itemListElement":[{"@type":"ListItem","position":1,"name":"Home","item":"https:\/\/www.prijedordanas.com\/"},{"@type":"ListItem","position":2,"name":"Medijski napad na \u010duvare Bistrice, oprobani recept targetiranja neistomi\u0161ljenika"}]},{"@type":"WebSite","@id":"https:\/\/www.prijedordanas.com\/#website","url":"https:\/\/www.prijedordanas.com\/","name":"PrijedorDanas.com - Prijedorski gradski portal","description":"Portal o doga\u0111anjima u gradu Prijedoru","publisher":{"@id":"https:\/\/www.prijedordanas.com\/#organization"},"potentialAction":[{"@type":"SearchAction","target":{"@type":"EntryPoint","urlTemplate":"https:\/\/www.prijedordanas.com\/?s={search_term_string}"},"query-input":"required name=search_term_string"}],"inLanguage":"en-US"},{"@type":"Organization","@id":"https:\/\/www.prijedordanas.com\/#organization","name":"PrijedorDanas.com","url":"https:\/\/www.prijedordanas.com\/","logo":{"@type":"ImageObject","inLanguage":"en-US","@id":"https:\/\/www.prijedordanas.com\/#\/schema\/logo\/image\/","url":"http:\/\/www.prijedordanas.com\/wp-content\/uploads\/2021\/12\/logopng.png","contentUrl":"http:\/\/www.prijedordanas.com\/wp-content\/uploads\/2021\/12\/logopng.png","width":1019,"height":776,"caption":"PrijedorDanas.com"},"image":{"@id":"https:\/\/www.prijedordanas.com\/#\/schema\/logo\/image\/"},"sameAs":["https:\/\/www.facebook.com\/PrijedorDanasCom\/"]},{"@type":"Person","@id":"https:\/\/www.prijedordanas.com\/#\/schema\/person\/4e08ccf29b506ca916ff86d46bb700e6","name":"admin","image":{"@type":"ImageObject","inLanguage":"en-US","@id":"https:\/\/www.prijedordanas.com\/#\/schema\/person\/image\/","url":"https:\/\/secure.gravatar.com\/avatar\/1d3fc949d550f0b53a5f0d51e06dfd79?s=96&d=mm&r=g","contentUrl":"https:\/\/secure.gravatar.com\/avatar\/1d3fc949d550f0b53a5f0d51e06dfd79?s=96&d=mm&r=g","caption":"admin"},"url":"https:\/\/www.prijedordanas.com\/?author=1"}]}},"_links":{"self":[{"href":"https:\/\/www.prijedordanas.com\/index.php?rest_route=\/wp\/v2\/posts\/207926"}],"collection":[{"href":"https:\/\/www.prijedordanas.com\/index.php?rest_route=\/wp\/v2\/posts"}],"about":[{"href":"https:\/\/www.prijedordanas.com\/index.php?rest_route=\/wp\/v2\/types\/post"}],"author":[{"embeddable":true,"href":"https:\/\/www.prijedordanas.com\/index.php?rest_route=\/wp\/v2\/users\/1"}],"replies":[{"embeddable":true,"href":"https:\/\/www.prijedordanas.com\/index.php?rest_route=%2Fwp%2Fv2%2Fcomments&post=207926"}],"version-history":[{"count":1,"href":"https:\/\/www.prijedordanas.com\/index.php?rest_route=\/wp\/v2\/posts\/207926\/revisions"}],"predecessor-version":[{"id":207930,"href":"https:\/\/www.prijedordanas.com\/index.php?rest_route=\/wp\/v2\/posts\/207926\/revisions\/207930"}],"wp:attachment":[{"href":"https:\/\/www.prijedordanas.com\/index.php?rest_route=%2Fwp%2Fv2%2Fmedia&parent=207926"}],"wp:term":[{"taxonomy":"category","embeddable":true,"href":"https:\/\/www.prijedordanas.com\/index.php?rest_route=%2Fwp%2Fv2%2Fcategories&post=207926"},{"taxonomy":"post_tag","embeddable":true,"href":"https:\/\/www.prijedordanas.com\/index.php?rest_route=%2Fwp%2Fv2%2Ftags&post=207926"}],"curies":[{"name":"wp","href":"https:\/\/api.w.org\/{rel}","templated":true}]}}