{"id":207853,"date":"2023-06-29T13:05:52","date_gmt":"2023-06-29T11:05:52","guid":{"rendered":"https:\/\/www.prijedordanas.com\/?p=207853"},"modified":"2023-06-29T13:12:47","modified_gmt":"2023-06-29T11:12:47","slug":"skupstina-grada-prijedora-pocela-posebna-sjednica-o-rudarstvu-foto","status":"publish","type":"post","link":"https:\/\/www.prijedordanas.com\/?p=207853","title":{"rendered":"Skup\u0161tina grada Prijedora: Po\u010dela posebna sjednica o rudarstvu &#8211; FOTO"},"content":{"rendered":"<p><a href=\"https:\/\/www.prijedordanas.com\/wp-content\/uploads\/2023\/06\/skupstina-grada-29juni-rudarstvo-2.jpg\"><img loading=\"lazy\" decoding=\"async\" class=\"alignleft size-medium wp-image-207855\" src=\"https:\/\/www.prijedordanas.com\/wp-content\/uploads\/2023\/06\/skupstina-grada-29juni-rudarstvo-2-300x225.jpg\" alt=\"\" width=\"300\" height=\"225\" srcset=\"https:\/\/www.prijedordanas.com\/wp-content\/uploads\/2023\/06\/skupstina-grada-29juni-rudarstvo-2-300x225.jpg 300w, https:\/\/www.prijedordanas.com\/wp-content\/uploads\/2023\/06\/skupstina-grada-29juni-rudarstvo-2-640x480.jpg 640w, https:\/\/www.prijedordanas.com\/wp-content\/uploads\/2023\/06\/skupstina-grada-29juni-rudarstvo-2.jpg 667w\" sizes=\"(max-width: 300px) 100vw, 300px\" \/><\/a>U Prijedoru se danas odr\u017eava posebna sjednica Skup\u0161tine grada o rudarstvu na kojoj su se obratili i predstavinci mje\u0161tana Bistrice i Bukove kose koji su predo\u010dili razloge zbog kojih se protive istra\u017eivanju i eksploatisanju uglja u ovim naseljima.<\/p>\n<p>Sjednici prisustvuju 22 odbornika od 31 i jednoglasno su prihvatili zahtjeve mje\u0161tana Bistrice i Bukove kose da se u njihovo ime obrate predstavnici ovih naselja \u010diji su se pojedini stanovnici jutros okupili ispred zgrade Gradske uprave.<\/p>\n<p>Miroslav Curi\u0107 iz Bukove kose rekao je na sjednici da se mje\u0161tani ovog kraja protive otvaranju rudnika uglja i zbog ekolo\u0161kih razloga, kao i zato \u0161to se bave poljoprivredom ali, i zbog strati\u0161ta iz Drugog svjetskog rata gdje je civilno stanovni\u0161tvo ovog dijela Prijedora masovno stradalo u usta\u0161kom re\u017eimu u Nezavisnoj Dr\u017eavi Hrvatskoj.<\/p>\n<p><a href=\"https:\/\/www.prijedordanas.com\/wp-content\/uploads\/2023\/06\/skupstina-grada-29juni-rudarstvo-15.jpg\"><img loading=\"lazy\" decoding=\"async\" class=\"alignleft size-medium wp-image-207856\" src=\"https:\/\/www.prijedordanas.com\/wp-content\/uploads\/2023\/06\/skupstina-grada-29juni-rudarstvo-15-300x225.jpg\" alt=\"\" width=\"300\" height=\"225\" srcset=\"https:\/\/www.prijedordanas.com\/wp-content\/uploads\/2023\/06\/skupstina-grada-29juni-rudarstvo-15-300x225.jpg 300w, https:\/\/www.prijedordanas.com\/wp-content\/uploads\/2023\/06\/skupstina-grada-29juni-rudarstvo-15-640x480.jpg 640w, https:\/\/www.prijedordanas.com\/wp-content\/uploads\/2023\/06\/skupstina-grada-29juni-rudarstvo-15.jpg 667w\" sizes=\"(max-width: 300px) 100vw, 300px\" \/><\/a>Zoran Nini\u0107 iz Bistrice u obra\u0107anju odbornicima pozvao je lokalne vlasti da \u0161to prije preduzmu poteze, u skladu sa njihovim nadle\u017enostima, radi zaustavljanja otvaranja rudnika uglja u ovom naselju.<\/p>\n<p>On je naveo da od Skup\u0161tine grada i gradona\u010delnika Slobodana Javora mje\u0161tani zahtijevaju da usvoje akt kojim se ne odobrava sprovo\u0111enje aktivnosti u Bistrici i da ga dostave svim nadle\u017enim organima koji mogu zaustaviti izgradnju rudnika.<\/p>\n<p>&#8220;Svjesni smo trenutne energetske krize koja je zavladala svijetom, ali isto tako smo sigurni da nekih 90.000 tona uglja iz Bistrice ne\u0107e pomo\u0107i, niti zaustaviti tu energetsku krizu&#8221;, rekao je Nini\u0107 za skup\u0161tinskom govornicom.<\/p>\n<p><a href=\"https:\/\/www.prijedordanas.com\/wp-content\/uploads\/2023\/06\/skupstina-grada-29juni-rudarstvo-14.jpg\"><img loading=\"lazy\" decoding=\"async\" src=\"https:\/\/www.prijedordanas.com\/wp-content\/uploads\/2023\/06\/skupstina-grada-29juni-rudarstvo-14-300x225.jpg\" alt=\"\" width=\"300\" height=\"225\" class=\"alignleft size-medium wp-image-207857\" srcset=\"https:\/\/www.prijedordanas.com\/wp-content\/uploads\/2023\/06\/skupstina-grada-29juni-rudarstvo-14-300x225.jpg 300w, https:\/\/www.prijedordanas.com\/wp-content\/uploads\/2023\/06\/skupstina-grada-29juni-rudarstvo-14-640x480.jpg 640w, https:\/\/www.prijedordanas.com\/wp-content\/uploads\/2023\/06\/skupstina-grada-29juni-rudarstvo-14.jpg 667w\" sizes=\"(max-width: 300px) 100vw, 300px\" \/><\/a>Redovni profesor Rudarskog fakulteta u Prijedoru Vladimir Malba\u0161i\u0107 rekao je da svaki posao koji se radi u ovoj oblasti mora ispo\u0161tovati \u010detiri osnovna zakona i da je to preduslov za rad \u2013 o geolo\u0161kim istra\u017eivanjima, o rudarstvu, o za\u0161titi \u017eivotne sredine i o koncesijama.<\/p>\n<p>Posebnoj sjednici Skup\u0161tine grada o rudarstvu prisustvuju potpredsjednik Narodne skup\u0161tine Republike Srpske Mirsad Duratovi\u0107 i narodni poslanici Dra\u017een Vrhovac i Ognjen Vukojevi\u0107, te Goran Boji\u0107 kao predstavnik vi\u0161e firmi koje su vezane za rudarstvo i energetiku i Milan Sad\u017eak iz nevladine organizacije &#8220;\u010cuvari Sane&#8221;.<\/p>\n<p>Nisu prisutni predstavnici Rudnika \u017eeljezne rude &#8220;LJubija&#8221; i &#8220;Arselor Mitala Prijedor&#8221;, kao ni Ministarstva energetike i rudarstva Republike Srpske.<\/p>\n<p>SRNA<\/p>\n<p><a href=\"https:\/\/www.prijedordanas.com\/wp-content\/uploads\/2023\/06\/skupstina-grada-29juni-rudarstvo-19.jpg\"><img loading=\"lazy\" decoding=\"async\" src=\"https:\/\/www.prijedordanas.com\/wp-content\/uploads\/2023\/06\/skupstina-grada-29juni-rudarstvo-19-300x225.jpg\" alt=\"\" width=\"300\" height=\"225\" class=\"alignleft size-medium wp-image-207858\" srcset=\"https:\/\/www.prijedordanas.com\/wp-content\/uploads\/2023\/06\/skupstina-grada-29juni-rudarstvo-19-300x225.jpg 300w, https:\/\/www.prijedordanas.com\/wp-content\/uploads\/2023\/06\/skupstina-grada-29juni-rudarstvo-19-640x480.jpg 640w, https:\/\/www.prijedordanas.com\/wp-content\/uploads\/2023\/06\/skupstina-grada-29juni-rudarstvo-19.jpg 667w\" sizes=\"(max-width: 300px) 100vw, 300px\" \/><\/a> <a href=\"https:\/\/www.prijedordanas.com\/wp-content\/uploads\/2023\/06\/skupstina-grada-29juni-rudarstvo-20.jpg\"><img loading=\"lazy\" decoding=\"async\" src=\"https:\/\/www.prijedordanas.com\/wp-content\/uploads\/2023\/06\/skupstina-grada-29juni-rudarstvo-20-300x225.jpg\" alt=\"\" width=\"300\" height=\"225\" class=\"alignleft size-medium wp-image-207859\" srcset=\"https:\/\/www.prijedordanas.com\/wp-content\/uploads\/2023\/06\/skupstina-grada-29juni-rudarstvo-20-300x225.jpg 300w, https:\/\/www.prijedordanas.com\/wp-content\/uploads\/2023\/06\/skupstina-grada-29juni-rudarstvo-20-640x480.jpg 640w, https:\/\/www.prijedordanas.com\/wp-content\/uploads\/2023\/06\/skupstina-grada-29juni-rudarstvo-20.jpg 667w\" sizes=\"(max-width: 300px) 100vw, 300px\" \/><\/a> <a href=\"https:\/\/www.prijedordanas.com\/wp-content\/uploads\/2023\/06\/skupstina-grada-29juni-rudarstvo-22.jpg\"><img loading=\"lazy\" decoding=\"async\" src=\"https:\/\/www.prijedordanas.com\/wp-content\/uploads\/2023\/06\/skupstina-grada-29juni-rudarstvo-22-300x200.jpg\" alt=\"\" width=\"300\" height=\"200\" class=\"alignleft size-medium wp-image-207860\" srcset=\"https:\/\/www.prijedordanas.com\/wp-content\/uploads\/2023\/06\/skupstina-grada-29juni-rudarstvo-22-300x200.jpg 300w, https:\/\/www.prijedordanas.com\/wp-content\/uploads\/2023\/06\/skupstina-grada-29juni-rudarstvo-22-480x320.jpg 480w, https:\/\/www.prijedordanas.com\/wp-content\/uploads\/2023\/06\/skupstina-grada-29juni-rudarstvo-22.jpg 600w\" sizes=\"(max-width: 300px) 100vw, 300px\" \/><\/a> <a href=\"https:\/\/www.prijedordanas.com\/wp-content\/uploads\/2023\/06\/skupstina-grada-29juni-rudarstvo-23.jpg\"><img loading=\"lazy\" decoding=\"async\" src=\"https:\/\/www.prijedordanas.com\/wp-content\/uploads\/2023\/06\/skupstina-grada-29juni-rudarstvo-23-300x200.jpg\" alt=\"\" width=\"300\" height=\"200\" class=\"alignleft size-medium wp-image-207861\" srcset=\"https:\/\/www.prijedordanas.com\/wp-content\/uploads\/2023\/06\/skupstina-grada-29juni-rudarstvo-23-300x200.jpg 300w, https:\/\/www.prijedordanas.com\/wp-content\/uploads\/2023\/06\/skupstina-grada-29juni-rudarstvo-23-480x320.jpg 480w, https:\/\/www.prijedordanas.com\/wp-content\/uploads\/2023\/06\/skupstina-grada-29juni-rudarstvo-23.jpg 600w\" sizes=\"(max-width: 300px) 100vw, 300px\" \/><\/a> <a href=\"https:\/\/www.prijedordanas.com\/wp-content\/uploads\/2023\/06\/skupstina-grada-29juni-rudarstvo-12.jpg\"><img loading=\"lazy\" decoding=\"async\" src=\"https:\/\/www.prijedordanas.com\/wp-content\/uploads\/2023\/06\/skupstina-grada-29juni-rudarstvo-12-300x200.jpg\" alt=\"\" width=\"300\" height=\"200\" class=\"alignleft size-medium wp-image-207862\" srcset=\"https:\/\/www.prijedordanas.com\/wp-content\/uploads\/2023\/06\/skupstina-grada-29juni-rudarstvo-12-300x200.jpg 300w, https:\/\/www.prijedordanas.com\/wp-content\/uploads\/2023\/06\/skupstina-grada-29juni-rudarstvo-12-480x320.jpg 480w, https:\/\/www.prijedordanas.com\/wp-content\/uploads\/2023\/06\/skupstina-grada-29juni-rudarstvo-12.jpg 600w\" sizes=\"(max-width: 300px) 100vw, 300px\" \/><\/a> <a href=\"https:\/\/www.prijedordanas.com\/wp-content\/uploads\/2023\/06\/skupstina-grada-29juni-rudarstvo-9.jpg\"><img loading=\"lazy\" decoding=\"async\" src=\"https:\/\/www.prijedordanas.com\/wp-content\/uploads\/2023\/06\/skupstina-grada-29juni-rudarstvo-9-300x200.jpg\" alt=\"\" width=\"300\" height=\"200\" class=\"alignleft size-medium wp-image-207863\" srcset=\"https:\/\/www.prijedordanas.com\/wp-content\/uploads\/2023\/06\/skupstina-grada-29juni-rudarstvo-9-300x200.jpg 300w, https:\/\/www.prijedordanas.com\/wp-content\/uploads\/2023\/06\/skupstina-grada-29juni-rudarstvo-9-480x320.jpg 480w, https:\/\/www.prijedordanas.com\/wp-content\/uploads\/2023\/06\/skupstina-grada-29juni-rudarstvo-9.jpg 600w\" sizes=\"(max-width: 300px) 100vw, 300px\" \/><\/a> <a href=\"https:\/\/www.prijedordanas.com\/wp-content\/uploads\/2023\/06\/skupstina-grada-29juni-rudarstvo-18.jpg\"><img loading=\"lazy\" decoding=\"async\" src=\"https:\/\/www.prijedordanas.com\/wp-content\/uploads\/2023\/06\/skupstina-grada-29juni-rudarstvo-18-300x225.jpg\" alt=\"\" width=\"300\" height=\"225\" class=\"alignleft size-medium wp-image-207866\" srcset=\"https:\/\/www.prijedordanas.com\/wp-content\/uploads\/2023\/06\/skupstina-grada-29juni-rudarstvo-18-300x225.jpg 300w, https:\/\/www.prijedordanas.com\/wp-content\/uploads\/2023\/06\/skupstina-grada-29juni-rudarstvo-18-640x480.jpg 640w, https:\/\/www.prijedordanas.com\/wp-content\/uploads\/2023\/06\/skupstina-grada-29juni-rudarstvo-18.jpg 667w\" sizes=\"(max-width: 300px) 100vw, 300px\" \/><\/a> <a href=\"https:\/\/www.prijedordanas.com\/wp-content\/uploads\/2023\/06\/skupstina-grada-29juni-rudarstvo-17.jpg\"><img loading=\"lazy\" decoding=\"async\" src=\"https:\/\/www.prijedordanas.com\/wp-content\/uploads\/2023\/06\/skupstina-grada-29juni-rudarstvo-17-300x225.jpg\" alt=\"\" width=\"300\" height=\"225\" class=\"alignleft size-medium wp-image-207867\" srcset=\"https:\/\/www.prijedordanas.com\/wp-content\/uploads\/2023\/06\/skupstina-grada-29juni-rudarstvo-17-300x225.jpg 300w, https:\/\/www.prijedordanas.com\/wp-content\/uploads\/2023\/06\/skupstina-grada-29juni-rudarstvo-17-640x480.jpg 640w, https:\/\/www.prijedordanas.com\/wp-content\/uploads\/2023\/06\/skupstina-grada-29juni-rudarstvo-17.jpg 667w\" sizes=\"(max-width: 300px) 100vw, 300px\" \/><\/a> <a href=\"https:\/\/www.prijedordanas.com\/wp-content\/uploads\/2023\/06\/skupstina-grada-29juni-rudarstvo-4.jpg\"><img loading=\"lazy\" decoding=\"async\" src=\"https:\/\/www.prijedordanas.com\/wp-content\/uploads\/2023\/06\/skupstina-grada-29juni-rudarstvo-4-300x200.jpg\" alt=\"\" width=\"300\" height=\"200\" class=\"alignleft size-medium wp-image-207868\" srcset=\"https:\/\/www.prijedordanas.com\/wp-content\/uploads\/2023\/06\/skupstina-grada-29juni-rudarstvo-4-300x200.jpg 300w, https:\/\/www.prijedordanas.com\/wp-content\/uploads\/2023\/06\/skupstina-grada-29juni-rudarstvo-4-480x320.jpg 480w, https:\/\/www.prijedordanas.com\/wp-content\/uploads\/2023\/06\/skupstina-grada-29juni-rudarstvo-4.jpg 600w\" sizes=\"(max-width: 300px) 100vw, 300px\" \/><\/a> <a href=\"https:\/\/www.prijedordanas.com\/wp-content\/uploads\/2023\/06\/skupstina-grada-29juni-rudarstvo-7.jpg\"><img loading=\"lazy\" decoding=\"async\" src=\"https:\/\/www.prijedordanas.com\/wp-content\/uploads\/2023\/06\/skupstina-grada-29juni-rudarstvo-7-300x200.jpg\" alt=\"\" width=\"300\" height=\"200\" class=\"alignleft size-medium wp-image-207869\" srcset=\"https:\/\/www.prijedordanas.com\/wp-content\/uploads\/2023\/06\/skupstina-grada-29juni-rudarstvo-7-300x200.jpg 300w, https:\/\/www.prijedordanas.com\/wp-content\/uploads\/2023\/06\/skupstina-grada-29juni-rudarstvo-7-480x320.jpg 480w, https:\/\/www.prijedordanas.com\/wp-content\/uploads\/2023\/06\/skupstina-grada-29juni-rudarstvo-7.jpg 600w\" sizes=\"(max-width: 300px) 100vw, 300px\" \/><\/a><\/p>\n","protected":false},"excerpt":{"rendered":"<p>U Prijedoru se danas odr\u017eava posebna sjednica Skup\u0161tine grada o rudarstvu na kojoj su se obratili i predstavinci mje\u0161tana Bistrice i Bukove kose koji su predo\u010dili razloge zbog kojih se [&hellip;]<\/p>\n","protected":false},"author":1,"featured_media":0,"comment_status":"closed","ping_status":"open","sticky":false,"template":"","format":"standard","meta":{"_monsterinsights_skip_tracking":false,"_monsterinsights_sitenote_active":false,"_monsterinsights_sitenote_note":"","_monsterinsights_sitenote_category":0,"footnotes":""},"categories":[4],"tags":[],"yoast_head":"<!-- This site is optimized with the Yoast SEO plugin v21.6 - https:\/\/yoast.com\/wordpress\/plugins\/seo\/ -->\n<title>Skup\u0161tina grada Prijedora: Po\u010dela posebna sjednica o rudarstvu - FOTO - PrijedorDanas.com - Prijedorski gradski portal<\/title>\n<meta name=\"robots\" content=\"index, follow, max-snippet:-1, max-image-preview:large, max-video-preview:-1\" \/>\n<link rel=\"canonical\" href=\"https:\/\/www.prijedordanas.com\/?p=207853\" \/>\n<meta property=\"og:locale\" content=\"en_US\" \/>\n<meta property=\"og:type\" content=\"article\" \/>\n<meta property=\"og:title\" content=\"Skup\u0161tina grada Prijedora: Po\u010dela posebna sjednica o rudarstvu - FOTO - PrijedorDanas.com - Prijedorski gradski portal\" \/>\n<meta property=\"og:description\" content=\"U Prijedoru se danas odr\u017eava posebna sjednica Skup\u0161tine grada o rudarstvu na kojoj su se obratili i predstavinci mje\u0161tana Bistrice i Bukove kose koji su predo\u010dili razloge zbog kojih se [&hellip;]\" \/>\n<meta property=\"og:url\" content=\"https:\/\/www.prijedordanas.com\/?p=207853\" \/>\n<meta property=\"og:site_name\" content=\"PrijedorDanas.com - Prijedorski gradski portal\" \/>\n<meta property=\"article:publisher\" content=\"https:\/\/www.facebook.com\/PrijedorDanasCom\/\" \/>\n<meta property=\"article:published_time\" content=\"2023-06-29T11:05:52+00:00\" \/>\n<meta property=\"article:modified_time\" content=\"2023-06-29T11:12:47+00:00\" \/>\n<meta property=\"og:image\" content=\"https:\/\/www.prijedordanas.com\/wp-content\/uploads\/2023\/06\/skupstina-grada-29juni-rudarstvo-2-300x225.jpg\" \/>\n<meta name=\"author\" content=\"admin\" \/>\n<meta name=\"twitter:card\" content=\"summary_large_image\" \/>\n<meta name=\"twitter:label1\" content=\"Written by\" \/>\n\t<meta name=\"twitter:data1\" content=\"admin\" \/>\n\t<meta name=\"twitter:label2\" content=\"Est. reading time\" \/>\n\t<meta name=\"twitter:data2\" content=\"5 minutes\" \/>\n<script type=\"application\/ld+json\" class=\"yoast-schema-graph\">{\"@context\":\"https:\/\/schema.org\",\"@graph\":[{\"@type\":\"Article\",\"@id\":\"https:\/\/www.prijedordanas.com\/?p=207853#article\",\"isPartOf\":{\"@id\":\"https:\/\/www.prijedordanas.com\/?p=207853\"},\"author\":{\"name\":\"admin\",\"@id\":\"https:\/\/www.prijedordanas.com\/#\/schema\/person\/4e08ccf29b506ca916ff86d46bb700e6\"},\"headline\":\"Skup\u0161tina grada Prijedora: Po\u010dela posebna sjednica o rudarstvu &#8211; FOTO\",\"datePublished\":\"2023-06-29T11:05:52+00:00\",\"dateModified\":\"2023-06-29T11:12:47+00:00\",\"mainEntityOfPage\":{\"@id\":\"https:\/\/www.prijedordanas.com\/?p=207853\"},\"wordCount\":375,\"publisher\":{\"@id\":\"https:\/\/www.prijedordanas.com\/#organization\"},\"articleSection\":[\"Dru\u0161tvo\"],\"inLanguage\":\"en-US\"},{\"@type\":\"WebPage\",\"@id\":\"https:\/\/www.prijedordanas.com\/?p=207853\",\"url\":\"https:\/\/www.prijedordanas.com\/?p=207853\",\"name\":\"Skup\u0161tina grada Prijedora: Po\u010dela posebna sjednica o rudarstvu - FOTO - PrijedorDanas.com - Prijedorski gradski portal\",\"isPartOf\":{\"@id\":\"https:\/\/www.prijedordanas.com\/#website\"},\"datePublished\":\"2023-06-29T11:05:52+00:00\",\"dateModified\":\"2023-06-29T11:12:47+00:00\",\"breadcrumb\":{\"@id\":\"https:\/\/www.prijedordanas.com\/?p=207853#breadcrumb\"},\"inLanguage\":\"en-US\",\"potentialAction\":[{\"@type\":\"ReadAction\",\"target\":[\"https:\/\/www.prijedordanas.com\/?p=207853\"]}]},{\"@type\":\"BreadcrumbList\",\"@id\":\"https:\/\/www.prijedordanas.com\/?p=207853#breadcrumb\",\"itemListElement\":[{\"@type\":\"ListItem\",\"position\":1,\"name\":\"Home\",\"item\":\"https:\/\/www.prijedordanas.com\/\"},{\"@type\":\"ListItem\",\"position\":2,\"name\":\"Skup\u0161tina grada Prijedora: Po\u010dela posebna sjednica o rudarstvu &#8211; FOTO\"}]},{\"@type\":\"WebSite\",\"@id\":\"https:\/\/www.prijedordanas.com\/#website\",\"url\":\"https:\/\/www.prijedordanas.com\/\",\"name\":\"PrijedorDanas.com - Prijedorski gradski portal\",\"description\":\"Portal o doga\u0111anjima u gradu Prijedoru\",\"publisher\":{\"@id\":\"https:\/\/www.prijedordanas.com\/#organization\"},\"potentialAction\":[{\"@type\":\"SearchAction\",\"target\":{\"@type\":\"EntryPoint\",\"urlTemplate\":\"https:\/\/www.prijedordanas.com\/?s={search_term_string}\"},\"query-input\":\"required name=search_term_string\"}],\"inLanguage\":\"en-US\"},{\"@type\":\"Organization\",\"@id\":\"https:\/\/www.prijedordanas.com\/#organization\",\"name\":\"PrijedorDanas.com\",\"url\":\"https:\/\/www.prijedordanas.com\/\",\"logo\":{\"@type\":\"ImageObject\",\"inLanguage\":\"en-US\",\"@id\":\"https:\/\/www.prijedordanas.com\/#\/schema\/logo\/image\/\",\"url\":\"http:\/\/www.prijedordanas.com\/wp-content\/uploads\/2021\/12\/logopng.png\",\"contentUrl\":\"http:\/\/www.prijedordanas.com\/wp-content\/uploads\/2021\/12\/logopng.png\",\"width\":1019,\"height\":776,\"caption\":\"PrijedorDanas.com\"},\"image\":{\"@id\":\"https:\/\/www.prijedordanas.com\/#\/schema\/logo\/image\/\"},\"sameAs\":[\"https:\/\/www.facebook.com\/PrijedorDanasCom\/\"]},{\"@type\":\"Person\",\"@id\":\"https:\/\/www.prijedordanas.com\/#\/schema\/person\/4e08ccf29b506ca916ff86d46bb700e6\",\"name\":\"admin\",\"image\":{\"@type\":\"ImageObject\",\"inLanguage\":\"en-US\",\"@id\":\"https:\/\/www.prijedordanas.com\/#\/schema\/person\/image\/\",\"url\":\"https:\/\/secure.gravatar.com\/avatar\/1d3fc949d550f0b53a5f0d51e06dfd79?s=96&d=mm&r=g\",\"contentUrl\":\"https:\/\/secure.gravatar.com\/avatar\/1d3fc949d550f0b53a5f0d51e06dfd79?s=96&d=mm&r=g\",\"caption\":\"admin\"},\"url\":\"https:\/\/www.prijedordanas.com\/?author=1\"}]}<\/script>\n<!-- \/ Yoast SEO plugin. -->","yoast_head_json":{"title":"Skup\u0161tina grada Prijedora: Po\u010dela posebna sjednica o rudarstvu - FOTO - PrijedorDanas.com - Prijedorski gradski portal","robots":{"index":"index","follow":"follow","max-snippet":"max-snippet:-1","max-image-preview":"max-image-preview:large","max-video-preview":"max-video-preview:-1"},"canonical":"https:\/\/www.prijedordanas.com\/?p=207853","og_locale":"en_US","og_type":"article","og_title":"Skup\u0161tina grada Prijedora: Po\u010dela posebna sjednica o rudarstvu - FOTO - PrijedorDanas.com - Prijedorski gradski portal","og_description":"U Prijedoru se danas odr\u017eava posebna sjednica Skup\u0161tine grada o rudarstvu na kojoj su se obratili i predstavinci mje\u0161tana Bistrice i Bukove kose koji su predo\u010dili razloge zbog kojih se [&hellip;]","og_url":"https:\/\/www.prijedordanas.com\/?p=207853","og_site_name":"PrijedorDanas.com - Prijedorski gradski portal","article_publisher":"https:\/\/www.facebook.com\/PrijedorDanasCom\/","article_published_time":"2023-06-29T11:05:52+00:00","article_modified_time":"2023-06-29T11:12:47+00:00","og_image":[{"url":"https:\/\/www.prijedordanas.com\/wp-content\/uploads\/2023\/06\/skupstina-grada-29juni-rudarstvo-2-300x225.jpg"}],"author":"admin","twitter_card":"summary_large_image","twitter_misc":{"Written by":"admin","Est. reading time":"5 minutes"},"schema":{"@context":"https:\/\/schema.org","@graph":[{"@type":"Article","@id":"https:\/\/www.prijedordanas.com\/?p=207853#article","isPartOf":{"@id":"https:\/\/www.prijedordanas.com\/?p=207853"},"author":{"name":"admin","@id":"https:\/\/www.prijedordanas.com\/#\/schema\/person\/4e08ccf29b506ca916ff86d46bb700e6"},"headline":"Skup\u0161tina grada Prijedora: Po\u010dela posebna sjednica o rudarstvu &#8211; FOTO","datePublished":"2023-06-29T11:05:52+00:00","dateModified":"2023-06-29T11:12:47+00:00","mainEntityOfPage":{"@id":"https:\/\/www.prijedordanas.com\/?p=207853"},"wordCount":375,"publisher":{"@id":"https:\/\/www.prijedordanas.com\/#organization"},"articleSection":["Dru\u0161tvo"],"inLanguage":"en-US"},{"@type":"WebPage","@id":"https:\/\/www.prijedordanas.com\/?p=207853","url":"https:\/\/www.prijedordanas.com\/?p=207853","name":"Skup\u0161tina grada Prijedora: Po\u010dela posebna sjednica o rudarstvu - FOTO - PrijedorDanas.com - Prijedorski gradski portal","isPartOf":{"@id":"https:\/\/www.prijedordanas.com\/#website"},"datePublished":"2023-06-29T11:05:52+00:00","dateModified":"2023-06-29T11:12:47+00:00","breadcrumb":{"@id":"https:\/\/www.prijedordanas.com\/?p=207853#breadcrumb"},"inLanguage":"en-US","potentialAction":[{"@type":"ReadAction","target":["https:\/\/www.prijedordanas.com\/?p=207853"]}]},{"@type":"BreadcrumbList","@id":"https:\/\/www.prijedordanas.com\/?p=207853#breadcrumb","itemListElement":[{"@type":"ListItem","position":1,"name":"Home","item":"https:\/\/www.prijedordanas.com\/"},{"@type":"ListItem","position":2,"name":"Skup\u0161tina grada Prijedora: Po\u010dela posebna sjednica o rudarstvu &#8211; FOTO"}]},{"@type":"WebSite","@id":"https:\/\/www.prijedordanas.com\/#website","url":"https:\/\/www.prijedordanas.com\/","name":"PrijedorDanas.com - Prijedorski gradski portal","description":"Portal o doga\u0111anjima u gradu Prijedoru","publisher":{"@id":"https:\/\/www.prijedordanas.com\/#organization"},"potentialAction":[{"@type":"SearchAction","target":{"@type":"EntryPoint","urlTemplate":"https:\/\/www.prijedordanas.com\/?s={search_term_string}"},"query-input":"required name=search_term_string"}],"inLanguage":"en-US"},{"@type":"Organization","@id":"https:\/\/www.prijedordanas.com\/#organization","name":"PrijedorDanas.com","url":"https:\/\/www.prijedordanas.com\/","logo":{"@type":"ImageObject","inLanguage":"en-US","@id":"https:\/\/www.prijedordanas.com\/#\/schema\/logo\/image\/","url":"http:\/\/www.prijedordanas.com\/wp-content\/uploads\/2021\/12\/logopng.png","contentUrl":"http:\/\/www.prijedordanas.com\/wp-content\/uploads\/2021\/12\/logopng.png","width":1019,"height":776,"caption":"PrijedorDanas.com"},"image":{"@id":"https:\/\/www.prijedordanas.com\/#\/schema\/logo\/image\/"},"sameAs":["https:\/\/www.facebook.com\/PrijedorDanasCom\/"]},{"@type":"Person","@id":"https:\/\/www.prijedordanas.com\/#\/schema\/person\/4e08ccf29b506ca916ff86d46bb700e6","name":"admin","image":{"@type":"ImageObject","inLanguage":"en-US","@id":"https:\/\/www.prijedordanas.com\/#\/schema\/person\/image\/","url":"https:\/\/secure.gravatar.com\/avatar\/1d3fc949d550f0b53a5f0d51e06dfd79?s=96&d=mm&r=g","contentUrl":"https:\/\/secure.gravatar.com\/avatar\/1d3fc949d550f0b53a5f0d51e06dfd79?s=96&d=mm&r=g","caption":"admin"},"url":"https:\/\/www.prijedordanas.com\/?author=1"}]}},"_links":{"self":[{"href":"https:\/\/www.prijedordanas.com\/index.php?rest_route=\/wp\/v2\/posts\/207853"}],"collection":[{"href":"https:\/\/www.prijedordanas.com\/index.php?rest_route=\/wp\/v2\/posts"}],"about":[{"href":"https:\/\/www.prijedordanas.com\/index.php?rest_route=\/wp\/v2\/types\/post"}],"author":[{"embeddable":true,"href":"https:\/\/www.prijedordanas.com\/index.php?rest_route=\/wp\/v2\/users\/1"}],"replies":[{"embeddable":true,"href":"https:\/\/www.prijedordanas.com\/index.php?rest_route=%2Fwp%2Fv2%2Fcomments&post=207853"}],"version-history":[{"count":4,"href":"https:\/\/www.prijedordanas.com\/index.php?rest_route=\/wp\/v2\/posts\/207853\/revisions"}],"predecessor-version":[{"id":207870,"href":"https:\/\/www.prijedordanas.com\/index.php?rest_route=\/wp\/v2\/posts\/207853\/revisions\/207870"}],"wp:attachment":[{"href":"https:\/\/www.prijedordanas.com\/index.php?rest_route=%2Fwp%2Fv2%2Fmedia&parent=207853"}],"wp:term":[{"taxonomy":"category","embeddable":true,"href":"https:\/\/www.prijedordanas.com\/index.php?rest_route=%2Fwp%2Fv2%2Fcategories&post=207853"},{"taxonomy":"post_tag","embeddable":true,"href":"https:\/\/www.prijedordanas.com\/index.php?rest_route=%2Fwp%2Fv2%2Ftags&post=207853"}],"curies":[{"name":"wp","href":"https:\/\/api.w.org\/{rel}","templated":true}]}}