{"id":207757,"date":"2023-06-27T21:51:18","date_gmt":"2023-06-27T19:51:18","guid":{"rendered":"https:\/\/www.prijedordanas.com\/?p=207757"},"modified":"2023-06-27T21:51:18","modified_gmt":"2023-06-27T19:51:18","slug":"nova-saobracajka-na-podrucju-pu-prijedor-tesko-povrijedeni-traktorista-prevezen-u-ukc-rs-foto","status":"publish","type":"post","link":"https:\/\/www.prijedordanas.com\/?p=207757","title":{"rendered":"Nova saobra\u0107ajka na podru\u010dju PU Prijedor: Te\u0161ko povrije\u0111eni traktorista prevezen u UKC RS &#8211; FOTO"},"content":{"rendered":"<p><a href=\"https:\/\/www.prijedordanas.com\/wp-content\/uploads\/2023\/06\/viber-ravnice-saobracajka-1.jpg\"><img loading=\"lazy\" decoding=\"async\" src=\"https:\/\/www.prijedordanas.com\/wp-content\/uploads\/2023\/06\/viber-ravnice-saobracajka-1-300x225.jpg\" alt=\"\" width=\"300\" height=\"225\" class=\"alignleft size-medium wp-image-207758\" srcset=\"https:\/\/www.prijedordanas.com\/wp-content\/uploads\/2023\/06\/viber-ravnice-saobracajka-1-300x225.jpg 300w, https:\/\/www.prijedordanas.com\/wp-content\/uploads\/2023\/06\/viber-ravnice-saobracajka-1-640x480.jpg 640w, https:\/\/www.prijedordanas.com\/wp-content\/uploads\/2023\/06\/viber-ravnice-saobracajka-1.jpg 666w\" sizes=\"(max-width: 300px) 100vw, 300px\" \/><\/a>Nova saobra\u0107ajka na podru\u010dju koje pokriva Policijska uprava Prijedor a u kojoj je bilo povrije\u0111enih osoba.<\/p>\n<p>-Dana 27. juna oko 14:35 \u010dasova na magistralnom putu Novi Grad-Kostajnica u mjestu Ravnice dogodila se saobra\u0107ajna nezgoda. U njoj su u\u010destvovali traktor kojim je upravljalo lice N.P. iz Novog Grada i putni\u010dko vozilo &#8220;VW&#8221; kojim je upravljalo lice K.\u0106. iz Sanskog Mosta. Tom prilikom te\u0161ke tjelesne povrede je zadobilo lice N.P. dok je lake tjelesne povrede zadobilo lice K.\u0106. Zbog te\u017eine povreda voza\u010d traktora je prevezen u Univerzitetsko klini\u010dki centar Republike Srpske u Banjaluci &#8211; potvrdila je Zvezdana Alendarevi\u0107, portparolka PU Prijedor.<\/p>\n<p>Uvi\u0111aj su obavili policijski slu\u017ebenici PU Prijedor.<\/p>\n<p>Tekst \u2013 <a href=\"https:\/\/www.prijedordanas.com\" target=\"_blank\" rel=\"noopener noreferrer\">www.prijedordanas.com<\/a><br \/>\nFoto &#8211; Viber<\/p>\n<p><a href=\"https:\/\/www.prijedordanas.com\/wp-content\/uploads\/2023\/06\/viber-ravnice-saobracajka-2.jpg\"><img loading=\"lazy\" decoding=\"async\" src=\"https:\/\/www.prijedordanas.com\/wp-content\/uploads\/2023\/06\/viber-ravnice-saobracajka-2-300x231.jpg\" alt=\"\" width=\"300\" height=\"231\" class=\"alignleft size-medium wp-image-207759\" srcset=\"https:\/\/www.prijedordanas.com\/wp-content\/uploads\/2023\/06\/viber-ravnice-saobracajka-2-300x231.jpg 300w, https:\/\/www.prijedordanas.com\/wp-content\/uploads\/2023\/06\/viber-ravnice-saobracajka-2.jpg 650w\" sizes=\"(max-width: 300px) 100vw, 300px\" \/><\/a><\/p>\n","protected":false},"excerpt":{"rendered":"<p>Nova saobra\u0107ajka na podru\u010dju koje pokriva Policijska uprava Prijedor a u kojoj je bilo povrije\u0111enih osoba. -Dana 27. juna oko 14:35 \u010dasova na magistralnom putu Novi Grad-Kostajnica u mjestu Ravnice [&hellip;]<\/p>\n","protected":false},"author":1,"featured_media":0,"comment_status":"closed","ping_status":"open","sticky":false,"template":"","format":"standard","meta":{"_monsterinsights_skip_tracking":false,"_monsterinsights_sitenote_active":false,"_monsterinsights_sitenote_note":"","_monsterinsights_sitenote_category":0,"footnotes":""},"categories":[5],"tags":[],"yoast_head":"<!-- This site is optimized with the Yoast SEO plugin v21.6 - https:\/\/yoast.com\/wordpress\/plugins\/seo\/ -->\n<title>Nova saobra\u0107ajka na podru\u010dju PU Prijedor: Te\u0161ko povrije\u0111eni traktorista prevezen u UKC RS - FOTO - PrijedorDanas.com - Prijedorski gradski portal<\/title>\n<meta name=\"robots\" content=\"index, follow, max-snippet:-1, max-image-preview:large, max-video-preview:-1\" \/>\n<link rel=\"canonical\" href=\"https:\/\/www.prijedordanas.com\/?p=207757\" \/>\n<meta property=\"og:locale\" content=\"en_US\" \/>\n<meta property=\"og:type\" content=\"article\" \/>\n<meta property=\"og:title\" content=\"Nova saobra\u0107ajka na podru\u010dju PU Prijedor: Te\u0161ko povrije\u0111eni traktorista prevezen u UKC RS - FOTO - PrijedorDanas.com - Prijedorski gradski portal\" \/>\n<meta property=\"og:description\" content=\"Nova saobra\u0107ajka na podru\u010dju koje pokriva Policijska uprava Prijedor a u kojoj je bilo povrije\u0111enih osoba. -Dana 27. juna oko 14:35 \u010dasova na magistralnom putu Novi Grad-Kostajnica u mjestu Ravnice [&hellip;]\" \/>\n<meta property=\"og:url\" content=\"https:\/\/www.prijedordanas.com\/?p=207757\" \/>\n<meta property=\"og:site_name\" content=\"PrijedorDanas.com - Prijedorski gradski portal\" \/>\n<meta property=\"article:publisher\" content=\"https:\/\/www.facebook.com\/PrijedorDanasCom\/\" \/>\n<meta property=\"article:published_time\" content=\"2023-06-27T19:51:18+00:00\" \/>\n<meta property=\"og:image\" content=\"https:\/\/www.prijedordanas.com\/wp-content\/uploads\/2023\/06\/viber-ravnice-saobracajka-1-300x225.jpg\" \/>\n<meta name=\"author\" content=\"admin\" \/>\n<meta name=\"twitter:card\" content=\"summary_large_image\" \/>\n<meta name=\"twitter:label1\" content=\"Written by\" \/>\n\t<meta name=\"twitter:data1\" content=\"admin\" \/>\n<script type=\"application\/ld+json\" class=\"yoast-schema-graph\">{\"@context\":\"https:\/\/schema.org\",\"@graph\":[{\"@type\":\"Article\",\"@id\":\"https:\/\/www.prijedordanas.com\/?p=207757#article\",\"isPartOf\":{\"@id\":\"https:\/\/www.prijedordanas.com\/?p=207757\"},\"author\":{\"name\":\"admin\",\"@id\":\"https:\/\/www.prijedordanas.com\/#\/schema\/person\/4e08ccf29b506ca916ff86d46bb700e6\"},\"headline\":\"Nova saobra\u0107ajka na podru\u010dju PU Prijedor: Te\u0161ko povrije\u0111eni traktorista prevezen u UKC RS &#8211; FOTO\",\"datePublished\":\"2023-06-27T19:51:18+00:00\",\"dateModified\":\"2023-06-27T19:51:18+00:00\",\"mainEntityOfPage\":{\"@id\":\"https:\/\/www.prijedordanas.com\/?p=207757\"},\"wordCount\":143,\"publisher\":{\"@id\":\"https:\/\/www.prijedordanas.com\/#organization\"},\"articleSection\":[\"Hronika\"],\"inLanguage\":\"en-US\"},{\"@type\":\"WebPage\",\"@id\":\"https:\/\/www.prijedordanas.com\/?p=207757\",\"url\":\"https:\/\/www.prijedordanas.com\/?p=207757\",\"name\":\"Nova saobra\u0107ajka na podru\u010dju PU Prijedor: Te\u0161ko povrije\u0111eni traktorista prevezen u UKC RS - FOTO - PrijedorDanas.com - Prijedorski gradski portal\",\"isPartOf\":{\"@id\":\"https:\/\/www.prijedordanas.com\/#website\"},\"datePublished\":\"2023-06-27T19:51:18+00:00\",\"dateModified\":\"2023-06-27T19:51:18+00:00\",\"breadcrumb\":{\"@id\":\"https:\/\/www.prijedordanas.com\/?p=207757#breadcrumb\"},\"inLanguage\":\"en-US\",\"potentialAction\":[{\"@type\":\"ReadAction\",\"target\":[\"https:\/\/www.prijedordanas.com\/?p=207757\"]}]},{\"@type\":\"BreadcrumbList\",\"@id\":\"https:\/\/www.prijedordanas.com\/?p=207757#breadcrumb\",\"itemListElement\":[{\"@type\":\"ListItem\",\"position\":1,\"name\":\"Home\",\"item\":\"https:\/\/www.prijedordanas.com\/\"},{\"@type\":\"ListItem\",\"position\":2,\"name\":\"Nova saobra\u0107ajka na podru\u010dju PU Prijedor: Te\u0161ko povrije\u0111eni traktorista prevezen u UKC RS &#8211; FOTO\"}]},{\"@type\":\"WebSite\",\"@id\":\"https:\/\/www.prijedordanas.com\/#website\",\"url\":\"https:\/\/www.prijedordanas.com\/\",\"name\":\"PrijedorDanas.com - Prijedorski gradski portal\",\"description\":\"Portal o doga\u0111anjima u gradu Prijedoru\",\"publisher\":{\"@id\":\"https:\/\/www.prijedordanas.com\/#organization\"},\"potentialAction\":[{\"@type\":\"SearchAction\",\"target\":{\"@type\":\"EntryPoint\",\"urlTemplate\":\"https:\/\/www.prijedordanas.com\/?s={search_term_string}\"},\"query-input\":\"required name=search_term_string\"}],\"inLanguage\":\"en-US\"},{\"@type\":\"Organization\",\"@id\":\"https:\/\/www.prijedordanas.com\/#organization\",\"name\":\"PrijedorDanas.com\",\"url\":\"https:\/\/www.prijedordanas.com\/\",\"logo\":{\"@type\":\"ImageObject\",\"inLanguage\":\"en-US\",\"@id\":\"https:\/\/www.prijedordanas.com\/#\/schema\/logo\/image\/\",\"url\":\"http:\/\/www.prijedordanas.com\/wp-content\/uploads\/2021\/12\/logopng.png\",\"contentUrl\":\"http:\/\/www.prijedordanas.com\/wp-content\/uploads\/2021\/12\/logopng.png\",\"width\":1019,\"height\":776,\"caption\":\"PrijedorDanas.com\"},\"image\":{\"@id\":\"https:\/\/www.prijedordanas.com\/#\/schema\/logo\/image\/\"},\"sameAs\":[\"https:\/\/www.facebook.com\/PrijedorDanasCom\/\"]},{\"@type\":\"Person\",\"@id\":\"https:\/\/www.prijedordanas.com\/#\/schema\/person\/4e08ccf29b506ca916ff86d46bb700e6\",\"name\":\"admin\",\"image\":{\"@type\":\"ImageObject\",\"inLanguage\":\"en-US\",\"@id\":\"https:\/\/www.prijedordanas.com\/#\/schema\/person\/image\/\",\"url\":\"https:\/\/secure.gravatar.com\/avatar\/1d3fc949d550f0b53a5f0d51e06dfd79?s=96&d=mm&r=g\",\"contentUrl\":\"https:\/\/secure.gravatar.com\/avatar\/1d3fc949d550f0b53a5f0d51e06dfd79?s=96&d=mm&r=g\",\"caption\":\"admin\"},\"url\":\"https:\/\/www.prijedordanas.com\/?author=1\"}]}<\/script>\n<!-- \/ Yoast SEO plugin. -->","yoast_head_json":{"title":"Nova saobra\u0107ajka na podru\u010dju PU Prijedor: Te\u0161ko povrije\u0111eni traktorista prevezen u UKC RS - FOTO - PrijedorDanas.com - Prijedorski gradski portal","robots":{"index":"index","follow":"follow","max-snippet":"max-snippet:-1","max-image-preview":"max-image-preview:large","max-video-preview":"max-video-preview:-1"},"canonical":"https:\/\/www.prijedordanas.com\/?p=207757","og_locale":"en_US","og_type":"article","og_title":"Nova saobra\u0107ajka na podru\u010dju PU Prijedor: Te\u0161ko povrije\u0111eni traktorista prevezen u UKC RS - FOTO - PrijedorDanas.com - Prijedorski gradski portal","og_description":"Nova saobra\u0107ajka na podru\u010dju koje pokriva Policijska uprava Prijedor a u kojoj je bilo povrije\u0111enih osoba. -Dana 27. juna oko 14:35 \u010dasova na magistralnom putu Novi Grad-Kostajnica u mjestu Ravnice [&hellip;]","og_url":"https:\/\/www.prijedordanas.com\/?p=207757","og_site_name":"PrijedorDanas.com - Prijedorski gradski portal","article_publisher":"https:\/\/www.facebook.com\/PrijedorDanasCom\/","article_published_time":"2023-06-27T19:51:18+00:00","og_image":[{"url":"https:\/\/www.prijedordanas.com\/wp-content\/uploads\/2023\/06\/viber-ravnice-saobracajka-1-300x225.jpg"}],"author":"admin","twitter_card":"summary_large_image","twitter_misc":{"Written by":"admin"},"schema":{"@context":"https:\/\/schema.org","@graph":[{"@type":"Article","@id":"https:\/\/www.prijedordanas.com\/?p=207757#article","isPartOf":{"@id":"https:\/\/www.prijedordanas.com\/?p=207757"},"author":{"name":"admin","@id":"https:\/\/www.prijedordanas.com\/#\/schema\/person\/4e08ccf29b506ca916ff86d46bb700e6"},"headline":"Nova saobra\u0107ajka na podru\u010dju PU Prijedor: Te\u0161ko povrije\u0111eni traktorista prevezen u UKC RS &#8211; FOTO","datePublished":"2023-06-27T19:51:18+00:00","dateModified":"2023-06-27T19:51:18+00:00","mainEntityOfPage":{"@id":"https:\/\/www.prijedordanas.com\/?p=207757"},"wordCount":143,"publisher":{"@id":"https:\/\/www.prijedordanas.com\/#organization"},"articleSection":["Hronika"],"inLanguage":"en-US"},{"@type":"WebPage","@id":"https:\/\/www.prijedordanas.com\/?p=207757","url":"https:\/\/www.prijedordanas.com\/?p=207757","name":"Nova saobra\u0107ajka na podru\u010dju PU Prijedor: Te\u0161ko povrije\u0111eni traktorista prevezen u UKC RS - FOTO - PrijedorDanas.com - Prijedorski gradski portal","isPartOf":{"@id":"https:\/\/www.prijedordanas.com\/#website"},"datePublished":"2023-06-27T19:51:18+00:00","dateModified":"2023-06-27T19:51:18+00:00","breadcrumb":{"@id":"https:\/\/www.prijedordanas.com\/?p=207757#breadcrumb"},"inLanguage":"en-US","potentialAction":[{"@type":"ReadAction","target":["https:\/\/www.prijedordanas.com\/?p=207757"]}]},{"@type":"BreadcrumbList","@id":"https:\/\/www.prijedordanas.com\/?p=207757#breadcrumb","itemListElement":[{"@type":"ListItem","position":1,"name":"Home","item":"https:\/\/www.prijedordanas.com\/"},{"@type":"ListItem","position":2,"name":"Nova saobra\u0107ajka na podru\u010dju PU Prijedor: Te\u0161ko povrije\u0111eni traktorista prevezen u UKC RS &#8211; FOTO"}]},{"@type":"WebSite","@id":"https:\/\/www.prijedordanas.com\/#website","url":"https:\/\/www.prijedordanas.com\/","name":"PrijedorDanas.com - Prijedorski gradski portal","description":"Portal o doga\u0111anjima u gradu Prijedoru","publisher":{"@id":"https:\/\/www.prijedordanas.com\/#organization"},"potentialAction":[{"@type":"SearchAction","target":{"@type":"EntryPoint","urlTemplate":"https:\/\/www.prijedordanas.com\/?s={search_term_string}"},"query-input":"required name=search_term_string"}],"inLanguage":"en-US"},{"@type":"Organization","@id":"https:\/\/www.prijedordanas.com\/#organization","name":"PrijedorDanas.com","url":"https:\/\/www.prijedordanas.com\/","logo":{"@type":"ImageObject","inLanguage":"en-US","@id":"https:\/\/www.prijedordanas.com\/#\/schema\/logo\/image\/","url":"http:\/\/www.prijedordanas.com\/wp-content\/uploads\/2021\/12\/logopng.png","contentUrl":"http:\/\/www.prijedordanas.com\/wp-content\/uploads\/2021\/12\/logopng.png","width":1019,"height":776,"caption":"PrijedorDanas.com"},"image":{"@id":"https:\/\/www.prijedordanas.com\/#\/schema\/logo\/image\/"},"sameAs":["https:\/\/www.facebook.com\/PrijedorDanasCom\/"]},{"@type":"Person","@id":"https:\/\/www.prijedordanas.com\/#\/schema\/person\/4e08ccf29b506ca916ff86d46bb700e6","name":"admin","image":{"@type":"ImageObject","inLanguage":"en-US","@id":"https:\/\/www.prijedordanas.com\/#\/schema\/person\/image\/","url":"https:\/\/secure.gravatar.com\/avatar\/1d3fc949d550f0b53a5f0d51e06dfd79?s=96&d=mm&r=g","contentUrl":"https:\/\/secure.gravatar.com\/avatar\/1d3fc949d550f0b53a5f0d51e06dfd79?s=96&d=mm&r=g","caption":"admin"},"url":"https:\/\/www.prijedordanas.com\/?author=1"}]}},"_links":{"self":[{"href":"https:\/\/www.prijedordanas.com\/index.php?rest_route=\/wp\/v2\/posts\/207757"}],"collection":[{"href":"https:\/\/www.prijedordanas.com\/index.php?rest_route=\/wp\/v2\/posts"}],"about":[{"href":"https:\/\/www.prijedordanas.com\/index.php?rest_route=\/wp\/v2\/types\/post"}],"author":[{"embeddable":true,"href":"https:\/\/www.prijedordanas.com\/index.php?rest_route=\/wp\/v2\/users\/1"}],"replies":[{"embeddable":true,"href":"https:\/\/www.prijedordanas.com\/index.php?rest_route=%2Fwp%2Fv2%2Fcomments&post=207757"}],"version-history":[{"count":1,"href":"https:\/\/www.prijedordanas.com\/index.php?rest_route=\/wp\/v2\/posts\/207757\/revisions"}],"predecessor-version":[{"id":207760,"href":"https:\/\/www.prijedordanas.com\/index.php?rest_route=\/wp\/v2\/posts\/207757\/revisions\/207760"}],"wp:attachment":[{"href":"https:\/\/www.prijedordanas.com\/index.php?rest_route=%2Fwp%2Fv2%2Fmedia&parent=207757"}],"wp:term":[{"taxonomy":"category","embeddable":true,"href":"https:\/\/www.prijedordanas.com\/index.php?rest_route=%2Fwp%2Fv2%2Fcategories&post=207757"},{"taxonomy":"post_tag","embeddable":true,"href":"https:\/\/www.prijedordanas.com\/index.php?rest_route=%2Fwp%2Fv2%2Ftags&post=207757"}],"curies":[{"name":"wp","href":"https:\/\/api.w.org\/{rel}","templated":true}]}}