{"id":207513,"date":"2023-06-24T03:21:59","date_gmt":"2023-06-24T01:21:59","guid":{"rendered":"https:\/\/www.prijedordanas.com\/?p=207513"},"modified":"2023-06-24T03:21:59","modified_gmt":"2023-06-24T01:21:59","slug":"prijedor-na-medunarodnoj-konferenciji-znanjem-do-zdravlja-120-ucesnika-video","status":"publish","type":"post","link":"https:\/\/www.prijedordanas.com\/?p=207513","title":{"rendered":"Prijedor: Na me\u0111unarodnoj konferenciji &#8220;Znanjem do zdravlja&#8221; 120 u\u010desnika &#8211; VIDEO"},"content":{"rendered":"<p><a href=\"https:\/\/www.prijedordanas.com\/wp-content\/uploads\/2023\/06\/znanjem-do-zdravlja-sanus-2023-1.jpg\"><img loading=\"lazy\" decoding=\"async\" class=\"alignleft size-medium wp-image-207514\" src=\"https:\/\/www.prijedordanas.com\/wp-content\/uploads\/2023\/06\/znanjem-do-zdravlja-sanus-2023-1-300x225.jpg\" alt=\"\" width=\"300\" height=\"225\" srcset=\"https:\/\/www.prijedordanas.com\/wp-content\/uploads\/2023\/06\/znanjem-do-zdravlja-sanus-2023-1-300x225.jpg 300w, https:\/\/www.prijedordanas.com\/wp-content\/uploads\/2023\/06\/znanjem-do-zdravlja-sanus-2023-1-640x480.jpg 640w, https:\/\/www.prijedordanas.com\/wp-content\/uploads\/2023\/06\/znanjem-do-zdravlja-sanus-2023-1.jpg 667w\" sizes=\"(max-width: 300px) 100vw, 300px\" \/><\/a>U Prijedoru je otvorena dvodnevna Me\u0111unarodna konferencija &#8220;Znanjem do zdravlja &#8211; SANUS 2023&#8221; koja je okupila oko 120 u\u010desnika iz osam zemalja, uglavnom iz regiona.<\/p>\n<p>Ilija Stijepi\u0107, direktor Visoke medicinske \u0161kole Prijedor koja je organizator, rekao je novinarima da je ovo druga godina kako je Prijedor doma\u0107in konferencije i da je \u017eelja organizatora da grad postane prepoznatljiv i po ovom skupu.<\/p>\n<p>Dragan Brenjo iz Agencije za bezbjednost hrane BiH rekao je da \u0107e ova ustanove predstaviti teme o ishrani u Hercegovini u kasnom srednjem vijeku, o lokalnoj hrani odnosno 68 proizvoda \u0161irom BiH koji ispunjavaju me\u0111unarodne uslove i imaju potencijal da se za\u0161tite geografskom oznakom i o \u017eitaricama, posebno starim.<\/p>\n<p><a href=\"https:\/\/www.prijedordanas.com\/wp-content\/uploads\/2023\/06\/znanjem-do-zdravlja-sanus-2023-2.jpg\"><img loading=\"lazy\" decoding=\"async\" class=\"alignleft size-medium wp-image-207515\" src=\"https:\/\/www.prijedordanas.com\/wp-content\/uploads\/2023\/06\/znanjem-do-zdravlja-sanus-2023-2-300x200.jpg\" alt=\"\" width=\"300\" height=\"200\" srcset=\"https:\/\/www.prijedordanas.com\/wp-content\/uploads\/2023\/06\/znanjem-do-zdravlja-sanus-2023-2-300x200.jpg 300w, https:\/\/www.prijedordanas.com\/wp-content\/uploads\/2023\/06\/znanjem-do-zdravlja-sanus-2023-2-480x320.jpg 480w, https:\/\/www.prijedordanas.com\/wp-content\/uploads\/2023\/06\/znanjem-do-zdravlja-sanus-2023-2.jpg 600w\" sizes=\"(max-width: 300px) 100vw, 300px\" \/><\/a>On je naveo da je odr\u017eivost pod motom &#8220;Jedan \u017eivot, jedno zdravlje i jedna planeta&#8221; izazov sa kojim se suo\u010dava cijeli svijet &#8211; i proizvo\u0111a\u010di i potro\u0161a\u010di, te da se te\u017ei ka tome da proizvodnja hrane ne \u0161teti ve\u0107 da poku\u0161ava sa\u010duvati \u017eivotnu sredinu.<\/p>\n<p>Profesor na Poljoprivredno-prehrambenom fakultetu Univerziteta u Sarajevu Milenko Blesi\u0107 je predava\u010d po pozivu i na plenumu konferencije predstavi\u0107e temu o umjerenom konzumiranju vina, o opasnostima i prednostima.<\/p>\n<p>&#8220;Ovdje smo da poku\u0161amo odbraniti to \u0161to je ostalo od na\u0161eg obi\u010daja da pijemo vino. \u010cini se da liberalni svijet polako istiskuje to. Danas \u0107emo \u010duti kako su u Irskoj u maju donijeli propis po kojem \u0107ete na svakom alkoholnom pi\u0107u imati ispise o opasnostima kao na cigaretama. I o tome sada traju rasprave&#8221;, rekao je Blesi\u0107.<\/p>\n<p><a href=\"https:\/\/www.prijedordanas.com\/wp-content\/uploads\/2023\/06\/znanjem-do-zdravlja-sanus-2023-3.jpg\"><img loading=\"lazy\" decoding=\"async\" src=\"https:\/\/www.prijedordanas.com\/wp-content\/uploads\/2023\/06\/znanjem-do-zdravlja-sanus-2023-3-300x200.jpg\" alt=\"\" width=\"300\" height=\"200\" class=\"alignleft size-medium wp-image-207516\" srcset=\"https:\/\/www.prijedordanas.com\/wp-content\/uploads\/2023\/06\/znanjem-do-zdravlja-sanus-2023-3-300x200.jpg 300w, https:\/\/www.prijedordanas.com\/wp-content\/uploads\/2023\/06\/znanjem-do-zdravlja-sanus-2023-3-480x320.jpg 480w, https:\/\/www.prijedordanas.com\/wp-content\/uploads\/2023\/06\/znanjem-do-zdravlja-sanus-2023-3.jpg 600w\" sizes=\"(max-width: 300px) 100vw, 300px\" \/><\/a>On je naveo da je umjerena konzumacija, prema preporukama Svjetske zdravstvene organizacije, jedno standardno pi\u0107e za \u017eene, a dva za mu\u0161karce u toku dana.<\/p>\n<p>&#8220;To u na\u0161im uslovima zna\u010di, recimo, pola litra piva za mu\u0161karce i oko 250 mililitara za \u017eene, \u0161to je manje od jednog malog piva&#8221;, dodao je Blesi\u0107.<\/p>\n<p>Suorganizatori nau\u010dnog skupa su Akademija strukovnih studija Beograd, Visoka zdravstvena \u0161kola strukovnih studija, Visoka \u0161kola socijalnog rada Beograd, Fakultet za zdravstvo Angele Bo\u0161kin Jesenice \/Slovenija\/ i Resuscitacioni savjet Republike Srpske.<\/p>\n<p>SRNA<\/p>\n<p><a href=\"https:\/\/www.prijedordanas.com\/wp-content\/uploads\/2023\/06\/znanjem-do-zdravlja-sanus-2023-4.jpg\"><img loading=\"lazy\" decoding=\"async\" src=\"https:\/\/www.prijedordanas.com\/wp-content\/uploads\/2023\/06\/znanjem-do-zdravlja-sanus-2023-4-300x200.jpg\" alt=\"\" width=\"300\" height=\"200\" class=\"alignleft size-medium wp-image-207517\" srcset=\"https:\/\/www.prijedordanas.com\/wp-content\/uploads\/2023\/06\/znanjem-do-zdravlja-sanus-2023-4-300x200.jpg 300w, https:\/\/www.prijedordanas.com\/wp-content\/uploads\/2023\/06\/znanjem-do-zdravlja-sanus-2023-4-480x320.jpg 480w, https:\/\/www.prijedordanas.com\/wp-content\/uploads\/2023\/06\/znanjem-do-zdravlja-sanus-2023-4.jpg 600w\" sizes=\"(max-width: 300px) 100vw, 300px\" \/><\/a><\/p>\n<p><iframe loading=\"lazy\" title=\"NA ME\u0110UNARODNOJ KONFERENCIJI OKO 120 U\u010cESNIKA\" width=\"500\" height=\"281\" src=\"https:\/\/www.youtube.com\/embed\/DR5Wgj260TU?feature=oembed\" frameborder=\"0\" allow=\"accelerometer; autoplay; clipboard-write; encrypted-media; gyroscope; picture-in-picture; web-share\" allowfullscreen><\/iframe><\/p>\n","protected":false},"excerpt":{"rendered":"<p>U Prijedoru je otvorena dvodnevna Me\u0111unarodna konferencija &#8220;Znanjem do zdravlja &#8211; SANUS 2023&#8221; koja je okupila oko 120 u\u010desnika iz osam zemalja, uglavnom iz regiona. Ilija Stijepi\u0107, direktor Visoke medicinske [&hellip;]<\/p>\n","protected":false},"author":1,"featured_media":0,"comment_status":"closed","ping_status":"open","sticky":false,"template":"","format":"standard","meta":{"_monsterinsights_skip_tracking":false,"_monsterinsights_sitenote_active":false,"_monsterinsights_sitenote_note":"","_monsterinsights_sitenote_category":0,"footnotes":""},"categories":[8],"tags":[],"yoast_head":"<!-- This site is optimized with the Yoast SEO plugin v21.6 - https:\/\/yoast.com\/wordpress\/plugins\/seo\/ -->\n<title>Prijedor: Na me\u0111unarodnoj konferenciji &quot;Znanjem do zdravlja&quot; 120 u\u010desnika - VIDEO - PrijedorDanas.com - Prijedorski gradski portal<\/title>\n<meta name=\"robots\" content=\"index, follow, max-snippet:-1, max-image-preview:large, max-video-preview:-1\" \/>\n<link rel=\"canonical\" href=\"https:\/\/www.prijedordanas.com\/?p=207513\" \/>\n<meta property=\"og:locale\" content=\"en_US\" \/>\n<meta property=\"og:type\" content=\"article\" \/>\n<meta property=\"og:title\" content=\"Prijedor: Na me\u0111unarodnoj konferenciji &quot;Znanjem do zdravlja&quot; 120 u\u010desnika - VIDEO - PrijedorDanas.com - Prijedorski gradski portal\" \/>\n<meta property=\"og:description\" content=\"U Prijedoru je otvorena dvodnevna Me\u0111unarodna konferencija &#8220;Znanjem do zdravlja &#8211; SANUS 2023&#8221; koja je okupila oko 120 u\u010desnika iz osam zemalja, uglavnom iz regiona. Ilija Stijepi\u0107, direktor Visoke medicinske [&hellip;]\" \/>\n<meta property=\"og:url\" content=\"https:\/\/www.prijedordanas.com\/?p=207513\" \/>\n<meta property=\"og:site_name\" content=\"PrijedorDanas.com - Prijedorski gradski portal\" \/>\n<meta property=\"article:publisher\" content=\"https:\/\/www.facebook.com\/PrijedorDanasCom\/\" \/>\n<meta property=\"article:published_time\" content=\"2023-06-24T01:21:59+00:00\" \/>\n<meta property=\"og:image\" content=\"https:\/\/www.prijedordanas.com\/wp-content\/uploads\/2023\/06\/znanjem-do-zdravlja-sanus-2023-1-300x225.jpg\" \/>\n<meta name=\"author\" content=\"admin\" \/>\n<meta name=\"twitter:card\" content=\"summary_large_image\" \/>\n<meta name=\"twitter:label1\" content=\"Written by\" \/>\n\t<meta name=\"twitter:data1\" content=\"admin\" \/>\n\t<meta name=\"twitter:label2\" content=\"Est. reading time\" \/>\n\t<meta name=\"twitter:data2\" content=\"2 minutes\" \/>\n<script type=\"application\/ld+json\" class=\"yoast-schema-graph\">{\"@context\":\"https:\/\/schema.org\",\"@graph\":[{\"@type\":\"Article\",\"@id\":\"https:\/\/www.prijedordanas.com\/?p=207513#article\",\"isPartOf\":{\"@id\":\"https:\/\/www.prijedordanas.com\/?p=207513\"},\"author\":{\"name\":\"admin\",\"@id\":\"https:\/\/www.prijedordanas.com\/#\/schema\/person\/4e08ccf29b506ca916ff86d46bb700e6\"},\"headline\":\"Prijedor: Na me\u0111unarodnoj konferenciji &#8220;Znanjem do zdravlja&#8221; 120 u\u010desnika &#8211; VIDEO\",\"datePublished\":\"2023-06-24T01:21:59+00:00\",\"dateModified\":\"2023-06-24T01:21:59+00:00\",\"mainEntityOfPage\":{\"@id\":\"https:\/\/www.prijedordanas.com\/?p=207513\"},\"wordCount\":360,\"publisher\":{\"@id\":\"https:\/\/www.prijedordanas.com\/#organization\"},\"articleSection\":[\"Svakodnevno\"],\"inLanguage\":\"en-US\"},{\"@type\":\"WebPage\",\"@id\":\"https:\/\/www.prijedordanas.com\/?p=207513\",\"url\":\"https:\/\/www.prijedordanas.com\/?p=207513\",\"name\":\"Prijedor: Na me\u0111unarodnoj konferenciji \\\"Znanjem do zdravlja\\\" 120 u\u010desnika - VIDEO - PrijedorDanas.com - Prijedorski gradski portal\",\"isPartOf\":{\"@id\":\"https:\/\/www.prijedordanas.com\/#website\"},\"datePublished\":\"2023-06-24T01:21:59+00:00\",\"dateModified\":\"2023-06-24T01:21:59+00:00\",\"breadcrumb\":{\"@id\":\"https:\/\/www.prijedordanas.com\/?p=207513#breadcrumb\"},\"inLanguage\":\"en-US\",\"potentialAction\":[{\"@type\":\"ReadAction\",\"target\":[\"https:\/\/www.prijedordanas.com\/?p=207513\"]}]},{\"@type\":\"BreadcrumbList\",\"@id\":\"https:\/\/www.prijedordanas.com\/?p=207513#breadcrumb\",\"itemListElement\":[{\"@type\":\"ListItem\",\"position\":1,\"name\":\"Home\",\"item\":\"https:\/\/www.prijedordanas.com\/\"},{\"@type\":\"ListItem\",\"position\":2,\"name\":\"Prijedor: Na me\u0111unarodnoj konferenciji &#8220;Znanjem do zdravlja&#8221; 120 u\u010desnika &#8211; VIDEO\"}]},{\"@type\":\"WebSite\",\"@id\":\"https:\/\/www.prijedordanas.com\/#website\",\"url\":\"https:\/\/www.prijedordanas.com\/\",\"name\":\"PrijedorDanas.com - Prijedorski gradski portal\",\"description\":\"Portal o doga\u0111anjima u gradu Prijedoru\",\"publisher\":{\"@id\":\"https:\/\/www.prijedordanas.com\/#organization\"},\"potentialAction\":[{\"@type\":\"SearchAction\",\"target\":{\"@type\":\"EntryPoint\",\"urlTemplate\":\"https:\/\/www.prijedordanas.com\/?s={search_term_string}\"},\"query-input\":\"required name=search_term_string\"}],\"inLanguage\":\"en-US\"},{\"@type\":\"Organization\",\"@id\":\"https:\/\/www.prijedordanas.com\/#organization\",\"name\":\"PrijedorDanas.com\",\"url\":\"https:\/\/www.prijedordanas.com\/\",\"logo\":{\"@type\":\"ImageObject\",\"inLanguage\":\"en-US\",\"@id\":\"https:\/\/www.prijedordanas.com\/#\/schema\/logo\/image\/\",\"url\":\"http:\/\/www.prijedordanas.com\/wp-content\/uploads\/2021\/12\/logopng.png\",\"contentUrl\":\"http:\/\/www.prijedordanas.com\/wp-content\/uploads\/2021\/12\/logopng.png\",\"width\":1019,\"height\":776,\"caption\":\"PrijedorDanas.com\"},\"image\":{\"@id\":\"https:\/\/www.prijedordanas.com\/#\/schema\/logo\/image\/\"},\"sameAs\":[\"https:\/\/www.facebook.com\/PrijedorDanasCom\/\"]},{\"@type\":\"Person\",\"@id\":\"https:\/\/www.prijedordanas.com\/#\/schema\/person\/4e08ccf29b506ca916ff86d46bb700e6\",\"name\":\"admin\",\"image\":{\"@type\":\"ImageObject\",\"inLanguage\":\"en-US\",\"@id\":\"https:\/\/www.prijedordanas.com\/#\/schema\/person\/image\/\",\"url\":\"https:\/\/secure.gravatar.com\/avatar\/1d3fc949d550f0b53a5f0d51e06dfd79?s=96&d=mm&r=g\",\"contentUrl\":\"https:\/\/secure.gravatar.com\/avatar\/1d3fc949d550f0b53a5f0d51e06dfd79?s=96&d=mm&r=g\",\"caption\":\"admin\"},\"url\":\"https:\/\/www.prijedordanas.com\/?author=1\"}]}<\/script>\n<!-- \/ Yoast SEO plugin. -->","yoast_head_json":{"title":"Prijedor: Na me\u0111unarodnoj konferenciji \"Znanjem do zdravlja\" 120 u\u010desnika - VIDEO - PrijedorDanas.com - Prijedorski gradski portal","robots":{"index":"index","follow":"follow","max-snippet":"max-snippet:-1","max-image-preview":"max-image-preview:large","max-video-preview":"max-video-preview:-1"},"canonical":"https:\/\/www.prijedordanas.com\/?p=207513","og_locale":"en_US","og_type":"article","og_title":"Prijedor: Na me\u0111unarodnoj konferenciji \"Znanjem do zdravlja\" 120 u\u010desnika - VIDEO - PrijedorDanas.com - Prijedorski gradski portal","og_description":"U Prijedoru je otvorena dvodnevna Me\u0111unarodna konferencija &#8220;Znanjem do zdravlja &#8211; SANUS 2023&#8221; koja je okupila oko 120 u\u010desnika iz osam zemalja, uglavnom iz regiona. Ilija Stijepi\u0107, direktor Visoke medicinske [&hellip;]","og_url":"https:\/\/www.prijedordanas.com\/?p=207513","og_site_name":"PrijedorDanas.com - Prijedorski gradski portal","article_publisher":"https:\/\/www.facebook.com\/PrijedorDanasCom\/","article_published_time":"2023-06-24T01:21:59+00:00","og_image":[{"url":"https:\/\/www.prijedordanas.com\/wp-content\/uploads\/2023\/06\/znanjem-do-zdravlja-sanus-2023-1-300x225.jpg"}],"author":"admin","twitter_card":"summary_large_image","twitter_misc":{"Written by":"admin","Est. reading time":"2 minutes"},"schema":{"@context":"https:\/\/schema.org","@graph":[{"@type":"Article","@id":"https:\/\/www.prijedordanas.com\/?p=207513#article","isPartOf":{"@id":"https:\/\/www.prijedordanas.com\/?p=207513"},"author":{"name":"admin","@id":"https:\/\/www.prijedordanas.com\/#\/schema\/person\/4e08ccf29b506ca916ff86d46bb700e6"},"headline":"Prijedor: Na me\u0111unarodnoj konferenciji &#8220;Znanjem do zdravlja&#8221; 120 u\u010desnika &#8211; VIDEO","datePublished":"2023-06-24T01:21:59+00:00","dateModified":"2023-06-24T01:21:59+00:00","mainEntityOfPage":{"@id":"https:\/\/www.prijedordanas.com\/?p=207513"},"wordCount":360,"publisher":{"@id":"https:\/\/www.prijedordanas.com\/#organization"},"articleSection":["Svakodnevno"],"inLanguage":"en-US"},{"@type":"WebPage","@id":"https:\/\/www.prijedordanas.com\/?p=207513","url":"https:\/\/www.prijedordanas.com\/?p=207513","name":"Prijedor: Na me\u0111unarodnoj konferenciji \"Znanjem do zdravlja\" 120 u\u010desnika - VIDEO - PrijedorDanas.com - Prijedorski gradski portal","isPartOf":{"@id":"https:\/\/www.prijedordanas.com\/#website"},"datePublished":"2023-06-24T01:21:59+00:00","dateModified":"2023-06-24T01:21:59+00:00","breadcrumb":{"@id":"https:\/\/www.prijedordanas.com\/?p=207513#breadcrumb"},"inLanguage":"en-US","potentialAction":[{"@type":"ReadAction","target":["https:\/\/www.prijedordanas.com\/?p=207513"]}]},{"@type":"BreadcrumbList","@id":"https:\/\/www.prijedordanas.com\/?p=207513#breadcrumb","itemListElement":[{"@type":"ListItem","position":1,"name":"Home","item":"https:\/\/www.prijedordanas.com\/"},{"@type":"ListItem","position":2,"name":"Prijedor: Na me\u0111unarodnoj konferenciji &#8220;Znanjem do zdravlja&#8221; 120 u\u010desnika &#8211; VIDEO"}]},{"@type":"WebSite","@id":"https:\/\/www.prijedordanas.com\/#website","url":"https:\/\/www.prijedordanas.com\/","name":"PrijedorDanas.com - Prijedorski gradski portal","description":"Portal o doga\u0111anjima u gradu Prijedoru","publisher":{"@id":"https:\/\/www.prijedordanas.com\/#organization"},"potentialAction":[{"@type":"SearchAction","target":{"@type":"EntryPoint","urlTemplate":"https:\/\/www.prijedordanas.com\/?s={search_term_string}"},"query-input":"required name=search_term_string"}],"inLanguage":"en-US"},{"@type":"Organization","@id":"https:\/\/www.prijedordanas.com\/#organization","name":"PrijedorDanas.com","url":"https:\/\/www.prijedordanas.com\/","logo":{"@type":"ImageObject","inLanguage":"en-US","@id":"https:\/\/www.prijedordanas.com\/#\/schema\/logo\/image\/","url":"http:\/\/www.prijedordanas.com\/wp-content\/uploads\/2021\/12\/logopng.png","contentUrl":"http:\/\/www.prijedordanas.com\/wp-content\/uploads\/2021\/12\/logopng.png","width":1019,"height":776,"caption":"PrijedorDanas.com"},"image":{"@id":"https:\/\/www.prijedordanas.com\/#\/schema\/logo\/image\/"},"sameAs":["https:\/\/www.facebook.com\/PrijedorDanasCom\/"]},{"@type":"Person","@id":"https:\/\/www.prijedordanas.com\/#\/schema\/person\/4e08ccf29b506ca916ff86d46bb700e6","name":"admin","image":{"@type":"ImageObject","inLanguage":"en-US","@id":"https:\/\/www.prijedordanas.com\/#\/schema\/person\/image\/","url":"https:\/\/secure.gravatar.com\/avatar\/1d3fc949d550f0b53a5f0d51e06dfd79?s=96&d=mm&r=g","contentUrl":"https:\/\/secure.gravatar.com\/avatar\/1d3fc949d550f0b53a5f0d51e06dfd79?s=96&d=mm&r=g","caption":"admin"},"url":"https:\/\/www.prijedordanas.com\/?author=1"}]}},"_links":{"self":[{"href":"https:\/\/www.prijedordanas.com\/index.php?rest_route=\/wp\/v2\/posts\/207513"}],"collection":[{"href":"https:\/\/www.prijedordanas.com\/index.php?rest_route=\/wp\/v2\/posts"}],"about":[{"href":"https:\/\/www.prijedordanas.com\/index.php?rest_route=\/wp\/v2\/types\/post"}],"author":[{"embeddable":true,"href":"https:\/\/www.prijedordanas.com\/index.php?rest_route=\/wp\/v2\/users\/1"}],"replies":[{"embeddable":true,"href":"https:\/\/www.prijedordanas.com\/index.php?rest_route=%2Fwp%2Fv2%2Fcomments&post=207513"}],"version-history":[{"count":1,"href":"https:\/\/www.prijedordanas.com\/index.php?rest_route=\/wp\/v2\/posts\/207513\/revisions"}],"predecessor-version":[{"id":207519,"href":"https:\/\/www.prijedordanas.com\/index.php?rest_route=\/wp\/v2\/posts\/207513\/revisions\/207519"}],"wp:attachment":[{"href":"https:\/\/www.prijedordanas.com\/index.php?rest_route=%2Fwp%2Fv2%2Fmedia&parent=207513"}],"wp:term":[{"taxonomy":"category","embeddable":true,"href":"https:\/\/www.prijedordanas.com\/index.php?rest_route=%2Fwp%2Fv2%2Fcategories&post=207513"},{"taxonomy":"post_tag","embeddable":true,"href":"https:\/\/www.prijedordanas.com\/index.php?rest_route=%2Fwp%2Fv2%2Ftags&post=207513"}],"curies":[{"name":"wp","href":"https:\/\/api.w.org\/{rel}","templated":true}]}}