{"id":207475,"date":"2023-06-23T16:07:29","date_gmt":"2023-06-23T14:07:29","guid":{"rendered":"https:\/\/www.prijedordanas.com\/?p=207475"},"modified":"2023-06-23T16:07:29","modified_gmt":"2023-06-23T14:07:29","slug":"festival-crteza-i-muzike-u-galeriji-sreten-stojanovic-od-23-do-29-juna","status":"publish","type":"post","link":"https:\/\/www.prijedordanas.com\/?p=207475","title":{"rendered":"Festival crte\u017ea i muzike u Galeriji &#8220;Sreten Stojanovi\u0107&#8221; od 23. do 29. juna"},"content":{"rendered":"<p><a href=\"https:\/\/www.prijedordanas.com\/wp-content\/uploads\/2023\/06\/festival-crteza-i-muzike-2023-plakat.jpg\"><img loading=\"lazy\" decoding=\"async\" class=\"alignleft size-medium wp-image-207477\" src=\"https:\/\/www.prijedordanas.com\/wp-content\/uploads\/2023\/06\/festival-crteza-i-muzike-2023-plakat-213x300.jpg\" alt=\"\" width=\"213\" height=\"300\" srcset=\"https:\/\/www.prijedordanas.com\/wp-content\/uploads\/2023\/06\/festival-crteza-i-muzike-2023-plakat-213x300.jpg 213w, https:\/\/www.prijedordanas.com\/wp-content\/uploads\/2023\/06\/festival-crteza-i-muzike-2023-plakat.jpg 451w\" sizes=\"(max-width: 213px) 100vw, 213px\" \/><\/a>Na otvaranju ovogodi\u0161njeg, 16. po redu Festivala crte\u017ea i muzike, koji \u0107e trajati od 23. do 29. juna 2023. godine u Galeriji &#8220;Sreten Stojanovi\u0107&#8221;, nastupi\u0107e Matija Dedi\u0107, d\u017eez pijanista i kompozitor iz Zagreba.<\/p>\n<p>Njegov nastup je zakazan za 23. juni od 21 \u010das u Galeriji.<\/p>\n<p>U\u010desnici Festivala, na kojem \u0107e se ove godine raditi u tehnici akvarel, su studenti Fakulteta primenjenih umetnosti u Beogradu: doktorand Jovana Stan\u010di\u0107 i Nikola Savi\u0107, Jovan Marovi\u0107, Jovana Boji\u0107, Kristina Nikoli\u0107 sa master studija na \u010delu sa mentorom profesorom Desimirom Deni\u0107em.<\/p>\n<p>Svoje likovne vje\u0161tine pokaza\u0107e i studenti Akademije umjetnosti u Banjoj Luci: Maja Grabovica, Boban Ilin\u010di\u0107, Nata\u0161a Bubalo, Danilo Paukovi\u0107 i Omer Karad\u017ei\u0107 i mentor-profesor Danko Brki\u0107.<\/p>\n<p>Sve\u010dano otvaranje izlo\u017ebe akvarela, koji su nastali tokom Festivala, je planirano za \u010detvrtak 29. juna u 20,30 \u010dasova.<\/p>\n<p>Iste ve\u010deri u 21 \u010das po\u010dinje koncert operskog pjeva\u010da iz Beograda Olivera Njega.<\/p>\n<p><a href=\"https:\/\/www.prijedordanas.com\/wp-content\/uploads\/2023\/06\/matija-dedic-plakat.jpg\"><img loading=\"lazy\" decoding=\"async\" src=\"https:\/\/www.prijedordanas.com\/wp-content\/uploads\/2023\/06\/matija-dedic-plakat-210x300.jpg\" alt=\"\" width=\"210\" height=\"300\" class=\"alignleft size-medium wp-image-207478\" srcset=\"https:\/\/www.prijedordanas.com\/wp-content\/uploads\/2023\/06\/matija-dedic-plakat-210x300.jpg 210w, https:\/\/www.prijedordanas.com\/wp-content\/uploads\/2023\/06\/matija-dedic-plakat.jpg 451w\" sizes=\"(max-width: 210px) 100vw, 210px\" \/><\/a><\/p>\n","protected":false},"excerpt":{"rendered":"<p>Na otvaranju ovogodi\u0161njeg, 16. po redu Festivala crte\u017ea i muzike, koji \u0107e trajati od 23. do 29. juna 2023. godine u Galeriji &#8220;Sreten Stojanovi\u0107&#8221;, nastupi\u0107e Matija Dedi\u0107, d\u017eez pijanista i [&hellip;]<\/p>\n","protected":false},"author":1,"featured_media":0,"comment_status":"closed","ping_status":"open","sticky":false,"template":"","format":"standard","meta":{"_monsterinsights_skip_tracking":false,"_monsterinsights_sitenote_active":false,"_monsterinsights_sitenote_note":"","_monsterinsights_sitenote_category":0,"footnotes":""},"categories":[6],"tags":[],"yoast_head":"<!-- This site is optimized with the Yoast SEO plugin v21.6 - https:\/\/yoast.com\/wordpress\/plugins\/seo\/ -->\n<title>Festival crte\u017ea i muzike u Galeriji &quot;Sreten Stojanovi\u0107&quot; od 23. do 29. juna - PrijedorDanas.com - Prijedorski gradski portal<\/title>\n<meta name=\"robots\" content=\"index, follow, max-snippet:-1, max-image-preview:large, max-video-preview:-1\" \/>\n<link rel=\"canonical\" href=\"https:\/\/www.prijedordanas.com\/?p=207475\" \/>\n<meta property=\"og:locale\" content=\"en_US\" \/>\n<meta property=\"og:type\" content=\"article\" \/>\n<meta property=\"og:title\" content=\"Festival crte\u017ea i muzike u Galeriji &quot;Sreten Stojanovi\u0107&quot; od 23. do 29. juna - PrijedorDanas.com - Prijedorski gradski portal\" \/>\n<meta property=\"og:description\" content=\"Na otvaranju ovogodi\u0161njeg, 16. po redu Festivala crte\u017ea i muzike, koji \u0107e trajati od 23. do 29. juna 2023. godine u Galeriji &#8220;Sreten Stojanovi\u0107&#8221;, nastupi\u0107e Matija Dedi\u0107, d\u017eez pijanista i [&hellip;]\" \/>\n<meta property=\"og:url\" content=\"https:\/\/www.prijedordanas.com\/?p=207475\" \/>\n<meta property=\"og:site_name\" content=\"PrijedorDanas.com - Prijedorski gradski portal\" \/>\n<meta property=\"article:publisher\" content=\"https:\/\/www.facebook.com\/PrijedorDanasCom\/\" \/>\n<meta property=\"article:published_time\" content=\"2023-06-23T14:07:29+00:00\" \/>\n<meta property=\"og:image\" content=\"https:\/\/www.prijedordanas.com\/wp-content\/uploads\/2023\/06\/festival-crteza-i-muzike-2023-plakat-213x300.jpg\" \/>\n<meta name=\"author\" content=\"admin\" \/>\n<meta name=\"twitter:card\" content=\"summary_large_image\" \/>\n<meta name=\"twitter:label1\" content=\"Written by\" \/>\n\t<meta name=\"twitter:data1\" content=\"admin\" \/>\n\t<meta name=\"twitter:label2\" content=\"Est. reading time\" \/>\n\t<meta name=\"twitter:data2\" content=\"1 minute\" \/>\n<script type=\"application\/ld+json\" class=\"yoast-schema-graph\">{\"@context\":\"https:\/\/schema.org\",\"@graph\":[{\"@type\":\"Article\",\"@id\":\"https:\/\/www.prijedordanas.com\/?p=207475#article\",\"isPartOf\":{\"@id\":\"https:\/\/www.prijedordanas.com\/?p=207475\"},\"author\":{\"name\":\"admin\",\"@id\":\"https:\/\/www.prijedordanas.com\/#\/schema\/person\/4e08ccf29b506ca916ff86d46bb700e6\"},\"headline\":\"Festival crte\u017ea i muzike u Galeriji &#8220;Sreten Stojanovi\u0107&#8221; od 23. do 29. juna\",\"datePublished\":\"2023-06-23T14:07:29+00:00\",\"dateModified\":\"2023-06-23T14:07:29+00:00\",\"mainEntityOfPage\":{\"@id\":\"https:\/\/www.prijedordanas.com\/?p=207475\"},\"wordCount\":163,\"publisher\":{\"@id\":\"https:\/\/www.prijedordanas.com\/#organization\"},\"articleSection\":[\"Kultura\"],\"inLanguage\":\"en-US\"},{\"@type\":\"WebPage\",\"@id\":\"https:\/\/www.prijedordanas.com\/?p=207475\",\"url\":\"https:\/\/www.prijedordanas.com\/?p=207475\",\"name\":\"Festival crte\u017ea i muzike u Galeriji \\\"Sreten Stojanovi\u0107\\\" od 23. do 29. juna - PrijedorDanas.com - Prijedorski gradski portal\",\"isPartOf\":{\"@id\":\"https:\/\/www.prijedordanas.com\/#website\"},\"datePublished\":\"2023-06-23T14:07:29+00:00\",\"dateModified\":\"2023-06-23T14:07:29+00:00\",\"breadcrumb\":{\"@id\":\"https:\/\/www.prijedordanas.com\/?p=207475#breadcrumb\"},\"inLanguage\":\"en-US\",\"potentialAction\":[{\"@type\":\"ReadAction\",\"target\":[\"https:\/\/www.prijedordanas.com\/?p=207475\"]}]},{\"@type\":\"BreadcrumbList\",\"@id\":\"https:\/\/www.prijedordanas.com\/?p=207475#breadcrumb\",\"itemListElement\":[{\"@type\":\"ListItem\",\"position\":1,\"name\":\"Home\",\"item\":\"https:\/\/www.prijedordanas.com\/\"},{\"@type\":\"ListItem\",\"position\":2,\"name\":\"Festival crte\u017ea i muzike u Galeriji &#8220;Sreten Stojanovi\u0107&#8221; od 23. do 29. juna\"}]},{\"@type\":\"WebSite\",\"@id\":\"https:\/\/www.prijedordanas.com\/#website\",\"url\":\"https:\/\/www.prijedordanas.com\/\",\"name\":\"PrijedorDanas.com - Prijedorski gradski portal\",\"description\":\"Portal o doga\u0111anjima u gradu Prijedoru\",\"publisher\":{\"@id\":\"https:\/\/www.prijedordanas.com\/#organization\"},\"potentialAction\":[{\"@type\":\"SearchAction\",\"target\":{\"@type\":\"EntryPoint\",\"urlTemplate\":\"https:\/\/www.prijedordanas.com\/?s={search_term_string}\"},\"query-input\":\"required name=search_term_string\"}],\"inLanguage\":\"en-US\"},{\"@type\":\"Organization\",\"@id\":\"https:\/\/www.prijedordanas.com\/#organization\",\"name\":\"PrijedorDanas.com\",\"url\":\"https:\/\/www.prijedordanas.com\/\",\"logo\":{\"@type\":\"ImageObject\",\"inLanguage\":\"en-US\",\"@id\":\"https:\/\/www.prijedordanas.com\/#\/schema\/logo\/image\/\",\"url\":\"http:\/\/www.prijedordanas.com\/wp-content\/uploads\/2021\/12\/logopng.png\",\"contentUrl\":\"http:\/\/www.prijedordanas.com\/wp-content\/uploads\/2021\/12\/logopng.png\",\"width\":1019,\"height\":776,\"caption\":\"PrijedorDanas.com\"},\"image\":{\"@id\":\"https:\/\/www.prijedordanas.com\/#\/schema\/logo\/image\/\"},\"sameAs\":[\"https:\/\/www.facebook.com\/PrijedorDanasCom\/\"]},{\"@type\":\"Person\",\"@id\":\"https:\/\/www.prijedordanas.com\/#\/schema\/person\/4e08ccf29b506ca916ff86d46bb700e6\",\"name\":\"admin\",\"image\":{\"@type\":\"ImageObject\",\"inLanguage\":\"en-US\",\"@id\":\"https:\/\/www.prijedordanas.com\/#\/schema\/person\/image\/\",\"url\":\"https:\/\/secure.gravatar.com\/avatar\/1d3fc949d550f0b53a5f0d51e06dfd79?s=96&d=mm&r=g\",\"contentUrl\":\"https:\/\/secure.gravatar.com\/avatar\/1d3fc949d550f0b53a5f0d51e06dfd79?s=96&d=mm&r=g\",\"caption\":\"admin\"},\"url\":\"https:\/\/www.prijedordanas.com\/?author=1\"}]}<\/script>\n<!-- \/ Yoast SEO plugin. -->","yoast_head_json":{"title":"Festival crte\u017ea i muzike u Galeriji \"Sreten Stojanovi\u0107\" od 23. do 29. juna - PrijedorDanas.com - Prijedorski gradski portal","robots":{"index":"index","follow":"follow","max-snippet":"max-snippet:-1","max-image-preview":"max-image-preview:large","max-video-preview":"max-video-preview:-1"},"canonical":"https:\/\/www.prijedordanas.com\/?p=207475","og_locale":"en_US","og_type":"article","og_title":"Festival crte\u017ea i muzike u Galeriji \"Sreten Stojanovi\u0107\" od 23. do 29. juna - PrijedorDanas.com - Prijedorski gradski portal","og_description":"Na otvaranju ovogodi\u0161njeg, 16. po redu Festivala crte\u017ea i muzike, koji \u0107e trajati od 23. do 29. juna 2023. godine u Galeriji &#8220;Sreten Stojanovi\u0107&#8221;, nastupi\u0107e Matija Dedi\u0107, d\u017eez pijanista i [&hellip;]","og_url":"https:\/\/www.prijedordanas.com\/?p=207475","og_site_name":"PrijedorDanas.com - Prijedorski gradski portal","article_publisher":"https:\/\/www.facebook.com\/PrijedorDanasCom\/","article_published_time":"2023-06-23T14:07:29+00:00","og_image":[{"url":"https:\/\/www.prijedordanas.com\/wp-content\/uploads\/2023\/06\/festival-crteza-i-muzike-2023-plakat-213x300.jpg"}],"author":"admin","twitter_card":"summary_large_image","twitter_misc":{"Written by":"admin","Est. reading time":"1 minute"},"schema":{"@context":"https:\/\/schema.org","@graph":[{"@type":"Article","@id":"https:\/\/www.prijedordanas.com\/?p=207475#article","isPartOf":{"@id":"https:\/\/www.prijedordanas.com\/?p=207475"},"author":{"name":"admin","@id":"https:\/\/www.prijedordanas.com\/#\/schema\/person\/4e08ccf29b506ca916ff86d46bb700e6"},"headline":"Festival crte\u017ea i muzike u Galeriji &#8220;Sreten Stojanovi\u0107&#8221; od 23. do 29. juna","datePublished":"2023-06-23T14:07:29+00:00","dateModified":"2023-06-23T14:07:29+00:00","mainEntityOfPage":{"@id":"https:\/\/www.prijedordanas.com\/?p=207475"},"wordCount":163,"publisher":{"@id":"https:\/\/www.prijedordanas.com\/#organization"},"articleSection":["Kultura"],"inLanguage":"en-US"},{"@type":"WebPage","@id":"https:\/\/www.prijedordanas.com\/?p=207475","url":"https:\/\/www.prijedordanas.com\/?p=207475","name":"Festival crte\u017ea i muzike u Galeriji \"Sreten Stojanovi\u0107\" od 23. do 29. juna - PrijedorDanas.com - Prijedorski gradski portal","isPartOf":{"@id":"https:\/\/www.prijedordanas.com\/#website"},"datePublished":"2023-06-23T14:07:29+00:00","dateModified":"2023-06-23T14:07:29+00:00","breadcrumb":{"@id":"https:\/\/www.prijedordanas.com\/?p=207475#breadcrumb"},"inLanguage":"en-US","potentialAction":[{"@type":"ReadAction","target":["https:\/\/www.prijedordanas.com\/?p=207475"]}]},{"@type":"BreadcrumbList","@id":"https:\/\/www.prijedordanas.com\/?p=207475#breadcrumb","itemListElement":[{"@type":"ListItem","position":1,"name":"Home","item":"https:\/\/www.prijedordanas.com\/"},{"@type":"ListItem","position":2,"name":"Festival crte\u017ea i muzike u Galeriji &#8220;Sreten Stojanovi\u0107&#8221; od 23. do 29. juna"}]},{"@type":"WebSite","@id":"https:\/\/www.prijedordanas.com\/#website","url":"https:\/\/www.prijedordanas.com\/","name":"PrijedorDanas.com - Prijedorski gradski portal","description":"Portal o doga\u0111anjima u gradu Prijedoru","publisher":{"@id":"https:\/\/www.prijedordanas.com\/#organization"},"potentialAction":[{"@type":"SearchAction","target":{"@type":"EntryPoint","urlTemplate":"https:\/\/www.prijedordanas.com\/?s={search_term_string}"},"query-input":"required name=search_term_string"}],"inLanguage":"en-US"},{"@type":"Organization","@id":"https:\/\/www.prijedordanas.com\/#organization","name":"PrijedorDanas.com","url":"https:\/\/www.prijedordanas.com\/","logo":{"@type":"ImageObject","inLanguage":"en-US","@id":"https:\/\/www.prijedordanas.com\/#\/schema\/logo\/image\/","url":"http:\/\/www.prijedordanas.com\/wp-content\/uploads\/2021\/12\/logopng.png","contentUrl":"http:\/\/www.prijedordanas.com\/wp-content\/uploads\/2021\/12\/logopng.png","width":1019,"height":776,"caption":"PrijedorDanas.com"},"image":{"@id":"https:\/\/www.prijedordanas.com\/#\/schema\/logo\/image\/"},"sameAs":["https:\/\/www.facebook.com\/PrijedorDanasCom\/"]},{"@type":"Person","@id":"https:\/\/www.prijedordanas.com\/#\/schema\/person\/4e08ccf29b506ca916ff86d46bb700e6","name":"admin","image":{"@type":"ImageObject","inLanguage":"en-US","@id":"https:\/\/www.prijedordanas.com\/#\/schema\/person\/image\/","url":"https:\/\/secure.gravatar.com\/avatar\/1d3fc949d550f0b53a5f0d51e06dfd79?s=96&d=mm&r=g","contentUrl":"https:\/\/secure.gravatar.com\/avatar\/1d3fc949d550f0b53a5f0d51e06dfd79?s=96&d=mm&r=g","caption":"admin"},"url":"https:\/\/www.prijedordanas.com\/?author=1"}]}},"_links":{"self":[{"href":"https:\/\/www.prijedordanas.com\/index.php?rest_route=\/wp\/v2\/posts\/207475"}],"collection":[{"href":"https:\/\/www.prijedordanas.com\/index.php?rest_route=\/wp\/v2\/posts"}],"about":[{"href":"https:\/\/www.prijedordanas.com\/index.php?rest_route=\/wp\/v2\/types\/post"}],"author":[{"embeddable":true,"href":"https:\/\/www.prijedordanas.com\/index.php?rest_route=\/wp\/v2\/users\/1"}],"replies":[{"embeddable":true,"href":"https:\/\/www.prijedordanas.com\/index.php?rest_route=%2Fwp%2Fv2%2Fcomments&post=207475"}],"version-history":[{"count":1,"href":"https:\/\/www.prijedordanas.com\/index.php?rest_route=\/wp\/v2\/posts\/207475\/revisions"}],"predecessor-version":[{"id":207479,"href":"https:\/\/www.prijedordanas.com\/index.php?rest_route=\/wp\/v2\/posts\/207475\/revisions\/207479"}],"wp:attachment":[{"href":"https:\/\/www.prijedordanas.com\/index.php?rest_route=%2Fwp%2Fv2%2Fmedia&parent=207475"}],"wp:term":[{"taxonomy":"category","embeddable":true,"href":"https:\/\/www.prijedordanas.com\/index.php?rest_route=%2Fwp%2Fv2%2Fcategories&post=207475"},{"taxonomy":"post_tag","embeddable":true,"href":"https:\/\/www.prijedordanas.com\/index.php?rest_route=%2Fwp%2Fv2%2Ftags&post=207475"}],"curies":[{"name":"wp","href":"https:\/\/api.w.org\/{rel}","templated":true}]}}