{"id":207220,"date":"2023-06-18T15:45:29","date_gmt":"2023-06-18T13:45:29","guid":{"rendered":"https:\/\/www.prijedordanas.com\/?p=207220"},"modified":"2023-06-18T15:45:29","modified_gmt":"2023-06-18T13:45:29","slug":"stanje-u-prijedorskoj-bolnici-doktor-mladen-stojanovic-alarmantno-foto-video","status":"publish","type":"post","link":"https:\/\/www.prijedordanas.com\/?p=207220","title":{"rendered":"Stanje u prijedorskoj bolnici &#8220;Doktor Mladen Stojanovi\u0107&#8221; alarmantno &#8211; FOTO\/VIDEO"},"content":{"rendered":"<p><a href=\"https:\/\/www.prijedordanas.com\/wp-content\/uploads\/2023\/06\/rtrs-bolnica-prijedor-iz-vazduha-juni2023.jpg\"><img loading=\"lazy\" decoding=\"async\" class=\"alignleft size-medium wp-image-207221\" src=\"https:\/\/www.prijedordanas.com\/wp-content\/uploads\/2023\/06\/rtrs-bolnica-prijedor-iz-vazduha-juni2023-300x225.jpg\" alt=\"\" width=\"300\" height=\"225\" srcset=\"https:\/\/www.prijedordanas.com\/wp-content\/uploads\/2023\/06\/rtrs-bolnica-prijedor-iz-vazduha-juni2023-300x225.jpg 300w, https:\/\/www.prijedordanas.com\/wp-content\/uploads\/2023\/06\/rtrs-bolnica-prijedor-iz-vazduha-juni2023-640x480.jpg 640w, https:\/\/www.prijedordanas.com\/wp-content\/uploads\/2023\/06\/rtrs-bolnica-prijedor-iz-vazduha-juni2023.jpg 666w\" sizes=\"(max-width: 300px) 100vw, 300px\" \/><\/a>Stanje u prijedorskoj bolnici &#8220;Doktor Mladen Stojanovi\u0107&#8221; je alarmantno, ka\u017eu radnici i apeluju na sve relevantne institucije da \u0161to prije to rije\u0161e.<\/p>\n<p>Navode da je nemogu\u0107e vi\u0161e raditi jer je dotrajala infrastruktura, proki\u0161njava krov, a pro\u0161log mjeseca u zgradi je do\u0161lo \u010dak do po\u017eara zbog \u010dega su van funkcije bile operacione sale i CT aparat.<\/p>\n<p>Zbog dotrajalosti krova koji nije rekonstruisan 20 godina, svaka ja\u010da ki\u0161a stvara velike probleme u prijedorskoj bolnici .Sredinom maja \u010dak je do\u0161lo do poplave koja je izazvala po\u017ear na elektro ormaru iz kojeg se strujom napajaju o\u010dna i ginekolo\u0161ka operaciona sala. Po\u017ear je brzo lokalizovan, me\u0111utim, sale su osposobljene za rad tek nakon sedam dana.<\/p>\n<p><a href=\"https:\/\/www.prijedordanas.com\/wp-content\/uploads\/2023\/06\/bolnica-prijedor-iz-vazduha-juni2023.jpg\"><img loading=\"lazy\" decoding=\"async\" class=\"alignleft size-medium wp-image-207131\" src=\"https:\/\/www.prijedordanas.com\/wp-content\/uploads\/2023\/06\/bolnica-prijedor-iz-vazduha-juni2023-300x225.jpg\" alt=\"\" width=\"300\" height=\"225\" srcset=\"https:\/\/www.prijedordanas.com\/wp-content\/uploads\/2023\/06\/bolnica-prijedor-iz-vazduha-juni2023-300x225.jpg 300w, https:\/\/www.prijedordanas.com\/wp-content\/uploads\/2023\/06\/bolnica-prijedor-iz-vazduha-juni2023-640x480.jpg 640w, https:\/\/www.prijedordanas.com\/wp-content\/uploads\/2023\/06\/bolnica-prijedor-iz-vazduha-juni2023.jpg 667w\" sizes=\"(max-width: 300px) 100vw, 300px\" \/><\/a>&#8211; Alarm je odavno upaljen. Ovako ne mo\u017eemo. Ide ljeto, ali mora da se krene u rekonstrukciju krova. Oba kotla nam ne rade &#8211; ka\u017ee Ivana Davidovi\u0107 predsjednik Strukovnog sindikata medicinskih sestara i tekni\u010dara Bolnice &#8220;Dr Mladen Stojanovi\u0107&#8221; Prijedor.<\/p>\n<p>Davor Hrni\u0107 predsjednik Udru\u017eene sindikalne organizacije Op\u0161te bolnice &#8220;Dr Mladen Stojanovi\u0107&#8221; Prijedor dodao je da se sada rade hitni slu\u010dajevi.<\/p>\n<p>&#8211; Do kad \u0107e to trajati, do prvih ve\u0107ih ki\u0161a, kada \u0107e krov ponovo po\u010deti da pu\u0161ta, vjerovatno \u0107e do\u0107i do novih kvarova &#8211; dodao je on.<\/p>\n<p><a href=\"https:\/\/www.prijedordanas.com\/wp-content\/uploads\/2023\/06\/bolnica-prijedor-pres-radnici-16juni-1.jpg\"><img loading=\"lazy\" decoding=\"async\" class=\"alignleft size-medium wp-image-207130\" src=\"https:\/\/www.prijedordanas.com\/wp-content\/uploads\/2023\/06\/bolnica-prijedor-pres-radnici-16juni-1-300x225.jpg\" alt=\"\" width=\"300\" height=\"225\" srcset=\"https:\/\/www.prijedordanas.com\/wp-content\/uploads\/2023\/06\/bolnica-prijedor-pres-radnici-16juni-1-300x225.jpg 300w, https:\/\/www.prijedordanas.com\/wp-content\/uploads\/2023\/06\/bolnica-prijedor-pres-radnici-16juni-1-640x480.jpg 640w, https:\/\/www.prijedordanas.com\/wp-content\/uploads\/2023\/06\/bolnica-prijedor-pres-radnici-16juni-1.jpg 667w\" sizes=\"(max-width: 300px) 100vw, 300px\" \/><\/a>Iz Uprave navode da zbog kvara koji se dogodio u maju CT aparat u ovoj ustanovi i dalje ne radi, a za njegov popravak izdvojeno je 25 hiljada maraka. Ka\u017eu da su o problemu obavijestili resorno ministarstvo. Demantuju da se ovaj slu\u010daj zata\u0161kavao kako su prenijeli pojedini mediji.<\/p>\n<p>&#8211; Odmah se krenulo s anga\u017emanom ovla\u0161tenih elektro-majstora koji su nakon sedam dana osposobili o\u010dnu i ginekolo\u0161ku operacionu salu. Potpuno je neta\u010dno da su operacione sale izgorjele &#8211; navedeno je iz Bolnice.<\/p>\n<p>Iz resornog ministarstva potvr\u0111uju da su krajem maja primili obavje\u0161tenja od Uprave i Sindikata bolnice i da rade na trajnom rje\u0161avanju problema.<\/p>\n<p>&#8211; Ministarstvo je pismenim putem detaljno obavijestilo Bolnicu o potrebnim procedurama i aktivnostima u rje\u0161avanju eventualne rekonstrukcije ili izgradnje nove bolnice, sa svim nabrojanim koracima koje je potrebno preduzeti radi trajnog rje\u0161enja, te o\u010dekujemo da Bolnica izvijesti Ministarstvo o preduzetim koracima &#8211; navedeno je iz Ministarstva zdravlja i socijalne za\u0161tite.<\/p>\n<p>Da je rekonstrukcija bolnice neophodna i to hitno tra\u017ee gra\u0111ani i pacijenti ove regije jer \u010dak 150 hiljada ljudi gravitiraju pri ovoj zdravstvenoj ustanovi.<\/p>\n<p>Radnici bolnice ka\u017eu da \u0107e, iako rade u ote\u017eanim uslovima, nastaviti s pru\u017eanjem najbolje mogu\u0107e zdrastvene njege.<\/p>\n<p>RTRS<\/p>\n<p><iframe loading=\"lazy\" title=\"Stanje u prijedorskoj bolnici &quot;Doktor Mladen Stojanovi\u0107&quot; alarmantno\" width=\"500\" height=\"281\" src=\"https:\/\/www.youtube.com\/embed\/RaCyDQ2XB-s?feature=oembed\" frameborder=\"0\" allow=\"accelerometer; autoplay; clipboard-write; encrypted-media; gyroscope; picture-in-picture; web-share\" allowfullscreen><\/iframe><\/p>\n<p><a href=\"https:\/\/www.prijedordanas.com\/wp-content\/uploads\/2023\/06\/bolnica-prijedor-losi-uslovi-rada-5.jpg\"><img loading=\"lazy\" decoding=\"async\" src=\"https:\/\/www.prijedordanas.com\/wp-content\/uploads\/2023\/06\/bolnica-prijedor-losi-uslovi-rada-5-135x300.jpg\" alt=\"\" width=\"135\" height=\"300\" class=\"alignleft size-medium wp-image-207141\" srcset=\"https:\/\/www.prijedordanas.com\/wp-content\/uploads\/2023\/06\/bolnica-prijedor-losi-uslovi-rada-5-135x300.jpg 135w, https:\/\/www.prijedordanas.com\/wp-content\/uploads\/2023\/06\/bolnica-prijedor-losi-uslovi-rada-5.jpg 269w\" sizes=\"(max-width: 135px) 100vw, 135px\" \/><\/a> <a href=\"https:\/\/www.prijedordanas.com\/wp-content\/uploads\/2023\/06\/bolnica-prijedor-losi-uslovi-rada-4.jpg\"><img loading=\"lazy\" decoding=\"async\" src=\"https:\/\/www.prijedordanas.com\/wp-content\/uploads\/2023\/06\/bolnica-prijedor-losi-uslovi-rada-4-225x300.jpg\" alt=\"\" width=\"225\" height=\"300\" class=\"alignleft size-medium wp-image-207137\" srcset=\"https:\/\/www.prijedordanas.com\/wp-content\/uploads\/2023\/06\/bolnica-prijedor-losi-uslovi-rada-4-225x300.jpg 225w, https:\/\/www.prijedordanas.com\/wp-content\/uploads\/2023\/06\/bolnica-prijedor-losi-uslovi-rada-4.jpg 450w\" sizes=\"(max-width: 225px) 100vw, 225px\" \/><\/a> <a href=\"https:\/\/www.prijedordanas.com\/wp-content\/uploads\/2023\/06\/bolnica-prijedor-losi-uslovi-rada-2.jpg\"><img loading=\"lazy\" decoding=\"async\" src=\"https:\/\/www.prijedordanas.com\/wp-content\/uploads\/2023\/06\/bolnica-prijedor-losi-uslovi-rada-2-225x300.jpg\" alt=\"\" width=\"225\" height=\"300\" class=\"alignleft size-medium wp-image-207135\" srcset=\"https:\/\/www.prijedordanas.com\/wp-content\/uploads\/2023\/06\/bolnica-prijedor-losi-uslovi-rada-2-225x300.jpg 225w, https:\/\/www.prijedordanas.com\/wp-content\/uploads\/2023\/06\/bolnica-prijedor-losi-uslovi-rada-2.jpg 450w\" sizes=\"(max-width: 225px) 100vw, 225px\" \/><\/a><\/p>\n","protected":false},"excerpt":{"rendered":"<p>Stanje u prijedorskoj bolnici &#8220;Doktor Mladen Stojanovi\u0107&#8221; je alarmantno, ka\u017eu radnici i apeluju na sve relevantne institucije da \u0161to prije to rije\u0161e. Navode da je nemogu\u0107e vi\u0161e raditi jer je [&hellip;]<\/p>\n","protected":false},"author":1,"featured_media":0,"comment_status":"closed","ping_status":"open","sticky":false,"template":"","format":"standard","meta":{"_monsterinsights_skip_tracking":false,"_monsterinsights_sitenote_active":false,"_monsterinsights_sitenote_note":"","_monsterinsights_sitenote_category":0,"footnotes":""},"categories":[4],"tags":[],"yoast_head":"<!-- This site is optimized with the Yoast SEO plugin v21.6 - https:\/\/yoast.com\/wordpress\/plugins\/seo\/ -->\n<title>Stanje u prijedorskoj bolnici &quot;Doktor Mladen Stojanovi\u0107&quot; alarmantno - FOTO\/VIDEO - PrijedorDanas.com - Prijedorski gradski portal<\/title>\n<meta name=\"robots\" content=\"index, follow, max-snippet:-1, max-image-preview:large, max-video-preview:-1\" \/>\n<link rel=\"canonical\" href=\"https:\/\/www.prijedordanas.com\/?p=207220\" \/>\n<meta property=\"og:locale\" content=\"en_US\" \/>\n<meta property=\"og:type\" content=\"article\" \/>\n<meta property=\"og:title\" content=\"Stanje u prijedorskoj bolnici &quot;Doktor Mladen Stojanovi\u0107&quot; alarmantno - FOTO\/VIDEO - PrijedorDanas.com - Prijedorski gradski portal\" \/>\n<meta property=\"og:description\" content=\"Stanje u prijedorskoj bolnici &#8220;Doktor Mladen Stojanovi\u0107&#8221; je alarmantno, ka\u017eu radnici i apeluju na sve relevantne institucije da \u0161to prije to rije\u0161e. Navode da je nemogu\u0107e vi\u0161e raditi jer je [&hellip;]\" \/>\n<meta property=\"og:url\" content=\"https:\/\/www.prijedordanas.com\/?p=207220\" \/>\n<meta property=\"og:site_name\" content=\"PrijedorDanas.com - Prijedorski gradski portal\" \/>\n<meta property=\"article:publisher\" content=\"https:\/\/www.facebook.com\/PrijedorDanasCom\/\" \/>\n<meta property=\"article:published_time\" content=\"2023-06-18T13:45:29+00:00\" \/>\n<meta property=\"og:image\" content=\"https:\/\/www.prijedordanas.com\/wp-content\/uploads\/2023\/06\/rtrs-bolnica-prijedor-iz-vazduha-juni2023-300x225.jpg\" \/>\n<meta name=\"author\" content=\"admin\" \/>\n<meta name=\"twitter:card\" content=\"summary_large_image\" \/>\n<meta name=\"twitter:label1\" content=\"Written by\" \/>\n\t<meta name=\"twitter:data1\" content=\"admin\" \/>\n\t<meta name=\"twitter:label2\" content=\"Est. reading time\" \/>\n\t<meta name=\"twitter:data2\" content=\"3 minutes\" \/>\n<script type=\"application\/ld+json\" class=\"yoast-schema-graph\">{\"@context\":\"https:\/\/schema.org\",\"@graph\":[{\"@type\":\"Article\",\"@id\":\"https:\/\/www.prijedordanas.com\/?p=207220#article\",\"isPartOf\":{\"@id\":\"https:\/\/www.prijedordanas.com\/?p=207220\"},\"author\":{\"name\":\"admin\",\"@id\":\"https:\/\/www.prijedordanas.com\/#\/schema\/person\/4e08ccf29b506ca916ff86d46bb700e6\"},\"headline\":\"Stanje u prijedorskoj bolnici &#8220;Doktor Mladen Stojanovi\u0107&#8221; alarmantno &#8211; FOTO\/VIDEO\",\"datePublished\":\"2023-06-18T13:45:29+00:00\",\"dateModified\":\"2023-06-18T13:45:29+00:00\",\"mainEntityOfPage\":{\"@id\":\"https:\/\/www.prijedordanas.com\/?p=207220\"},\"wordCount\":451,\"publisher\":{\"@id\":\"https:\/\/www.prijedordanas.com\/#organization\"},\"articleSection\":[\"Dru\u0161tvo\"],\"inLanguage\":\"en-US\"},{\"@type\":\"WebPage\",\"@id\":\"https:\/\/www.prijedordanas.com\/?p=207220\",\"url\":\"https:\/\/www.prijedordanas.com\/?p=207220\",\"name\":\"Stanje u prijedorskoj bolnici \\\"Doktor Mladen Stojanovi\u0107\\\" alarmantno - FOTO\/VIDEO - PrijedorDanas.com - Prijedorski gradski portal\",\"isPartOf\":{\"@id\":\"https:\/\/www.prijedordanas.com\/#website\"},\"datePublished\":\"2023-06-18T13:45:29+00:00\",\"dateModified\":\"2023-06-18T13:45:29+00:00\",\"breadcrumb\":{\"@id\":\"https:\/\/www.prijedordanas.com\/?p=207220#breadcrumb\"},\"inLanguage\":\"en-US\",\"potentialAction\":[{\"@type\":\"ReadAction\",\"target\":[\"https:\/\/www.prijedordanas.com\/?p=207220\"]}]},{\"@type\":\"BreadcrumbList\",\"@id\":\"https:\/\/www.prijedordanas.com\/?p=207220#breadcrumb\",\"itemListElement\":[{\"@type\":\"ListItem\",\"position\":1,\"name\":\"Home\",\"item\":\"https:\/\/www.prijedordanas.com\/\"},{\"@type\":\"ListItem\",\"position\":2,\"name\":\"Stanje u prijedorskoj bolnici &#8220;Doktor Mladen Stojanovi\u0107&#8221; alarmantno &#8211; FOTO\/VIDEO\"}]},{\"@type\":\"WebSite\",\"@id\":\"https:\/\/www.prijedordanas.com\/#website\",\"url\":\"https:\/\/www.prijedordanas.com\/\",\"name\":\"PrijedorDanas.com - Prijedorski gradski portal\",\"description\":\"Portal o doga\u0111anjima u gradu Prijedoru\",\"publisher\":{\"@id\":\"https:\/\/www.prijedordanas.com\/#organization\"},\"potentialAction\":[{\"@type\":\"SearchAction\",\"target\":{\"@type\":\"EntryPoint\",\"urlTemplate\":\"https:\/\/www.prijedordanas.com\/?s={search_term_string}\"},\"query-input\":\"required name=search_term_string\"}],\"inLanguage\":\"en-US\"},{\"@type\":\"Organization\",\"@id\":\"https:\/\/www.prijedordanas.com\/#organization\",\"name\":\"PrijedorDanas.com\",\"url\":\"https:\/\/www.prijedordanas.com\/\",\"logo\":{\"@type\":\"ImageObject\",\"inLanguage\":\"en-US\",\"@id\":\"https:\/\/www.prijedordanas.com\/#\/schema\/logo\/image\/\",\"url\":\"http:\/\/www.prijedordanas.com\/wp-content\/uploads\/2021\/12\/logopng.png\",\"contentUrl\":\"http:\/\/www.prijedordanas.com\/wp-content\/uploads\/2021\/12\/logopng.png\",\"width\":1019,\"height\":776,\"caption\":\"PrijedorDanas.com\"},\"image\":{\"@id\":\"https:\/\/www.prijedordanas.com\/#\/schema\/logo\/image\/\"},\"sameAs\":[\"https:\/\/www.facebook.com\/PrijedorDanasCom\/\"]},{\"@type\":\"Person\",\"@id\":\"https:\/\/www.prijedordanas.com\/#\/schema\/person\/4e08ccf29b506ca916ff86d46bb700e6\",\"name\":\"admin\",\"image\":{\"@type\":\"ImageObject\",\"inLanguage\":\"en-US\",\"@id\":\"https:\/\/www.prijedordanas.com\/#\/schema\/person\/image\/\",\"url\":\"https:\/\/secure.gravatar.com\/avatar\/1d3fc949d550f0b53a5f0d51e06dfd79?s=96&d=mm&r=g\",\"contentUrl\":\"https:\/\/secure.gravatar.com\/avatar\/1d3fc949d550f0b53a5f0d51e06dfd79?s=96&d=mm&r=g\",\"caption\":\"admin\"},\"url\":\"https:\/\/www.prijedordanas.com\/?author=1\"}]}<\/script>\n<!-- \/ Yoast SEO plugin. -->","yoast_head_json":{"title":"Stanje u prijedorskoj bolnici \"Doktor Mladen Stojanovi\u0107\" alarmantno - FOTO\/VIDEO - PrijedorDanas.com - Prijedorski gradski portal","robots":{"index":"index","follow":"follow","max-snippet":"max-snippet:-1","max-image-preview":"max-image-preview:large","max-video-preview":"max-video-preview:-1"},"canonical":"https:\/\/www.prijedordanas.com\/?p=207220","og_locale":"en_US","og_type":"article","og_title":"Stanje u prijedorskoj bolnici \"Doktor Mladen Stojanovi\u0107\" alarmantno - FOTO\/VIDEO - PrijedorDanas.com - Prijedorski gradski portal","og_description":"Stanje u prijedorskoj bolnici &#8220;Doktor Mladen Stojanovi\u0107&#8221; je alarmantno, ka\u017eu radnici i apeluju na sve relevantne institucije da \u0161to prije to rije\u0161e. Navode da je nemogu\u0107e vi\u0161e raditi jer je [&hellip;]","og_url":"https:\/\/www.prijedordanas.com\/?p=207220","og_site_name":"PrijedorDanas.com - Prijedorski gradski portal","article_publisher":"https:\/\/www.facebook.com\/PrijedorDanasCom\/","article_published_time":"2023-06-18T13:45:29+00:00","og_image":[{"url":"https:\/\/www.prijedordanas.com\/wp-content\/uploads\/2023\/06\/rtrs-bolnica-prijedor-iz-vazduha-juni2023-300x225.jpg"}],"author":"admin","twitter_card":"summary_large_image","twitter_misc":{"Written by":"admin","Est. reading time":"3 minutes"},"schema":{"@context":"https:\/\/schema.org","@graph":[{"@type":"Article","@id":"https:\/\/www.prijedordanas.com\/?p=207220#article","isPartOf":{"@id":"https:\/\/www.prijedordanas.com\/?p=207220"},"author":{"name":"admin","@id":"https:\/\/www.prijedordanas.com\/#\/schema\/person\/4e08ccf29b506ca916ff86d46bb700e6"},"headline":"Stanje u prijedorskoj bolnici &#8220;Doktor Mladen Stojanovi\u0107&#8221; alarmantno &#8211; FOTO\/VIDEO","datePublished":"2023-06-18T13:45:29+00:00","dateModified":"2023-06-18T13:45:29+00:00","mainEntityOfPage":{"@id":"https:\/\/www.prijedordanas.com\/?p=207220"},"wordCount":451,"publisher":{"@id":"https:\/\/www.prijedordanas.com\/#organization"},"articleSection":["Dru\u0161tvo"],"inLanguage":"en-US"},{"@type":"WebPage","@id":"https:\/\/www.prijedordanas.com\/?p=207220","url":"https:\/\/www.prijedordanas.com\/?p=207220","name":"Stanje u prijedorskoj bolnici \"Doktor Mladen Stojanovi\u0107\" alarmantno - FOTO\/VIDEO - PrijedorDanas.com - Prijedorski gradski portal","isPartOf":{"@id":"https:\/\/www.prijedordanas.com\/#website"},"datePublished":"2023-06-18T13:45:29+00:00","dateModified":"2023-06-18T13:45:29+00:00","breadcrumb":{"@id":"https:\/\/www.prijedordanas.com\/?p=207220#breadcrumb"},"inLanguage":"en-US","potentialAction":[{"@type":"ReadAction","target":["https:\/\/www.prijedordanas.com\/?p=207220"]}]},{"@type":"BreadcrumbList","@id":"https:\/\/www.prijedordanas.com\/?p=207220#breadcrumb","itemListElement":[{"@type":"ListItem","position":1,"name":"Home","item":"https:\/\/www.prijedordanas.com\/"},{"@type":"ListItem","position":2,"name":"Stanje u prijedorskoj bolnici &#8220;Doktor Mladen Stojanovi\u0107&#8221; alarmantno &#8211; FOTO\/VIDEO"}]},{"@type":"WebSite","@id":"https:\/\/www.prijedordanas.com\/#website","url":"https:\/\/www.prijedordanas.com\/","name":"PrijedorDanas.com - Prijedorski gradski portal","description":"Portal o doga\u0111anjima u gradu Prijedoru","publisher":{"@id":"https:\/\/www.prijedordanas.com\/#organization"},"potentialAction":[{"@type":"SearchAction","target":{"@type":"EntryPoint","urlTemplate":"https:\/\/www.prijedordanas.com\/?s={search_term_string}"},"query-input":"required name=search_term_string"}],"inLanguage":"en-US"},{"@type":"Organization","@id":"https:\/\/www.prijedordanas.com\/#organization","name":"PrijedorDanas.com","url":"https:\/\/www.prijedordanas.com\/","logo":{"@type":"ImageObject","inLanguage":"en-US","@id":"https:\/\/www.prijedordanas.com\/#\/schema\/logo\/image\/","url":"http:\/\/www.prijedordanas.com\/wp-content\/uploads\/2021\/12\/logopng.png","contentUrl":"http:\/\/www.prijedordanas.com\/wp-content\/uploads\/2021\/12\/logopng.png","width":1019,"height":776,"caption":"PrijedorDanas.com"},"image":{"@id":"https:\/\/www.prijedordanas.com\/#\/schema\/logo\/image\/"},"sameAs":["https:\/\/www.facebook.com\/PrijedorDanasCom\/"]},{"@type":"Person","@id":"https:\/\/www.prijedordanas.com\/#\/schema\/person\/4e08ccf29b506ca916ff86d46bb700e6","name":"admin","image":{"@type":"ImageObject","inLanguage":"en-US","@id":"https:\/\/www.prijedordanas.com\/#\/schema\/person\/image\/","url":"https:\/\/secure.gravatar.com\/avatar\/1d3fc949d550f0b53a5f0d51e06dfd79?s=96&d=mm&r=g","contentUrl":"https:\/\/secure.gravatar.com\/avatar\/1d3fc949d550f0b53a5f0d51e06dfd79?s=96&d=mm&r=g","caption":"admin"},"url":"https:\/\/www.prijedordanas.com\/?author=1"}]}},"_links":{"self":[{"href":"https:\/\/www.prijedordanas.com\/index.php?rest_route=\/wp\/v2\/posts\/207220"}],"collection":[{"href":"https:\/\/www.prijedordanas.com\/index.php?rest_route=\/wp\/v2\/posts"}],"about":[{"href":"https:\/\/www.prijedordanas.com\/index.php?rest_route=\/wp\/v2\/types\/post"}],"author":[{"embeddable":true,"href":"https:\/\/www.prijedordanas.com\/index.php?rest_route=\/wp\/v2\/users\/1"}],"replies":[{"embeddable":true,"href":"https:\/\/www.prijedordanas.com\/index.php?rest_route=%2Fwp%2Fv2%2Fcomments&post=207220"}],"version-history":[{"count":1,"href":"https:\/\/www.prijedordanas.com\/index.php?rest_route=\/wp\/v2\/posts\/207220\/revisions"}],"predecessor-version":[{"id":207222,"href":"https:\/\/www.prijedordanas.com\/index.php?rest_route=\/wp\/v2\/posts\/207220\/revisions\/207222"}],"wp:attachment":[{"href":"https:\/\/www.prijedordanas.com\/index.php?rest_route=%2Fwp%2Fv2%2Fmedia&parent=207220"}],"wp:term":[{"taxonomy":"category","embeddable":true,"href":"https:\/\/www.prijedordanas.com\/index.php?rest_route=%2Fwp%2Fv2%2Fcategories&post=207220"},{"taxonomy":"post_tag","embeddable":true,"href":"https:\/\/www.prijedordanas.com\/index.php?rest_route=%2Fwp%2Fv2%2Ftags&post=207220"}],"curies":[{"name":"wp","href":"https:\/\/api.w.org\/{rel}","templated":true}]}}