{"id":207203,"date":"2023-06-18T15:27:11","date_gmt":"2023-06-18T13:27:11","guid":{"rendered":"https:\/\/www.prijedordanas.com\/?p=207203"},"modified":"2023-06-18T15:36:52","modified_gmt":"2023-06-18T13:36:52","slug":"cijela-bistrica-na-protestu-cuvamo-svoje-dvoriste-necemo-rudnik-foto","status":"publish","type":"post","link":"https:\/\/www.prijedordanas.com\/?p=207203","title":{"rendered":"Cijela Bistrica na protestu: \u010cuvamo svoje dvori\u0161te, ne\u0107emo rudnik &#8211; FOTO"},"content":{"rendered":"<p><a href=\"https:\/\/www.prijedordanas.com\/wp-content\/uploads\/2023\/06\/protest-bistrica.jpg\"><img loading=\"lazy\" decoding=\"async\" class=\"alignleft size-medium wp-image-207204\" src=\"https:\/\/www.prijedordanas.com\/wp-content\/uploads\/2023\/06\/protest-bistrica-300x225.jpg\" alt=\"\" width=\"300\" height=\"225\" srcset=\"https:\/\/www.prijedordanas.com\/wp-content\/uploads\/2023\/06\/protest-bistrica-300x225.jpg 300w, https:\/\/www.prijedordanas.com\/wp-content\/uploads\/2023\/06\/protest-bistrica-640x480.jpg 640w, https:\/\/www.prijedordanas.com\/wp-content\/uploads\/2023\/06\/protest-bistrica.jpg 667w\" sizes=\"(max-width: 300px) 100vw, 300px\" \/><\/a>Mje\u0161tani sela Bistrica kod Prijedora protestovali su danas zbog nezakonitog raskopavanja rudnika lignita u blizi njihovih ku\u0107a koje je bez ikakvih dozvola zapo\u010dela tesli\u0107ka kompanija \u201cDrvoeksport\u201d, u vlasni\u0161tvu SNSD-ovog odbornika Sr\u0111ana Klje\u010danina Rufija.<\/p>\n<p>Oni su poru\u010dili da se ne sla\u017eu sa otvaranjem rudnika i da ne prihvataju uni\u0161tavanje prirode i njihovog sela.<\/p>\n<p>Na protest su do\u0161li gotovo svi mje\u0161tani sela, kao i iz nekoliko susjednih koji su tu u znak podr\u0161ke.<\/p>\n<p>Me\u0111u njima bio je i biv\u0161i gradona\u010delnik Prijedora Marko Pavi\u0107. Aktuelni gradona\u010delnik Slobodan Javor nije bio na protestima, iako su mje\u0161tani rekli da im je obe\u0107ao da \u0107e do\u0107i.<\/p>\n<p><a href=\"https:\/\/www.prijedordanas.com\/wp-content\/uploads\/2023\/06\/protest-bistrica-1.jpg\"><img loading=\"lazy\" decoding=\"async\" class=\"alignleft size-medium wp-image-207206\" src=\"https:\/\/www.prijedordanas.com\/wp-content\/uploads\/2023\/06\/protest-bistrica-1-300x225.jpg\" alt=\"\" width=\"300\" height=\"225\" srcset=\"https:\/\/www.prijedordanas.com\/wp-content\/uploads\/2023\/06\/protest-bistrica-1-300x225.jpg 300w, https:\/\/www.prijedordanas.com\/wp-content\/uploads\/2023\/06\/protest-bistrica-1-640x480.jpg 640w, https:\/\/www.prijedordanas.com\/wp-content\/uploads\/2023\/06\/protest-bistrica-1.jpg 667w\" sizes=\"(max-width: 300px) 100vw, 300px\" \/><\/a>Na proteste su do\u0161li i narodna poslanica Maja Stoji\u0107 Dragojevi\u0107, kao i potpredsjednik Narodne skup\u0161tine Republike Srpske Mirsad Duratovi\u0107.<\/p>\n<p>\u201cPro\u0161etali smo od Dru\u0161tvenog doma u selu do mjesta na kojem su neobilje\u017eeni bageri prije desetak dana po\u010deli kopanje. Pokazali smo da ne\u0107emo pristati na njihovo kopanje i tra\u017eimo da to nadle\u017eni zaustave. Ne \u017eelimo rudnik u svom selu\u201d, poru\u010dio je Zoran Nini\u0107 iz Bistrice.<\/p>\n<p>Podsje\u0107amo, neobilje\u017eeni bageri raskopali su preko 1.000 kubnih metara zemlji\u0161ta i uklonili jalovinu, a postavljeni su i privremeni objekti, te dovezeni materijali koji slu\u017ee da otvaranje i eksploataciju uglja lignita.<\/p>\n<p><a href=\"https:\/\/www.prijedordanas.com\/wp-content\/uploads\/2023\/06\/protest-bistrica-3.jpg\"><img loading=\"lazy\" decoding=\"async\" src=\"https:\/\/www.prijedordanas.com\/wp-content\/uploads\/2023\/06\/protest-bistrica-3-300x169.jpg\" alt=\"\" width=\"300\" height=\"169\" class=\"alignleft size-medium wp-image-207208\" srcset=\"https:\/\/www.prijedordanas.com\/wp-content\/uploads\/2023\/06\/protest-bistrica-3-300x169.jpg 300w, https:\/\/www.prijedordanas.com\/wp-content\/uploads\/2023\/06\/protest-bistrica-3.jpg 600w\" sizes=\"(max-width: 300px) 100vw, 300px\" \/><\/a>Na bezbrojne prijave i pozive mje\u0161tana, nekoliko inspekcija je obi\u0161lo teren i konstatovalo da ima kopanja, ali da nema eksploatacije uglja, te da niko od njih nije nadle\u017ean, \u010dime su samo oprali ruke i izbjegli da urade svoj posao.<\/p>\n<p>U Ministarstvu energetike i rudarstva RS danima su tvrdili da niko nije dobio koncesiju za rudnik na ovom mjestu, te da postoji samo inicijativa koja ne mora ni\u0161ta da zna\u010di.<\/p>\n<p>Uprkos tome, ta\u010dka za razmatranje ove inicijative se ekspresno na\u0161la na dnevnom redu Vlade RS u \u010detvrtak, a informacije o tome da o njoj nije raspravljano zbog nepotpune dokumentacije dobili smo iz ovog ministarstva \u201cna mi\u0161i\u0107e\u201d.<\/p>\n<p><a href=\"https:\/\/www.capital.ba\/cijela-bistrica-na-protestu-cuvamo-svoje-dvoriste-necemo-rudnik-foto\/\" target=\"_blank\" rel=\"noopener\">capital.ba<\/a><\/p>\n<p><a href=\"https:\/\/www.prijedordanas.com\/wp-content\/uploads\/2023\/06\/protest-bistrica-2.jpg\"><img loading=\"lazy\" decoding=\"async\" src=\"https:\/\/www.prijedordanas.com\/wp-content\/uploads\/2023\/06\/protest-bistrica-2-300x225.jpg\" alt=\"\" width=\"300\" height=\"225\" class=\"alignleft size-medium wp-image-207209\" srcset=\"https:\/\/www.prijedordanas.com\/wp-content\/uploads\/2023\/06\/protest-bistrica-2-300x225.jpg 300w, https:\/\/www.prijedordanas.com\/wp-content\/uploads\/2023\/06\/protest-bistrica-2.jpg 600w\" sizes=\"(max-width: 300px) 100vw, 300px\" \/><\/a> <a href=\"https:\/\/www.prijedordanas.com\/wp-content\/uploads\/2023\/06\/protest-bistrica-4.jpg\"><img loading=\"lazy\" decoding=\"async\" src=\"https:\/\/www.prijedordanas.com\/wp-content\/uploads\/2023\/06\/protest-bistrica-4-300x225.jpg\" alt=\"\" width=\"300\" height=\"225\" class=\"alignleft size-medium wp-image-207210\" srcset=\"https:\/\/www.prijedordanas.com\/wp-content\/uploads\/2023\/06\/protest-bistrica-4-300x225.jpg 300w, https:\/\/www.prijedordanas.com\/wp-content\/uploads\/2023\/06\/protest-bistrica-4.jpg 600w\" sizes=\"(max-width: 300px) 100vw, 300px\" \/><\/a> <a href=\"https:\/\/www.prijedordanas.com\/wp-content\/uploads\/2023\/06\/protest-bistrica-6.jpg\"><img loading=\"lazy\" decoding=\"async\" src=\"https:\/\/www.prijedordanas.com\/wp-content\/uploads\/2023\/06\/protest-bistrica-6-300x169.jpg\" alt=\"\" width=\"300\" height=\"169\" class=\"alignleft size-medium wp-image-207212\" srcset=\"https:\/\/www.prijedordanas.com\/wp-content\/uploads\/2023\/06\/protest-bistrica-6-300x169.jpg 300w, https:\/\/www.prijedordanas.com\/wp-content\/uploads\/2023\/06\/protest-bistrica-6.jpg 600w\" sizes=\"(max-width: 300px) 100vw, 300px\" \/><\/a> <a href=\"https:\/\/www.prijedordanas.com\/wp-content\/uploads\/2023\/06\/protest-bistrica-7.jpg\"><img loading=\"lazy\" decoding=\"async\" src=\"https:\/\/www.prijedordanas.com\/wp-content\/uploads\/2023\/06\/protest-bistrica-7-300x169.jpg\" alt=\"\" width=\"300\" height=\"169\" class=\"alignleft size-medium wp-image-207213\" srcset=\"https:\/\/www.prijedordanas.com\/wp-content\/uploads\/2023\/06\/protest-bistrica-7-300x169.jpg 300w, https:\/\/www.prijedordanas.com\/wp-content\/uploads\/2023\/06\/protest-bistrica-7.jpg 600w\" sizes=\"(max-width: 300px) 100vw, 300px\" \/><\/a> <a href=\"https:\/\/www.prijedordanas.com\/wp-content\/uploads\/2023\/06\/protest-bistrica-8.jpg\"><img loading=\"lazy\" decoding=\"async\" src=\"https:\/\/www.prijedordanas.com\/wp-content\/uploads\/2023\/06\/protest-bistrica-8-300x169.jpg\" alt=\"\" width=\"300\" height=\"169\" class=\"alignleft size-medium wp-image-207214\" srcset=\"https:\/\/www.prijedordanas.com\/wp-content\/uploads\/2023\/06\/protest-bistrica-8-300x169.jpg 300w, https:\/\/www.prijedordanas.com\/wp-content\/uploads\/2023\/06\/protest-bistrica-8.jpg 600w\" sizes=\"(max-width: 300px) 100vw, 300px\" \/><\/a> <a href=\"https:\/\/www.prijedordanas.com\/wp-content\/uploads\/2023\/06\/protest-bistrica-9.jpg\"><img loading=\"lazy\" decoding=\"async\" src=\"https:\/\/www.prijedordanas.com\/wp-content\/uploads\/2023\/06\/protest-bistrica-9-300x169.jpg\" alt=\"\" width=\"300\" height=\"169\" class=\"alignleft size-medium wp-image-207215\" srcset=\"https:\/\/www.prijedordanas.com\/wp-content\/uploads\/2023\/06\/protest-bistrica-9-300x169.jpg 300w, https:\/\/www.prijedordanas.com\/wp-content\/uploads\/2023\/06\/protest-bistrica-9.jpg 600w\" sizes=\"(max-width: 300px) 100vw, 300px\" \/><\/a> <a href=\"https:\/\/www.prijedordanas.com\/wp-content\/uploads\/2023\/06\/protest-bistrica-10.jpg\"><img loading=\"lazy\" decoding=\"async\" src=\"https:\/\/www.prijedordanas.com\/wp-content\/uploads\/2023\/06\/protest-bistrica-10-300x169.jpg\" alt=\"\" width=\"300\" height=\"169\" class=\"alignleft size-medium wp-image-207216\" srcset=\"https:\/\/www.prijedordanas.com\/wp-content\/uploads\/2023\/06\/protest-bistrica-10-300x169.jpg 300w, https:\/\/www.prijedordanas.com\/wp-content\/uploads\/2023\/06\/protest-bistrica-10.jpg 600w\" sizes=\"(max-width: 300px) 100vw, 300px\" \/><\/a> <a href=\"https:\/\/www.prijedordanas.com\/wp-content\/uploads\/2023\/06\/protest-bistrica-5.jpg\"><img loading=\"lazy\" decoding=\"async\" src=\"https:\/\/www.prijedordanas.com\/wp-content\/uploads\/2023\/06\/protest-bistrica-5-300x169.jpg\" alt=\"\" width=\"300\" height=\"169\" class=\"alignleft size-medium wp-image-207217\" srcset=\"https:\/\/www.prijedordanas.com\/wp-content\/uploads\/2023\/06\/protest-bistrica-5-300x169.jpg 300w, https:\/\/www.prijedordanas.com\/wp-content\/uploads\/2023\/06\/protest-bistrica-5.jpg 600w\" sizes=\"(max-width: 300px) 100vw, 300px\" \/><\/a> <a href=\"https:\/\/www.prijedordanas.com\/wp-content\/uploads\/2023\/06\/protest-bistrica-11.jpg\"><img loading=\"lazy\" decoding=\"async\" src=\"https:\/\/www.prijedordanas.com\/wp-content\/uploads\/2023\/06\/protest-bistrica-11-300x169.jpg\" alt=\"\" width=\"300\" height=\"169\" class=\"alignleft size-medium wp-image-207218\" srcset=\"https:\/\/www.prijedordanas.com\/wp-content\/uploads\/2023\/06\/protest-bistrica-11-300x169.jpg 300w, https:\/\/www.prijedordanas.com\/wp-content\/uploads\/2023\/06\/protest-bistrica-11.jpg 600w\" sizes=\"(max-width: 300px) 100vw, 300px\" \/><\/a><\/p>\n","protected":false},"excerpt":{"rendered":"<p>Mje\u0161tani sela Bistrica kod Prijedora protestovali su danas zbog nezakonitog raskopavanja rudnika lignita u blizi njihovih ku\u0107a koje je bez ikakvih dozvola zapo\u010dela tesli\u0107ka kompanija \u201cDrvoeksport\u201d, u vlasni\u0161tvu SNSD-ovog odbornika [&hellip;]<\/p>\n","protected":false},"author":1,"featured_media":0,"comment_status":"closed","ping_status":"open","sticky":false,"template":"","format":"standard","meta":{"_monsterinsights_skip_tracking":false,"_monsterinsights_sitenote_active":false,"_monsterinsights_sitenote_note":"","_monsterinsights_sitenote_category":0,"footnotes":""},"categories":[4],"tags":[],"yoast_head":"<!-- This site is optimized with the Yoast SEO plugin v21.6 - https:\/\/yoast.com\/wordpress\/plugins\/seo\/ -->\n<title>Cijela Bistrica na protestu: \u010cuvamo svoje dvori\u0161te, ne\u0107emo rudnik - FOTO - PrijedorDanas.com - Prijedorski gradski portal<\/title>\n<meta name=\"robots\" content=\"index, follow, max-snippet:-1, max-image-preview:large, max-video-preview:-1\" \/>\n<link rel=\"canonical\" href=\"https:\/\/www.prijedordanas.com\/?p=207203\" \/>\n<meta property=\"og:locale\" content=\"en_US\" \/>\n<meta property=\"og:type\" content=\"article\" \/>\n<meta property=\"og:title\" content=\"Cijela Bistrica na protestu: \u010cuvamo svoje dvori\u0161te, ne\u0107emo rudnik - FOTO - PrijedorDanas.com - Prijedorski gradski portal\" \/>\n<meta property=\"og:description\" content=\"Mje\u0161tani sela Bistrica kod Prijedora protestovali su danas zbog nezakonitog raskopavanja rudnika lignita u blizi njihovih ku\u0107a koje je bez ikakvih dozvola zapo\u010dela tesli\u0107ka kompanija \u201cDrvoeksport\u201d, u vlasni\u0161tvu SNSD-ovog odbornika [&hellip;]\" \/>\n<meta property=\"og:url\" content=\"https:\/\/www.prijedordanas.com\/?p=207203\" \/>\n<meta property=\"og:site_name\" content=\"PrijedorDanas.com - Prijedorski gradski portal\" \/>\n<meta property=\"article:publisher\" content=\"https:\/\/www.facebook.com\/PrijedorDanasCom\/\" \/>\n<meta property=\"article:published_time\" content=\"2023-06-18T13:27:11+00:00\" \/>\n<meta property=\"article:modified_time\" content=\"2023-06-18T13:36:52+00:00\" \/>\n<meta property=\"og:image\" content=\"https:\/\/www.prijedordanas.com\/wp-content\/uploads\/2023\/06\/protest-bistrica-300x225.jpg\" \/>\n<meta name=\"author\" content=\"admin\" \/>\n<meta name=\"twitter:card\" content=\"summary_large_image\" \/>\n<meta name=\"twitter:label1\" content=\"Written by\" \/>\n\t<meta name=\"twitter:data1\" content=\"admin\" \/>\n\t<meta name=\"twitter:label2\" content=\"Est. reading time\" \/>\n\t<meta name=\"twitter:data2\" content=\"3 minutes\" \/>\n<script type=\"application\/ld+json\" class=\"yoast-schema-graph\">{\"@context\":\"https:\/\/schema.org\",\"@graph\":[{\"@type\":\"Article\",\"@id\":\"https:\/\/www.prijedordanas.com\/?p=207203#article\",\"isPartOf\":{\"@id\":\"https:\/\/www.prijedordanas.com\/?p=207203\"},\"author\":{\"name\":\"admin\",\"@id\":\"https:\/\/www.prijedordanas.com\/#\/schema\/person\/4e08ccf29b506ca916ff86d46bb700e6\"},\"headline\":\"Cijela Bistrica na protestu: \u010cuvamo svoje dvori\u0161te, ne\u0107emo rudnik &#8211; FOTO\",\"datePublished\":\"2023-06-18T13:27:11+00:00\",\"dateModified\":\"2023-06-18T13:36:52+00:00\",\"mainEntityOfPage\":{\"@id\":\"https:\/\/www.prijedordanas.com\/?p=207203\"},\"wordCount\":356,\"publisher\":{\"@id\":\"https:\/\/www.prijedordanas.com\/#organization\"},\"articleSection\":[\"Dru\u0161tvo\"],\"inLanguage\":\"en-US\"},{\"@type\":\"WebPage\",\"@id\":\"https:\/\/www.prijedordanas.com\/?p=207203\",\"url\":\"https:\/\/www.prijedordanas.com\/?p=207203\",\"name\":\"Cijela Bistrica na protestu: \u010cuvamo svoje dvori\u0161te, ne\u0107emo rudnik - FOTO - PrijedorDanas.com - Prijedorski gradski portal\",\"isPartOf\":{\"@id\":\"https:\/\/www.prijedordanas.com\/#website\"},\"datePublished\":\"2023-06-18T13:27:11+00:00\",\"dateModified\":\"2023-06-18T13:36:52+00:00\",\"breadcrumb\":{\"@id\":\"https:\/\/www.prijedordanas.com\/?p=207203#breadcrumb\"},\"inLanguage\":\"en-US\",\"potentialAction\":[{\"@type\":\"ReadAction\",\"target\":[\"https:\/\/www.prijedordanas.com\/?p=207203\"]}]},{\"@type\":\"BreadcrumbList\",\"@id\":\"https:\/\/www.prijedordanas.com\/?p=207203#breadcrumb\",\"itemListElement\":[{\"@type\":\"ListItem\",\"position\":1,\"name\":\"Home\",\"item\":\"https:\/\/www.prijedordanas.com\/\"},{\"@type\":\"ListItem\",\"position\":2,\"name\":\"Cijela Bistrica na protestu: \u010cuvamo svoje dvori\u0161te, ne\u0107emo rudnik &#8211; FOTO\"}]},{\"@type\":\"WebSite\",\"@id\":\"https:\/\/www.prijedordanas.com\/#website\",\"url\":\"https:\/\/www.prijedordanas.com\/\",\"name\":\"PrijedorDanas.com - Prijedorski gradski portal\",\"description\":\"Portal o doga\u0111anjima u gradu Prijedoru\",\"publisher\":{\"@id\":\"https:\/\/www.prijedordanas.com\/#organization\"},\"potentialAction\":[{\"@type\":\"SearchAction\",\"target\":{\"@type\":\"EntryPoint\",\"urlTemplate\":\"https:\/\/www.prijedordanas.com\/?s={search_term_string}\"},\"query-input\":\"required name=search_term_string\"}],\"inLanguage\":\"en-US\"},{\"@type\":\"Organization\",\"@id\":\"https:\/\/www.prijedordanas.com\/#organization\",\"name\":\"PrijedorDanas.com\",\"url\":\"https:\/\/www.prijedordanas.com\/\",\"logo\":{\"@type\":\"ImageObject\",\"inLanguage\":\"en-US\",\"@id\":\"https:\/\/www.prijedordanas.com\/#\/schema\/logo\/image\/\",\"url\":\"http:\/\/www.prijedordanas.com\/wp-content\/uploads\/2021\/12\/logopng.png\",\"contentUrl\":\"http:\/\/www.prijedordanas.com\/wp-content\/uploads\/2021\/12\/logopng.png\",\"width\":1019,\"height\":776,\"caption\":\"PrijedorDanas.com\"},\"image\":{\"@id\":\"https:\/\/www.prijedordanas.com\/#\/schema\/logo\/image\/\"},\"sameAs\":[\"https:\/\/www.facebook.com\/PrijedorDanasCom\/\"]},{\"@type\":\"Person\",\"@id\":\"https:\/\/www.prijedordanas.com\/#\/schema\/person\/4e08ccf29b506ca916ff86d46bb700e6\",\"name\":\"admin\",\"image\":{\"@type\":\"ImageObject\",\"inLanguage\":\"en-US\",\"@id\":\"https:\/\/www.prijedordanas.com\/#\/schema\/person\/image\/\",\"url\":\"https:\/\/secure.gravatar.com\/avatar\/1d3fc949d550f0b53a5f0d51e06dfd79?s=96&d=mm&r=g\",\"contentUrl\":\"https:\/\/secure.gravatar.com\/avatar\/1d3fc949d550f0b53a5f0d51e06dfd79?s=96&d=mm&r=g\",\"caption\":\"admin\"},\"url\":\"https:\/\/www.prijedordanas.com\/?author=1\"}]}<\/script>\n<!-- \/ Yoast SEO plugin. -->","yoast_head_json":{"title":"Cijela Bistrica na protestu: \u010cuvamo svoje dvori\u0161te, ne\u0107emo rudnik - FOTO - PrijedorDanas.com - Prijedorski gradski portal","robots":{"index":"index","follow":"follow","max-snippet":"max-snippet:-1","max-image-preview":"max-image-preview:large","max-video-preview":"max-video-preview:-1"},"canonical":"https:\/\/www.prijedordanas.com\/?p=207203","og_locale":"en_US","og_type":"article","og_title":"Cijela Bistrica na protestu: \u010cuvamo svoje dvori\u0161te, ne\u0107emo rudnik - FOTO - PrijedorDanas.com - Prijedorski gradski portal","og_description":"Mje\u0161tani sela Bistrica kod Prijedora protestovali su danas zbog nezakonitog raskopavanja rudnika lignita u blizi njihovih ku\u0107a koje je bez ikakvih dozvola zapo\u010dela tesli\u0107ka kompanija \u201cDrvoeksport\u201d, u vlasni\u0161tvu SNSD-ovog odbornika [&hellip;]","og_url":"https:\/\/www.prijedordanas.com\/?p=207203","og_site_name":"PrijedorDanas.com - Prijedorski gradski portal","article_publisher":"https:\/\/www.facebook.com\/PrijedorDanasCom\/","article_published_time":"2023-06-18T13:27:11+00:00","article_modified_time":"2023-06-18T13:36:52+00:00","og_image":[{"url":"https:\/\/www.prijedordanas.com\/wp-content\/uploads\/2023\/06\/protest-bistrica-300x225.jpg"}],"author":"admin","twitter_card":"summary_large_image","twitter_misc":{"Written by":"admin","Est. reading time":"3 minutes"},"schema":{"@context":"https:\/\/schema.org","@graph":[{"@type":"Article","@id":"https:\/\/www.prijedordanas.com\/?p=207203#article","isPartOf":{"@id":"https:\/\/www.prijedordanas.com\/?p=207203"},"author":{"name":"admin","@id":"https:\/\/www.prijedordanas.com\/#\/schema\/person\/4e08ccf29b506ca916ff86d46bb700e6"},"headline":"Cijela Bistrica na protestu: \u010cuvamo svoje dvori\u0161te, ne\u0107emo rudnik &#8211; FOTO","datePublished":"2023-06-18T13:27:11+00:00","dateModified":"2023-06-18T13:36:52+00:00","mainEntityOfPage":{"@id":"https:\/\/www.prijedordanas.com\/?p=207203"},"wordCount":356,"publisher":{"@id":"https:\/\/www.prijedordanas.com\/#organization"},"articleSection":["Dru\u0161tvo"],"inLanguage":"en-US"},{"@type":"WebPage","@id":"https:\/\/www.prijedordanas.com\/?p=207203","url":"https:\/\/www.prijedordanas.com\/?p=207203","name":"Cijela Bistrica na protestu: \u010cuvamo svoje dvori\u0161te, ne\u0107emo rudnik - FOTO - PrijedorDanas.com - Prijedorski gradski portal","isPartOf":{"@id":"https:\/\/www.prijedordanas.com\/#website"},"datePublished":"2023-06-18T13:27:11+00:00","dateModified":"2023-06-18T13:36:52+00:00","breadcrumb":{"@id":"https:\/\/www.prijedordanas.com\/?p=207203#breadcrumb"},"inLanguage":"en-US","potentialAction":[{"@type":"ReadAction","target":["https:\/\/www.prijedordanas.com\/?p=207203"]}]},{"@type":"BreadcrumbList","@id":"https:\/\/www.prijedordanas.com\/?p=207203#breadcrumb","itemListElement":[{"@type":"ListItem","position":1,"name":"Home","item":"https:\/\/www.prijedordanas.com\/"},{"@type":"ListItem","position":2,"name":"Cijela Bistrica na protestu: \u010cuvamo svoje dvori\u0161te, ne\u0107emo rudnik &#8211; FOTO"}]},{"@type":"WebSite","@id":"https:\/\/www.prijedordanas.com\/#website","url":"https:\/\/www.prijedordanas.com\/","name":"PrijedorDanas.com - Prijedorski gradski portal","description":"Portal o doga\u0111anjima u gradu Prijedoru","publisher":{"@id":"https:\/\/www.prijedordanas.com\/#organization"},"potentialAction":[{"@type":"SearchAction","target":{"@type":"EntryPoint","urlTemplate":"https:\/\/www.prijedordanas.com\/?s={search_term_string}"},"query-input":"required name=search_term_string"}],"inLanguage":"en-US"},{"@type":"Organization","@id":"https:\/\/www.prijedordanas.com\/#organization","name":"PrijedorDanas.com","url":"https:\/\/www.prijedordanas.com\/","logo":{"@type":"ImageObject","inLanguage":"en-US","@id":"https:\/\/www.prijedordanas.com\/#\/schema\/logo\/image\/","url":"http:\/\/www.prijedordanas.com\/wp-content\/uploads\/2021\/12\/logopng.png","contentUrl":"http:\/\/www.prijedordanas.com\/wp-content\/uploads\/2021\/12\/logopng.png","width":1019,"height":776,"caption":"PrijedorDanas.com"},"image":{"@id":"https:\/\/www.prijedordanas.com\/#\/schema\/logo\/image\/"},"sameAs":["https:\/\/www.facebook.com\/PrijedorDanasCom\/"]},{"@type":"Person","@id":"https:\/\/www.prijedordanas.com\/#\/schema\/person\/4e08ccf29b506ca916ff86d46bb700e6","name":"admin","image":{"@type":"ImageObject","inLanguage":"en-US","@id":"https:\/\/www.prijedordanas.com\/#\/schema\/person\/image\/","url":"https:\/\/secure.gravatar.com\/avatar\/1d3fc949d550f0b53a5f0d51e06dfd79?s=96&d=mm&r=g","contentUrl":"https:\/\/secure.gravatar.com\/avatar\/1d3fc949d550f0b53a5f0d51e06dfd79?s=96&d=mm&r=g","caption":"admin"},"url":"https:\/\/www.prijedordanas.com\/?author=1"}]}},"_links":{"self":[{"href":"https:\/\/www.prijedordanas.com\/index.php?rest_route=\/wp\/v2\/posts\/207203"}],"collection":[{"href":"https:\/\/www.prijedordanas.com\/index.php?rest_route=\/wp\/v2\/posts"}],"about":[{"href":"https:\/\/www.prijedordanas.com\/index.php?rest_route=\/wp\/v2\/types\/post"}],"author":[{"embeddable":true,"href":"https:\/\/www.prijedordanas.com\/index.php?rest_route=\/wp\/v2\/users\/1"}],"replies":[{"embeddable":true,"href":"https:\/\/www.prijedordanas.com\/index.php?rest_route=%2Fwp%2Fv2%2Fcomments&post=207203"}],"version-history":[{"count":4,"href":"https:\/\/www.prijedordanas.com\/index.php?rest_route=\/wp\/v2\/posts\/207203\/revisions"}],"predecessor-version":[{"id":207219,"href":"https:\/\/www.prijedordanas.com\/index.php?rest_route=\/wp\/v2\/posts\/207203\/revisions\/207219"}],"wp:attachment":[{"href":"https:\/\/www.prijedordanas.com\/index.php?rest_route=%2Fwp%2Fv2%2Fmedia&parent=207203"}],"wp:term":[{"taxonomy":"category","embeddable":true,"href":"https:\/\/www.prijedordanas.com\/index.php?rest_route=%2Fwp%2Fv2%2Fcategories&post=207203"},{"taxonomy":"post_tag","embeddable":true,"href":"https:\/\/www.prijedordanas.com\/index.php?rest_route=%2Fwp%2Fv2%2Ftags&post=207203"}],"curies":[{"name":"wp","href":"https:\/\/api.w.org\/{rel}","templated":true}]}}