{"id":207079,"date":"2023-06-15T18:04:12","date_gmt":"2023-06-15T16:04:12","guid":{"rendered":"https:\/\/www.prijedordanas.com\/?p=207079"},"modified":"2023-06-15T18:09:24","modified_gmt":"2023-06-15T16:09:24","slug":"pocelo-prijedorsko-ljeto-2023-foto","status":"publish","type":"post","link":"https:\/\/www.prijedordanas.com\/?p=207079","title":{"rendered":"Besplatnom \u0161kolom tenisa po\u010delo Prijedorsko ljeto 2023 &#8211; FOTO"},"content":{"rendered":"<p><a href=\"https:\/\/www.prijedordanas.com\/wp-content\/uploads\/2023\/06\/prijedorsko-ljeto-2023-pocetak-besplatna-skola-tenisa-8.jpg\"><img loading=\"lazy\" decoding=\"async\" class=\"alignleft size-medium wp-image-207080\" src=\"https:\/\/www.prijedordanas.com\/wp-content\/uploads\/2023\/06\/prijedorsko-ljeto-2023-pocetak-besplatna-skola-tenisa-8-300x225.jpg\" alt=\"\" width=\"300\" height=\"225\" srcset=\"https:\/\/www.prijedordanas.com\/wp-content\/uploads\/2023\/06\/prijedorsko-ljeto-2023-pocetak-besplatna-skola-tenisa-8-300x225.jpg 300w, https:\/\/www.prijedordanas.com\/wp-content\/uploads\/2023\/06\/prijedorsko-ljeto-2023-pocetak-besplatna-skola-tenisa-8-640x480.jpg 640w, https:\/\/www.prijedordanas.com\/wp-content\/uploads\/2023\/06\/prijedorsko-ljeto-2023-pocetak-besplatna-skola-tenisa-8.jpg 667w\" sizes=\"(max-width: 300px) 100vw, 300px\" \/><\/a>Besplatnom \u0161kolom tenisa na terenima Tenis kluba &#8220;Dr Mladen Stojanovi\u0107&#8221;, za koju je po prvi put pokrovitelj grad Prijedor, po\u010dinje Prijedorsko ljeto 2023, izjavila je \u0161efica kabineta gradona\u010delnika Prijedora Danijela Dodo\u0161.<\/p>\n<p>&#8220;Ova \u0161kola traja\u0107e do kraja Prijedorskog ljeta, ta\u010dnije do 15. avgusta. Zasad je prijavljeno 200 mali\u0161ana, a ovim putem pozivam i sve roditelje koji to nisu u\u010dinili, a ako to \u017eele, da njihovi mali\u0161ani nau\u010de prve korake tenisa, da nau\u010de zdrav \u017eivot, sportsko pona\u0161anje, da do\u0111u ovdje i prijave svoje mali\u0161ane i da se u naredna dva mjeseca oku\u0161aju kao najmla\u0111i teniseri na\u0161eg grada&#8221;, rekla je Dodo\u0161eva.<\/p>\n<p>Ona je navela da \u0107e u dva mjeseca biti odr\u017eana 52 doga\u0111aja &#8211; od kulturnih, sportskih, muzi\u010dkih.<\/p>\n<p><a href=\"https:\/\/www.prijedordanas.com\/wp-content\/uploads\/2023\/06\/prijedorsko-ljeto-2023-pocetak-besplatna-skola-tenisa-1.jpg\"><img loading=\"lazy\" decoding=\"async\" src=\"https:\/\/www.prijedordanas.com\/wp-content\/uploads\/2023\/06\/prijedorsko-ljeto-2023-pocetak-besplatna-skola-tenisa-1-300x225.jpg\" alt=\"\" width=\"300\" height=\"225\" class=\"alignleft size-medium wp-image-207081\" srcset=\"https:\/\/www.prijedordanas.com\/wp-content\/uploads\/2023\/06\/prijedorsko-ljeto-2023-pocetak-besplatna-skola-tenisa-1-300x225.jpg 300w, https:\/\/www.prijedordanas.com\/wp-content\/uploads\/2023\/06\/prijedorsko-ljeto-2023-pocetak-besplatna-skola-tenisa-1-640x480.jpg 640w, https:\/\/www.prijedordanas.com\/wp-content\/uploads\/2023\/06\/prijedorsko-ljeto-2023-pocetak-besplatna-skola-tenisa-1.jpg 667w\" sizes=\"(max-width: 300px) 100vw, 300px\" \/><\/a>&#8220;O\u010dekujemo i ciljani dolazak turista na odre\u0111ene festivale, za \u0161ta ve\u0107 i postoje odre\u0111ene najave, tako da vjerujem da svi oni koji budu u Prijedoru ili prolazili kroz Prijedor i odlu\u010de do\u0107i da nas posjete, ima\u0107e mnogo da vide i da u\u010destvuju i budu dio ovih na\u0161ih ljetnih sadr\u017eaja&#8221;, dodala je Dodo\u0161eva.<\/p>\n<p>Predsjednik Tenis kluba &#8220;Dr Mladen Stojanovi\u0107&#8221; Goran Novi\u0107 rekao je da je velika \u010dast za klub \u0161to otvara i zatvara tradicionalnu manifestaciju Prijedorsko ljeto.<\/p>\n<p>&#8220;Veoma mi je drago i vrlo smo zadovoljni zato \u0161to smo s ovim programom prepoznati u Gradskoj upravi Prijedor i mislimo da je ovo zaista idealan na\u010din da se zapo\u010dnu sve ove brojne aktivnosti koje \u0107e obilje\u017eiti ovo ljeto&#8221;, naglasio je Novi\u0107.<\/p>\n<p>On je dodao da su mladi zainteresovani za tenis i da je besplatna \u0161kola jedan od na\u010dina da ih se privu\u010de i da se populari\u0161e ovaj sport.<\/p>\n<p>&#8220;Pored onoga \u0161to rade na\u0161i vrhunski teniseri, pa i na\u0161 veliki Novak \u0110okovi\u0107, koji je svakako zaslu\u017ean za interes mladih za ovaj sport, na\u0161e je da ih snabdijemo najboljom pa\u017enjom, najboljim trenerima i stru\u010dnjacima u ovom klubu i da uz na\u0161u pomo\u0107 na\u010dine te prve teniske korake kako bi se i trajno zaljubili i ostali \u0161to du\u017ee na ovim terenima&#8221;, istakao je Novi\u0107.<\/p>\n<p>prijedorgrad.org<\/p>\n<p><a href=\"https:\/\/www.prijedordanas.com\/wp-content\/uploads\/2023\/06\/prijedorsko-ljeto-2023-pocetak-besplatna-skola-tenisa-2.jpg\"><img loading=\"lazy\" decoding=\"async\" src=\"https:\/\/www.prijedordanas.com\/wp-content\/uploads\/2023\/06\/prijedorsko-ljeto-2023-pocetak-besplatna-skola-tenisa-2-300x200.jpg\" alt=\"\" width=\"300\" height=\"200\" class=\"alignleft size-medium wp-image-207082\" srcset=\"https:\/\/www.prijedordanas.com\/wp-content\/uploads\/2023\/06\/prijedorsko-ljeto-2023-pocetak-besplatna-skola-tenisa-2-300x200.jpg 300w, https:\/\/www.prijedordanas.com\/wp-content\/uploads\/2023\/06\/prijedorsko-ljeto-2023-pocetak-besplatna-skola-tenisa-2-480x320.jpg 480w, https:\/\/www.prijedordanas.com\/wp-content\/uploads\/2023\/06\/prijedorsko-ljeto-2023-pocetak-besplatna-skola-tenisa-2.jpg 600w\" sizes=\"(max-width: 300px) 100vw, 300px\" \/><\/a> <a href=\"https:\/\/www.prijedordanas.com\/wp-content\/uploads\/2023\/06\/prijedorsko-ljeto-2023-pocetak-besplatna-skola-tenisa-3.jpg\"><img loading=\"lazy\" decoding=\"async\" src=\"https:\/\/www.prijedordanas.com\/wp-content\/uploads\/2023\/06\/prijedorsko-ljeto-2023-pocetak-besplatna-skola-tenisa-3-300x200.jpg\" alt=\"\" width=\"300\" height=\"200\" class=\"alignleft size-medium wp-image-207083\" srcset=\"https:\/\/www.prijedordanas.com\/wp-content\/uploads\/2023\/06\/prijedorsko-ljeto-2023-pocetak-besplatna-skola-tenisa-3-300x200.jpg 300w, https:\/\/www.prijedordanas.com\/wp-content\/uploads\/2023\/06\/prijedorsko-ljeto-2023-pocetak-besplatna-skola-tenisa-3-480x320.jpg 480w, https:\/\/www.prijedordanas.com\/wp-content\/uploads\/2023\/06\/prijedorsko-ljeto-2023-pocetak-besplatna-skola-tenisa-3.jpg 600w\" sizes=\"(max-width: 300px) 100vw, 300px\" \/><\/a> <a href=\"https:\/\/www.prijedordanas.com\/wp-content\/uploads\/2023\/06\/prijedorsko-ljeto-2023-pocetak-besplatna-skola-tenisa-4.jpg\"><img loading=\"lazy\" decoding=\"async\" src=\"https:\/\/www.prijedordanas.com\/wp-content\/uploads\/2023\/06\/prijedorsko-ljeto-2023-pocetak-besplatna-skola-tenisa-4-300x200.jpg\" alt=\"\" width=\"300\" height=\"200\" class=\"alignleft size-medium wp-image-207084\" srcset=\"https:\/\/www.prijedordanas.com\/wp-content\/uploads\/2023\/06\/prijedorsko-ljeto-2023-pocetak-besplatna-skola-tenisa-4-300x200.jpg 300w, https:\/\/www.prijedordanas.com\/wp-content\/uploads\/2023\/06\/prijedorsko-ljeto-2023-pocetak-besplatna-skola-tenisa-4-480x320.jpg 480w, https:\/\/www.prijedordanas.com\/wp-content\/uploads\/2023\/06\/prijedorsko-ljeto-2023-pocetak-besplatna-skola-tenisa-4.jpg 600w\" sizes=\"(max-width: 300px) 100vw, 300px\" \/><\/a> <a href=\"https:\/\/www.prijedordanas.com\/wp-content\/uploads\/2023\/06\/prijedorsko-ljeto-2023-pocetak-besplatna-skola-tenisa-5.jpg\"><img loading=\"lazy\" decoding=\"async\" src=\"https:\/\/www.prijedordanas.com\/wp-content\/uploads\/2023\/06\/prijedorsko-ljeto-2023-pocetak-besplatna-skola-tenisa-5-300x200.jpg\" alt=\"\" width=\"300\" height=\"200\" class=\"alignleft size-medium wp-image-207085\" srcset=\"https:\/\/www.prijedordanas.com\/wp-content\/uploads\/2023\/06\/prijedorsko-ljeto-2023-pocetak-besplatna-skola-tenisa-5-300x200.jpg 300w, https:\/\/www.prijedordanas.com\/wp-content\/uploads\/2023\/06\/prijedorsko-ljeto-2023-pocetak-besplatna-skola-tenisa-5-480x320.jpg 480w, https:\/\/www.prijedordanas.com\/wp-content\/uploads\/2023\/06\/prijedorsko-ljeto-2023-pocetak-besplatna-skola-tenisa-5.jpg 600w\" sizes=\"(max-width: 300px) 100vw, 300px\" \/><\/a> <a href=\"https:\/\/www.prijedordanas.com\/wp-content\/uploads\/2023\/06\/prijedorsko-ljeto-2023-pocetak-besplatna-skola-tenisa-7.jpg\"><img loading=\"lazy\" decoding=\"async\" src=\"https:\/\/www.prijedordanas.com\/wp-content\/uploads\/2023\/06\/prijedorsko-ljeto-2023-pocetak-besplatna-skola-tenisa-7-300x200.jpg\" alt=\"\" width=\"300\" height=\"200\" class=\"alignleft size-medium wp-image-207086\" srcset=\"https:\/\/www.prijedordanas.com\/wp-content\/uploads\/2023\/06\/prijedorsko-ljeto-2023-pocetak-besplatna-skola-tenisa-7-300x200.jpg 300w, https:\/\/www.prijedordanas.com\/wp-content\/uploads\/2023\/06\/prijedorsko-ljeto-2023-pocetak-besplatna-skola-tenisa-7-480x320.jpg 480w, https:\/\/www.prijedordanas.com\/wp-content\/uploads\/2023\/06\/prijedorsko-ljeto-2023-pocetak-besplatna-skola-tenisa-7.jpg 600w\" sizes=\"(max-width: 300px) 100vw, 300px\" \/><\/a> <a href=\"https:\/\/www.prijedordanas.com\/wp-content\/uploads\/2023\/06\/prijedorsko-ljeto-2023-pocetak-besplatna-skola-tenisa-9.jpg\"><img loading=\"lazy\" decoding=\"async\" src=\"https:\/\/www.prijedordanas.com\/wp-content\/uploads\/2023\/06\/prijedorsko-ljeto-2023-pocetak-besplatna-skola-tenisa-9-300x200.jpg\" alt=\"\" width=\"300\" height=\"200\" class=\"alignleft size-medium wp-image-207087\" srcset=\"https:\/\/www.prijedordanas.com\/wp-content\/uploads\/2023\/06\/prijedorsko-ljeto-2023-pocetak-besplatna-skola-tenisa-9-300x200.jpg 300w, https:\/\/www.prijedordanas.com\/wp-content\/uploads\/2023\/06\/prijedorsko-ljeto-2023-pocetak-besplatna-skola-tenisa-9-480x320.jpg 480w, https:\/\/www.prijedordanas.com\/wp-content\/uploads\/2023\/06\/prijedorsko-ljeto-2023-pocetak-besplatna-skola-tenisa-9.jpg 600w\" sizes=\"(max-width: 300px) 100vw, 300px\" \/><\/a> <a href=\"https:\/\/www.prijedordanas.com\/wp-content\/uploads\/2023\/06\/prijedorsko-ljeto-2023-pocetak-besplatna-skola-tenisa-6.jpg\"><img loading=\"lazy\" decoding=\"async\" src=\"https:\/\/www.prijedordanas.com\/wp-content\/uploads\/2023\/06\/prijedorsko-ljeto-2023-pocetak-besplatna-skola-tenisa-6-300x200.jpg\" alt=\"\" width=\"300\" height=\"200\" class=\"alignleft size-medium wp-image-207088\" srcset=\"https:\/\/www.prijedordanas.com\/wp-content\/uploads\/2023\/06\/prijedorsko-ljeto-2023-pocetak-besplatna-skola-tenisa-6-300x200.jpg 300w, https:\/\/www.prijedordanas.com\/wp-content\/uploads\/2023\/06\/prijedorsko-ljeto-2023-pocetak-besplatna-skola-tenisa-6-480x320.jpg 480w, https:\/\/www.prijedordanas.com\/wp-content\/uploads\/2023\/06\/prijedorsko-ljeto-2023-pocetak-besplatna-skola-tenisa-6.jpg 600w\" sizes=\"(max-width: 300px) 100vw, 300px\" \/><\/a><\/p>\n","protected":false},"excerpt":{"rendered":"<p>Besplatnom \u0161kolom tenisa na terenima Tenis kluba &#8220;Dr Mladen Stojanovi\u0107&#8221;, za koju je po prvi put pokrovitelj grad Prijedor, po\u010dinje Prijedorsko ljeto 2023, izjavila je \u0161efica kabineta gradona\u010delnika Prijedora Danijela [&hellip;]<\/p>\n","protected":false},"author":1,"featured_media":0,"comment_status":"closed","ping_status":"open","sticky":false,"template":"","format":"standard","meta":{"_monsterinsights_skip_tracking":false,"_monsterinsights_sitenote_active":false,"_monsterinsights_sitenote_note":"","_monsterinsights_sitenote_category":0,"footnotes":""},"categories":[4],"tags":[],"yoast_head":"<!-- This site is optimized with the Yoast SEO plugin v21.6 - https:\/\/yoast.com\/wordpress\/plugins\/seo\/ -->\n<title>Besplatnom \u0161kolom tenisa po\u010delo Prijedorsko ljeto 2023 - FOTO - PrijedorDanas.com - Prijedorski gradski portal<\/title>\n<meta name=\"robots\" content=\"index, follow, max-snippet:-1, max-image-preview:large, max-video-preview:-1\" \/>\n<link rel=\"canonical\" href=\"https:\/\/www.prijedordanas.com\/?p=207079\" \/>\n<meta property=\"og:locale\" content=\"en_US\" \/>\n<meta property=\"og:type\" content=\"article\" \/>\n<meta property=\"og:title\" content=\"Besplatnom \u0161kolom tenisa po\u010delo Prijedorsko ljeto 2023 - FOTO - PrijedorDanas.com - Prijedorski gradski portal\" \/>\n<meta property=\"og:description\" content=\"Besplatnom \u0161kolom tenisa na terenima Tenis kluba &#8220;Dr Mladen Stojanovi\u0107&#8221;, za koju je po prvi put pokrovitelj grad Prijedor, po\u010dinje Prijedorsko ljeto 2023, izjavila je \u0161efica kabineta gradona\u010delnika Prijedora Danijela [&hellip;]\" \/>\n<meta property=\"og:url\" content=\"https:\/\/www.prijedordanas.com\/?p=207079\" \/>\n<meta property=\"og:site_name\" content=\"PrijedorDanas.com - Prijedorski gradski portal\" \/>\n<meta property=\"article:publisher\" content=\"https:\/\/www.facebook.com\/PrijedorDanasCom\/\" \/>\n<meta property=\"article:published_time\" content=\"2023-06-15T16:04:12+00:00\" \/>\n<meta property=\"article:modified_time\" content=\"2023-06-15T16:09:24+00:00\" \/>\n<meta property=\"og:image\" content=\"https:\/\/www.prijedordanas.com\/wp-content\/uploads\/2023\/06\/prijedorsko-ljeto-2023-pocetak-besplatna-skola-tenisa-8-300x225.jpg\" \/>\n<meta name=\"author\" content=\"admin\" \/>\n<meta name=\"twitter:card\" content=\"summary_large_image\" \/>\n<meta name=\"twitter:label1\" content=\"Written by\" \/>\n\t<meta name=\"twitter:data1\" content=\"admin\" \/>\n\t<meta name=\"twitter:label2\" content=\"Est. reading time\" \/>\n\t<meta name=\"twitter:data2\" content=\"4 minutes\" \/>\n<script type=\"application\/ld+json\" class=\"yoast-schema-graph\">{\"@context\":\"https:\/\/schema.org\",\"@graph\":[{\"@type\":\"Article\",\"@id\":\"https:\/\/www.prijedordanas.com\/?p=207079#article\",\"isPartOf\":{\"@id\":\"https:\/\/www.prijedordanas.com\/?p=207079\"},\"author\":{\"name\":\"admin\",\"@id\":\"https:\/\/www.prijedordanas.com\/#\/schema\/person\/4e08ccf29b506ca916ff86d46bb700e6\"},\"headline\":\"Besplatnom \u0161kolom tenisa po\u010delo Prijedorsko ljeto 2023 &#8211; FOTO\",\"datePublished\":\"2023-06-15T16:04:12+00:00\",\"dateModified\":\"2023-06-15T16:09:24+00:00\",\"mainEntityOfPage\":{\"@id\":\"https:\/\/www.prijedordanas.com\/?p=207079\"},\"wordCount\":373,\"publisher\":{\"@id\":\"https:\/\/www.prijedordanas.com\/#organization\"},\"articleSection\":[\"Dru\u0161tvo\"],\"inLanguage\":\"en-US\"},{\"@type\":\"WebPage\",\"@id\":\"https:\/\/www.prijedordanas.com\/?p=207079\",\"url\":\"https:\/\/www.prijedordanas.com\/?p=207079\",\"name\":\"Besplatnom \u0161kolom tenisa po\u010delo Prijedorsko ljeto 2023 - FOTO - PrijedorDanas.com - Prijedorski gradski portal\",\"isPartOf\":{\"@id\":\"https:\/\/www.prijedordanas.com\/#website\"},\"datePublished\":\"2023-06-15T16:04:12+00:00\",\"dateModified\":\"2023-06-15T16:09:24+00:00\",\"breadcrumb\":{\"@id\":\"https:\/\/www.prijedordanas.com\/?p=207079#breadcrumb\"},\"inLanguage\":\"en-US\",\"potentialAction\":[{\"@type\":\"ReadAction\",\"target\":[\"https:\/\/www.prijedordanas.com\/?p=207079\"]}]},{\"@type\":\"BreadcrumbList\",\"@id\":\"https:\/\/www.prijedordanas.com\/?p=207079#breadcrumb\",\"itemListElement\":[{\"@type\":\"ListItem\",\"position\":1,\"name\":\"Home\",\"item\":\"https:\/\/www.prijedordanas.com\/\"},{\"@type\":\"ListItem\",\"position\":2,\"name\":\"Besplatnom \u0161kolom tenisa po\u010delo Prijedorsko ljeto 2023 &#8211; FOTO\"}]},{\"@type\":\"WebSite\",\"@id\":\"https:\/\/www.prijedordanas.com\/#website\",\"url\":\"https:\/\/www.prijedordanas.com\/\",\"name\":\"PrijedorDanas.com - Prijedorski gradski portal\",\"description\":\"Portal o doga\u0111anjima u gradu Prijedoru\",\"publisher\":{\"@id\":\"https:\/\/www.prijedordanas.com\/#organization\"},\"potentialAction\":[{\"@type\":\"SearchAction\",\"target\":{\"@type\":\"EntryPoint\",\"urlTemplate\":\"https:\/\/www.prijedordanas.com\/?s={search_term_string}\"},\"query-input\":\"required name=search_term_string\"}],\"inLanguage\":\"en-US\"},{\"@type\":\"Organization\",\"@id\":\"https:\/\/www.prijedordanas.com\/#organization\",\"name\":\"PrijedorDanas.com\",\"url\":\"https:\/\/www.prijedordanas.com\/\",\"logo\":{\"@type\":\"ImageObject\",\"inLanguage\":\"en-US\",\"@id\":\"https:\/\/www.prijedordanas.com\/#\/schema\/logo\/image\/\",\"url\":\"http:\/\/www.prijedordanas.com\/wp-content\/uploads\/2021\/12\/logopng.png\",\"contentUrl\":\"http:\/\/www.prijedordanas.com\/wp-content\/uploads\/2021\/12\/logopng.png\",\"width\":1019,\"height\":776,\"caption\":\"PrijedorDanas.com\"},\"image\":{\"@id\":\"https:\/\/www.prijedordanas.com\/#\/schema\/logo\/image\/\"},\"sameAs\":[\"https:\/\/www.facebook.com\/PrijedorDanasCom\/\"]},{\"@type\":\"Person\",\"@id\":\"https:\/\/www.prijedordanas.com\/#\/schema\/person\/4e08ccf29b506ca916ff86d46bb700e6\",\"name\":\"admin\",\"image\":{\"@type\":\"ImageObject\",\"inLanguage\":\"en-US\",\"@id\":\"https:\/\/www.prijedordanas.com\/#\/schema\/person\/image\/\",\"url\":\"https:\/\/secure.gravatar.com\/avatar\/1d3fc949d550f0b53a5f0d51e06dfd79?s=96&d=mm&r=g\",\"contentUrl\":\"https:\/\/secure.gravatar.com\/avatar\/1d3fc949d550f0b53a5f0d51e06dfd79?s=96&d=mm&r=g\",\"caption\":\"admin\"},\"url\":\"https:\/\/www.prijedordanas.com\/?author=1\"}]}<\/script>\n<!-- \/ Yoast SEO plugin. -->","yoast_head_json":{"title":"Besplatnom \u0161kolom tenisa po\u010delo Prijedorsko ljeto 2023 - FOTO - PrijedorDanas.com - Prijedorski gradski portal","robots":{"index":"index","follow":"follow","max-snippet":"max-snippet:-1","max-image-preview":"max-image-preview:large","max-video-preview":"max-video-preview:-1"},"canonical":"https:\/\/www.prijedordanas.com\/?p=207079","og_locale":"en_US","og_type":"article","og_title":"Besplatnom \u0161kolom tenisa po\u010delo Prijedorsko ljeto 2023 - FOTO - PrijedorDanas.com - Prijedorski gradski portal","og_description":"Besplatnom \u0161kolom tenisa na terenima Tenis kluba &#8220;Dr Mladen Stojanovi\u0107&#8221;, za koju je po prvi put pokrovitelj grad Prijedor, po\u010dinje Prijedorsko ljeto 2023, izjavila je \u0161efica kabineta gradona\u010delnika Prijedora Danijela [&hellip;]","og_url":"https:\/\/www.prijedordanas.com\/?p=207079","og_site_name":"PrijedorDanas.com - Prijedorski gradski portal","article_publisher":"https:\/\/www.facebook.com\/PrijedorDanasCom\/","article_published_time":"2023-06-15T16:04:12+00:00","article_modified_time":"2023-06-15T16:09:24+00:00","og_image":[{"url":"https:\/\/www.prijedordanas.com\/wp-content\/uploads\/2023\/06\/prijedorsko-ljeto-2023-pocetak-besplatna-skola-tenisa-8-300x225.jpg"}],"author":"admin","twitter_card":"summary_large_image","twitter_misc":{"Written by":"admin","Est. reading time":"4 minutes"},"schema":{"@context":"https:\/\/schema.org","@graph":[{"@type":"Article","@id":"https:\/\/www.prijedordanas.com\/?p=207079#article","isPartOf":{"@id":"https:\/\/www.prijedordanas.com\/?p=207079"},"author":{"name":"admin","@id":"https:\/\/www.prijedordanas.com\/#\/schema\/person\/4e08ccf29b506ca916ff86d46bb700e6"},"headline":"Besplatnom \u0161kolom tenisa po\u010delo Prijedorsko ljeto 2023 &#8211; FOTO","datePublished":"2023-06-15T16:04:12+00:00","dateModified":"2023-06-15T16:09:24+00:00","mainEntityOfPage":{"@id":"https:\/\/www.prijedordanas.com\/?p=207079"},"wordCount":373,"publisher":{"@id":"https:\/\/www.prijedordanas.com\/#organization"},"articleSection":["Dru\u0161tvo"],"inLanguage":"en-US"},{"@type":"WebPage","@id":"https:\/\/www.prijedordanas.com\/?p=207079","url":"https:\/\/www.prijedordanas.com\/?p=207079","name":"Besplatnom \u0161kolom tenisa po\u010delo Prijedorsko ljeto 2023 - FOTO - PrijedorDanas.com - Prijedorski gradski portal","isPartOf":{"@id":"https:\/\/www.prijedordanas.com\/#website"},"datePublished":"2023-06-15T16:04:12+00:00","dateModified":"2023-06-15T16:09:24+00:00","breadcrumb":{"@id":"https:\/\/www.prijedordanas.com\/?p=207079#breadcrumb"},"inLanguage":"en-US","potentialAction":[{"@type":"ReadAction","target":["https:\/\/www.prijedordanas.com\/?p=207079"]}]},{"@type":"BreadcrumbList","@id":"https:\/\/www.prijedordanas.com\/?p=207079#breadcrumb","itemListElement":[{"@type":"ListItem","position":1,"name":"Home","item":"https:\/\/www.prijedordanas.com\/"},{"@type":"ListItem","position":2,"name":"Besplatnom \u0161kolom tenisa po\u010delo Prijedorsko ljeto 2023 &#8211; FOTO"}]},{"@type":"WebSite","@id":"https:\/\/www.prijedordanas.com\/#website","url":"https:\/\/www.prijedordanas.com\/","name":"PrijedorDanas.com - Prijedorski gradski portal","description":"Portal o doga\u0111anjima u gradu Prijedoru","publisher":{"@id":"https:\/\/www.prijedordanas.com\/#organization"},"potentialAction":[{"@type":"SearchAction","target":{"@type":"EntryPoint","urlTemplate":"https:\/\/www.prijedordanas.com\/?s={search_term_string}"},"query-input":"required name=search_term_string"}],"inLanguage":"en-US"},{"@type":"Organization","@id":"https:\/\/www.prijedordanas.com\/#organization","name":"PrijedorDanas.com","url":"https:\/\/www.prijedordanas.com\/","logo":{"@type":"ImageObject","inLanguage":"en-US","@id":"https:\/\/www.prijedordanas.com\/#\/schema\/logo\/image\/","url":"http:\/\/www.prijedordanas.com\/wp-content\/uploads\/2021\/12\/logopng.png","contentUrl":"http:\/\/www.prijedordanas.com\/wp-content\/uploads\/2021\/12\/logopng.png","width":1019,"height":776,"caption":"PrijedorDanas.com"},"image":{"@id":"https:\/\/www.prijedordanas.com\/#\/schema\/logo\/image\/"},"sameAs":["https:\/\/www.facebook.com\/PrijedorDanasCom\/"]},{"@type":"Person","@id":"https:\/\/www.prijedordanas.com\/#\/schema\/person\/4e08ccf29b506ca916ff86d46bb700e6","name":"admin","image":{"@type":"ImageObject","inLanguage":"en-US","@id":"https:\/\/www.prijedordanas.com\/#\/schema\/person\/image\/","url":"https:\/\/secure.gravatar.com\/avatar\/1d3fc949d550f0b53a5f0d51e06dfd79?s=96&d=mm&r=g","contentUrl":"https:\/\/secure.gravatar.com\/avatar\/1d3fc949d550f0b53a5f0d51e06dfd79?s=96&d=mm&r=g","caption":"admin"},"url":"https:\/\/www.prijedordanas.com\/?author=1"}]}},"_links":{"self":[{"href":"https:\/\/www.prijedordanas.com\/index.php?rest_route=\/wp\/v2\/posts\/207079"}],"collection":[{"href":"https:\/\/www.prijedordanas.com\/index.php?rest_route=\/wp\/v2\/posts"}],"about":[{"href":"https:\/\/www.prijedordanas.com\/index.php?rest_route=\/wp\/v2\/types\/post"}],"author":[{"embeddable":true,"href":"https:\/\/www.prijedordanas.com\/index.php?rest_route=\/wp\/v2\/users\/1"}],"replies":[{"embeddable":true,"href":"https:\/\/www.prijedordanas.com\/index.php?rest_route=%2Fwp%2Fv2%2Fcomments&post=207079"}],"version-history":[{"count":2,"href":"https:\/\/www.prijedordanas.com\/index.php?rest_route=\/wp\/v2\/posts\/207079\/revisions"}],"predecessor-version":[{"id":207092,"href":"https:\/\/www.prijedordanas.com\/index.php?rest_route=\/wp\/v2\/posts\/207079\/revisions\/207092"}],"wp:attachment":[{"href":"https:\/\/www.prijedordanas.com\/index.php?rest_route=%2Fwp%2Fv2%2Fmedia&parent=207079"}],"wp:term":[{"taxonomy":"category","embeddable":true,"href":"https:\/\/www.prijedordanas.com\/index.php?rest_route=%2Fwp%2Fv2%2Fcategories&post=207079"},{"taxonomy":"post_tag","embeddable":true,"href":"https:\/\/www.prijedordanas.com\/index.php?rest_route=%2Fwp%2Fv2%2Ftags&post=207079"}],"curies":[{"name":"wp","href":"https:\/\/api.w.org\/{rel}","templated":true}]}}