{"id":206658,"date":"2023-06-06T18:45:46","date_gmt":"2023-06-06T16:45:46","guid":{"rendered":"https:\/\/www.prijedordanas.com\/?p=206658"},"modified":"2023-06-06T20:28:18","modified_gmt":"2023-06-06T18:28:18","slug":"prijedor-pomoc-domacinstvu-u-kojem-je-od-strujnog-udara-uginulo-sedam-krava-foto","status":"publish","type":"post","link":"https:\/\/www.prijedordanas.com\/?p=206658","title":{"rendered":"Prijedor: Pomo\u0107 doma\u0107instvu u kojem je od strujnog udara uginulo sedam krava &#8211; FOTO"},"content":{"rendered":"<p><a href=\"https:\/\/www.prijedordanas.com\/wp-content\/uploads\/2023\/06\/prijedorgradorg-pomoz-za-iliju-zorica-2.jpg\"><img loading=\"lazy\" decoding=\"async\" class=\"alignleft size-medium wp-image-206683\" src=\"https:\/\/www.prijedordanas.com\/wp-content\/uploads\/2023\/06\/prijedorgradorg-pomoz-za-iliju-zorica-2-300x225.jpg\" alt=\"\" width=\"300\" height=\"225\" srcset=\"https:\/\/www.prijedordanas.com\/wp-content\/uploads\/2023\/06\/prijedorgradorg-pomoz-za-iliju-zorica-2-300x225.jpg 300w, https:\/\/www.prijedordanas.com\/wp-content\/uploads\/2023\/06\/prijedorgradorg-pomoz-za-iliju-zorica-2-640x480.jpg 640w, https:\/\/www.prijedordanas.com\/wp-content\/uploads\/2023\/06\/prijedorgradorg-pomoz-za-iliju-zorica-2.jpg 667w\" sizes=\"(max-width: 300px) 100vw, 300px\" \/><\/a>Gradona\u010delnik Prijedora Slobodan Javor najavio je danas da \u0107e Gradska uprava obezbijediti i u toku sedmice uplatiti pomo\u0107 za porodicu Ilije Zori\u0107a iz Rasavaca kojem je za vikend od strujnog udara stradalo sedam od ukupno osam muznih krava.<\/p>\n<p>On je izjavio da je Odjeljenje za poljoprivredu i ruralni razvoj na raspolaganju za dalje konsultacije, savjete i preporuke.<\/p>\n<p>&#8220;Ima\u0107emo i razli\u010ditih pomo\u0107i koje \u0107emo svakako razmotriti u narednom periodu \u0161ta je to neophodno da se obezbijedi da bi se ova porodica i prehranila i nastavila da \u017eivi normalno&#8221;, rekao je Javor novinarima prilikom posjete ovoj porodici.<\/p>\n<p><a href=\"https:\/\/www.prijedordanas.com\/wp-content\/uploads\/2023\/06\/prijedorgradorg-pomoz-za-iliju-zorica-10.jpg\"><img loading=\"lazy\" decoding=\"async\" src=\"https:\/\/www.prijedordanas.com\/wp-content\/uploads\/2023\/06\/prijedorgradorg-pomoz-za-iliju-zorica-10-300x225.jpg\" alt=\"\" width=\"300\" height=\"225\" class=\"alignleft size-medium wp-image-206694\" srcset=\"https:\/\/www.prijedordanas.com\/wp-content\/uploads\/2023\/06\/prijedorgradorg-pomoz-za-iliju-zorica-10-300x225.jpg 300w, https:\/\/www.prijedordanas.com\/wp-content\/uploads\/2023\/06\/prijedorgradorg-pomoz-za-iliju-zorica-10-640x480.jpg 640w, https:\/\/www.prijedordanas.com\/wp-content\/uploads\/2023\/06\/prijedorgradorg-pomoz-za-iliju-zorica-10.jpg 667w\" sizes=\"(max-width: 300px) 100vw, 300px\" \/><\/a>On je dodao da je banalan razlog prouzrokovao ovako veliku tragediju i da je samo jedna muzna krava ostala u doma\u0107instvu.<\/p>\n<p>&#8220;U narednom periodu u\u010dini\u0107emo sve \u0161to je do nas da stabilizujemo i da ovoj divnoj porodici omogu\u0107imo da nastavi da \u017eivi od svog truda i rada&#8221;, poru\u010dio je Javor.<\/p>\n<p>Sedmo\u010dlano doma\u0107instvo Zori\u0107a \u017eivi isklju\u010divo od poljoprivrede, a nedavno se jedan sin zaposlio u Prijedoru.<\/p>\n<p>Ve\u0107 dvadeset godina dr\u017ee muzne krave i prodaju mlijeko.<\/p>\n<p><a href=\"https:\/\/www.prijedordanas.com\/wp-content\/uploads\/2023\/06\/prijedorgradorg-pomoz-za-iliju-zorica-7.jpg\"><img loading=\"lazy\" decoding=\"async\" class=\"alignleft size-medium wp-image-206684\" src=\"https:\/\/www.prijedordanas.com\/wp-content\/uploads\/2023\/06\/prijedorgradorg-pomoz-za-iliju-zorica-7-300x225.jpg\" alt=\"\" width=\"300\" height=\"225\" srcset=\"https:\/\/www.prijedordanas.com\/wp-content\/uploads\/2023\/06\/prijedorgradorg-pomoz-za-iliju-zorica-7-300x225.jpg 300w, https:\/\/www.prijedordanas.com\/wp-content\/uploads\/2023\/06\/prijedorgradorg-pomoz-za-iliju-zorica-7.jpg 600w\" sizes=\"(max-width: 300px) 100vw, 300px\" \/><\/a>Od osam krava stradalo je sedam, a ostalo je \u010detiri teleta od kojih najmla\u0111e staro \u010detiri dana.<\/p>\n<p>&#8220;Ja sam bio na njivi, kosio travu tu ispod ku\u0107e, a mali je davao hranu i onda je po\u010deo plakati i vri\u0161tati, zvati mene, ne\u0161to se de\u0161ava. Ja sam dotr\u010dao, poku\u0161avao da spasim, ali nisam mogao ni\u0161ta spasiti&#8221;, rekao je Ilija.<\/p>\n<p>On je dodao da su se, pored gradona\u010delnika Javora, kom\u0161ije, prijatelji, brojni pojedinci, institucije, firme i udru\u017eenja javili da pomognu, \u010dak i iz Srbije, a da je od jedne \u017eene ve\u0107 dobio junicu na poklon.<\/p>\n<p><a href=\"https:\/\/www.prijedorgrad.org\/sr-EU\/vijesti-sadrzaj.html?vid=18166\" rel=\"noopener\" target=\"_blank\">prijedorgrad.org<\/a><\/p>\n<p><a href=\"https:\/\/www.prijedordanas.com\/wp-content\/uploads\/2023\/06\/prijedorgradorg-pomoz-za-iliju-zorica-4.jpg\"><img loading=\"lazy\" decoding=\"async\" class=\"alignleft size-medium wp-image-206685\" src=\"https:\/\/www.prijedordanas.com\/wp-content\/uploads\/2023\/06\/prijedorgradorg-pomoz-za-iliju-zorica-4-300x225.jpg\" alt=\"\" width=\"300\" height=\"225\" srcset=\"https:\/\/www.prijedordanas.com\/wp-content\/uploads\/2023\/06\/prijedorgradorg-pomoz-za-iliju-zorica-4-300x225.jpg 300w, https:\/\/www.prijedordanas.com\/wp-content\/uploads\/2023\/06\/prijedorgradorg-pomoz-za-iliju-zorica-4.jpg 600w\" sizes=\"(max-width: 300px) 100vw, 300px\" \/><\/a> <a href=\"https:\/\/www.prijedordanas.com\/wp-content\/uploads\/2023\/06\/prijedorgradorg-pomoz-za-iliju-zorica-5.jpg\"><img loading=\"lazy\" decoding=\"async\" class=\"alignleft size-medium wp-image-206686\" src=\"https:\/\/www.prijedordanas.com\/wp-content\/uploads\/2023\/06\/prijedorgradorg-pomoz-za-iliju-zorica-5-300x225.jpg\" alt=\"\" width=\"300\" height=\"225\" srcset=\"https:\/\/www.prijedordanas.com\/wp-content\/uploads\/2023\/06\/prijedorgradorg-pomoz-za-iliju-zorica-5-300x225.jpg 300w, https:\/\/www.prijedordanas.com\/wp-content\/uploads\/2023\/06\/prijedorgradorg-pomoz-za-iliju-zorica-5.jpg 600w\" sizes=\"(max-width: 300px) 100vw, 300px\" \/><\/a> <a href=\"https:\/\/www.prijedordanas.com\/wp-content\/uploads\/2023\/06\/prijedorgradorg-pomoz-za-iliju-zorica-6.jpg\"><img loading=\"lazy\" decoding=\"async\" class=\"alignleft size-medium wp-image-206687\" src=\"https:\/\/www.prijedordanas.com\/wp-content\/uploads\/2023\/06\/prijedorgradorg-pomoz-za-iliju-zorica-6-300x225.jpg\" alt=\"\" width=\"300\" height=\"225\" srcset=\"https:\/\/www.prijedordanas.com\/wp-content\/uploads\/2023\/06\/prijedorgradorg-pomoz-za-iliju-zorica-6-300x225.jpg 300w, https:\/\/www.prijedordanas.com\/wp-content\/uploads\/2023\/06\/prijedorgradorg-pomoz-za-iliju-zorica-6.jpg 600w\" sizes=\"(max-width: 300px) 100vw, 300px\" \/><\/a> <a href=\"https:\/\/www.prijedordanas.com\/wp-content\/uploads\/2023\/06\/prijedorgradorg-pomoz-za-iliju-zorica-3.jpg\"><img loading=\"lazy\" decoding=\"async\" class=\"alignleft size-medium wp-image-206688\" src=\"https:\/\/www.prijedordanas.com\/wp-content\/uploads\/2023\/06\/prijedorgradorg-pomoz-za-iliju-zorica-3-300x225.jpg\" alt=\"\" width=\"300\" height=\"225\" srcset=\"https:\/\/www.prijedordanas.com\/wp-content\/uploads\/2023\/06\/prijedorgradorg-pomoz-za-iliju-zorica-3-300x225.jpg 300w, https:\/\/www.prijedordanas.com\/wp-content\/uploads\/2023\/06\/prijedorgradorg-pomoz-za-iliju-zorica-3.jpg 600w\" sizes=\"(max-width: 300px) 100vw, 300px\" \/><\/a> <a href=\"https:\/\/www.prijedordanas.com\/wp-content\/uploads\/2023\/06\/prijedorgradorg-pomoz-za-iliju-zorica-9.jpg\"><img loading=\"lazy\" decoding=\"async\" class=\"alignleft size-medium wp-image-206689\" src=\"https:\/\/www.prijedordanas.com\/wp-content\/uploads\/2023\/06\/prijedorgradorg-pomoz-za-iliju-zorica-9-300x200.jpg\" alt=\"\" width=\"300\" height=\"200\" srcset=\"https:\/\/www.prijedordanas.com\/wp-content\/uploads\/2023\/06\/prijedorgradorg-pomoz-za-iliju-zorica-9-300x200.jpg 300w, https:\/\/www.prijedordanas.com\/wp-content\/uploads\/2023\/06\/prijedorgradorg-pomoz-za-iliju-zorica-9-480x320.jpg 480w, https:\/\/www.prijedordanas.com\/wp-content\/uploads\/2023\/06\/prijedorgradorg-pomoz-za-iliju-zorica-9.jpg 600w\" sizes=\"(max-width: 300px) 100vw, 300px\" \/><\/a> <a href=\"https:\/\/www.prijedordanas.com\/wp-content\/uploads\/2023\/06\/prijedorgradorg-pomoz-za-iliju-zorica-8.jpg\"><img loading=\"lazy\" decoding=\"async\" class=\"alignleft size-medium wp-image-206690\" src=\"https:\/\/www.prijedordanas.com\/wp-content\/uploads\/2023\/06\/prijedorgradorg-pomoz-za-iliju-zorica-8-300x225.jpg\" alt=\"\" width=\"300\" height=\"225\" srcset=\"https:\/\/www.prijedordanas.com\/wp-content\/uploads\/2023\/06\/prijedorgradorg-pomoz-za-iliju-zorica-8-300x225.jpg 300w, https:\/\/www.prijedordanas.com\/wp-content\/uploads\/2023\/06\/prijedorgradorg-pomoz-za-iliju-zorica-8.jpg 600w\" sizes=\"(max-width: 300px) 100vw, 300px\" \/><\/a><\/p>\n","protected":false},"excerpt":{"rendered":"<p>Gradona\u010delnik Prijedora Slobodan Javor najavio je danas da \u0107e Gradska uprava obezbijediti i u toku sedmice uplatiti pomo\u0107 za porodicu Ilije Zori\u0107a iz Rasavaca kojem je za vikend od strujnog [&hellip;]<\/p>\n","protected":false},"author":1,"featured_media":0,"comment_status":"closed","ping_status":"open","sticky":false,"template":"","format":"standard","meta":{"_monsterinsights_skip_tracking":false,"_monsterinsights_sitenote_active":false,"_monsterinsights_sitenote_note":"","_monsterinsights_sitenote_category":0,"footnotes":""},"categories":[4],"tags":[],"yoast_head":"<!-- This site is optimized with the Yoast SEO plugin v21.6 - https:\/\/yoast.com\/wordpress\/plugins\/seo\/ -->\n<title>Prijedor: Pomo\u0107 doma\u0107instvu u kojem je od strujnog udara uginulo sedam krava - FOTO - PrijedorDanas.com - Prijedorski gradski portal<\/title>\n<meta name=\"robots\" content=\"index, follow, max-snippet:-1, max-image-preview:large, max-video-preview:-1\" \/>\n<link rel=\"canonical\" href=\"https:\/\/www.prijedordanas.com\/?p=206658\" \/>\n<meta property=\"og:locale\" content=\"en_US\" \/>\n<meta property=\"og:type\" content=\"article\" \/>\n<meta property=\"og:title\" content=\"Prijedor: Pomo\u0107 doma\u0107instvu u kojem je od strujnog udara uginulo sedam krava - FOTO - PrijedorDanas.com - Prijedorski gradski portal\" \/>\n<meta property=\"og:description\" content=\"Gradona\u010delnik Prijedora Slobodan Javor najavio je danas da \u0107e Gradska uprava obezbijediti i u toku sedmice uplatiti pomo\u0107 za porodicu Ilije Zori\u0107a iz Rasavaca kojem je za vikend od strujnog [&hellip;]\" \/>\n<meta property=\"og:url\" content=\"https:\/\/www.prijedordanas.com\/?p=206658\" \/>\n<meta property=\"og:site_name\" content=\"PrijedorDanas.com - Prijedorski gradski portal\" \/>\n<meta property=\"article:publisher\" content=\"https:\/\/www.facebook.com\/PrijedorDanasCom\/\" \/>\n<meta property=\"article:published_time\" content=\"2023-06-06T16:45:46+00:00\" \/>\n<meta property=\"article:modified_time\" content=\"2023-06-06T18:28:18+00:00\" \/>\n<meta property=\"og:image\" content=\"https:\/\/www.prijedordanas.com\/wp-content\/uploads\/2023\/06\/prijedorgradorg-pomoz-za-iliju-zorica-2-300x225.jpg\" \/>\n<meta name=\"author\" content=\"admin\" \/>\n<meta name=\"twitter:card\" content=\"summary_large_image\" \/>\n<meta name=\"twitter:label1\" content=\"Written by\" \/>\n\t<meta name=\"twitter:data1\" content=\"admin\" \/>\n\t<meta name=\"twitter:label2\" content=\"Est. reading time\" \/>\n\t<meta name=\"twitter:data2\" content=\"3 minutes\" \/>\n<script type=\"application\/ld+json\" class=\"yoast-schema-graph\">{\"@context\":\"https:\/\/schema.org\",\"@graph\":[{\"@type\":\"Article\",\"@id\":\"https:\/\/www.prijedordanas.com\/?p=206658#article\",\"isPartOf\":{\"@id\":\"https:\/\/www.prijedordanas.com\/?p=206658\"},\"author\":{\"name\":\"admin\",\"@id\":\"https:\/\/www.prijedordanas.com\/#\/schema\/person\/4e08ccf29b506ca916ff86d46bb700e6\"},\"headline\":\"Prijedor: Pomo\u0107 doma\u0107instvu u kojem je od strujnog udara uginulo sedam krava &#8211; FOTO\",\"datePublished\":\"2023-06-06T16:45:46+00:00\",\"dateModified\":\"2023-06-06T18:28:18+00:00\",\"mainEntityOfPage\":{\"@id\":\"https:\/\/www.prijedordanas.com\/?p=206658\"},\"wordCount\":306,\"publisher\":{\"@id\":\"https:\/\/www.prijedordanas.com\/#organization\"},\"articleSection\":[\"Dru\u0161tvo\"],\"inLanguage\":\"en-US\"},{\"@type\":\"WebPage\",\"@id\":\"https:\/\/www.prijedordanas.com\/?p=206658\",\"url\":\"https:\/\/www.prijedordanas.com\/?p=206658\",\"name\":\"Prijedor: Pomo\u0107 doma\u0107instvu u kojem je od strujnog udara uginulo sedam krava - FOTO - PrijedorDanas.com - Prijedorski gradski portal\",\"isPartOf\":{\"@id\":\"https:\/\/www.prijedordanas.com\/#website\"},\"datePublished\":\"2023-06-06T16:45:46+00:00\",\"dateModified\":\"2023-06-06T18:28:18+00:00\",\"breadcrumb\":{\"@id\":\"https:\/\/www.prijedordanas.com\/?p=206658#breadcrumb\"},\"inLanguage\":\"en-US\",\"potentialAction\":[{\"@type\":\"ReadAction\",\"target\":[\"https:\/\/www.prijedordanas.com\/?p=206658\"]}]},{\"@type\":\"BreadcrumbList\",\"@id\":\"https:\/\/www.prijedordanas.com\/?p=206658#breadcrumb\",\"itemListElement\":[{\"@type\":\"ListItem\",\"position\":1,\"name\":\"Home\",\"item\":\"https:\/\/www.prijedordanas.com\/\"},{\"@type\":\"ListItem\",\"position\":2,\"name\":\"Prijedor: Pomo\u0107 doma\u0107instvu u kojem je od strujnog udara uginulo sedam krava &#8211; FOTO\"}]},{\"@type\":\"WebSite\",\"@id\":\"https:\/\/www.prijedordanas.com\/#website\",\"url\":\"https:\/\/www.prijedordanas.com\/\",\"name\":\"PrijedorDanas.com - Prijedorski gradski portal\",\"description\":\"Portal o doga\u0111anjima u gradu Prijedoru\",\"publisher\":{\"@id\":\"https:\/\/www.prijedordanas.com\/#organization\"},\"potentialAction\":[{\"@type\":\"SearchAction\",\"target\":{\"@type\":\"EntryPoint\",\"urlTemplate\":\"https:\/\/www.prijedordanas.com\/?s={search_term_string}\"},\"query-input\":\"required name=search_term_string\"}],\"inLanguage\":\"en-US\"},{\"@type\":\"Organization\",\"@id\":\"https:\/\/www.prijedordanas.com\/#organization\",\"name\":\"PrijedorDanas.com\",\"url\":\"https:\/\/www.prijedordanas.com\/\",\"logo\":{\"@type\":\"ImageObject\",\"inLanguage\":\"en-US\",\"@id\":\"https:\/\/www.prijedordanas.com\/#\/schema\/logo\/image\/\",\"url\":\"http:\/\/www.prijedordanas.com\/wp-content\/uploads\/2021\/12\/logopng.png\",\"contentUrl\":\"http:\/\/www.prijedordanas.com\/wp-content\/uploads\/2021\/12\/logopng.png\",\"width\":1019,\"height\":776,\"caption\":\"PrijedorDanas.com\"},\"image\":{\"@id\":\"https:\/\/www.prijedordanas.com\/#\/schema\/logo\/image\/\"},\"sameAs\":[\"https:\/\/www.facebook.com\/PrijedorDanasCom\/\"]},{\"@type\":\"Person\",\"@id\":\"https:\/\/www.prijedordanas.com\/#\/schema\/person\/4e08ccf29b506ca916ff86d46bb700e6\",\"name\":\"admin\",\"image\":{\"@type\":\"ImageObject\",\"inLanguage\":\"en-US\",\"@id\":\"https:\/\/www.prijedordanas.com\/#\/schema\/person\/image\/\",\"url\":\"https:\/\/secure.gravatar.com\/avatar\/1d3fc949d550f0b53a5f0d51e06dfd79?s=96&d=mm&r=g\",\"contentUrl\":\"https:\/\/secure.gravatar.com\/avatar\/1d3fc949d550f0b53a5f0d51e06dfd79?s=96&d=mm&r=g\",\"caption\":\"admin\"},\"url\":\"https:\/\/www.prijedordanas.com\/?author=1\"}]}<\/script>\n<!-- \/ Yoast SEO plugin. -->","yoast_head_json":{"title":"Prijedor: Pomo\u0107 doma\u0107instvu u kojem je od strujnog udara uginulo sedam krava - FOTO - PrijedorDanas.com - Prijedorski gradski portal","robots":{"index":"index","follow":"follow","max-snippet":"max-snippet:-1","max-image-preview":"max-image-preview:large","max-video-preview":"max-video-preview:-1"},"canonical":"https:\/\/www.prijedordanas.com\/?p=206658","og_locale":"en_US","og_type":"article","og_title":"Prijedor: Pomo\u0107 doma\u0107instvu u kojem je od strujnog udara uginulo sedam krava - FOTO - PrijedorDanas.com - Prijedorski gradski portal","og_description":"Gradona\u010delnik Prijedora Slobodan Javor najavio je danas da \u0107e Gradska uprava obezbijediti i u toku sedmice uplatiti pomo\u0107 za porodicu Ilije Zori\u0107a iz Rasavaca kojem je za vikend od strujnog [&hellip;]","og_url":"https:\/\/www.prijedordanas.com\/?p=206658","og_site_name":"PrijedorDanas.com - Prijedorski gradski portal","article_publisher":"https:\/\/www.facebook.com\/PrijedorDanasCom\/","article_published_time":"2023-06-06T16:45:46+00:00","article_modified_time":"2023-06-06T18:28:18+00:00","og_image":[{"url":"https:\/\/www.prijedordanas.com\/wp-content\/uploads\/2023\/06\/prijedorgradorg-pomoz-za-iliju-zorica-2-300x225.jpg"}],"author":"admin","twitter_card":"summary_large_image","twitter_misc":{"Written by":"admin","Est. reading time":"3 minutes"},"schema":{"@context":"https:\/\/schema.org","@graph":[{"@type":"Article","@id":"https:\/\/www.prijedordanas.com\/?p=206658#article","isPartOf":{"@id":"https:\/\/www.prijedordanas.com\/?p=206658"},"author":{"name":"admin","@id":"https:\/\/www.prijedordanas.com\/#\/schema\/person\/4e08ccf29b506ca916ff86d46bb700e6"},"headline":"Prijedor: Pomo\u0107 doma\u0107instvu u kojem je od strujnog udara uginulo sedam krava &#8211; FOTO","datePublished":"2023-06-06T16:45:46+00:00","dateModified":"2023-06-06T18:28:18+00:00","mainEntityOfPage":{"@id":"https:\/\/www.prijedordanas.com\/?p=206658"},"wordCount":306,"publisher":{"@id":"https:\/\/www.prijedordanas.com\/#organization"},"articleSection":["Dru\u0161tvo"],"inLanguage":"en-US"},{"@type":"WebPage","@id":"https:\/\/www.prijedordanas.com\/?p=206658","url":"https:\/\/www.prijedordanas.com\/?p=206658","name":"Prijedor: Pomo\u0107 doma\u0107instvu u kojem je od strujnog udara uginulo sedam krava - FOTO - PrijedorDanas.com - Prijedorski gradski portal","isPartOf":{"@id":"https:\/\/www.prijedordanas.com\/#website"},"datePublished":"2023-06-06T16:45:46+00:00","dateModified":"2023-06-06T18:28:18+00:00","breadcrumb":{"@id":"https:\/\/www.prijedordanas.com\/?p=206658#breadcrumb"},"inLanguage":"en-US","potentialAction":[{"@type":"ReadAction","target":["https:\/\/www.prijedordanas.com\/?p=206658"]}]},{"@type":"BreadcrumbList","@id":"https:\/\/www.prijedordanas.com\/?p=206658#breadcrumb","itemListElement":[{"@type":"ListItem","position":1,"name":"Home","item":"https:\/\/www.prijedordanas.com\/"},{"@type":"ListItem","position":2,"name":"Prijedor: Pomo\u0107 doma\u0107instvu u kojem je od strujnog udara uginulo sedam krava &#8211; FOTO"}]},{"@type":"WebSite","@id":"https:\/\/www.prijedordanas.com\/#website","url":"https:\/\/www.prijedordanas.com\/","name":"PrijedorDanas.com - Prijedorski gradski portal","description":"Portal o doga\u0111anjima u gradu Prijedoru","publisher":{"@id":"https:\/\/www.prijedordanas.com\/#organization"},"potentialAction":[{"@type":"SearchAction","target":{"@type":"EntryPoint","urlTemplate":"https:\/\/www.prijedordanas.com\/?s={search_term_string}"},"query-input":"required name=search_term_string"}],"inLanguage":"en-US"},{"@type":"Organization","@id":"https:\/\/www.prijedordanas.com\/#organization","name":"PrijedorDanas.com","url":"https:\/\/www.prijedordanas.com\/","logo":{"@type":"ImageObject","inLanguage":"en-US","@id":"https:\/\/www.prijedordanas.com\/#\/schema\/logo\/image\/","url":"http:\/\/www.prijedordanas.com\/wp-content\/uploads\/2021\/12\/logopng.png","contentUrl":"http:\/\/www.prijedordanas.com\/wp-content\/uploads\/2021\/12\/logopng.png","width":1019,"height":776,"caption":"PrijedorDanas.com"},"image":{"@id":"https:\/\/www.prijedordanas.com\/#\/schema\/logo\/image\/"},"sameAs":["https:\/\/www.facebook.com\/PrijedorDanasCom\/"]},{"@type":"Person","@id":"https:\/\/www.prijedordanas.com\/#\/schema\/person\/4e08ccf29b506ca916ff86d46bb700e6","name":"admin","image":{"@type":"ImageObject","inLanguage":"en-US","@id":"https:\/\/www.prijedordanas.com\/#\/schema\/person\/image\/","url":"https:\/\/secure.gravatar.com\/avatar\/1d3fc949d550f0b53a5f0d51e06dfd79?s=96&d=mm&r=g","contentUrl":"https:\/\/secure.gravatar.com\/avatar\/1d3fc949d550f0b53a5f0d51e06dfd79?s=96&d=mm&r=g","caption":"admin"},"url":"https:\/\/www.prijedordanas.com\/?author=1"}]}},"_links":{"self":[{"href":"https:\/\/www.prijedordanas.com\/index.php?rest_route=\/wp\/v2\/posts\/206658"}],"collection":[{"href":"https:\/\/www.prijedordanas.com\/index.php?rest_route=\/wp\/v2\/posts"}],"about":[{"href":"https:\/\/www.prijedordanas.com\/index.php?rest_route=\/wp\/v2\/types\/post"}],"author":[{"embeddable":true,"href":"https:\/\/www.prijedordanas.com\/index.php?rest_route=\/wp\/v2\/users\/1"}],"replies":[{"embeddable":true,"href":"https:\/\/www.prijedordanas.com\/index.php?rest_route=%2Fwp%2Fv2%2Fcomments&post=206658"}],"version-history":[{"count":6,"href":"https:\/\/www.prijedordanas.com\/index.php?rest_route=\/wp\/v2\/posts\/206658\/revisions"}],"predecessor-version":[{"id":206696,"href":"https:\/\/www.prijedordanas.com\/index.php?rest_route=\/wp\/v2\/posts\/206658\/revisions\/206696"}],"wp:attachment":[{"href":"https:\/\/www.prijedordanas.com\/index.php?rest_route=%2Fwp%2Fv2%2Fmedia&parent=206658"}],"wp:term":[{"taxonomy":"category","embeddable":true,"href":"https:\/\/www.prijedordanas.com\/index.php?rest_route=%2Fwp%2Fv2%2Fcategories&post=206658"},{"taxonomy":"post_tag","embeddable":true,"href":"https:\/\/www.prijedordanas.com\/index.php?rest_route=%2Fwp%2Fv2%2Ftags&post=206658"}],"curies":[{"name":"wp","href":"https:\/\/api.w.org\/{rel}","templated":true}]}}