{"id":206481,"date":"2023-06-02T14:55:56","date_gmt":"2023-06-02T12:55:56","guid":{"rendered":"https:\/\/www.prijedordanas.com\/?p=206481"},"modified":"2023-06-02T14:55:56","modified_gmt":"2023-06-02T12:55:56","slug":"prijedor-potpisan-sporazum-o-rekonstrukciji-i-izgradnji-gradskog-parka-na-pecanima-foto-video","status":"publish","type":"post","link":"https:\/\/www.prijedordanas.com\/?p=206481","title":{"rendered":"Prijedor: Potpisan sporazum o rekonstrukciji i izgradnji gradskog parka na Pe\u0107anima &#8211; FOTO\/VIDEO"},"content":{"rendered":"<p><a href=\"https:\/\/www.prijedordanas.com\/wp-content\/uploads\/2023\/06\/prijedorgradorg-rekonstrukcija-izgradnja-park-pecani.jpg\"><img loading=\"lazy\" decoding=\"async\" class=\"alignleft size-medium wp-image-206468\" src=\"https:\/\/www.prijedordanas.com\/wp-content\/uploads\/2023\/06\/prijedorgradorg-rekonstrukcija-izgradnja-park-pecani-300x225.jpg\" alt=\"\" width=\"300\" height=\"225\" srcset=\"https:\/\/www.prijedordanas.com\/wp-content\/uploads\/2023\/06\/prijedorgradorg-rekonstrukcija-izgradnja-park-pecani-300x225.jpg 300w, https:\/\/www.prijedordanas.com\/wp-content\/uploads\/2023\/06\/prijedorgradorg-rekonstrukcija-izgradnja-park-pecani-640x480.jpg 640w, https:\/\/www.prijedordanas.com\/wp-content\/uploads\/2023\/06\/prijedorgradorg-rekonstrukcija-izgradnja-park-pecani.jpg 667w\" sizes=\"(max-width: 300px) 100vw, 300px\" \/><\/a>Gradona\u010delnik Prijedora Slobodan Javor i generalni direktor ArcelorMittal Prijedor Mladen Jela\u010da potpisali su danas sporazum o rekonstrukciji i izgradnji gradskog parka na Pe\u0107anima.<\/p>\n<p>Ovim sporazumom kompanija ArcelorMittal Prijedor prihvata da, kao izraz dru\u0161tvene odgovornosti i iskazanog interesa Grada Prijedora, izvr\u0161i rekonstrukciju i izgradnju gradskog parka i fudbalskog terena za djecu u naselju Pe\u0107ani, u vidu donacije, a u skladu sa idejnim rje\u0161enjem koje je odobreno od strane Grada Prijedor \u010dija je vrijednost oko 3 miliona KM.<\/p>\n<p>Gradona\u010delnik Javor se zahvalio firmi i direktoru na iskazanoj \u017eelji da kao dru\u0161tveno odgovorna kompanija ulo\u017ei veoma zna\u010dajna sredstva.<\/p>\n<p><a href=\"https:\/\/www.prijedordanas.com\/wp-content\/uploads\/2023\/06\/prijedorgradorg-rekonstrukcija-izgradnja-park-pecani-2.jpg\"><img loading=\"lazy\" decoding=\"async\" class=\"alignleft size-medium wp-image-206469\" src=\"https:\/\/www.prijedordanas.com\/wp-content\/uploads\/2023\/06\/prijedorgradorg-rekonstrukcija-izgradnja-park-pecani-2-300x225.jpg\" alt=\"\" width=\"300\" height=\"225\" srcset=\"https:\/\/www.prijedordanas.com\/wp-content\/uploads\/2023\/06\/prijedorgradorg-rekonstrukcija-izgradnja-park-pecani-2-300x225.jpg 300w, https:\/\/www.prijedordanas.com\/wp-content\/uploads\/2023\/06\/prijedorgradorg-rekonstrukcija-izgradnja-park-pecani-2-640x480.jpg 640w, https:\/\/www.prijedordanas.com\/wp-content\/uploads\/2023\/06\/prijedorgradorg-rekonstrukcija-izgradnja-park-pecani-2.jpg 667w\" sizes=\"(max-width: 300px) 100vw, 300px\" \/><\/a>&#8220;Siguran sam da \u0107e na ovaj na\u010din pobolj\u0161ati saradnju i odnose ne samo sa gradom Prijedorom ve\u0107 i odnos prema na\u0161im sugra\u0111anima&#8221;, rekao je Javor novinarima.<\/p>\n<p>On je naveo da je obaveza grada da obezbijedi tehni\u010dku dokumentaciju.<\/p>\n<p>&#8220;Mislim da ovakav projekat dugo nije vi\u0111en, ne samo u Prijedoru ve\u0107 i u ostalim gradovima i op\u0161tinama \u0161irom na\u0161e Republike Srpske&#8221;, istakao je Javor.<\/p>\n<p>On je naglasio da \u0107e za sve generacije biti mjesta i sadr\u017eaja, da \u0107e se raditi fudbalski teren s vje\u0161ta\u010dkom travom, ko\u0161arka\u0161ki ispod nivoa zemlje sa funkciojm i amfiteatra, biciklisti\u010dka i trim staza i mnogi sadr\u017eaji za djecu.<\/p>\n<p><a href=\"https:\/\/www.prijedordanas.com\/wp-content\/uploads\/2023\/06\/prijedorgradorg-rekonstrukcija-izgradnja-park-pecani-3.jpg\"><img loading=\"lazy\" decoding=\"async\" class=\"alignleft size-medium wp-image-206470\" src=\"https:\/\/www.prijedordanas.com\/wp-content\/uploads\/2023\/06\/prijedorgradorg-rekonstrukcija-izgradnja-park-pecani-3-300x200.jpg\" alt=\"\" width=\"300\" height=\"200\" srcset=\"https:\/\/www.prijedordanas.com\/wp-content\/uploads\/2023\/06\/prijedorgradorg-rekonstrukcija-izgradnja-park-pecani-3-300x200.jpg 300w, https:\/\/www.prijedordanas.com\/wp-content\/uploads\/2023\/06\/prijedorgradorg-rekonstrukcija-izgradnja-park-pecani-3-480x320.jpg 480w, https:\/\/www.prijedordanas.com\/wp-content\/uploads\/2023\/06\/prijedorgradorg-rekonstrukcija-izgradnja-park-pecani-3.jpg 600w\" sizes=\"(max-width: 300px) 100vw, 300px\" \/><\/a>On je podsjetio da se na Pe\u0107anima radi i rekonstrukcija Ulice mitropolita Petra Zimoni\u0107a, da se danas zatvara tender za izgradnju novog vrti\u0107a i da se sada po\u010dinje i ovaj park koji je na dobrobit ne samo mje\u0161tana ovog naselja ve\u0107 i cijelog grada jer ga mnogo ljudi koristi.<\/p>\n<p>&#8220;Kada pogledamo Pe\u0107ane prije dvije-tri godine i kada pogledamo Pe\u0107ane danas, vidimo ogroman pomak&#8221;, dodao je Javor.<\/p>\n<p>Jela\u010da rekao je da se na ovoj ideji radi oko godinu dana, da je kompanija i do sada mnogo novca ulo\u017eila u lokalnu zajednicu, ali da \u0107e ova investicija biti i vidljivija i ve\u0107a od dosad realizovanih pojedina\u010dnih projekata.<\/p>\n<p><a href=\"https:\/\/www.prijedordanas.com\/wp-content\/uploads\/2023\/06\/prijedorgradorg-rekonstrukcija-izgradnja-park-pecani-10.jpg\"><img loading=\"lazy\" decoding=\"async\" class=\"alignleft size-medium wp-image-206471\" src=\"https:\/\/www.prijedordanas.com\/wp-content\/uploads\/2023\/06\/prijedorgradorg-rekonstrukcija-izgradnja-park-pecani-10-300x210.jpg\" alt=\"\" width=\"300\" height=\"210\" srcset=\"https:\/\/www.prijedordanas.com\/wp-content\/uploads\/2023\/06\/prijedorgradorg-rekonstrukcija-izgradnja-park-pecani-10-300x210.jpg 300w, https:\/\/www.prijedordanas.com\/wp-content\/uploads\/2023\/06\/prijedorgradorg-rekonstrukcija-izgradnja-park-pecani-10.jpg 600w\" sizes=\"(max-width: 300px) 100vw, 300px\" \/><\/a>&#8220;\u017delimo sljede\u0107e godine, kad obilje\u017eavamo 20 godina rada ovdje u Prijedoru, da i promovi\u0161emo i da zavr\u0161imo projekat koji \u017eelimo da u tom periodu bude zavr\u0161en. Cijenili smo da to mora biti zaista vidljiv projekat, projekat koji je za sve gra\u0111ane kroistan, na zadovoljstvo mnogih uzrasta&#8221;, dodao je Jela\u010da.<\/p>\n<p>Arhitekta Bojan \u0160ipka, autor idejnog rje\u0161enja, rekao je da je i dana\u0161nji park nastao zahvaljuju\u0107i rudarstvu na ovom podru\u010dju, a da se sada modernizuje opet zahvaljuju\u0107i toj industriji.<\/p>\n<p>&#8220;Dana\u0161nji park ima 27.000 kvadratnih metara. Novim rje\u0161enjem \u0107e se on pro\u0161iriti na 38.000 kvadrata. Za 50 odsto \u0107e se pove\u0107ati povr\u0161ina pod visokim rastinjem, tako\u0111e i prostor zelenila. Poprimi\u0107e potpuno novu atmosferu u odnosu na ono \u010demu danas najvi\u0161e slu\u017ei, a to je kao veza izme\u0111u naselja Pe\u0107ani i ostatka grada&#8221;, naveo je \u0160ipka.<\/p>\n<p>Rok za izvo\u0111enje radova je 18 mjeseci.<\/p>\n<p><a href=\"https:\/\/www.prijedorgrad.org\/sr-EU\/vijesti-sadrzaj.html?vid=18146\" rel=\"noopener\" target=\"_blank\">prijedorgrad.org<\/a><\/p>\n<p><a href=\"https:\/\/www.prijedordanas.com\/wp-content\/uploads\/2023\/06\/prijedorgradorg-rekonstrukcija-izgradnja-park-pecani-4.jpg\"><img loading=\"lazy\" decoding=\"async\" class=\"alignleft size-medium wp-image-206472\" src=\"https:\/\/www.prijedordanas.com\/wp-content\/uploads\/2023\/06\/prijedorgradorg-rekonstrukcija-izgradnja-park-pecani-4-300x200.jpg\" alt=\"\" width=\"300\" height=\"200\" srcset=\"https:\/\/www.prijedordanas.com\/wp-content\/uploads\/2023\/06\/prijedorgradorg-rekonstrukcija-izgradnja-park-pecani-4-300x200.jpg 300w, https:\/\/www.prijedordanas.com\/wp-content\/uploads\/2023\/06\/prijedorgradorg-rekonstrukcija-izgradnja-park-pecani-4-480x320.jpg 480w, https:\/\/www.prijedordanas.com\/wp-content\/uploads\/2023\/06\/prijedorgradorg-rekonstrukcija-izgradnja-park-pecani-4.jpg 600w\" sizes=\"(max-width: 300px) 100vw, 300px\" \/><\/a> <a href=\"https:\/\/www.prijedordanas.com\/wp-content\/uploads\/2023\/06\/prijedorgradorg-rekonstrukcija-izgradnja-park-pecani-5.jpg\"><img loading=\"lazy\" decoding=\"async\" class=\"alignleft size-medium wp-image-206473\" src=\"https:\/\/www.prijedordanas.com\/wp-content\/uploads\/2023\/06\/prijedorgradorg-rekonstrukcija-izgradnja-park-pecani-5-300x200.jpg\" alt=\"\" width=\"300\" height=\"200\" srcset=\"https:\/\/www.prijedordanas.com\/wp-content\/uploads\/2023\/06\/prijedorgradorg-rekonstrukcija-izgradnja-park-pecani-5-300x200.jpg 300w, https:\/\/www.prijedordanas.com\/wp-content\/uploads\/2023\/06\/prijedorgradorg-rekonstrukcija-izgradnja-park-pecani-5-480x320.jpg 480w, https:\/\/www.prijedordanas.com\/wp-content\/uploads\/2023\/06\/prijedorgradorg-rekonstrukcija-izgradnja-park-pecani-5.jpg 600w\" sizes=\"(max-width: 300px) 100vw, 300px\" \/><\/a> <a href=\"https:\/\/www.prijedordanas.com\/wp-content\/uploads\/2023\/06\/prijedorgradorg-rekonstrukcija-izgradnja-park-pecani-11.jpg\"><img loading=\"lazy\" decoding=\"async\" class=\"alignleft size-medium wp-image-206474\" src=\"https:\/\/www.prijedordanas.com\/wp-content\/uploads\/2023\/06\/prijedorgradorg-rekonstrukcija-izgradnja-park-pecani-11-300x210.jpg\" alt=\"\" width=\"300\" height=\"210\" srcset=\"https:\/\/www.prijedordanas.com\/wp-content\/uploads\/2023\/06\/prijedorgradorg-rekonstrukcija-izgradnja-park-pecani-11-300x210.jpg 300w, https:\/\/www.prijedordanas.com\/wp-content\/uploads\/2023\/06\/prijedorgradorg-rekonstrukcija-izgradnja-park-pecani-11.jpg 600w\" sizes=\"(max-width: 300px) 100vw, 300px\" \/><\/a> <a href=\"https:\/\/www.prijedordanas.com\/wp-content\/uploads\/2023\/06\/prijedorgradorg-rekonstrukcija-izgradnja-park-pecani-12.jpg\"><img loading=\"lazy\" decoding=\"async\" class=\"alignleft size-medium wp-image-206475\" src=\"https:\/\/www.prijedordanas.com\/wp-content\/uploads\/2023\/06\/prijedorgradorg-rekonstrukcija-izgradnja-park-pecani-12-300x210.jpg\" alt=\"\" width=\"300\" height=\"210\" srcset=\"https:\/\/www.prijedordanas.com\/wp-content\/uploads\/2023\/06\/prijedorgradorg-rekonstrukcija-izgradnja-park-pecani-12-300x210.jpg 300w, https:\/\/www.prijedordanas.com\/wp-content\/uploads\/2023\/06\/prijedorgradorg-rekonstrukcija-izgradnja-park-pecani-12.jpg 600w\" sizes=\"(max-width: 300px) 100vw, 300px\" \/><\/a><\/p>\n<p><iframe loading=\"lazy\" title=\"Pecanski park\" width=\"500\" height=\"281\" src=\"https:\/\/www.youtube.com\/embed\/H3z6FQFHiy4?feature=oembed\" frameborder=\"0\" allow=\"accelerometer; autoplay; clipboard-write; encrypted-media; gyroscope; picture-in-picture; web-share\" allowfullscreen><\/iframe><\/p>\n<p><a href=\"https:\/\/www.prijedordanas.com\/wp-content\/uploads\/2023\/06\/prijedorgradorg-rekonstrukcija-izgradnja-park-pecani-6.jpg\"><img loading=\"lazy\" decoding=\"async\" class=\"alignleft size-medium wp-image-206476\" src=\"https:\/\/www.prijedordanas.com\/wp-content\/uploads\/2023\/06\/prijedorgradorg-rekonstrukcija-izgradnja-park-pecani-6-300x200.jpg\" alt=\"\" width=\"300\" height=\"200\" srcset=\"https:\/\/www.prijedordanas.com\/wp-content\/uploads\/2023\/06\/prijedorgradorg-rekonstrukcija-izgradnja-park-pecani-6-300x200.jpg 300w, https:\/\/www.prijedordanas.com\/wp-content\/uploads\/2023\/06\/prijedorgradorg-rekonstrukcija-izgradnja-park-pecani-6-480x320.jpg 480w, https:\/\/www.prijedordanas.com\/wp-content\/uploads\/2023\/06\/prijedorgradorg-rekonstrukcija-izgradnja-park-pecani-6.jpg 600w\" sizes=\"(max-width: 300px) 100vw, 300px\" \/><\/a> <a href=\"https:\/\/www.prijedordanas.com\/wp-content\/uploads\/2023\/06\/prijedorgradorg-rekonstrukcija-izgradnja-park-pecani-7.jpg\"><img loading=\"lazy\" decoding=\"async\" class=\"alignleft size-medium wp-image-206477\" src=\"https:\/\/www.prijedordanas.com\/wp-content\/uploads\/2023\/06\/prijedorgradorg-rekonstrukcija-izgradnja-park-pecani-7-300x200.jpg\" alt=\"\" width=\"300\" height=\"200\" srcset=\"https:\/\/www.prijedordanas.com\/wp-content\/uploads\/2023\/06\/prijedorgradorg-rekonstrukcija-izgradnja-park-pecani-7-300x200.jpg 300w, https:\/\/www.prijedordanas.com\/wp-content\/uploads\/2023\/06\/prijedorgradorg-rekonstrukcija-izgradnja-park-pecani-7-480x320.jpg 480w, https:\/\/www.prijedordanas.com\/wp-content\/uploads\/2023\/06\/prijedorgradorg-rekonstrukcija-izgradnja-park-pecani-7.jpg 600w\" sizes=\"(max-width: 300px) 100vw, 300px\" \/><\/a> <a href=\"https:\/\/www.prijedordanas.com\/wp-content\/uploads\/2023\/06\/prijedorgradorg-rekonstrukcija-izgradnja-park-pecani-8.jpg\"><img loading=\"lazy\" decoding=\"async\" class=\"alignleft size-medium wp-image-206478\" src=\"https:\/\/www.prijedordanas.com\/wp-content\/uploads\/2023\/06\/prijedorgradorg-rekonstrukcija-izgradnja-park-pecani-8-300x200.jpg\" alt=\"\" width=\"300\" height=\"200\" srcset=\"https:\/\/www.prijedordanas.com\/wp-content\/uploads\/2023\/06\/prijedorgradorg-rekonstrukcija-izgradnja-park-pecani-8-300x200.jpg 300w, https:\/\/www.prijedordanas.com\/wp-content\/uploads\/2023\/06\/prijedorgradorg-rekonstrukcija-izgradnja-park-pecani-8-480x320.jpg 480w, https:\/\/www.prijedordanas.com\/wp-content\/uploads\/2023\/06\/prijedorgradorg-rekonstrukcija-izgradnja-park-pecani-8.jpg 600w\" sizes=\"(max-width: 300px) 100vw, 300px\" \/><\/a> <a href=\"https:\/\/www.prijedordanas.com\/wp-content\/uploads\/2023\/06\/prijedorgradorg-rekonstrukcija-izgradnja-park-pecani-9.jpg\"><img loading=\"lazy\" decoding=\"async\" class=\"alignleft size-medium wp-image-206479\" src=\"https:\/\/www.prijedordanas.com\/wp-content\/uploads\/2023\/06\/prijedorgradorg-rekonstrukcija-izgradnja-park-pecani-9-300x200.jpg\" alt=\"\" width=\"300\" height=\"200\" srcset=\"https:\/\/www.prijedordanas.com\/wp-content\/uploads\/2023\/06\/prijedorgradorg-rekonstrukcija-izgradnja-park-pecani-9-300x200.jpg 300w, https:\/\/www.prijedordanas.com\/wp-content\/uploads\/2023\/06\/prijedorgradorg-rekonstrukcija-izgradnja-park-pecani-9-480x320.jpg 480w, https:\/\/www.prijedordanas.com\/wp-content\/uploads\/2023\/06\/prijedorgradorg-rekonstrukcija-izgradnja-park-pecani-9.jpg 600w\" sizes=\"(max-width: 300px) 100vw, 300px\" \/><\/a><\/p>\n","protected":false},"excerpt":{"rendered":"<p>Gradona\u010delnik Prijedora Slobodan Javor i generalni direktor ArcelorMittal Prijedor Mladen Jela\u010da potpisali su danas sporazum o rekonstrukciji i izgradnji gradskog parka na Pe\u0107anima. Ovim sporazumom kompanija ArcelorMittal Prijedor prihvata da, [&hellip;]<\/p>\n","protected":false},"author":1,"featured_media":0,"comment_status":"closed","ping_status":"open","sticky":false,"template":"","format":"standard","meta":{"_monsterinsights_skip_tracking":false,"_monsterinsights_sitenote_active":false,"_monsterinsights_sitenote_note":"","_monsterinsights_sitenote_category":0,"footnotes":""},"categories":[4,7517],"tags":[],"yoast_head":"<!-- This site is optimized with the Yoast SEO plugin v21.6 - https:\/\/yoast.com\/wordpress\/plugins\/seo\/ -->\n<title>Prijedor: Potpisan sporazum o rekonstrukciji i izgradnji gradskog parka na Pe\u0107anima - FOTO\/VIDEO - PrijedorDanas.com - Prijedorski gradski portal<\/title>\n<meta name=\"robots\" content=\"index, follow, max-snippet:-1, max-image-preview:large, max-video-preview:-1\" \/>\n<link rel=\"canonical\" href=\"https:\/\/www.prijedordanas.com\/?p=206481\" \/>\n<meta property=\"og:locale\" content=\"en_US\" \/>\n<meta property=\"og:type\" content=\"article\" \/>\n<meta property=\"og:title\" content=\"Prijedor: Potpisan sporazum o rekonstrukciji i izgradnji gradskog parka na Pe\u0107anima - FOTO\/VIDEO - PrijedorDanas.com - Prijedorski gradski portal\" \/>\n<meta property=\"og:description\" content=\"Gradona\u010delnik Prijedora Slobodan Javor i generalni direktor ArcelorMittal Prijedor Mladen Jela\u010da potpisali su danas sporazum o rekonstrukciji i izgradnji gradskog parka na Pe\u0107anima. Ovim sporazumom kompanija ArcelorMittal Prijedor prihvata da, [&hellip;]\" \/>\n<meta property=\"og:url\" content=\"https:\/\/www.prijedordanas.com\/?p=206481\" \/>\n<meta property=\"og:site_name\" content=\"PrijedorDanas.com - Prijedorski gradski portal\" \/>\n<meta property=\"article:publisher\" content=\"https:\/\/www.facebook.com\/PrijedorDanasCom\/\" \/>\n<meta property=\"article:published_time\" content=\"2023-06-02T12:55:56+00:00\" \/>\n<meta property=\"og:image\" content=\"https:\/\/www.prijedordanas.com\/wp-content\/uploads\/2023\/06\/prijedorgradorg-rekonstrukcija-izgradnja-park-pecani-300x225.jpg\" \/>\n<meta name=\"author\" content=\"admin\" \/>\n<meta name=\"twitter:card\" content=\"summary_large_image\" \/>\n<meta name=\"twitter:label1\" content=\"Written by\" \/>\n\t<meta name=\"twitter:data1\" content=\"admin\" \/>\n<script type=\"application\/ld+json\" class=\"yoast-schema-graph\">{\"@context\":\"https:\/\/schema.org\",\"@graph\":[{\"@type\":\"Article\",\"@id\":\"https:\/\/www.prijedordanas.com\/?p=206481#article\",\"isPartOf\":{\"@id\":\"https:\/\/www.prijedordanas.com\/?p=206481\"},\"author\":{\"name\":\"admin\",\"@id\":\"https:\/\/www.prijedordanas.com\/#\/schema\/person\/4e08ccf29b506ca916ff86d46bb700e6\"},\"headline\":\"Prijedor: Potpisan sporazum o rekonstrukciji i izgradnji gradskog parka na Pe\u0107anima &#8211; FOTO\/VIDEO\",\"datePublished\":\"2023-06-02T12:55:56+00:00\",\"dateModified\":\"2023-06-02T12:55:56+00:00\",\"mainEntityOfPage\":{\"@id\":\"https:\/\/www.prijedordanas.com\/?p=206481\"},\"wordCount\":517,\"publisher\":{\"@id\":\"https:\/\/www.prijedordanas.com\/#organization\"},\"articleSection\":[\"Dru\u0161tvo\",\"Video dana\"],\"inLanguage\":\"en-US\"},{\"@type\":\"WebPage\",\"@id\":\"https:\/\/www.prijedordanas.com\/?p=206481\",\"url\":\"https:\/\/www.prijedordanas.com\/?p=206481\",\"name\":\"Prijedor: Potpisan sporazum o rekonstrukciji i izgradnji gradskog parka na Pe\u0107anima - FOTO\/VIDEO - PrijedorDanas.com - Prijedorski gradski portal\",\"isPartOf\":{\"@id\":\"https:\/\/www.prijedordanas.com\/#website\"},\"datePublished\":\"2023-06-02T12:55:56+00:00\",\"dateModified\":\"2023-06-02T12:55:56+00:00\",\"breadcrumb\":{\"@id\":\"https:\/\/www.prijedordanas.com\/?p=206481#breadcrumb\"},\"inLanguage\":\"en-US\",\"potentialAction\":[{\"@type\":\"ReadAction\",\"target\":[\"https:\/\/www.prijedordanas.com\/?p=206481\"]}]},{\"@type\":\"BreadcrumbList\",\"@id\":\"https:\/\/www.prijedordanas.com\/?p=206481#breadcrumb\",\"itemListElement\":[{\"@type\":\"ListItem\",\"position\":1,\"name\":\"Home\",\"item\":\"https:\/\/www.prijedordanas.com\/\"},{\"@type\":\"ListItem\",\"position\":2,\"name\":\"Prijedor: Potpisan sporazum o rekonstrukciji i izgradnji gradskog parka na Pe\u0107anima &#8211; FOTO\/VIDEO\"}]},{\"@type\":\"WebSite\",\"@id\":\"https:\/\/www.prijedordanas.com\/#website\",\"url\":\"https:\/\/www.prijedordanas.com\/\",\"name\":\"PrijedorDanas.com - Prijedorski gradski portal\",\"description\":\"Portal o doga\u0111anjima u gradu Prijedoru\",\"publisher\":{\"@id\":\"https:\/\/www.prijedordanas.com\/#organization\"},\"potentialAction\":[{\"@type\":\"SearchAction\",\"target\":{\"@type\":\"EntryPoint\",\"urlTemplate\":\"https:\/\/www.prijedordanas.com\/?s={search_term_string}\"},\"query-input\":\"required name=search_term_string\"}],\"inLanguage\":\"en-US\"},{\"@type\":\"Organization\",\"@id\":\"https:\/\/www.prijedordanas.com\/#organization\",\"name\":\"PrijedorDanas.com\",\"url\":\"https:\/\/www.prijedordanas.com\/\",\"logo\":{\"@type\":\"ImageObject\",\"inLanguage\":\"en-US\",\"@id\":\"https:\/\/www.prijedordanas.com\/#\/schema\/logo\/image\/\",\"url\":\"http:\/\/www.prijedordanas.com\/wp-content\/uploads\/2021\/12\/logopng.png\",\"contentUrl\":\"http:\/\/www.prijedordanas.com\/wp-content\/uploads\/2021\/12\/logopng.png\",\"width\":1019,\"height\":776,\"caption\":\"PrijedorDanas.com\"},\"image\":{\"@id\":\"https:\/\/www.prijedordanas.com\/#\/schema\/logo\/image\/\"},\"sameAs\":[\"https:\/\/www.facebook.com\/PrijedorDanasCom\/\"]},{\"@type\":\"Person\",\"@id\":\"https:\/\/www.prijedordanas.com\/#\/schema\/person\/4e08ccf29b506ca916ff86d46bb700e6\",\"name\":\"admin\",\"image\":{\"@type\":\"ImageObject\",\"inLanguage\":\"en-US\",\"@id\":\"https:\/\/www.prijedordanas.com\/#\/schema\/person\/image\/\",\"url\":\"https:\/\/secure.gravatar.com\/avatar\/1d3fc949d550f0b53a5f0d51e06dfd79?s=96&d=mm&r=g\",\"contentUrl\":\"https:\/\/secure.gravatar.com\/avatar\/1d3fc949d550f0b53a5f0d51e06dfd79?s=96&d=mm&r=g\",\"caption\":\"admin\"},\"url\":\"https:\/\/www.prijedordanas.com\/?author=1\"}]}<\/script>\n<!-- \/ Yoast SEO plugin. -->","yoast_head_json":{"title":"Prijedor: Potpisan sporazum o rekonstrukciji i izgradnji gradskog parka na Pe\u0107anima - FOTO\/VIDEO - PrijedorDanas.com - Prijedorski gradski portal","robots":{"index":"index","follow":"follow","max-snippet":"max-snippet:-1","max-image-preview":"max-image-preview:large","max-video-preview":"max-video-preview:-1"},"canonical":"https:\/\/www.prijedordanas.com\/?p=206481","og_locale":"en_US","og_type":"article","og_title":"Prijedor: Potpisan sporazum o rekonstrukciji i izgradnji gradskog parka na Pe\u0107anima - FOTO\/VIDEO - PrijedorDanas.com - Prijedorski gradski portal","og_description":"Gradona\u010delnik Prijedora Slobodan Javor i generalni direktor ArcelorMittal Prijedor Mladen Jela\u010da potpisali su danas sporazum o rekonstrukciji i izgradnji gradskog parka na Pe\u0107anima. Ovim sporazumom kompanija ArcelorMittal Prijedor prihvata da, [&hellip;]","og_url":"https:\/\/www.prijedordanas.com\/?p=206481","og_site_name":"PrijedorDanas.com - Prijedorski gradski portal","article_publisher":"https:\/\/www.facebook.com\/PrijedorDanasCom\/","article_published_time":"2023-06-02T12:55:56+00:00","og_image":[{"url":"https:\/\/www.prijedordanas.com\/wp-content\/uploads\/2023\/06\/prijedorgradorg-rekonstrukcija-izgradnja-park-pecani-300x225.jpg"}],"author":"admin","twitter_card":"summary_large_image","twitter_misc":{"Written by":"admin"},"schema":{"@context":"https:\/\/schema.org","@graph":[{"@type":"Article","@id":"https:\/\/www.prijedordanas.com\/?p=206481#article","isPartOf":{"@id":"https:\/\/www.prijedordanas.com\/?p=206481"},"author":{"name":"admin","@id":"https:\/\/www.prijedordanas.com\/#\/schema\/person\/4e08ccf29b506ca916ff86d46bb700e6"},"headline":"Prijedor: Potpisan sporazum o rekonstrukciji i izgradnji gradskog parka na Pe\u0107anima &#8211; FOTO\/VIDEO","datePublished":"2023-06-02T12:55:56+00:00","dateModified":"2023-06-02T12:55:56+00:00","mainEntityOfPage":{"@id":"https:\/\/www.prijedordanas.com\/?p=206481"},"wordCount":517,"publisher":{"@id":"https:\/\/www.prijedordanas.com\/#organization"},"articleSection":["Dru\u0161tvo","Video dana"],"inLanguage":"en-US"},{"@type":"WebPage","@id":"https:\/\/www.prijedordanas.com\/?p=206481","url":"https:\/\/www.prijedordanas.com\/?p=206481","name":"Prijedor: Potpisan sporazum o rekonstrukciji i izgradnji gradskog parka na Pe\u0107anima - FOTO\/VIDEO - PrijedorDanas.com - Prijedorski gradski portal","isPartOf":{"@id":"https:\/\/www.prijedordanas.com\/#website"},"datePublished":"2023-06-02T12:55:56+00:00","dateModified":"2023-06-02T12:55:56+00:00","breadcrumb":{"@id":"https:\/\/www.prijedordanas.com\/?p=206481#breadcrumb"},"inLanguage":"en-US","potentialAction":[{"@type":"ReadAction","target":["https:\/\/www.prijedordanas.com\/?p=206481"]}]},{"@type":"BreadcrumbList","@id":"https:\/\/www.prijedordanas.com\/?p=206481#breadcrumb","itemListElement":[{"@type":"ListItem","position":1,"name":"Home","item":"https:\/\/www.prijedordanas.com\/"},{"@type":"ListItem","position":2,"name":"Prijedor: Potpisan sporazum o rekonstrukciji i izgradnji gradskog parka na Pe\u0107anima &#8211; FOTO\/VIDEO"}]},{"@type":"WebSite","@id":"https:\/\/www.prijedordanas.com\/#website","url":"https:\/\/www.prijedordanas.com\/","name":"PrijedorDanas.com - Prijedorski gradski portal","description":"Portal o doga\u0111anjima u gradu Prijedoru","publisher":{"@id":"https:\/\/www.prijedordanas.com\/#organization"},"potentialAction":[{"@type":"SearchAction","target":{"@type":"EntryPoint","urlTemplate":"https:\/\/www.prijedordanas.com\/?s={search_term_string}"},"query-input":"required name=search_term_string"}],"inLanguage":"en-US"},{"@type":"Organization","@id":"https:\/\/www.prijedordanas.com\/#organization","name":"PrijedorDanas.com","url":"https:\/\/www.prijedordanas.com\/","logo":{"@type":"ImageObject","inLanguage":"en-US","@id":"https:\/\/www.prijedordanas.com\/#\/schema\/logo\/image\/","url":"http:\/\/www.prijedordanas.com\/wp-content\/uploads\/2021\/12\/logopng.png","contentUrl":"http:\/\/www.prijedordanas.com\/wp-content\/uploads\/2021\/12\/logopng.png","width":1019,"height":776,"caption":"PrijedorDanas.com"},"image":{"@id":"https:\/\/www.prijedordanas.com\/#\/schema\/logo\/image\/"},"sameAs":["https:\/\/www.facebook.com\/PrijedorDanasCom\/"]},{"@type":"Person","@id":"https:\/\/www.prijedordanas.com\/#\/schema\/person\/4e08ccf29b506ca916ff86d46bb700e6","name":"admin","image":{"@type":"ImageObject","inLanguage":"en-US","@id":"https:\/\/www.prijedordanas.com\/#\/schema\/person\/image\/","url":"https:\/\/secure.gravatar.com\/avatar\/1d3fc949d550f0b53a5f0d51e06dfd79?s=96&d=mm&r=g","contentUrl":"https:\/\/secure.gravatar.com\/avatar\/1d3fc949d550f0b53a5f0d51e06dfd79?s=96&d=mm&r=g","caption":"admin"},"url":"https:\/\/www.prijedordanas.com\/?author=1"}]}},"_links":{"self":[{"href":"https:\/\/www.prijedordanas.com\/index.php?rest_route=\/wp\/v2\/posts\/206481"}],"collection":[{"href":"https:\/\/www.prijedordanas.com\/index.php?rest_route=\/wp\/v2\/posts"}],"about":[{"href":"https:\/\/www.prijedordanas.com\/index.php?rest_route=\/wp\/v2\/types\/post"}],"author":[{"embeddable":true,"href":"https:\/\/www.prijedordanas.com\/index.php?rest_route=\/wp\/v2\/users\/1"}],"replies":[{"embeddable":true,"href":"https:\/\/www.prijedordanas.com\/index.php?rest_route=%2Fwp%2Fv2%2Fcomments&post=206481"}],"version-history":[{"count":1,"href":"https:\/\/www.prijedordanas.com\/index.php?rest_route=\/wp\/v2\/posts\/206481\/revisions"}],"predecessor-version":[{"id":206482,"href":"https:\/\/www.prijedordanas.com\/index.php?rest_route=\/wp\/v2\/posts\/206481\/revisions\/206482"}],"wp:attachment":[{"href":"https:\/\/www.prijedordanas.com\/index.php?rest_route=%2Fwp%2Fv2%2Fmedia&parent=206481"}],"wp:term":[{"taxonomy":"category","embeddable":true,"href":"https:\/\/www.prijedordanas.com\/index.php?rest_route=%2Fwp%2Fv2%2Fcategories&post=206481"},{"taxonomy":"post_tag","embeddable":true,"href":"https:\/\/www.prijedordanas.com\/index.php?rest_route=%2Fwp%2Fv2%2Ftags&post=206481"}],"curies":[{"name":"wp","href":"https:\/\/api.w.org\/{rel}","templated":true}]}}