{"id":206346,"date":"2023-05-31T10:25:11","date_gmt":"2023-05-31T08:25:11","guid":{"rendered":"https:\/\/www.prijedordanas.com\/?p=206346"},"modified":"2023-05-31T10:25:11","modified_gmt":"2023-05-31T08:25:11","slug":"sudenje-macura-tuzilastvo-tvrdi-da-je-optuzeni-propustio-kazniti-odgovorne-za-ubistva-civila","status":"publish","type":"post","link":"https:\/\/www.prijedordanas.com\/?p=206346","title":{"rendered":"Su\u0111enje Macura: Tu\u017eila\u0161tvo tvrdi da je optu\u017eeni propustio kazniti odgovorne za ubistva civila"},"content":{"rendered":"<p><a href=\"https:\/\/www.prijedordanas.com\/wp-content\/uploads\/2017\/10\/sud-bih-10.jpg\"><img loading=\"lazy\" decoding=\"async\" src=\"https:\/\/www.prijedordanas.com\/wp-content\/uploads\/2017\/10\/sud-bih-10-300x225.jpg\" alt=\"\" width=\"300\" height=\"225\" class=\"alignleft size-medium wp-image-91013\" srcset=\"https:\/\/www.prijedordanas.com\/wp-content\/uploads\/2017\/10\/sud-bih-10-300x225.jpg 300w, https:\/\/www.prijedordanas.com\/wp-content\/uploads\/2017\/10\/sud-bih-10-100x75.jpg 100w, https:\/\/www.prijedordanas.com\/wp-content\/uploads\/2017\/10\/sud-bih-10-640x480.jpg 640w, https:\/\/www.prijedordanas.com\/wp-content\/uploads\/2017\/10\/sud-bih-10.jpg 667w\" sizes=\"(max-width: 300px) 100vw, 300px\" \/><\/a>Tu\u017eila\u0161tvo Bosne i Hercegovine po\u010delo je sa izno\u0161enjem zavr\u0161ne rije\u010di na su\u0111enju za zlo\u010dine po\u010dinjene nad civilnim stanovni\u0161tvom u Gradi\u0161ci 1992., u kojoj je navelo da je Prva \u010deta Drugog bataljona Prve gradi\u0161ke brigade, \u010diji je komandant bio optu\u017eeni Rade Macura, provodila akciju osiguranja terena u Turjaku kada je ubijena grupa civila.<\/p>\n<p>Tu\u017eiteljica Olivera \u0110uri\u0107 je iznose\u0107i zavr\u0161nu rije\u010d navela da se moraju razdvojiti dva doga\u0111aja iz juna 1992. u zaseoku Samard\u017eije, kada je ubijena grupa civila Bo\u0161nja\u010dke nacionalnosti koja je iz Kozarca preko Kozare poku\u0161ala pobje\u0107i u Hrvatsku.<\/p>\n<p>Prvi doga\u0111aj je, navela je \u0110uri\u0107, kada grupa civila Bo\u0161njaka u ve\u010dernjim satima 22. juna nailazi na seosku stra\u017eu u Turjaku, prilikom \u010dega dolazi do razmjene vatre i ranjavanja Mirka Samard\u017eije, koji je bio na stra\u017ei. Drugi doga\u0111aj se de\u0161ava 23. juna u jutarnjim satima, kada na teren sti\u017ee Prva \u010deta Drugog bataljona Prve gradi\u0161ke brigade, \u010diji je komandant bio Rade Macura. Tada je ponovo do\u0161lo do razmjene vatre, prilikom \u010dega je ranjen jedan pripadnik Prve \u010dete. Grupa civila se potom predala i polo\u017eila oru\u017eje, nakon \u010dega su li\u0161eni \u017eivota, navela je \u0110uri\u0107.<\/p>\n<p>\u201cDa je optu\u017eeni po\u010dinio krivi\u010dno djelo koje mu se stavlja na teret u svojstvu komandanta postoji niz dokaza. Kao nadle\u017ena osoba koja je 23. juna 1992. godine izvr\u0161ila pretres terena, kada je grupa ljudi li\u0161ena \u017eivota, propustio je da kazni odgovorne\u201c, rekla je \u0110uri\u0107.<\/p>\n<p>Ona se pozvala na svjedo\u010denje za\u0161ti\u0107enog svjedoka \u201cM\u201c, koji je rekao da su civili ubijeni nakon \u0161to su predali oru\u017eje. Tokom \u010ditanja zavr\u0161ne rije\u010di podsjetila je i na iskaz Dragomira Keserovi\u0107a, koji je rekao da grupa civila koja polo\u017ei oru\u017eje ne predstavlja legitimni vojni cilj. \u0110uri\u0107 je istakla da je prilikom ekshumacije njihovih tijela iz masovne grobnice u Turjaku prona\u0111eno nekoliko komada vojne odje\u0107e, istakav\u0161i da se radilo o civilima koji su bje\u017eali iz Kozarca, \u0161to su tokom svjedo\u010denja rekli \u010dlanovi njihovih porodica.<\/p>\n<p>\u0110uri\u0107 se pozvala i na svjedo\u010denje vje\u0161taka vojne struke Martina Fran\u010de\u0161evi\u0107a, koji je utvrdio da je akciji u mjestu Turjak u\u010destvovala jedinica iz dijela Prve \u010dete Drugog bataljona Prve gradi\u0161ke brigade VRS-a.<\/p>\n<p>Kao dokaz da je jedinica kojom je Macura komandovao upu\u0107ena u Turjak, \u0110uri\u0107 je navela nekoliko materijalnih dokaza i svjedo\u010denja. U prilogu za monografiju Prvog kraji\u0161kog korpusa Vojske Republike Srpske (VRS) navodi se, kako je pro\u010ditala tu\u017eiteljica, doga\u0111aj od 23. juna 1992. godine u kojem pi\u0161e da je \u201cneutralisana teroristi\u010dka grupa iz Kozarca\u201c. U dva borbena izvje\u0161taja Drugog bataljona Prve kraji\u0161ke brigade zabilje\u017eeno je da  je \u201cizvr\u0161ena likvidacija odmetnika u selu Turjak\u201c. \u0110uri\u0107 je istakla da je vojska iz Gradi\u0161ke do\u0161la i vr\u0161ila pretres terena.<\/p>\n<p>Pozvala se na svjedo\u010denja pripadnika Stanice javne bezbjednosti Gradi\u0161ka Rade Suboti\u0107a i Dragoja Samard\u017eije, koji su naveli da policija nije provodila uvi\u0111aj u Turjaku nakon ovog doga\u0111aja, koji nije ni evidentiran u krivi\u010dni upisnik.<\/p>\n<p>\u0110uri\u0107 je navela da se iz dokaza koje je izvelo Tu\u017eila\u0161tvo mo\u017ee zaklju\u010diti da je za vrijeme po\u010dinjena krivi\u010dnog djela postojao oru\u017eani sukob, te da je na snazi bila op\u0161ta mobilizacija. Objasnila je da se Turjak nalazi u podno\u017eju planine Kozare, dvadesetak kilometara od Gradi\u0161ke, a da su ljudi iz Kozarca poku\u0161ali pobje\u0107i preko Kozare.<\/p>\n<p>\u201cNa platou Kozare bile su srpske snage koje su hvatale te ljude\u201c, rekla je \u0110uri\u0107.<\/p>\n<p>Rade Macura je optu\u017een da je, kao komandir Prve \u010dete Drugog bataljona Prve gradi\u0161ke brigade, za vrijeme pretresa terena u mjestu Turjak \u2013 gdje se nalazila grupa civila bo\u0161nja\u010dke nacionalnosti iz Kozarca, koja se, bje\u017ee\u0107i pred ratnim sukobima, poku\u0161avala prebaciti do granice s Hrvatskom \u2013 bio prisutan tokom ubistava deset civila, me\u0111u kojima su bile i tri \u017eene.<\/p>\n<p>Nastavak izno\u0161enja zavr\u0161ne rije\u010di Tu\u017eila\u0161tva BiH zakazan je za 4. juli.<\/p>\n<p>detektor.ba<\/p>\n","protected":false},"excerpt":{"rendered":"<p>Tu\u017eila\u0161tvo Bosne i Hercegovine po\u010delo je sa izno\u0161enjem zavr\u0161ne rije\u010di na su\u0111enju za zlo\u010dine po\u010dinjene nad civilnim stanovni\u0161tvom u Gradi\u0161ci 1992., u kojoj je navelo da je Prva \u010deta Drugog [&hellip;]<\/p>\n","protected":false},"author":1,"featured_media":0,"comment_status":"closed","ping_status":"open","sticky":false,"template":"","format":"standard","meta":{"_monsterinsights_skip_tracking":false,"_monsterinsights_sitenote_active":false,"_monsterinsights_sitenote_note":"","_monsterinsights_sitenote_category":0,"footnotes":""},"categories":[5],"tags":[],"yoast_head":"<!-- This site is optimized with the Yoast SEO plugin v21.6 - https:\/\/yoast.com\/wordpress\/plugins\/seo\/ -->\n<title>Su\u0111enje Macura: Tu\u017eila\u0161tvo tvrdi da je optu\u017eeni propustio kazniti odgovorne za ubistva civila - PrijedorDanas.com - Prijedorski gradski portal<\/title>\n<meta name=\"robots\" content=\"index, follow, max-snippet:-1, max-image-preview:large, max-video-preview:-1\" \/>\n<link rel=\"canonical\" href=\"https:\/\/www.prijedordanas.com\/?p=206346\" \/>\n<meta property=\"og:locale\" content=\"en_US\" \/>\n<meta property=\"og:type\" content=\"article\" \/>\n<meta property=\"og:title\" content=\"Su\u0111enje Macura: Tu\u017eila\u0161tvo tvrdi da je optu\u017eeni propustio kazniti odgovorne za ubistva civila - PrijedorDanas.com - Prijedorski gradski portal\" \/>\n<meta property=\"og:description\" content=\"Tu\u017eila\u0161tvo Bosne i Hercegovine po\u010delo je sa izno\u0161enjem zavr\u0161ne rije\u010di na su\u0111enju za zlo\u010dine po\u010dinjene nad civilnim stanovni\u0161tvom u Gradi\u0161ci 1992., u kojoj je navelo da je Prva \u010deta Drugog [&hellip;]\" \/>\n<meta property=\"og:url\" content=\"https:\/\/www.prijedordanas.com\/?p=206346\" \/>\n<meta property=\"og:site_name\" content=\"PrijedorDanas.com - Prijedorski gradski portal\" \/>\n<meta property=\"article:publisher\" content=\"https:\/\/www.facebook.com\/PrijedorDanasCom\/\" \/>\n<meta property=\"article:published_time\" content=\"2023-05-31T08:25:11+00:00\" \/>\n<meta property=\"og:image\" content=\"https:\/\/www.prijedordanas.com\/wp-content\/uploads\/2017\/10\/sud-bih-10-300x225.jpg\" \/>\n<meta name=\"author\" content=\"admin\" \/>\n<meta name=\"twitter:card\" content=\"summary_large_image\" \/>\n<meta name=\"twitter:label1\" content=\"Written by\" \/>\n\t<meta name=\"twitter:data1\" content=\"admin\" \/>\n<script type=\"application\/ld+json\" class=\"yoast-schema-graph\">{\"@context\":\"https:\/\/schema.org\",\"@graph\":[{\"@type\":\"Article\",\"@id\":\"https:\/\/www.prijedordanas.com\/?p=206346#article\",\"isPartOf\":{\"@id\":\"https:\/\/www.prijedordanas.com\/?p=206346\"},\"author\":{\"name\":\"admin\",\"@id\":\"https:\/\/www.prijedordanas.com\/#\/schema\/person\/4e08ccf29b506ca916ff86d46bb700e6\"},\"headline\":\"Su\u0111enje Macura: Tu\u017eila\u0161tvo tvrdi da je optu\u017eeni propustio kazniti odgovorne za ubistva civila\",\"datePublished\":\"2023-05-31T08:25:11+00:00\",\"dateModified\":\"2023-05-31T08:25:11+00:00\",\"mainEntityOfPage\":{\"@id\":\"https:\/\/www.prijedordanas.com\/?p=206346\"},\"wordCount\":717,\"publisher\":{\"@id\":\"https:\/\/www.prijedordanas.com\/#organization\"},\"articleSection\":[\"Hronika\"],\"inLanguage\":\"en-US\"},{\"@type\":\"WebPage\",\"@id\":\"https:\/\/www.prijedordanas.com\/?p=206346\",\"url\":\"https:\/\/www.prijedordanas.com\/?p=206346\",\"name\":\"Su\u0111enje Macura: Tu\u017eila\u0161tvo tvrdi da je optu\u017eeni propustio kazniti odgovorne za ubistva civila - PrijedorDanas.com - Prijedorski gradski portal\",\"isPartOf\":{\"@id\":\"https:\/\/www.prijedordanas.com\/#website\"},\"datePublished\":\"2023-05-31T08:25:11+00:00\",\"dateModified\":\"2023-05-31T08:25:11+00:00\",\"breadcrumb\":{\"@id\":\"https:\/\/www.prijedordanas.com\/?p=206346#breadcrumb\"},\"inLanguage\":\"en-US\",\"potentialAction\":[{\"@type\":\"ReadAction\",\"target\":[\"https:\/\/www.prijedordanas.com\/?p=206346\"]}]},{\"@type\":\"BreadcrumbList\",\"@id\":\"https:\/\/www.prijedordanas.com\/?p=206346#breadcrumb\",\"itemListElement\":[{\"@type\":\"ListItem\",\"position\":1,\"name\":\"Home\",\"item\":\"https:\/\/www.prijedordanas.com\/\"},{\"@type\":\"ListItem\",\"position\":2,\"name\":\"Su\u0111enje Macura: Tu\u017eila\u0161tvo tvrdi da je optu\u017eeni propustio kazniti odgovorne za ubistva civila\"}]},{\"@type\":\"WebSite\",\"@id\":\"https:\/\/www.prijedordanas.com\/#website\",\"url\":\"https:\/\/www.prijedordanas.com\/\",\"name\":\"PrijedorDanas.com - Prijedorski gradski portal\",\"description\":\"Portal o doga\u0111anjima u gradu Prijedoru\",\"publisher\":{\"@id\":\"https:\/\/www.prijedordanas.com\/#organization\"},\"potentialAction\":[{\"@type\":\"SearchAction\",\"target\":{\"@type\":\"EntryPoint\",\"urlTemplate\":\"https:\/\/www.prijedordanas.com\/?s={search_term_string}\"},\"query-input\":\"required name=search_term_string\"}],\"inLanguage\":\"en-US\"},{\"@type\":\"Organization\",\"@id\":\"https:\/\/www.prijedordanas.com\/#organization\",\"name\":\"PrijedorDanas.com\",\"url\":\"https:\/\/www.prijedordanas.com\/\",\"logo\":{\"@type\":\"ImageObject\",\"inLanguage\":\"en-US\",\"@id\":\"https:\/\/www.prijedordanas.com\/#\/schema\/logo\/image\/\",\"url\":\"http:\/\/www.prijedordanas.com\/wp-content\/uploads\/2021\/12\/logopng.png\",\"contentUrl\":\"http:\/\/www.prijedordanas.com\/wp-content\/uploads\/2021\/12\/logopng.png\",\"width\":1019,\"height\":776,\"caption\":\"PrijedorDanas.com\"},\"image\":{\"@id\":\"https:\/\/www.prijedordanas.com\/#\/schema\/logo\/image\/\"},\"sameAs\":[\"https:\/\/www.facebook.com\/PrijedorDanasCom\/\"]},{\"@type\":\"Person\",\"@id\":\"https:\/\/www.prijedordanas.com\/#\/schema\/person\/4e08ccf29b506ca916ff86d46bb700e6\",\"name\":\"admin\",\"image\":{\"@type\":\"ImageObject\",\"inLanguage\":\"en-US\",\"@id\":\"https:\/\/www.prijedordanas.com\/#\/schema\/person\/image\/\",\"url\":\"https:\/\/secure.gravatar.com\/avatar\/1d3fc949d550f0b53a5f0d51e06dfd79?s=96&d=mm&r=g\",\"contentUrl\":\"https:\/\/secure.gravatar.com\/avatar\/1d3fc949d550f0b53a5f0d51e06dfd79?s=96&d=mm&r=g\",\"caption\":\"admin\"},\"url\":\"https:\/\/www.prijedordanas.com\/?author=1\"}]}<\/script>\n<!-- \/ Yoast SEO plugin. -->","yoast_head_json":{"title":"Su\u0111enje Macura: Tu\u017eila\u0161tvo tvrdi da je optu\u017eeni propustio kazniti odgovorne za ubistva civila - PrijedorDanas.com - Prijedorski gradski portal","robots":{"index":"index","follow":"follow","max-snippet":"max-snippet:-1","max-image-preview":"max-image-preview:large","max-video-preview":"max-video-preview:-1"},"canonical":"https:\/\/www.prijedordanas.com\/?p=206346","og_locale":"en_US","og_type":"article","og_title":"Su\u0111enje Macura: Tu\u017eila\u0161tvo tvrdi da je optu\u017eeni propustio kazniti odgovorne za ubistva civila - PrijedorDanas.com - Prijedorski gradski portal","og_description":"Tu\u017eila\u0161tvo Bosne i Hercegovine po\u010delo je sa izno\u0161enjem zavr\u0161ne rije\u010di na su\u0111enju za zlo\u010dine po\u010dinjene nad civilnim stanovni\u0161tvom u Gradi\u0161ci 1992., u kojoj je navelo da je Prva \u010deta Drugog [&hellip;]","og_url":"https:\/\/www.prijedordanas.com\/?p=206346","og_site_name":"PrijedorDanas.com - Prijedorski gradski portal","article_publisher":"https:\/\/www.facebook.com\/PrijedorDanasCom\/","article_published_time":"2023-05-31T08:25:11+00:00","og_image":[{"url":"https:\/\/www.prijedordanas.com\/wp-content\/uploads\/2017\/10\/sud-bih-10-300x225.jpg"}],"author":"admin","twitter_card":"summary_large_image","twitter_misc":{"Written by":"admin"},"schema":{"@context":"https:\/\/schema.org","@graph":[{"@type":"Article","@id":"https:\/\/www.prijedordanas.com\/?p=206346#article","isPartOf":{"@id":"https:\/\/www.prijedordanas.com\/?p=206346"},"author":{"name":"admin","@id":"https:\/\/www.prijedordanas.com\/#\/schema\/person\/4e08ccf29b506ca916ff86d46bb700e6"},"headline":"Su\u0111enje Macura: Tu\u017eila\u0161tvo tvrdi da je optu\u017eeni propustio kazniti odgovorne za ubistva civila","datePublished":"2023-05-31T08:25:11+00:00","dateModified":"2023-05-31T08:25:11+00:00","mainEntityOfPage":{"@id":"https:\/\/www.prijedordanas.com\/?p=206346"},"wordCount":717,"publisher":{"@id":"https:\/\/www.prijedordanas.com\/#organization"},"articleSection":["Hronika"],"inLanguage":"en-US"},{"@type":"WebPage","@id":"https:\/\/www.prijedordanas.com\/?p=206346","url":"https:\/\/www.prijedordanas.com\/?p=206346","name":"Su\u0111enje Macura: Tu\u017eila\u0161tvo tvrdi da je optu\u017eeni propustio kazniti odgovorne za ubistva civila - PrijedorDanas.com - Prijedorski gradski portal","isPartOf":{"@id":"https:\/\/www.prijedordanas.com\/#website"},"datePublished":"2023-05-31T08:25:11+00:00","dateModified":"2023-05-31T08:25:11+00:00","breadcrumb":{"@id":"https:\/\/www.prijedordanas.com\/?p=206346#breadcrumb"},"inLanguage":"en-US","potentialAction":[{"@type":"ReadAction","target":["https:\/\/www.prijedordanas.com\/?p=206346"]}]},{"@type":"BreadcrumbList","@id":"https:\/\/www.prijedordanas.com\/?p=206346#breadcrumb","itemListElement":[{"@type":"ListItem","position":1,"name":"Home","item":"https:\/\/www.prijedordanas.com\/"},{"@type":"ListItem","position":2,"name":"Su\u0111enje Macura: Tu\u017eila\u0161tvo tvrdi da je optu\u017eeni propustio kazniti odgovorne za ubistva civila"}]},{"@type":"WebSite","@id":"https:\/\/www.prijedordanas.com\/#website","url":"https:\/\/www.prijedordanas.com\/","name":"PrijedorDanas.com - Prijedorski gradski portal","description":"Portal o doga\u0111anjima u gradu Prijedoru","publisher":{"@id":"https:\/\/www.prijedordanas.com\/#organization"},"potentialAction":[{"@type":"SearchAction","target":{"@type":"EntryPoint","urlTemplate":"https:\/\/www.prijedordanas.com\/?s={search_term_string}"},"query-input":"required name=search_term_string"}],"inLanguage":"en-US"},{"@type":"Organization","@id":"https:\/\/www.prijedordanas.com\/#organization","name":"PrijedorDanas.com","url":"https:\/\/www.prijedordanas.com\/","logo":{"@type":"ImageObject","inLanguage":"en-US","@id":"https:\/\/www.prijedordanas.com\/#\/schema\/logo\/image\/","url":"http:\/\/www.prijedordanas.com\/wp-content\/uploads\/2021\/12\/logopng.png","contentUrl":"http:\/\/www.prijedordanas.com\/wp-content\/uploads\/2021\/12\/logopng.png","width":1019,"height":776,"caption":"PrijedorDanas.com"},"image":{"@id":"https:\/\/www.prijedordanas.com\/#\/schema\/logo\/image\/"},"sameAs":["https:\/\/www.facebook.com\/PrijedorDanasCom\/"]},{"@type":"Person","@id":"https:\/\/www.prijedordanas.com\/#\/schema\/person\/4e08ccf29b506ca916ff86d46bb700e6","name":"admin","image":{"@type":"ImageObject","inLanguage":"en-US","@id":"https:\/\/www.prijedordanas.com\/#\/schema\/person\/image\/","url":"https:\/\/secure.gravatar.com\/avatar\/1d3fc949d550f0b53a5f0d51e06dfd79?s=96&d=mm&r=g","contentUrl":"https:\/\/secure.gravatar.com\/avatar\/1d3fc949d550f0b53a5f0d51e06dfd79?s=96&d=mm&r=g","caption":"admin"},"url":"https:\/\/www.prijedordanas.com\/?author=1"}]}},"_links":{"self":[{"href":"https:\/\/www.prijedordanas.com\/index.php?rest_route=\/wp\/v2\/posts\/206346"}],"collection":[{"href":"https:\/\/www.prijedordanas.com\/index.php?rest_route=\/wp\/v2\/posts"}],"about":[{"href":"https:\/\/www.prijedordanas.com\/index.php?rest_route=\/wp\/v2\/types\/post"}],"author":[{"embeddable":true,"href":"https:\/\/www.prijedordanas.com\/index.php?rest_route=\/wp\/v2\/users\/1"}],"replies":[{"embeddable":true,"href":"https:\/\/www.prijedordanas.com\/index.php?rest_route=%2Fwp%2Fv2%2Fcomments&post=206346"}],"version-history":[{"count":1,"href":"https:\/\/www.prijedordanas.com\/index.php?rest_route=\/wp\/v2\/posts\/206346\/revisions"}],"predecessor-version":[{"id":206347,"href":"https:\/\/www.prijedordanas.com\/index.php?rest_route=\/wp\/v2\/posts\/206346\/revisions\/206347"}],"wp:attachment":[{"href":"https:\/\/www.prijedordanas.com\/index.php?rest_route=%2Fwp%2Fv2%2Fmedia&parent=206346"}],"wp:term":[{"taxonomy":"category","embeddable":true,"href":"https:\/\/www.prijedordanas.com\/index.php?rest_route=%2Fwp%2Fv2%2Fcategories&post=206346"},{"taxonomy":"post_tag","embeddable":true,"href":"https:\/\/www.prijedordanas.com\/index.php?rest_route=%2Fwp%2Fv2%2Ftags&post=206346"}],"curies":[{"name":"wp","href":"https:\/\/api.w.org\/{rel}","templated":true}]}}