{"id":206299,"date":"2023-05-30T16:25:38","date_gmt":"2023-05-30T14:25:38","guid":{"rendered":"https:\/\/www.prijedordanas.com\/?p=206299"},"modified":"2023-05-30T16:31:08","modified_gmt":"2023-05-30T14:31:08","slug":"prijedor-obiljezen-dan-odbrane-grada-foto","status":"publish","type":"post","link":"https:\/\/www.prijedordanas.com\/?p=206299","title":{"rendered":"Prijedor: Obilje\u017een Dan odbrane grada &#8211; FOTO"},"content":{"rendered":"<p><a href=\"https:\/\/www.prijedordanas.com\/wp-content\/uploads\/2023\/05\/dan-odbrane-grada-2023-1.jpg\"><img loading=\"lazy\" decoding=\"async\" class=\"alignleft size-medium wp-image-206305\" src=\"https:\/\/www.prijedordanas.com\/wp-content\/uploads\/2023\/05\/dan-odbrane-grada-2023-1-300x225.jpg\" alt=\"\" width=\"300\" height=\"225\" srcset=\"https:\/\/www.prijedordanas.com\/wp-content\/uploads\/2023\/05\/dan-odbrane-grada-2023-1-300x225.jpg 300w, https:\/\/www.prijedordanas.com\/wp-content\/uploads\/2023\/05\/dan-odbrane-grada-2023-1-640x480.jpg 640w, https:\/\/www.prijedordanas.com\/wp-content\/uploads\/2023\/05\/dan-odbrane-grada-2023-1.jpg 667w\" sizes=\"(max-width: 300px) 100vw, 300px\" \/><\/a>U Prijedoru je obilje\u017een Dan odbrane grada, odnosno 31. godi\u0161njica napada muslimansko-hrvatskih paravojnih formacija u kojem je poginulo 15, a ranjeno 26 boraca.<\/p>\n<p>Gradona\u010delnik Prijedora Slobodan Javor izjavio je da se danas na dostojanstven na\u010din obilje\u017eava 31. godi\u0161njica od odbrane Prijedora koji je imao te\u0161ku istoriju, a da je ovaj datum jedan od te\u017eih trenutaka u novijoj istoriji grada.<\/p>\n<p>&#8220;Po\u0161tujemo sve \u017ertve, to uporno isti\u010demo, ali istina se mora znati, a mi smo oni koji \u017eelimo da iz godine u godinu ponavljamo da se sje\u0107anja na ove hrabre junake ne zaborave. Mi ovdje \u017eelimo da poru\u010dimo jednu jasnu poruku da smo itekako raspolo\u017eeni i pru\u017eamo ruku svima onima koji sa druge strane \u017eele da ispru\u017ee ruku, da \u017eivimo zajedno, slo\u017eno, da gledamo ka naprijed&#8221;, rekao je Javor.<\/p>\n<p><a href=\"https:\/\/www.prijedordanas.com\/wp-content\/uploads\/2023\/05\/dan-odbrane-grada-2023-2.jpg\"><img loading=\"lazy\" decoding=\"async\" class=\"alignleft size-medium wp-image-206306\" src=\"https:\/\/www.prijedordanas.com\/wp-content\/uploads\/2023\/05\/dan-odbrane-grada-2023-2-300x225.jpg\" alt=\"\" width=\"300\" height=\"225\" srcset=\"https:\/\/www.prijedordanas.com\/wp-content\/uploads\/2023\/05\/dan-odbrane-grada-2023-2-300x225.jpg 300w, https:\/\/www.prijedordanas.com\/wp-content\/uploads\/2023\/05\/dan-odbrane-grada-2023-2-640x480.jpg 640w, https:\/\/www.prijedordanas.com\/wp-content\/uploads\/2023\/05\/dan-odbrane-grada-2023-2.jpg 667w\" sizes=\"(max-width: 300px) 100vw, 300px\" \/><\/a>On je istakao da se istorija mora po\u0161tovati, da se mora po\u0161tovati radi potomaka onih ljudi koji su svoje \u017eivote ostavili u gradu da bi se danas \u017eivjelo slobodno.<\/p>\n<p>&#8220;\u017delimo da nastavimo da gradim mir i su\u017eivot sa svima. Ono \u0161to moram da naglasim je da ima onih koji uporno isti\u010du ne\u0161to drugo, vode neku svoju politiku. Politika se ne smije mije\u0161ati jer su ovo ozbiljne stvari. Istorija se ne smije iskriviti i mi se zala\u017eemo upravo za to da se istina ne zaboravi. Svi koji misle druga\u010dije i koji smatraju da ovdje nema mira i da je nestabilno, koji ne \u017eele su\u017eivot, poru\u010dujemo da im nije mjesto u na\u0161em gradu i da su ovdje nepo\u017eeljni&#8221;, poru\u010dio je Javor.<\/p>\n<p>Ministar rada i bora\u010dko-invalidske za\u0161tite Republike Srpske Danijel Egi\u0107 izrazio je danas sau\u010de\u0161\u0107e svim porodicama boraca poginulih na dana\u0161nji dan 1992. godine i pozdravio sve u\u010desnike heroje odbrane grada Prijedora od napada muslimansko-hrvatskih paravojnih formacija prije 31 godinu.<\/p>\n<p><a href=\"https:\/\/www.prijedordanas.com\/wp-content\/uploads\/2023\/05\/dan-odbrane-grada-2023-3.jpg\"><img loading=\"lazy\" decoding=\"async\" class=\"alignleft size-medium wp-image-206307\" src=\"https:\/\/www.prijedordanas.com\/wp-content\/uploads\/2023\/05\/dan-odbrane-grada-2023-3-225x300.jpg\" alt=\"\" width=\"225\" height=\"300\" srcset=\"https:\/\/www.prijedordanas.com\/wp-content\/uploads\/2023\/05\/dan-odbrane-grada-2023-3-225x300.jpg 225w, https:\/\/www.prijedordanas.com\/wp-content\/uploads\/2023\/05\/dan-odbrane-grada-2023-3.jpg 450w\" sizes=\"(max-width: 225px) 100vw, 225px\" \/><\/a>&#8220;Mi sa ovoga mjesta \u0161aljemo jednu poruku mira, jednu poruku su\u017eivota, jednu poruku da je mogu\u0107e graditi su\u017eivot, bez obzira \u0161ta je bilo. To ne zna\u010di da smo mi slabi. Mi smo ljudi koji shvatamo istoriju, mi smo ljudi koji iz istorije izvla\u010dimo poruke, mi smo ljudi koji \u017eelimo da gradimo budu\u0107nost, mi smo ljudi koji od ovoga grad \u017eelimo da napravimo svakim danom bolje mjesto za \u017eivot nas i na\u0161ih budu\u0107ih pokoljenja&#8221;, rekao je Egi\u0107 novinarima u Prijedoru.<\/p>\n<p>Egi\u0107a je kao policajca rezervnog sastava ta zora 30. maja 1992. godine zatekla na polo\u017eaju na neboderu u centru Prijedora, u \u0161etali\u0161noj zoni.<\/p>\n<p>&#8220;Ovaj dan sam do\u017eivio vrlo li\u010dno i da ka\u017eem pod velikim stresom i razo\u010darenjem. Iako sam imao odre\u0111ena ratna iskustva, jo\u0161 kao mlad vojnik u JNA u Kninu, i iako sam neposredno prije toga, nekih dva mjeseca, bje\u017eao iz Sarajeva \/kao student\/ pod mecima i pucnjavom, tog jutra sam se na\u0161ao u stra\u0161noj panici zato \u0161to se sad puca u na\u0161em gradu, u mom gradu, zato \u0161to se puca u mojoj ulici i zato \u0161to se tad pucalo ispred moje zgrade i ispred vrata mojih najmilijih&#8221;, prisje\u0107a se Egi\u0107.<\/p>\n<p><a href=\"https:\/\/www.prijedordanas.com\/wp-content\/uploads\/2023\/05\/dan-odbrane-grada-2023-30.jpg\"><img loading=\"lazy\" decoding=\"async\" class=\"alignleft size-medium wp-image-206308\" src=\"https:\/\/www.prijedordanas.com\/wp-content\/uploads\/2023\/05\/dan-odbrane-grada-2023-30-300x225.jpg\" alt=\"\" width=\"300\" height=\"225\" srcset=\"https:\/\/www.prijedordanas.com\/wp-content\/uploads\/2023\/05\/dan-odbrane-grada-2023-30-300x225.jpg 300w, https:\/\/www.prijedordanas.com\/wp-content\/uploads\/2023\/05\/dan-odbrane-grada-2023-30-640x480.jpg 640w, https:\/\/www.prijedordanas.com\/wp-content\/uploads\/2023\/05\/dan-odbrane-grada-2023-30.jpg 667w\" sizes=\"(max-width: 300px) 100vw, 300px\" \/><\/a>On je dodao da su to bili stra\u0161ni trenuci, da se po odre\u0111enim doga\u0111ajima koji su prethodili tome moglo naslutiti da \u0107e se to desiti, ali da niko nije vjerovao da \u0107e se ba\u0161 to desiti ovdje u gradu.<\/p>\n<p>&#8220;Nikada ne\u0107emo da zaboravimo svoje poginule i \u017ertve koje su dane za ovaj grad, ali, jednostavno, moramo naprijed. Zaboraviti ih ne\u0107emo, a gradi\u0107emo ovaj grad da bude bolje, ljep\u0161e i ugodnije mjesto za \u017eivot&#8221;, poru\u010dio je Egi\u0107.<\/p>\n<p>Predsjednica Organizacije porodica zarobljenih i poginulih boraca i nestalih civila grada Prijedora Zdravka Karlica rekla je da je danas puna emocija.<\/p>\n<p>&#8220;I ove pri\u010de o toliko ubijenih u ovom Prijedoru. Nije bilo toliko. Bilo je dosta, ali nije onoliko koliko je oti\u0161lo u svijet. Mi moramo da zaista zajedni\u010dki radimo na svim pitanjima za ovaj na\u0161 narod&#8221;, dodala je ona.<\/p>\n<p>Jutros je u Crkvi Svete Trojice u Prijedoru slu\u017een parastos za 15 poginulih i 26 boraca ranjenih na dana\u0161nji dan 1992. godine u ovom gradu.<\/p>\n<p>Polo\u017eeni su vijenci u zgradi Policijske uprave Prijedor i kod spomenika &#8220;Za krst \u010dasni&#8221; i prislu\u017eene svije\u0107e u spomen kompleksu &#8220;Kameni cvijet&#8221;, a potom je uslijedio defile ulicama grada.<\/p>\n<p><a href=\"https:\/\/www.prijedorgrad.org\/sr-EU\/vijesti-sadrzaj.html?vid=18134\" target=\"_blank\" rel=\"noopener\">prijedorgrad.org<\/a><\/p>\n<p><a href=\"https:\/\/www.prijedordanas.com\/wp-content\/uploads\/2023\/05\/dan-odbrane-grada-2023-4.jpg\"><img loading=\"lazy\" decoding=\"async\" class=\"alignleft size-medium wp-image-206309\" src=\"https:\/\/www.prijedordanas.com\/wp-content\/uploads\/2023\/05\/dan-odbrane-grada-2023-4-300x200.jpg\" alt=\"\" width=\"300\" height=\"200\" srcset=\"https:\/\/www.prijedordanas.com\/wp-content\/uploads\/2023\/05\/dan-odbrane-grada-2023-4-300x200.jpg 300w, https:\/\/www.prijedordanas.com\/wp-content\/uploads\/2023\/05\/dan-odbrane-grada-2023-4-480x320.jpg 480w, https:\/\/www.prijedordanas.com\/wp-content\/uploads\/2023\/05\/dan-odbrane-grada-2023-4.jpg 600w\" sizes=\"(max-width: 300px) 100vw, 300px\" \/><\/a> <a href=\"https:\/\/www.prijedordanas.com\/wp-content\/uploads\/2023\/05\/dan-odbrane-grada-2023-5.jpg\"><img loading=\"lazy\" decoding=\"async\" class=\"alignleft size-medium wp-image-206310\" src=\"https:\/\/www.prijedordanas.com\/wp-content\/uploads\/2023\/05\/dan-odbrane-grada-2023-5-300x200.jpg\" alt=\"\" width=\"300\" height=\"200\" srcset=\"https:\/\/www.prijedordanas.com\/wp-content\/uploads\/2023\/05\/dan-odbrane-grada-2023-5-300x200.jpg 300w, https:\/\/www.prijedordanas.com\/wp-content\/uploads\/2023\/05\/dan-odbrane-grada-2023-5-480x320.jpg 480w, https:\/\/www.prijedordanas.com\/wp-content\/uploads\/2023\/05\/dan-odbrane-grada-2023-5.jpg 600w\" sizes=\"(max-width: 300px) 100vw, 300px\" \/><\/a> <a href=\"https:\/\/www.prijedordanas.com\/wp-content\/uploads\/2023\/05\/dan-odbrane-grada-2023-6.jpg\"><img loading=\"lazy\" decoding=\"async\" class=\"alignleft size-medium wp-image-206311\" src=\"https:\/\/www.prijedordanas.com\/wp-content\/uploads\/2023\/05\/dan-odbrane-grada-2023-6-300x200.jpg\" alt=\"\" width=\"300\" height=\"200\" srcset=\"https:\/\/www.prijedordanas.com\/wp-content\/uploads\/2023\/05\/dan-odbrane-grada-2023-6-300x200.jpg 300w, https:\/\/www.prijedordanas.com\/wp-content\/uploads\/2023\/05\/dan-odbrane-grada-2023-6-480x320.jpg 480w, https:\/\/www.prijedordanas.com\/wp-content\/uploads\/2023\/05\/dan-odbrane-grada-2023-6.jpg 600w\" sizes=\"(max-width: 300px) 100vw, 300px\" \/><\/a> <a href=\"https:\/\/www.prijedordanas.com\/wp-content\/uploads\/2023\/05\/dan-odbrane-grada-2023-7.jpg\"><img loading=\"lazy\" decoding=\"async\" class=\"alignleft size-medium wp-image-206312\" src=\"https:\/\/www.prijedordanas.com\/wp-content\/uploads\/2023\/05\/dan-odbrane-grada-2023-7-300x200.jpg\" alt=\"\" width=\"300\" height=\"200\" srcset=\"https:\/\/www.prijedordanas.com\/wp-content\/uploads\/2023\/05\/dan-odbrane-grada-2023-7-300x200.jpg 300w, https:\/\/www.prijedordanas.com\/wp-content\/uploads\/2023\/05\/dan-odbrane-grada-2023-7-480x320.jpg 480w, https:\/\/www.prijedordanas.com\/wp-content\/uploads\/2023\/05\/dan-odbrane-grada-2023-7.jpg 600w\" sizes=\"(max-width: 300px) 100vw, 300px\" \/><\/a> <a href=\"https:\/\/www.prijedordanas.com\/wp-content\/uploads\/2023\/05\/dan-odbrane-grada-2023-8.jpg\"><img loading=\"lazy\" decoding=\"async\" class=\"alignleft size-medium wp-image-206313\" src=\"https:\/\/www.prijedordanas.com\/wp-content\/uploads\/2023\/05\/dan-odbrane-grada-2023-8-300x200.jpg\" alt=\"\" width=\"300\" height=\"200\" srcset=\"https:\/\/www.prijedordanas.com\/wp-content\/uploads\/2023\/05\/dan-odbrane-grada-2023-8-300x200.jpg 300w, https:\/\/www.prijedordanas.com\/wp-content\/uploads\/2023\/05\/dan-odbrane-grada-2023-8-480x320.jpg 480w, https:\/\/www.prijedordanas.com\/wp-content\/uploads\/2023\/05\/dan-odbrane-grada-2023-8.jpg 600w\" sizes=\"(max-width: 300px) 100vw, 300px\" \/><\/a> <a href=\"https:\/\/www.prijedordanas.com\/wp-content\/uploads\/2023\/05\/dan-odbrane-grada-2023-9.jpg\"><img loading=\"lazy\" decoding=\"async\" class=\"alignleft size-medium wp-image-206314\" src=\"https:\/\/www.prijedordanas.com\/wp-content\/uploads\/2023\/05\/dan-odbrane-grada-2023-9-300x200.jpg\" alt=\"\" width=\"300\" height=\"200\" srcset=\"https:\/\/www.prijedordanas.com\/wp-content\/uploads\/2023\/05\/dan-odbrane-grada-2023-9-300x200.jpg 300w, https:\/\/www.prijedordanas.com\/wp-content\/uploads\/2023\/05\/dan-odbrane-grada-2023-9-480x320.jpg 480w, https:\/\/www.prijedordanas.com\/wp-content\/uploads\/2023\/05\/dan-odbrane-grada-2023-9.jpg 600w\" sizes=\"(max-width: 300px) 100vw, 300px\" \/><\/a> <a href=\"https:\/\/www.prijedordanas.com\/wp-content\/uploads\/2023\/05\/dan-odbrane-grada-2023-10.jpg\"><img loading=\"lazy\" decoding=\"async\" class=\"alignleft size-medium wp-image-206315\" src=\"https:\/\/www.prijedordanas.com\/wp-content\/uploads\/2023\/05\/dan-odbrane-grada-2023-10-300x200.jpg\" alt=\"\" width=\"300\" height=\"200\" srcset=\"https:\/\/www.prijedordanas.com\/wp-content\/uploads\/2023\/05\/dan-odbrane-grada-2023-10-300x200.jpg 300w, https:\/\/www.prijedordanas.com\/wp-content\/uploads\/2023\/05\/dan-odbrane-grada-2023-10-480x320.jpg 480w, https:\/\/www.prijedordanas.com\/wp-content\/uploads\/2023\/05\/dan-odbrane-grada-2023-10.jpg 600w\" sizes=\"(max-width: 300px) 100vw, 300px\" \/><\/a> <a href=\"https:\/\/www.prijedordanas.com\/wp-content\/uploads\/2023\/05\/dan-odbrane-grada-2023-11.jpg\"><img loading=\"lazy\" decoding=\"async\" class=\"alignleft size-medium wp-image-206316\" src=\"https:\/\/www.prijedordanas.com\/wp-content\/uploads\/2023\/05\/dan-odbrane-grada-2023-11-300x200.jpg\" alt=\"\" width=\"300\" height=\"200\" srcset=\"https:\/\/www.prijedordanas.com\/wp-content\/uploads\/2023\/05\/dan-odbrane-grada-2023-11-300x200.jpg 300w, https:\/\/www.prijedordanas.com\/wp-content\/uploads\/2023\/05\/dan-odbrane-grada-2023-11-480x320.jpg 480w, https:\/\/www.prijedordanas.com\/wp-content\/uploads\/2023\/05\/dan-odbrane-grada-2023-11.jpg 600w\" sizes=\"(max-width: 300px) 100vw, 300px\" \/><\/a> <a href=\"https:\/\/www.prijedordanas.com\/wp-content\/uploads\/2023\/05\/dan-odbrane-grada-2023-12.jpg\"><img loading=\"lazy\" decoding=\"async\" class=\"alignleft size-medium wp-image-206317\" src=\"https:\/\/www.prijedordanas.com\/wp-content\/uploads\/2023\/05\/dan-odbrane-grada-2023-12-300x200.jpg\" alt=\"\" width=\"300\" height=\"200\" srcset=\"https:\/\/www.prijedordanas.com\/wp-content\/uploads\/2023\/05\/dan-odbrane-grada-2023-12-300x200.jpg 300w, https:\/\/www.prijedordanas.com\/wp-content\/uploads\/2023\/05\/dan-odbrane-grada-2023-12-480x320.jpg 480w, https:\/\/www.prijedordanas.com\/wp-content\/uploads\/2023\/05\/dan-odbrane-grada-2023-12.jpg 600w\" sizes=\"(max-width: 300px) 100vw, 300px\" \/><\/a> <a href=\"https:\/\/www.prijedordanas.com\/wp-content\/uploads\/2023\/05\/dan-odbrane-grada-2023-13.jpg\"><img loading=\"lazy\" decoding=\"async\" class=\"alignleft size-medium wp-image-206318\" src=\"https:\/\/www.prijedordanas.com\/wp-content\/uploads\/2023\/05\/dan-odbrane-grada-2023-13-300x200.jpg\" alt=\"\" width=\"300\" height=\"200\" srcset=\"https:\/\/www.prijedordanas.com\/wp-content\/uploads\/2023\/05\/dan-odbrane-grada-2023-13-300x200.jpg 300w, https:\/\/www.prijedordanas.com\/wp-content\/uploads\/2023\/05\/dan-odbrane-grada-2023-13-480x320.jpg 480w, https:\/\/www.prijedordanas.com\/wp-content\/uploads\/2023\/05\/dan-odbrane-grada-2023-13.jpg 600w\" sizes=\"(max-width: 300px) 100vw, 300px\" \/><\/a> <a href=\"https:\/\/www.prijedordanas.com\/wp-content\/uploads\/2023\/05\/dan-odbrane-grada-2023-14.jpg\"><img loading=\"lazy\" decoding=\"async\" class=\"alignleft size-medium wp-image-206319\" src=\"https:\/\/www.prijedordanas.com\/wp-content\/uploads\/2023\/05\/dan-odbrane-grada-2023-14-300x200.jpg\" alt=\"\" width=\"300\" height=\"200\" srcset=\"https:\/\/www.prijedordanas.com\/wp-content\/uploads\/2023\/05\/dan-odbrane-grada-2023-14-300x200.jpg 300w, https:\/\/www.prijedordanas.com\/wp-content\/uploads\/2023\/05\/dan-odbrane-grada-2023-14-480x320.jpg 480w, https:\/\/www.prijedordanas.com\/wp-content\/uploads\/2023\/05\/dan-odbrane-grada-2023-14.jpg 600w\" sizes=\"(max-width: 300px) 100vw, 300px\" \/><\/a> <a href=\"https:\/\/www.prijedordanas.com\/wp-content\/uploads\/2023\/05\/dan-odbrane-grada-2023-15.jpg\"><img loading=\"lazy\" decoding=\"async\" class=\"alignleft size-medium wp-image-206320\" src=\"https:\/\/www.prijedordanas.com\/wp-content\/uploads\/2023\/05\/dan-odbrane-grada-2023-15-300x200.jpg\" alt=\"\" width=\"300\" height=\"200\" srcset=\"https:\/\/www.prijedordanas.com\/wp-content\/uploads\/2023\/05\/dan-odbrane-grada-2023-15-300x200.jpg 300w, https:\/\/www.prijedordanas.com\/wp-content\/uploads\/2023\/05\/dan-odbrane-grada-2023-15-480x320.jpg 480w, https:\/\/www.prijedordanas.com\/wp-content\/uploads\/2023\/05\/dan-odbrane-grada-2023-15.jpg 600w\" sizes=\"(max-width: 300px) 100vw, 300px\" \/><\/a> <a href=\"https:\/\/www.prijedordanas.com\/wp-content\/uploads\/2023\/05\/dan-odbrane-grada-2023-16.jpg\"><img loading=\"lazy\" decoding=\"async\" class=\"alignleft size-medium wp-image-206322\" src=\"https:\/\/www.prijedordanas.com\/wp-content\/uploads\/2023\/05\/dan-odbrane-grada-2023-16-300x200.jpg\" alt=\"\" width=\"300\" height=\"200\" srcset=\"https:\/\/www.prijedordanas.com\/wp-content\/uploads\/2023\/05\/dan-odbrane-grada-2023-16-300x200.jpg 300w, https:\/\/www.prijedordanas.com\/wp-content\/uploads\/2023\/05\/dan-odbrane-grada-2023-16-480x320.jpg 480w, https:\/\/www.prijedordanas.com\/wp-content\/uploads\/2023\/05\/dan-odbrane-grada-2023-16.jpg 600w\" sizes=\"(max-width: 300px) 100vw, 300px\" \/><\/a> <a href=\"https:\/\/www.prijedordanas.com\/wp-content\/uploads\/2023\/05\/dan-odbrane-grada-2023-17.jpg\"><img loading=\"lazy\" decoding=\"async\" class=\"alignleft size-medium wp-image-206321\" src=\"https:\/\/www.prijedordanas.com\/wp-content\/uploads\/2023\/05\/dan-odbrane-grada-2023-17-300x200.jpg\" alt=\"\" width=\"300\" height=\"200\" srcset=\"https:\/\/www.prijedordanas.com\/wp-content\/uploads\/2023\/05\/dan-odbrane-grada-2023-17-300x200.jpg 300w, https:\/\/www.prijedordanas.com\/wp-content\/uploads\/2023\/05\/dan-odbrane-grada-2023-17-480x320.jpg 480w, https:\/\/www.prijedordanas.com\/wp-content\/uploads\/2023\/05\/dan-odbrane-grada-2023-17.jpg 600w\" sizes=\"(max-width: 300px) 100vw, 300px\" \/><\/a> <a href=\"https:\/\/www.prijedordanas.com\/wp-content\/uploads\/2023\/05\/dan-odbrane-grada-2023-18.jpg\"><img loading=\"lazy\" decoding=\"async\" class=\"alignleft size-medium wp-image-206323\" src=\"https:\/\/www.prijedordanas.com\/wp-content\/uploads\/2023\/05\/dan-odbrane-grada-2023-18-300x200.jpg\" alt=\"\" width=\"300\" height=\"200\" srcset=\"https:\/\/www.prijedordanas.com\/wp-content\/uploads\/2023\/05\/dan-odbrane-grada-2023-18-300x200.jpg 300w, https:\/\/www.prijedordanas.com\/wp-content\/uploads\/2023\/05\/dan-odbrane-grada-2023-18-480x320.jpg 480w, https:\/\/www.prijedordanas.com\/wp-content\/uploads\/2023\/05\/dan-odbrane-grada-2023-18.jpg 600w\" sizes=\"(max-width: 300px) 100vw, 300px\" \/><\/a> <a href=\"https:\/\/www.prijedordanas.com\/wp-content\/uploads\/2023\/05\/dan-odbrane-grada-2023-19.jpg\"><img loading=\"lazy\" decoding=\"async\" class=\"alignleft size-medium wp-image-206324\" src=\"https:\/\/www.prijedordanas.com\/wp-content\/uploads\/2023\/05\/dan-odbrane-grada-2023-19-300x200.jpg\" alt=\"\" width=\"300\" height=\"200\" srcset=\"https:\/\/www.prijedordanas.com\/wp-content\/uploads\/2023\/05\/dan-odbrane-grada-2023-19-300x200.jpg 300w, https:\/\/www.prijedordanas.com\/wp-content\/uploads\/2023\/05\/dan-odbrane-grada-2023-19-480x320.jpg 480w, https:\/\/www.prijedordanas.com\/wp-content\/uploads\/2023\/05\/dan-odbrane-grada-2023-19.jpg 600w\" sizes=\"(max-width: 300px) 100vw, 300px\" \/><\/a> <a href=\"https:\/\/www.prijedordanas.com\/wp-content\/uploads\/2023\/05\/dan-odbrane-grada-2023-20.jpg\"><img loading=\"lazy\" decoding=\"async\" class=\"alignleft size-medium wp-image-206325\" src=\"https:\/\/www.prijedordanas.com\/wp-content\/uploads\/2023\/05\/dan-odbrane-grada-2023-20-300x200.jpg\" alt=\"\" width=\"300\" height=\"200\" srcset=\"https:\/\/www.prijedordanas.com\/wp-content\/uploads\/2023\/05\/dan-odbrane-grada-2023-20-300x200.jpg 300w, https:\/\/www.prijedordanas.com\/wp-content\/uploads\/2023\/05\/dan-odbrane-grada-2023-20-480x320.jpg 480w, https:\/\/www.prijedordanas.com\/wp-content\/uploads\/2023\/05\/dan-odbrane-grada-2023-20.jpg 600w\" sizes=\"(max-width: 300px) 100vw, 300px\" \/><\/a> <a href=\"https:\/\/www.prijedordanas.com\/wp-content\/uploads\/2023\/05\/dan-odbrane-grada-2023-21.jpg\"><img loading=\"lazy\" decoding=\"async\" class=\"alignleft size-medium wp-image-206326\" src=\"https:\/\/www.prijedordanas.com\/wp-content\/uploads\/2023\/05\/dan-odbrane-grada-2023-21-300x200.jpg\" alt=\"\" width=\"300\" height=\"200\" srcset=\"https:\/\/www.prijedordanas.com\/wp-content\/uploads\/2023\/05\/dan-odbrane-grada-2023-21-300x200.jpg 300w, https:\/\/www.prijedordanas.com\/wp-content\/uploads\/2023\/05\/dan-odbrane-grada-2023-21-480x320.jpg 480w, https:\/\/www.prijedordanas.com\/wp-content\/uploads\/2023\/05\/dan-odbrane-grada-2023-21.jpg 600w\" sizes=\"(max-width: 300px) 100vw, 300px\" \/><\/a> <a href=\"https:\/\/www.prijedordanas.com\/wp-content\/uploads\/2023\/05\/dan-odbrane-grada-2023-22.jpg\"><img loading=\"lazy\" decoding=\"async\" class=\"alignleft size-medium wp-image-206327\" src=\"https:\/\/www.prijedordanas.com\/wp-content\/uploads\/2023\/05\/dan-odbrane-grada-2023-22-300x200.jpg\" alt=\"\" width=\"300\" height=\"200\" srcset=\"https:\/\/www.prijedordanas.com\/wp-content\/uploads\/2023\/05\/dan-odbrane-grada-2023-22-300x200.jpg 300w, https:\/\/www.prijedordanas.com\/wp-content\/uploads\/2023\/05\/dan-odbrane-grada-2023-22-480x320.jpg 480w, https:\/\/www.prijedordanas.com\/wp-content\/uploads\/2023\/05\/dan-odbrane-grada-2023-22.jpg 600w\" sizes=\"(max-width: 300px) 100vw, 300px\" \/><\/a> <a href=\"https:\/\/www.prijedordanas.com\/wp-content\/uploads\/2023\/05\/dan-odbrane-grada-2023-23.jpg\"><img loading=\"lazy\" decoding=\"async\" class=\"alignleft size-medium wp-image-206328\" src=\"https:\/\/www.prijedordanas.com\/wp-content\/uploads\/2023\/05\/dan-odbrane-grada-2023-23-300x200.jpg\" alt=\"\" width=\"300\" height=\"200\" srcset=\"https:\/\/www.prijedordanas.com\/wp-content\/uploads\/2023\/05\/dan-odbrane-grada-2023-23-300x200.jpg 300w, https:\/\/www.prijedordanas.com\/wp-content\/uploads\/2023\/05\/dan-odbrane-grada-2023-23-480x320.jpg 480w, https:\/\/www.prijedordanas.com\/wp-content\/uploads\/2023\/05\/dan-odbrane-grada-2023-23.jpg 600w\" sizes=\"(max-width: 300px) 100vw, 300px\" \/><\/a> <a href=\"https:\/\/www.prijedordanas.com\/wp-content\/uploads\/2023\/05\/dan-odbrane-grada-2023-24.jpg\"><img loading=\"lazy\" decoding=\"async\" class=\"alignleft size-medium wp-image-206329\" src=\"https:\/\/www.prijedordanas.com\/wp-content\/uploads\/2023\/05\/dan-odbrane-grada-2023-24-300x200.jpg\" alt=\"\" width=\"300\" height=\"200\" srcset=\"https:\/\/www.prijedordanas.com\/wp-content\/uploads\/2023\/05\/dan-odbrane-grada-2023-24-300x200.jpg 300w, https:\/\/www.prijedordanas.com\/wp-content\/uploads\/2023\/05\/dan-odbrane-grada-2023-24-480x320.jpg 480w, https:\/\/www.prijedordanas.com\/wp-content\/uploads\/2023\/05\/dan-odbrane-grada-2023-24.jpg 600w\" sizes=\"(max-width: 300px) 100vw, 300px\" \/><\/a> <a href=\"https:\/\/www.prijedordanas.com\/wp-content\/uploads\/2023\/05\/dan-odbrane-grada-2023-25.jpg\"><img loading=\"lazy\" decoding=\"async\" class=\"alignleft size-medium wp-image-206330\" src=\"https:\/\/www.prijedordanas.com\/wp-content\/uploads\/2023\/05\/dan-odbrane-grada-2023-25-300x200.jpg\" alt=\"\" width=\"300\" height=\"200\" srcset=\"https:\/\/www.prijedordanas.com\/wp-content\/uploads\/2023\/05\/dan-odbrane-grada-2023-25-300x200.jpg 300w, https:\/\/www.prijedordanas.com\/wp-content\/uploads\/2023\/05\/dan-odbrane-grada-2023-25-480x320.jpg 480w, https:\/\/www.prijedordanas.com\/wp-content\/uploads\/2023\/05\/dan-odbrane-grada-2023-25.jpg 600w\" sizes=\"(max-width: 300px) 100vw, 300px\" \/><\/a> <a href=\"https:\/\/www.prijedordanas.com\/wp-content\/uploads\/2023\/05\/dan-odbrane-grada-2023-26.jpg\"><img loading=\"lazy\" decoding=\"async\" class=\"alignleft size-medium wp-image-206331\" src=\"https:\/\/www.prijedordanas.com\/wp-content\/uploads\/2023\/05\/dan-odbrane-grada-2023-26-300x200.jpg\" alt=\"\" width=\"300\" height=\"200\" srcset=\"https:\/\/www.prijedordanas.com\/wp-content\/uploads\/2023\/05\/dan-odbrane-grada-2023-26-300x200.jpg 300w, https:\/\/www.prijedordanas.com\/wp-content\/uploads\/2023\/05\/dan-odbrane-grada-2023-26-480x320.jpg 480w, https:\/\/www.prijedordanas.com\/wp-content\/uploads\/2023\/05\/dan-odbrane-grada-2023-26.jpg 600w\" sizes=\"(max-width: 300px) 100vw, 300px\" \/><\/a> <a href=\"https:\/\/www.prijedordanas.com\/wp-content\/uploads\/2023\/05\/dan-odbrane-grada-2023-28.jpg\"><img loading=\"lazy\" decoding=\"async\" class=\"alignleft size-medium wp-image-206332\" src=\"https:\/\/www.prijedordanas.com\/wp-content\/uploads\/2023\/05\/dan-odbrane-grada-2023-28-300x200.jpg\" alt=\"\" width=\"300\" height=\"200\" srcset=\"https:\/\/www.prijedordanas.com\/wp-content\/uploads\/2023\/05\/dan-odbrane-grada-2023-28-300x200.jpg 300w, https:\/\/www.prijedordanas.com\/wp-content\/uploads\/2023\/05\/dan-odbrane-grada-2023-28-480x320.jpg 480w, https:\/\/www.prijedordanas.com\/wp-content\/uploads\/2023\/05\/dan-odbrane-grada-2023-28.jpg 600w\" sizes=\"(max-width: 300px) 100vw, 300px\" \/><\/a> <a href=\"https:\/\/www.prijedordanas.com\/wp-content\/uploads\/2023\/05\/dan-odbrane-grada-2023-27.jpg\"><img loading=\"lazy\" decoding=\"async\" class=\"alignleft size-medium wp-image-206333\" src=\"https:\/\/www.prijedordanas.com\/wp-content\/uploads\/2023\/05\/dan-odbrane-grada-2023-27-300x200.jpg\" alt=\"\" width=\"300\" height=\"200\" srcset=\"https:\/\/www.prijedordanas.com\/wp-content\/uploads\/2023\/05\/dan-odbrane-grada-2023-27-300x200.jpg 300w, https:\/\/www.prijedordanas.com\/wp-content\/uploads\/2023\/05\/dan-odbrane-grada-2023-27-480x320.jpg 480w, https:\/\/www.prijedordanas.com\/wp-content\/uploads\/2023\/05\/dan-odbrane-grada-2023-27.jpg 600w\" sizes=\"(max-width: 300px) 100vw, 300px\" \/><\/a> <a href=\"https:\/\/www.prijedordanas.com\/wp-content\/uploads\/2023\/05\/dan-odbrane-grada-2023-29.jpg\"><img loading=\"lazy\" decoding=\"async\" class=\"alignleft size-medium wp-image-206334\" src=\"https:\/\/www.prijedordanas.com\/wp-content\/uploads\/2023\/05\/dan-odbrane-grada-2023-29-300x200.jpg\" alt=\"\" width=\"300\" height=\"200\" srcset=\"https:\/\/www.prijedordanas.com\/wp-content\/uploads\/2023\/05\/dan-odbrane-grada-2023-29-300x200.jpg 300w, https:\/\/www.prijedordanas.com\/wp-content\/uploads\/2023\/05\/dan-odbrane-grada-2023-29-480x320.jpg 480w, https:\/\/www.prijedordanas.com\/wp-content\/uploads\/2023\/05\/dan-odbrane-grada-2023-29.jpg 600w\" sizes=\"(max-width: 300px) 100vw, 300px\" \/><\/a><\/p>\n","protected":false},"excerpt":{"rendered":"<p>U Prijedoru je obilje\u017een Dan odbrane grada, odnosno 31. godi\u0161njica napada muslimansko-hrvatskih paravojnih formacija u kojem je poginulo 15, a ranjeno 26 boraca. Gradona\u010delnik Prijedora Slobodan Javor izjavio je da [&hellip;]<\/p>\n","protected":false},"author":1,"featured_media":0,"comment_status":"closed","ping_status":"open","sticky":false,"template":"","format":"standard","meta":{"_monsterinsights_skip_tracking":false,"_monsterinsights_sitenote_active":false,"_monsterinsights_sitenote_note":"","_monsterinsights_sitenote_category":0,"footnotes":""},"categories":[4],"tags":[],"yoast_head":"<!-- This site is optimized with the Yoast SEO plugin v21.6 - https:\/\/yoast.com\/wordpress\/plugins\/seo\/ -->\n<title>Prijedor: Obilje\u017een Dan odbrane grada - FOTO - PrijedorDanas.com - Prijedorski gradski portal<\/title>\n<meta name=\"robots\" content=\"index, follow, max-snippet:-1, max-image-preview:large, max-video-preview:-1\" \/>\n<link rel=\"canonical\" href=\"https:\/\/www.prijedordanas.com\/?p=206299\" \/>\n<meta property=\"og:locale\" content=\"en_US\" \/>\n<meta property=\"og:type\" content=\"article\" \/>\n<meta property=\"og:title\" content=\"Prijedor: Obilje\u017een Dan odbrane grada - FOTO - PrijedorDanas.com - Prijedorski gradski portal\" \/>\n<meta property=\"og:description\" content=\"U Prijedoru je obilje\u017een Dan odbrane grada, odnosno 31. godi\u0161njica napada muslimansko-hrvatskih paravojnih formacija u kojem je poginulo 15, a ranjeno 26 boraca. Gradona\u010delnik Prijedora Slobodan Javor izjavio je da [&hellip;]\" \/>\n<meta property=\"og:url\" content=\"https:\/\/www.prijedordanas.com\/?p=206299\" \/>\n<meta property=\"og:site_name\" content=\"PrijedorDanas.com - Prijedorski gradski portal\" \/>\n<meta property=\"article:publisher\" content=\"https:\/\/www.facebook.com\/PrijedorDanasCom\/\" \/>\n<meta property=\"article:published_time\" content=\"2023-05-30T14:25:38+00:00\" \/>\n<meta property=\"article:modified_time\" content=\"2023-05-30T14:31:08+00:00\" \/>\n<meta property=\"og:image\" content=\"https:\/\/www.prijedordanas.com\/wp-content\/uploads\/2023\/05\/dan-odbrane-grada-2023-1-300x225.jpg\" \/>\n<meta name=\"author\" content=\"admin\" \/>\n<meta name=\"twitter:card\" content=\"summary_large_image\" \/>\n<meta name=\"twitter:label1\" content=\"Written by\" \/>\n\t<meta name=\"twitter:data1\" content=\"admin\" \/>\n\t<meta name=\"twitter:label2\" content=\"Est. reading time\" \/>\n\t<meta name=\"twitter:data2\" content=\"9 minutes\" \/>\n<script type=\"application\/ld+json\" class=\"yoast-schema-graph\">{\"@context\":\"https:\/\/schema.org\",\"@graph\":[{\"@type\":\"Article\",\"@id\":\"https:\/\/www.prijedordanas.com\/?p=206299#article\",\"isPartOf\":{\"@id\":\"https:\/\/www.prijedordanas.com\/?p=206299\"},\"author\":{\"name\":\"admin\",\"@id\":\"https:\/\/www.prijedordanas.com\/#\/schema\/person\/4e08ccf29b506ca916ff86d46bb700e6\"},\"headline\":\"Prijedor: Obilje\u017een Dan odbrane grada &#8211; FOTO\",\"datePublished\":\"2023-05-30T14:25:38+00:00\",\"dateModified\":\"2023-05-30T14:31:08+00:00\",\"mainEntityOfPage\":{\"@id\":\"https:\/\/www.prijedordanas.com\/?p=206299\"},\"wordCount\":736,\"publisher\":{\"@id\":\"https:\/\/www.prijedordanas.com\/#organization\"},\"articleSection\":[\"Dru\u0161tvo\"],\"inLanguage\":\"en-US\"},{\"@type\":\"WebPage\",\"@id\":\"https:\/\/www.prijedordanas.com\/?p=206299\",\"url\":\"https:\/\/www.prijedordanas.com\/?p=206299\",\"name\":\"Prijedor: Obilje\u017een Dan odbrane grada - FOTO - PrijedorDanas.com - Prijedorski gradski portal\",\"isPartOf\":{\"@id\":\"https:\/\/www.prijedordanas.com\/#website\"},\"datePublished\":\"2023-05-30T14:25:38+00:00\",\"dateModified\":\"2023-05-30T14:31:08+00:00\",\"breadcrumb\":{\"@id\":\"https:\/\/www.prijedordanas.com\/?p=206299#breadcrumb\"},\"inLanguage\":\"en-US\",\"potentialAction\":[{\"@type\":\"ReadAction\",\"target\":[\"https:\/\/www.prijedordanas.com\/?p=206299\"]}]},{\"@type\":\"BreadcrumbList\",\"@id\":\"https:\/\/www.prijedordanas.com\/?p=206299#breadcrumb\",\"itemListElement\":[{\"@type\":\"ListItem\",\"position\":1,\"name\":\"Home\",\"item\":\"https:\/\/www.prijedordanas.com\/\"},{\"@type\":\"ListItem\",\"position\":2,\"name\":\"Prijedor: Obilje\u017een Dan odbrane grada &#8211; FOTO\"}]},{\"@type\":\"WebSite\",\"@id\":\"https:\/\/www.prijedordanas.com\/#website\",\"url\":\"https:\/\/www.prijedordanas.com\/\",\"name\":\"PrijedorDanas.com - Prijedorski gradski portal\",\"description\":\"Portal o doga\u0111anjima u gradu Prijedoru\",\"publisher\":{\"@id\":\"https:\/\/www.prijedordanas.com\/#organization\"},\"potentialAction\":[{\"@type\":\"SearchAction\",\"target\":{\"@type\":\"EntryPoint\",\"urlTemplate\":\"https:\/\/www.prijedordanas.com\/?s={search_term_string}\"},\"query-input\":\"required name=search_term_string\"}],\"inLanguage\":\"en-US\"},{\"@type\":\"Organization\",\"@id\":\"https:\/\/www.prijedordanas.com\/#organization\",\"name\":\"PrijedorDanas.com\",\"url\":\"https:\/\/www.prijedordanas.com\/\",\"logo\":{\"@type\":\"ImageObject\",\"inLanguage\":\"en-US\",\"@id\":\"https:\/\/www.prijedordanas.com\/#\/schema\/logo\/image\/\",\"url\":\"http:\/\/www.prijedordanas.com\/wp-content\/uploads\/2021\/12\/logopng.png\",\"contentUrl\":\"http:\/\/www.prijedordanas.com\/wp-content\/uploads\/2021\/12\/logopng.png\",\"width\":1019,\"height\":776,\"caption\":\"PrijedorDanas.com\"},\"image\":{\"@id\":\"https:\/\/www.prijedordanas.com\/#\/schema\/logo\/image\/\"},\"sameAs\":[\"https:\/\/www.facebook.com\/PrijedorDanasCom\/\"]},{\"@type\":\"Person\",\"@id\":\"https:\/\/www.prijedordanas.com\/#\/schema\/person\/4e08ccf29b506ca916ff86d46bb700e6\",\"name\":\"admin\",\"image\":{\"@type\":\"ImageObject\",\"inLanguage\":\"en-US\",\"@id\":\"https:\/\/www.prijedordanas.com\/#\/schema\/person\/image\/\",\"url\":\"https:\/\/secure.gravatar.com\/avatar\/1d3fc949d550f0b53a5f0d51e06dfd79?s=96&d=mm&r=g\",\"contentUrl\":\"https:\/\/secure.gravatar.com\/avatar\/1d3fc949d550f0b53a5f0d51e06dfd79?s=96&d=mm&r=g\",\"caption\":\"admin\"},\"url\":\"https:\/\/www.prijedordanas.com\/?author=1\"}]}<\/script>\n<!-- \/ Yoast SEO plugin. -->","yoast_head_json":{"title":"Prijedor: Obilje\u017een Dan odbrane grada - FOTO - PrijedorDanas.com - Prijedorski gradski portal","robots":{"index":"index","follow":"follow","max-snippet":"max-snippet:-1","max-image-preview":"max-image-preview:large","max-video-preview":"max-video-preview:-1"},"canonical":"https:\/\/www.prijedordanas.com\/?p=206299","og_locale":"en_US","og_type":"article","og_title":"Prijedor: Obilje\u017een Dan odbrane grada - FOTO - PrijedorDanas.com - Prijedorski gradski portal","og_description":"U Prijedoru je obilje\u017een Dan odbrane grada, odnosno 31. godi\u0161njica napada muslimansko-hrvatskih paravojnih formacija u kojem je poginulo 15, a ranjeno 26 boraca. Gradona\u010delnik Prijedora Slobodan Javor izjavio je da [&hellip;]","og_url":"https:\/\/www.prijedordanas.com\/?p=206299","og_site_name":"PrijedorDanas.com - Prijedorski gradski portal","article_publisher":"https:\/\/www.facebook.com\/PrijedorDanasCom\/","article_published_time":"2023-05-30T14:25:38+00:00","article_modified_time":"2023-05-30T14:31:08+00:00","og_image":[{"url":"https:\/\/www.prijedordanas.com\/wp-content\/uploads\/2023\/05\/dan-odbrane-grada-2023-1-300x225.jpg"}],"author":"admin","twitter_card":"summary_large_image","twitter_misc":{"Written by":"admin","Est. reading time":"9 minutes"},"schema":{"@context":"https:\/\/schema.org","@graph":[{"@type":"Article","@id":"https:\/\/www.prijedordanas.com\/?p=206299#article","isPartOf":{"@id":"https:\/\/www.prijedordanas.com\/?p=206299"},"author":{"name":"admin","@id":"https:\/\/www.prijedordanas.com\/#\/schema\/person\/4e08ccf29b506ca916ff86d46bb700e6"},"headline":"Prijedor: Obilje\u017een Dan odbrane grada &#8211; FOTO","datePublished":"2023-05-30T14:25:38+00:00","dateModified":"2023-05-30T14:31:08+00:00","mainEntityOfPage":{"@id":"https:\/\/www.prijedordanas.com\/?p=206299"},"wordCount":736,"publisher":{"@id":"https:\/\/www.prijedordanas.com\/#organization"},"articleSection":["Dru\u0161tvo"],"inLanguage":"en-US"},{"@type":"WebPage","@id":"https:\/\/www.prijedordanas.com\/?p=206299","url":"https:\/\/www.prijedordanas.com\/?p=206299","name":"Prijedor: Obilje\u017een Dan odbrane grada - FOTO - PrijedorDanas.com - Prijedorski gradski portal","isPartOf":{"@id":"https:\/\/www.prijedordanas.com\/#website"},"datePublished":"2023-05-30T14:25:38+00:00","dateModified":"2023-05-30T14:31:08+00:00","breadcrumb":{"@id":"https:\/\/www.prijedordanas.com\/?p=206299#breadcrumb"},"inLanguage":"en-US","potentialAction":[{"@type":"ReadAction","target":["https:\/\/www.prijedordanas.com\/?p=206299"]}]},{"@type":"BreadcrumbList","@id":"https:\/\/www.prijedordanas.com\/?p=206299#breadcrumb","itemListElement":[{"@type":"ListItem","position":1,"name":"Home","item":"https:\/\/www.prijedordanas.com\/"},{"@type":"ListItem","position":2,"name":"Prijedor: Obilje\u017een Dan odbrane grada &#8211; FOTO"}]},{"@type":"WebSite","@id":"https:\/\/www.prijedordanas.com\/#website","url":"https:\/\/www.prijedordanas.com\/","name":"PrijedorDanas.com - Prijedorski gradski portal","description":"Portal o doga\u0111anjima u gradu Prijedoru","publisher":{"@id":"https:\/\/www.prijedordanas.com\/#organization"},"potentialAction":[{"@type":"SearchAction","target":{"@type":"EntryPoint","urlTemplate":"https:\/\/www.prijedordanas.com\/?s={search_term_string}"},"query-input":"required name=search_term_string"}],"inLanguage":"en-US"},{"@type":"Organization","@id":"https:\/\/www.prijedordanas.com\/#organization","name":"PrijedorDanas.com","url":"https:\/\/www.prijedordanas.com\/","logo":{"@type":"ImageObject","inLanguage":"en-US","@id":"https:\/\/www.prijedordanas.com\/#\/schema\/logo\/image\/","url":"http:\/\/www.prijedordanas.com\/wp-content\/uploads\/2021\/12\/logopng.png","contentUrl":"http:\/\/www.prijedordanas.com\/wp-content\/uploads\/2021\/12\/logopng.png","width":1019,"height":776,"caption":"PrijedorDanas.com"},"image":{"@id":"https:\/\/www.prijedordanas.com\/#\/schema\/logo\/image\/"},"sameAs":["https:\/\/www.facebook.com\/PrijedorDanasCom\/"]},{"@type":"Person","@id":"https:\/\/www.prijedordanas.com\/#\/schema\/person\/4e08ccf29b506ca916ff86d46bb700e6","name":"admin","image":{"@type":"ImageObject","inLanguage":"en-US","@id":"https:\/\/www.prijedordanas.com\/#\/schema\/person\/image\/","url":"https:\/\/secure.gravatar.com\/avatar\/1d3fc949d550f0b53a5f0d51e06dfd79?s=96&d=mm&r=g","contentUrl":"https:\/\/secure.gravatar.com\/avatar\/1d3fc949d550f0b53a5f0d51e06dfd79?s=96&d=mm&r=g","caption":"admin"},"url":"https:\/\/www.prijedordanas.com\/?author=1"}]}},"_links":{"self":[{"href":"https:\/\/www.prijedordanas.com\/index.php?rest_route=\/wp\/v2\/posts\/206299"}],"collection":[{"href":"https:\/\/www.prijedordanas.com\/index.php?rest_route=\/wp\/v2\/posts"}],"about":[{"href":"https:\/\/www.prijedordanas.com\/index.php?rest_route=\/wp\/v2\/types\/post"}],"author":[{"embeddable":true,"href":"https:\/\/www.prijedordanas.com\/index.php?rest_route=\/wp\/v2\/users\/1"}],"replies":[{"embeddable":true,"href":"https:\/\/www.prijedordanas.com\/index.php?rest_route=%2Fwp%2Fv2%2Fcomments&post=206299"}],"version-history":[{"count":3,"href":"https:\/\/www.prijedordanas.com\/index.php?rest_route=\/wp\/v2\/posts\/206299\/revisions"}],"predecessor-version":[{"id":206336,"href":"https:\/\/www.prijedordanas.com\/index.php?rest_route=\/wp\/v2\/posts\/206299\/revisions\/206336"}],"wp:attachment":[{"href":"https:\/\/www.prijedordanas.com\/index.php?rest_route=%2Fwp%2Fv2%2Fmedia&parent=206299"}],"wp:term":[{"taxonomy":"category","embeddable":true,"href":"https:\/\/www.prijedordanas.com\/index.php?rest_route=%2Fwp%2Fv2%2Fcategories&post=206299"},{"taxonomy":"post_tag","embeddable":true,"href":"https:\/\/www.prijedordanas.com\/index.php?rest_route=%2Fwp%2Fv2%2Ftags&post=206299"}],"curies":[{"name":"wp","href":"https:\/\/api.w.org\/{rel}","templated":true}]}}