{"id":206177,"date":"2023-05-28T00:37:19","date_gmt":"2023-05-27T22:37:19","guid":{"rendered":"https:\/\/www.prijedordanas.com\/?p=206177"},"modified":"2023-05-28T00:37:19","modified_gmt":"2023-05-27T22:37:19","slug":"sudenje-milunic-i-ostali-odbrana-trazi-oslobadajucu-presudu-za-zlocine-u-zecovima","status":"publish","type":"post","link":"https:\/\/www.prijedordanas.com\/?p=206177","title":{"rendered":"Su\u0111enje Miluni\u0107 i ostali: Odbrana tra\u017ei osloba\u0111aju\u0107u presudu za zlo\u010dine u Zecovima"},"content":{"rendered":"<p><a href=\"https:\/\/www.prijedordanas.com\/wp-content\/uploads\/2018\/09\/sud-bih-16.jpg\"><img loading=\"lazy\" decoding=\"async\" src=\"https:\/\/www.prijedordanas.com\/wp-content\/uploads\/2018\/09\/sud-bih-16-300x233.jpg\" alt=\"\" width=\"300\" height=\"233\" class=\"alignleft size-medium wp-image-112759\" srcset=\"https:\/\/www.prijedordanas.com\/wp-content\/uploads\/2018\/09\/sud-bih-16-300x233.jpg 300w, https:\/\/www.prijedordanas.com\/wp-content\/uploads\/2018\/09\/sud-bih-16-100x78.jpg 100w, https:\/\/www.prijedordanas.com\/wp-content\/uploads\/2018\/09\/sud-bih-16.jpg 643w\" sizes=\"(max-width: 300px) 100vw, 300px\" \/><\/a>U nastavku izno\u0161enja zavr\u0161ne rije\u010di, Odbrana je zatra\u017eila osloba\u0111aju\u0107u presudu za optu\u017eenog Du\u0161ana Miluni\u0107a, navode\u0107i da Dr\u017eavno tu\u017eila\u0161tvo nije van svake razumne sumnje uspjelo dokazati krivi\u010dnu odgovornost optu\u017eenog za u\u010de\u0161\u0107e u ubistvima najmanje 150 civila bo\u0161nja\u010dke nacionalnosti po\u010dinjenim u julu 1992. u Zecovima kod Prijedora.<\/p>\n<p>Savan Zec, branilac prvooptu\u017eenog Du\u0161ana Miluni\u0107a u nastavku izno\u0161enja zavr\u0161ne rije\u010di analizirao je iskaze svjedoka.<\/p>\n<p>Prema njemu je za\u0161ti\u0107eni svjedok Z-14 tokom saslu\u0161anja u Sudu BiH rekao da nije bio na sastanku 22. jula 1992. godine, dok je u istrazi naveo da je prisustvovao sastanku. Tako\u0111er, prema rije\u010dima branioca, isti svjedok je rekao da su na tom sastanku bili Mirko Davidovi\u0107 i Predrag Stankovi\u0107, \u0161to su oni, svjedo\u010de\u0107i u korist Odbrane negirali.<\/p>\n<p>\u201cJedno je la\u017e, drugo istina, kako utvrditi \u0161ta je istina? Iskaz ovog svjedoka je za Odbranu potpuno nepouzdan jer je o\u010dito da je svjedok lagao\u201c, rekao je Zec, te dodao da je svjedok Z-14 bio komandir \u010dete Rasova\u010dke brigade, te da je imao motiva da la\u017eno svjedo\u010di kako bi se za\u0161titio od krivi\u010dnog gonjenja.<\/p>\n<p>Kako je navela Odbrana, isto je uradio i Zdravko \u0106ori\u0107, te njihovi iskazi nisu toliko dobri da bi se njima potvrdila krivi\u010dna odgovornost Miluni\u0107a.<\/p>\n<p>Zec je rekao i da je svjedok Ostoja Bilbija na 13 pitanja Odbrane odgovorio sa \u201cne sje\u0107am se\u201c, dok je na dvadeset pitanja rekao \u201cda mu nije poznato\u201c.<\/p>\n<p>\u201cOvaj svjedok ima ozbiljne kognitivne probleme i njegov iskaz nije relevantan\u201c, rekao je Zec.<\/p>\n<p>Govore\u0107i o komandnoj odgovornosti optu\u017eenog Miluni\u0107a, Odbrana navodi da Tu\u017eila\u0161tvo nije dokazalo odnos nadre\u0111enog i podre\u0111enog, spremnost i znanje da \u0107e neko djelo biti po\u010dinjeno, te nepoduzimanje aktivnosti na ka\u017enjavanju po\u010dinilaca.<\/p>\n<p>\u201cMiluni\u0107 nije imao mo\u0107 dono\u0161enja naredbi, Milorad Bilbija je njemu bio nadre\u0111eni i jedini komadant akcije u Zecovima. Miluni\u0107 nije mogao sprije\u010diti rezervni sastav policije da u\u0111e u Zecove, kao ni da po\u010dine zlo\u010dine\u201c, obrazlo\u017eio je branilac Zec.<\/p>\n<p>Odbrana je navela da Optu\u017eba nije uspjela dokazati nu\u017enu uzro\u010dnost, niti visok stepen vjerovatno\u0107e da bi \u010dinjenje Miluni\u0107a sprije\u010dilo zlo\u010din u Zecovima.<\/p>\n<p>\u201cTu\u017eila\u0161tvo nije dokazalo krivi\u010dnu odgovornost Miluni\u0107a i stoga je jedino zakonski mogu\u0107e dono\u0161enje osloba\u0111aju\u0107e presude\u201c, rekao je Zec.<\/p>\n<p>U zavr\u0161noj rije\u010di, Odbrana je negirala postojanje udru\u017eenog zlo\u010dina\u010dkog poduhvata, te \u0161irokog i sistemati\u010dnog napada usmjerenog protiv civilnog stanovni\u0161tva.<\/p>\n<p>\u201cNije dokazano postojanje diskriminatorne namjere Miluni\u0107a niti jednim dokazom Optu\u017ebe\u201c, zaklju\u010dio je Zec.<\/p>\n<p>Za u\u010de\u0161\u0107e u ubistvima najmanje 150 civila bo\u0161nja\u010dke nacionalnosti po\u010dinjenim u julu 1992. u Zecovima, osim Miluni\u0107a, optu\u017eeni su Radovan \u010ceti\u0107, Zoran Stojni\u0107, \u017deljko Grbi\u0107, Ilija Zori\u0107, Zoran Miluni\u0107, Bo\u0161ko Gruji\u010di\u0107, Ljubi\u0161a \u010ceti\u0107, Rade i Uro\u0161 Gruj\u010di\u0107 te Rajko Gnjatovi\u0107.<\/p>\n<p>Prema optu\u017enici, oni su bili pripadnici Rasava\u010dke \u010dete \u0160estog bataljona 43. brigade Vojske Republike Srpske, rezervne milicije i drugih formacija.<\/p>\n<p>Nastavak je zakazan za 9. juni, kada \u0107e zavr\u0161nu rije\u010d iznijeti Odbrana Radovana \u010ceti\u0107a.<\/p>\n<p>detektor.ba<\/p>\n","protected":false},"excerpt":{"rendered":"<p>U nastavku izno\u0161enja zavr\u0161ne rije\u010di, Odbrana je zatra\u017eila osloba\u0111aju\u0107u presudu za optu\u017eenog Du\u0161ana Miluni\u0107a, navode\u0107i da Dr\u017eavno tu\u017eila\u0161tvo nije van svake razumne sumnje uspjelo dokazati krivi\u010dnu odgovornost optu\u017eenog za u\u010de\u0161\u0107e [&hellip;]<\/p>\n","protected":false},"author":1,"featured_media":0,"comment_status":"closed","ping_status":"open","sticky":false,"template":"","format":"standard","meta":{"_monsterinsights_skip_tracking":false,"_monsterinsights_sitenote_active":false,"_monsterinsights_sitenote_note":"","_monsterinsights_sitenote_category":0,"footnotes":""},"categories":[5],"tags":[],"yoast_head":"<!-- This site is optimized with the Yoast SEO plugin v21.6 - https:\/\/yoast.com\/wordpress\/plugins\/seo\/ -->\n<title>Su\u0111enje Miluni\u0107 i ostali: Odbrana tra\u017ei osloba\u0111aju\u0107u presudu za zlo\u010dine u Zecovima - PrijedorDanas.com - Prijedorski gradski portal<\/title>\n<meta name=\"robots\" content=\"index, follow, max-snippet:-1, max-image-preview:large, max-video-preview:-1\" \/>\n<link rel=\"canonical\" href=\"https:\/\/www.prijedordanas.com\/?p=206177\" \/>\n<meta property=\"og:locale\" content=\"en_US\" \/>\n<meta property=\"og:type\" content=\"article\" \/>\n<meta property=\"og:title\" content=\"Su\u0111enje Miluni\u0107 i ostali: Odbrana tra\u017ei osloba\u0111aju\u0107u presudu za zlo\u010dine u Zecovima - PrijedorDanas.com - Prijedorski gradski portal\" \/>\n<meta property=\"og:description\" content=\"U nastavku izno\u0161enja zavr\u0161ne rije\u010di, Odbrana je zatra\u017eila osloba\u0111aju\u0107u presudu za optu\u017eenog Du\u0161ana Miluni\u0107a, navode\u0107i da Dr\u017eavno tu\u017eila\u0161tvo nije van svake razumne sumnje uspjelo dokazati krivi\u010dnu odgovornost optu\u017eenog za u\u010de\u0161\u0107e [&hellip;]\" \/>\n<meta property=\"og:url\" content=\"https:\/\/www.prijedordanas.com\/?p=206177\" \/>\n<meta property=\"og:site_name\" content=\"PrijedorDanas.com - Prijedorski gradski portal\" \/>\n<meta property=\"article:publisher\" content=\"https:\/\/www.facebook.com\/PrijedorDanasCom\/\" \/>\n<meta property=\"article:published_time\" content=\"2023-05-27T22:37:19+00:00\" \/>\n<meta property=\"og:image\" content=\"https:\/\/www.prijedordanas.com\/wp-content\/uploads\/2018\/09\/sud-bih-16-300x233.jpg\" \/>\n<meta name=\"author\" content=\"admin\" \/>\n<meta name=\"twitter:card\" content=\"summary_large_image\" \/>\n<meta name=\"twitter:label1\" content=\"Written by\" \/>\n\t<meta name=\"twitter:data1\" content=\"admin\" \/>\n<script type=\"application\/ld+json\" class=\"yoast-schema-graph\">{\"@context\":\"https:\/\/schema.org\",\"@graph\":[{\"@type\":\"Article\",\"@id\":\"https:\/\/www.prijedordanas.com\/?p=206177#article\",\"isPartOf\":{\"@id\":\"https:\/\/www.prijedordanas.com\/?p=206177\"},\"author\":{\"name\":\"admin\",\"@id\":\"https:\/\/www.prijedordanas.com\/#\/schema\/person\/4e08ccf29b506ca916ff86d46bb700e6\"},\"headline\":\"Su\u0111enje Miluni\u0107 i ostali: Odbrana tra\u017ei osloba\u0111aju\u0107u presudu za zlo\u010dine u Zecovima\",\"datePublished\":\"2023-05-27T22:37:19+00:00\",\"dateModified\":\"2023-05-27T22:37:19+00:00\",\"mainEntityOfPage\":{\"@id\":\"https:\/\/www.prijedordanas.com\/?p=206177\"},\"wordCount\":561,\"publisher\":{\"@id\":\"https:\/\/www.prijedordanas.com\/#organization\"},\"articleSection\":[\"Hronika\"],\"inLanguage\":\"en-US\"},{\"@type\":\"WebPage\",\"@id\":\"https:\/\/www.prijedordanas.com\/?p=206177\",\"url\":\"https:\/\/www.prijedordanas.com\/?p=206177\",\"name\":\"Su\u0111enje Miluni\u0107 i ostali: Odbrana tra\u017ei osloba\u0111aju\u0107u presudu za zlo\u010dine u Zecovima - PrijedorDanas.com - Prijedorski gradski portal\",\"isPartOf\":{\"@id\":\"https:\/\/www.prijedordanas.com\/#website\"},\"datePublished\":\"2023-05-27T22:37:19+00:00\",\"dateModified\":\"2023-05-27T22:37:19+00:00\",\"breadcrumb\":{\"@id\":\"https:\/\/www.prijedordanas.com\/?p=206177#breadcrumb\"},\"inLanguage\":\"en-US\",\"potentialAction\":[{\"@type\":\"ReadAction\",\"target\":[\"https:\/\/www.prijedordanas.com\/?p=206177\"]}]},{\"@type\":\"BreadcrumbList\",\"@id\":\"https:\/\/www.prijedordanas.com\/?p=206177#breadcrumb\",\"itemListElement\":[{\"@type\":\"ListItem\",\"position\":1,\"name\":\"Home\",\"item\":\"https:\/\/www.prijedordanas.com\/\"},{\"@type\":\"ListItem\",\"position\":2,\"name\":\"Su\u0111enje Miluni\u0107 i ostali: Odbrana tra\u017ei osloba\u0111aju\u0107u presudu za zlo\u010dine u Zecovima\"}]},{\"@type\":\"WebSite\",\"@id\":\"https:\/\/www.prijedordanas.com\/#website\",\"url\":\"https:\/\/www.prijedordanas.com\/\",\"name\":\"PrijedorDanas.com - Prijedorski gradski portal\",\"description\":\"Portal o doga\u0111anjima u gradu Prijedoru\",\"publisher\":{\"@id\":\"https:\/\/www.prijedordanas.com\/#organization\"},\"potentialAction\":[{\"@type\":\"SearchAction\",\"target\":{\"@type\":\"EntryPoint\",\"urlTemplate\":\"https:\/\/www.prijedordanas.com\/?s={search_term_string}\"},\"query-input\":\"required name=search_term_string\"}],\"inLanguage\":\"en-US\"},{\"@type\":\"Organization\",\"@id\":\"https:\/\/www.prijedordanas.com\/#organization\",\"name\":\"PrijedorDanas.com\",\"url\":\"https:\/\/www.prijedordanas.com\/\",\"logo\":{\"@type\":\"ImageObject\",\"inLanguage\":\"en-US\",\"@id\":\"https:\/\/www.prijedordanas.com\/#\/schema\/logo\/image\/\",\"url\":\"http:\/\/www.prijedordanas.com\/wp-content\/uploads\/2021\/12\/logopng.png\",\"contentUrl\":\"http:\/\/www.prijedordanas.com\/wp-content\/uploads\/2021\/12\/logopng.png\",\"width\":1019,\"height\":776,\"caption\":\"PrijedorDanas.com\"},\"image\":{\"@id\":\"https:\/\/www.prijedordanas.com\/#\/schema\/logo\/image\/\"},\"sameAs\":[\"https:\/\/www.facebook.com\/PrijedorDanasCom\/\"]},{\"@type\":\"Person\",\"@id\":\"https:\/\/www.prijedordanas.com\/#\/schema\/person\/4e08ccf29b506ca916ff86d46bb700e6\",\"name\":\"admin\",\"image\":{\"@type\":\"ImageObject\",\"inLanguage\":\"en-US\",\"@id\":\"https:\/\/www.prijedordanas.com\/#\/schema\/person\/image\/\",\"url\":\"https:\/\/secure.gravatar.com\/avatar\/1d3fc949d550f0b53a5f0d51e06dfd79?s=96&d=mm&r=g\",\"contentUrl\":\"https:\/\/secure.gravatar.com\/avatar\/1d3fc949d550f0b53a5f0d51e06dfd79?s=96&d=mm&r=g\",\"caption\":\"admin\"},\"url\":\"https:\/\/www.prijedordanas.com\/?author=1\"}]}<\/script>\n<!-- \/ Yoast SEO plugin. -->","yoast_head_json":{"title":"Su\u0111enje Miluni\u0107 i ostali: Odbrana tra\u017ei osloba\u0111aju\u0107u presudu za zlo\u010dine u Zecovima - PrijedorDanas.com - Prijedorski gradski portal","robots":{"index":"index","follow":"follow","max-snippet":"max-snippet:-1","max-image-preview":"max-image-preview:large","max-video-preview":"max-video-preview:-1"},"canonical":"https:\/\/www.prijedordanas.com\/?p=206177","og_locale":"en_US","og_type":"article","og_title":"Su\u0111enje Miluni\u0107 i ostali: Odbrana tra\u017ei osloba\u0111aju\u0107u presudu za zlo\u010dine u Zecovima - PrijedorDanas.com - Prijedorski gradski portal","og_description":"U nastavku izno\u0161enja zavr\u0161ne rije\u010di, Odbrana je zatra\u017eila osloba\u0111aju\u0107u presudu za optu\u017eenog Du\u0161ana Miluni\u0107a, navode\u0107i da Dr\u017eavno tu\u017eila\u0161tvo nije van svake razumne sumnje uspjelo dokazati krivi\u010dnu odgovornost optu\u017eenog za u\u010de\u0161\u0107e [&hellip;]","og_url":"https:\/\/www.prijedordanas.com\/?p=206177","og_site_name":"PrijedorDanas.com - Prijedorski gradski portal","article_publisher":"https:\/\/www.facebook.com\/PrijedorDanasCom\/","article_published_time":"2023-05-27T22:37:19+00:00","og_image":[{"url":"https:\/\/www.prijedordanas.com\/wp-content\/uploads\/2018\/09\/sud-bih-16-300x233.jpg"}],"author":"admin","twitter_card":"summary_large_image","twitter_misc":{"Written by":"admin"},"schema":{"@context":"https:\/\/schema.org","@graph":[{"@type":"Article","@id":"https:\/\/www.prijedordanas.com\/?p=206177#article","isPartOf":{"@id":"https:\/\/www.prijedordanas.com\/?p=206177"},"author":{"name":"admin","@id":"https:\/\/www.prijedordanas.com\/#\/schema\/person\/4e08ccf29b506ca916ff86d46bb700e6"},"headline":"Su\u0111enje Miluni\u0107 i ostali: Odbrana tra\u017ei osloba\u0111aju\u0107u presudu za zlo\u010dine u Zecovima","datePublished":"2023-05-27T22:37:19+00:00","dateModified":"2023-05-27T22:37:19+00:00","mainEntityOfPage":{"@id":"https:\/\/www.prijedordanas.com\/?p=206177"},"wordCount":561,"publisher":{"@id":"https:\/\/www.prijedordanas.com\/#organization"},"articleSection":["Hronika"],"inLanguage":"en-US"},{"@type":"WebPage","@id":"https:\/\/www.prijedordanas.com\/?p=206177","url":"https:\/\/www.prijedordanas.com\/?p=206177","name":"Su\u0111enje Miluni\u0107 i ostali: Odbrana tra\u017ei osloba\u0111aju\u0107u presudu za zlo\u010dine u Zecovima - PrijedorDanas.com - Prijedorski gradski portal","isPartOf":{"@id":"https:\/\/www.prijedordanas.com\/#website"},"datePublished":"2023-05-27T22:37:19+00:00","dateModified":"2023-05-27T22:37:19+00:00","breadcrumb":{"@id":"https:\/\/www.prijedordanas.com\/?p=206177#breadcrumb"},"inLanguage":"en-US","potentialAction":[{"@type":"ReadAction","target":["https:\/\/www.prijedordanas.com\/?p=206177"]}]},{"@type":"BreadcrumbList","@id":"https:\/\/www.prijedordanas.com\/?p=206177#breadcrumb","itemListElement":[{"@type":"ListItem","position":1,"name":"Home","item":"https:\/\/www.prijedordanas.com\/"},{"@type":"ListItem","position":2,"name":"Su\u0111enje Miluni\u0107 i ostali: Odbrana tra\u017ei osloba\u0111aju\u0107u presudu za zlo\u010dine u Zecovima"}]},{"@type":"WebSite","@id":"https:\/\/www.prijedordanas.com\/#website","url":"https:\/\/www.prijedordanas.com\/","name":"PrijedorDanas.com - Prijedorski gradski portal","description":"Portal o doga\u0111anjima u gradu Prijedoru","publisher":{"@id":"https:\/\/www.prijedordanas.com\/#organization"},"potentialAction":[{"@type":"SearchAction","target":{"@type":"EntryPoint","urlTemplate":"https:\/\/www.prijedordanas.com\/?s={search_term_string}"},"query-input":"required name=search_term_string"}],"inLanguage":"en-US"},{"@type":"Organization","@id":"https:\/\/www.prijedordanas.com\/#organization","name":"PrijedorDanas.com","url":"https:\/\/www.prijedordanas.com\/","logo":{"@type":"ImageObject","inLanguage":"en-US","@id":"https:\/\/www.prijedordanas.com\/#\/schema\/logo\/image\/","url":"http:\/\/www.prijedordanas.com\/wp-content\/uploads\/2021\/12\/logopng.png","contentUrl":"http:\/\/www.prijedordanas.com\/wp-content\/uploads\/2021\/12\/logopng.png","width":1019,"height":776,"caption":"PrijedorDanas.com"},"image":{"@id":"https:\/\/www.prijedordanas.com\/#\/schema\/logo\/image\/"},"sameAs":["https:\/\/www.facebook.com\/PrijedorDanasCom\/"]},{"@type":"Person","@id":"https:\/\/www.prijedordanas.com\/#\/schema\/person\/4e08ccf29b506ca916ff86d46bb700e6","name":"admin","image":{"@type":"ImageObject","inLanguage":"en-US","@id":"https:\/\/www.prijedordanas.com\/#\/schema\/person\/image\/","url":"https:\/\/secure.gravatar.com\/avatar\/1d3fc949d550f0b53a5f0d51e06dfd79?s=96&d=mm&r=g","contentUrl":"https:\/\/secure.gravatar.com\/avatar\/1d3fc949d550f0b53a5f0d51e06dfd79?s=96&d=mm&r=g","caption":"admin"},"url":"https:\/\/www.prijedordanas.com\/?author=1"}]}},"_links":{"self":[{"href":"https:\/\/www.prijedordanas.com\/index.php?rest_route=\/wp\/v2\/posts\/206177"}],"collection":[{"href":"https:\/\/www.prijedordanas.com\/index.php?rest_route=\/wp\/v2\/posts"}],"about":[{"href":"https:\/\/www.prijedordanas.com\/index.php?rest_route=\/wp\/v2\/types\/post"}],"author":[{"embeddable":true,"href":"https:\/\/www.prijedordanas.com\/index.php?rest_route=\/wp\/v2\/users\/1"}],"replies":[{"embeddable":true,"href":"https:\/\/www.prijedordanas.com\/index.php?rest_route=%2Fwp%2Fv2%2Fcomments&post=206177"}],"version-history":[{"count":1,"href":"https:\/\/www.prijedordanas.com\/index.php?rest_route=\/wp\/v2\/posts\/206177\/revisions"}],"predecessor-version":[{"id":206178,"href":"https:\/\/www.prijedordanas.com\/index.php?rest_route=\/wp\/v2\/posts\/206177\/revisions\/206178"}],"wp:attachment":[{"href":"https:\/\/www.prijedordanas.com\/index.php?rest_route=%2Fwp%2Fv2%2Fmedia&parent=206177"}],"wp:term":[{"taxonomy":"category","embeddable":true,"href":"https:\/\/www.prijedordanas.com\/index.php?rest_route=%2Fwp%2Fv2%2Fcategories&post=206177"},{"taxonomy":"post_tag","embeddable":true,"href":"https:\/\/www.prijedordanas.com\/index.php?rest_route=%2Fwp%2Fv2%2Ftags&post=206177"}],"curies":[{"name":"wp","href":"https:\/\/api.w.org\/{rel}","templated":true}]}}