{"id":206014,"date":"2023-05-24T22:22:47","date_gmt":"2023-05-24T20:22:47","guid":{"rendered":"https:\/\/www.prijedordanas.com\/?p=206014"},"modified":"2023-05-24T22:22:47","modified_gmt":"2023-05-24T20:22:47","slug":"prijedor-klizista-prekinula-putnu-komunikaciju-u-selu-raljas-video","status":"publish","type":"post","link":"https:\/\/www.prijedordanas.com\/?p=206014","title":{"rendered":"Prijedor: Klizi\u0161ta prekinula putnu komunikaciju u selu Ralja\u0161 &#8211; VIDEO"},"content":{"rendered":"<p><a href=\"https:\/\/www.prijedordanas.com\/wp-content\/uploads\/2023\/05\/bntv-kliziste-raljas-maj2023-1.jpg\"><img loading=\"lazy\" decoding=\"async\" class=\"alignleft size-medium wp-image-206015\" src=\"https:\/\/www.prijedordanas.com\/wp-content\/uploads\/2023\/05\/bntv-kliziste-raljas-maj2023-1-300x225.jpg\" alt=\"\" width=\"300\" height=\"225\" srcset=\"https:\/\/www.prijedordanas.com\/wp-content\/uploads\/2023\/05\/bntv-kliziste-raljas-maj2023-1-300x225.jpg 300w, https:\/\/www.prijedordanas.com\/wp-content\/uploads\/2023\/05\/bntv-kliziste-raljas-maj2023-1-640x480.jpg 640w, https:\/\/www.prijedordanas.com\/wp-content\/uploads\/2023\/05\/bntv-kliziste-raljas-maj2023-1.jpg 667w\" sizes=\"(max-width: 300px) 100vw, 300px\" \/><\/a>U Republici Srpskoj zabilje\u017eeno je dalje opadanje i stabilizacija vodostaja svih glavnih vodotokova. Me\u0111utim, mje\u0161tani sela Ralja\u0161 kod Ljubije ovih dana borbu vode sa klizi\u0161tima dok nadle\u017eni i ovaj put ne preduzimaju nikakve mjere pa su mje\u0161tani ovog sela ostali odsje\u010deni od svijeta.<\/p>\n<p>Obilne padavine prethodnih dana na podru\u010dju Ljubije stvorile su nekoliko klizi\u0161ta i odrona. Najte\u017ea situacija je u selu Ralja\u0161 gdje je u potpunosti prekinuta putna komunikacija. Tako su mje\u0161tani ovog ljubijskog sela ostali odsje\u010deni od svijeta. Kako sami isti\u010du, nadle\u017ene slu\u017ebe su vi\u0161e puta obilazile ovaj kraj i na tome se sve zavr\u0161ilo.<\/p>\n<p>Drago Divkovi\u0107, mje\u0161tanin Ralja\u0161a ka\u017ee da ve\u0107 danima odron stoji na putu i da niko ne preduzima ni\u0161ta.<\/p>\n<p><a href=\"https:\/\/www.prijedordanas.com\/wp-content\/uploads\/2023\/05\/bntv-kliziste-raljas-maj2023-2.jpg\"><img loading=\"lazy\" decoding=\"async\" src=\"https:\/\/www.prijedordanas.com\/wp-content\/uploads\/2023\/05\/bntv-kliziste-raljas-maj2023-2-300x169.jpg\" alt=\"\" width=\"300\" height=\"169\" class=\"alignleft size-medium wp-image-206016\" srcset=\"https:\/\/www.prijedordanas.com\/wp-content\/uploads\/2023\/05\/bntv-kliziste-raljas-maj2023-2-300x169.jpg 300w, https:\/\/www.prijedordanas.com\/wp-content\/uploads\/2023\/05\/bntv-kliziste-raljas-maj2023-2.jpg 600w\" sizes=\"(max-width: 300px) 100vw, 300px\" \/><\/a>\u201eTu su izlazili od gradona\u010delnika, na\u010delnika slu\u017ebe , raznih komisija&#8230; Niko ni\u0161ta nije napravio. Tenderi ko fol raspisani, trebalo se raditi , ni\u0161ta se uradilo nije. Za nas nikoga nije briga. Jednostavno samo obe\u0107anja nekakva luda koja su ni\u0161ta. Da su pomakli jedan kamen ja bi rekao ljudi ne\u0161to ste napravili, u\u010dinili ste ne\u0161to&#8230;&#8221; &#8211; kategori\u010dno ka\u017ee Divkovi\u0107.<\/p>\n<p>Dragan Ivelji\u0107 iz Njema\u010dke ina\u010de rodom iz Ralja\u0161a dolazi vi\u0161e puta tokom godine u svoje rodno mjesto.<\/p>\n<p>Ka\u017ee da je primoran koristiti alternativne putne pravce preko \u0161uma i neodr\u017eavanih puteva.<\/p>\n<p>Iz nadle\u017enog gradskog Odjeljenja ka\u017eu da su upoznati sa slu\u010dajem u Ljubiji te da je ura\u0111en eleborat sanacije klizi\u0161ta a procjenjena vrijednost radova iznosi 112 hiljada maraka.<\/p>\n<p>S obzirom na visoku cijenu sanacije, kao i na \u010dinjenicu da se klizi\u0161te nije smirilo, odlu\u010deno je da se umjesto dionice putnog pravca Ljubija-Ralja\u0161 koristi alternativni putni pravac kojeg je potrebno rehabilitovati te koristiti kao privremeno rje\u0161enje, stoji u odgovoru iz gradske uprave.<\/p>\n<p>rtvbn.com<\/p>\n<p><iframe loading=\"lazy\" title=\"KATASTROFA: Klizi\u0161ta prekinula putnu komunikaciju u selu Ralja\u0161\" width=\"500\" height=\"281\" src=\"https:\/\/www.youtube.com\/embed\/Z173dZ4MA2k?feature=oembed\" frameborder=\"0\" allow=\"accelerometer; autoplay; clipboard-write; encrypted-media; gyroscope; picture-in-picture; web-share\" allowfullscreen><\/iframe><\/p>\n","protected":false},"excerpt":{"rendered":"<p>U Republici Srpskoj zabilje\u017eeno je dalje opadanje i stabilizacija vodostaja svih glavnih vodotokova. Me\u0111utim, mje\u0161tani sela Ralja\u0161 kod Ljubije ovih dana borbu vode sa klizi\u0161tima dok nadle\u017eni i ovaj put [&hellip;]<\/p>\n","protected":false},"author":1,"featured_media":0,"comment_status":"closed","ping_status":"open","sticky":false,"template":"","format":"standard","meta":{"_monsterinsights_skip_tracking":false,"_monsterinsights_sitenote_active":false,"_monsterinsights_sitenote_note":"","_monsterinsights_sitenote_category":0,"footnotes":""},"categories":[4],"tags":[],"yoast_head":"<!-- This site is optimized with the Yoast SEO plugin v21.6 - https:\/\/yoast.com\/wordpress\/plugins\/seo\/ -->\n<title>Prijedor: Klizi\u0161ta prekinula putnu komunikaciju u selu Ralja\u0161 - VIDEO - PrijedorDanas.com - Prijedorski gradski portal<\/title>\n<meta name=\"robots\" content=\"index, follow, max-snippet:-1, max-image-preview:large, max-video-preview:-1\" \/>\n<link rel=\"canonical\" href=\"https:\/\/www.prijedordanas.com\/?p=206014\" \/>\n<meta property=\"og:locale\" content=\"en_US\" \/>\n<meta property=\"og:type\" content=\"article\" \/>\n<meta property=\"og:title\" content=\"Prijedor: Klizi\u0161ta prekinula putnu komunikaciju u selu Ralja\u0161 - VIDEO - PrijedorDanas.com - Prijedorski gradski portal\" \/>\n<meta property=\"og:description\" content=\"U Republici Srpskoj zabilje\u017eeno je dalje opadanje i stabilizacija vodostaja svih glavnih vodotokova. Me\u0111utim, mje\u0161tani sela Ralja\u0161 kod Ljubije ovih dana borbu vode sa klizi\u0161tima dok nadle\u017eni i ovaj put [&hellip;]\" \/>\n<meta property=\"og:url\" content=\"https:\/\/www.prijedordanas.com\/?p=206014\" \/>\n<meta property=\"og:site_name\" content=\"PrijedorDanas.com - Prijedorski gradski portal\" \/>\n<meta property=\"article:publisher\" content=\"https:\/\/www.facebook.com\/PrijedorDanasCom\/\" \/>\n<meta property=\"article:published_time\" content=\"2023-05-24T20:22:47+00:00\" \/>\n<meta property=\"og:image\" content=\"https:\/\/www.prijedordanas.com\/wp-content\/uploads\/2023\/05\/bntv-kliziste-raljas-maj2023-1-300x225.jpg\" \/>\n<meta name=\"author\" content=\"admin\" \/>\n<meta name=\"twitter:card\" content=\"summary_large_image\" \/>\n<meta name=\"twitter:label1\" content=\"Written by\" \/>\n\t<meta name=\"twitter:data1\" content=\"admin\" \/>\n\t<meta name=\"twitter:label2\" content=\"Est. reading time\" \/>\n\t<meta name=\"twitter:data2\" content=\"2 minutes\" \/>\n<script type=\"application\/ld+json\" class=\"yoast-schema-graph\">{\"@context\":\"https:\/\/schema.org\",\"@graph\":[{\"@type\":\"Article\",\"@id\":\"https:\/\/www.prijedordanas.com\/?p=206014#article\",\"isPartOf\":{\"@id\":\"https:\/\/www.prijedordanas.com\/?p=206014\"},\"author\":{\"name\":\"admin\",\"@id\":\"https:\/\/www.prijedordanas.com\/#\/schema\/person\/4e08ccf29b506ca916ff86d46bb700e6\"},\"headline\":\"Prijedor: Klizi\u0161ta prekinula putnu komunikaciju u selu Ralja\u0161 &#8211; VIDEO\",\"datePublished\":\"2023-05-24T20:22:47+00:00\",\"dateModified\":\"2023-05-24T20:22:47+00:00\",\"mainEntityOfPage\":{\"@id\":\"https:\/\/www.prijedordanas.com\/?p=206014\"},\"wordCount\":336,\"publisher\":{\"@id\":\"https:\/\/www.prijedordanas.com\/#organization\"},\"articleSection\":[\"Dru\u0161tvo\"],\"inLanguage\":\"en-US\"},{\"@type\":\"WebPage\",\"@id\":\"https:\/\/www.prijedordanas.com\/?p=206014\",\"url\":\"https:\/\/www.prijedordanas.com\/?p=206014\",\"name\":\"Prijedor: Klizi\u0161ta prekinula putnu komunikaciju u selu Ralja\u0161 - VIDEO - PrijedorDanas.com - Prijedorski gradski portal\",\"isPartOf\":{\"@id\":\"https:\/\/www.prijedordanas.com\/#website\"},\"datePublished\":\"2023-05-24T20:22:47+00:00\",\"dateModified\":\"2023-05-24T20:22:47+00:00\",\"breadcrumb\":{\"@id\":\"https:\/\/www.prijedordanas.com\/?p=206014#breadcrumb\"},\"inLanguage\":\"en-US\",\"potentialAction\":[{\"@type\":\"ReadAction\",\"target\":[\"https:\/\/www.prijedordanas.com\/?p=206014\"]}]},{\"@type\":\"BreadcrumbList\",\"@id\":\"https:\/\/www.prijedordanas.com\/?p=206014#breadcrumb\",\"itemListElement\":[{\"@type\":\"ListItem\",\"position\":1,\"name\":\"Home\",\"item\":\"https:\/\/www.prijedordanas.com\/\"},{\"@type\":\"ListItem\",\"position\":2,\"name\":\"Prijedor: Klizi\u0161ta prekinula putnu komunikaciju u selu Ralja\u0161 &#8211; VIDEO\"}]},{\"@type\":\"WebSite\",\"@id\":\"https:\/\/www.prijedordanas.com\/#website\",\"url\":\"https:\/\/www.prijedordanas.com\/\",\"name\":\"PrijedorDanas.com - Prijedorski gradski portal\",\"description\":\"Portal o doga\u0111anjima u gradu Prijedoru\",\"publisher\":{\"@id\":\"https:\/\/www.prijedordanas.com\/#organization\"},\"potentialAction\":[{\"@type\":\"SearchAction\",\"target\":{\"@type\":\"EntryPoint\",\"urlTemplate\":\"https:\/\/www.prijedordanas.com\/?s={search_term_string}\"},\"query-input\":\"required name=search_term_string\"}],\"inLanguage\":\"en-US\"},{\"@type\":\"Organization\",\"@id\":\"https:\/\/www.prijedordanas.com\/#organization\",\"name\":\"PrijedorDanas.com\",\"url\":\"https:\/\/www.prijedordanas.com\/\",\"logo\":{\"@type\":\"ImageObject\",\"inLanguage\":\"en-US\",\"@id\":\"https:\/\/www.prijedordanas.com\/#\/schema\/logo\/image\/\",\"url\":\"http:\/\/www.prijedordanas.com\/wp-content\/uploads\/2021\/12\/logopng.png\",\"contentUrl\":\"http:\/\/www.prijedordanas.com\/wp-content\/uploads\/2021\/12\/logopng.png\",\"width\":1019,\"height\":776,\"caption\":\"PrijedorDanas.com\"},\"image\":{\"@id\":\"https:\/\/www.prijedordanas.com\/#\/schema\/logo\/image\/\"},\"sameAs\":[\"https:\/\/www.facebook.com\/PrijedorDanasCom\/\"]},{\"@type\":\"Person\",\"@id\":\"https:\/\/www.prijedordanas.com\/#\/schema\/person\/4e08ccf29b506ca916ff86d46bb700e6\",\"name\":\"admin\",\"image\":{\"@type\":\"ImageObject\",\"inLanguage\":\"en-US\",\"@id\":\"https:\/\/www.prijedordanas.com\/#\/schema\/person\/image\/\",\"url\":\"https:\/\/secure.gravatar.com\/avatar\/1d3fc949d550f0b53a5f0d51e06dfd79?s=96&d=mm&r=g\",\"contentUrl\":\"https:\/\/secure.gravatar.com\/avatar\/1d3fc949d550f0b53a5f0d51e06dfd79?s=96&d=mm&r=g\",\"caption\":\"admin\"},\"url\":\"https:\/\/www.prijedordanas.com\/?author=1\"}]}<\/script>\n<!-- \/ Yoast SEO plugin. -->","yoast_head_json":{"title":"Prijedor: Klizi\u0161ta prekinula putnu komunikaciju u selu Ralja\u0161 - VIDEO - PrijedorDanas.com - Prijedorski gradski portal","robots":{"index":"index","follow":"follow","max-snippet":"max-snippet:-1","max-image-preview":"max-image-preview:large","max-video-preview":"max-video-preview:-1"},"canonical":"https:\/\/www.prijedordanas.com\/?p=206014","og_locale":"en_US","og_type":"article","og_title":"Prijedor: Klizi\u0161ta prekinula putnu komunikaciju u selu Ralja\u0161 - VIDEO - PrijedorDanas.com - Prijedorski gradski portal","og_description":"U Republici Srpskoj zabilje\u017eeno je dalje opadanje i stabilizacija vodostaja svih glavnih vodotokova. Me\u0111utim, mje\u0161tani sela Ralja\u0161 kod Ljubije ovih dana borbu vode sa klizi\u0161tima dok nadle\u017eni i ovaj put [&hellip;]","og_url":"https:\/\/www.prijedordanas.com\/?p=206014","og_site_name":"PrijedorDanas.com - Prijedorski gradski portal","article_publisher":"https:\/\/www.facebook.com\/PrijedorDanasCom\/","article_published_time":"2023-05-24T20:22:47+00:00","og_image":[{"url":"https:\/\/www.prijedordanas.com\/wp-content\/uploads\/2023\/05\/bntv-kliziste-raljas-maj2023-1-300x225.jpg"}],"author":"admin","twitter_card":"summary_large_image","twitter_misc":{"Written by":"admin","Est. reading time":"2 minutes"},"schema":{"@context":"https:\/\/schema.org","@graph":[{"@type":"Article","@id":"https:\/\/www.prijedordanas.com\/?p=206014#article","isPartOf":{"@id":"https:\/\/www.prijedordanas.com\/?p=206014"},"author":{"name":"admin","@id":"https:\/\/www.prijedordanas.com\/#\/schema\/person\/4e08ccf29b506ca916ff86d46bb700e6"},"headline":"Prijedor: Klizi\u0161ta prekinula putnu komunikaciju u selu Ralja\u0161 &#8211; VIDEO","datePublished":"2023-05-24T20:22:47+00:00","dateModified":"2023-05-24T20:22:47+00:00","mainEntityOfPage":{"@id":"https:\/\/www.prijedordanas.com\/?p=206014"},"wordCount":336,"publisher":{"@id":"https:\/\/www.prijedordanas.com\/#organization"},"articleSection":["Dru\u0161tvo"],"inLanguage":"en-US"},{"@type":"WebPage","@id":"https:\/\/www.prijedordanas.com\/?p=206014","url":"https:\/\/www.prijedordanas.com\/?p=206014","name":"Prijedor: Klizi\u0161ta prekinula putnu komunikaciju u selu Ralja\u0161 - VIDEO - PrijedorDanas.com - Prijedorski gradski portal","isPartOf":{"@id":"https:\/\/www.prijedordanas.com\/#website"},"datePublished":"2023-05-24T20:22:47+00:00","dateModified":"2023-05-24T20:22:47+00:00","breadcrumb":{"@id":"https:\/\/www.prijedordanas.com\/?p=206014#breadcrumb"},"inLanguage":"en-US","potentialAction":[{"@type":"ReadAction","target":["https:\/\/www.prijedordanas.com\/?p=206014"]}]},{"@type":"BreadcrumbList","@id":"https:\/\/www.prijedordanas.com\/?p=206014#breadcrumb","itemListElement":[{"@type":"ListItem","position":1,"name":"Home","item":"https:\/\/www.prijedordanas.com\/"},{"@type":"ListItem","position":2,"name":"Prijedor: Klizi\u0161ta prekinula putnu komunikaciju u selu Ralja\u0161 &#8211; VIDEO"}]},{"@type":"WebSite","@id":"https:\/\/www.prijedordanas.com\/#website","url":"https:\/\/www.prijedordanas.com\/","name":"PrijedorDanas.com - Prijedorski gradski portal","description":"Portal o doga\u0111anjima u gradu Prijedoru","publisher":{"@id":"https:\/\/www.prijedordanas.com\/#organization"},"potentialAction":[{"@type":"SearchAction","target":{"@type":"EntryPoint","urlTemplate":"https:\/\/www.prijedordanas.com\/?s={search_term_string}"},"query-input":"required name=search_term_string"}],"inLanguage":"en-US"},{"@type":"Organization","@id":"https:\/\/www.prijedordanas.com\/#organization","name":"PrijedorDanas.com","url":"https:\/\/www.prijedordanas.com\/","logo":{"@type":"ImageObject","inLanguage":"en-US","@id":"https:\/\/www.prijedordanas.com\/#\/schema\/logo\/image\/","url":"http:\/\/www.prijedordanas.com\/wp-content\/uploads\/2021\/12\/logopng.png","contentUrl":"http:\/\/www.prijedordanas.com\/wp-content\/uploads\/2021\/12\/logopng.png","width":1019,"height":776,"caption":"PrijedorDanas.com"},"image":{"@id":"https:\/\/www.prijedordanas.com\/#\/schema\/logo\/image\/"},"sameAs":["https:\/\/www.facebook.com\/PrijedorDanasCom\/"]},{"@type":"Person","@id":"https:\/\/www.prijedordanas.com\/#\/schema\/person\/4e08ccf29b506ca916ff86d46bb700e6","name":"admin","image":{"@type":"ImageObject","inLanguage":"en-US","@id":"https:\/\/www.prijedordanas.com\/#\/schema\/person\/image\/","url":"https:\/\/secure.gravatar.com\/avatar\/1d3fc949d550f0b53a5f0d51e06dfd79?s=96&d=mm&r=g","contentUrl":"https:\/\/secure.gravatar.com\/avatar\/1d3fc949d550f0b53a5f0d51e06dfd79?s=96&d=mm&r=g","caption":"admin"},"url":"https:\/\/www.prijedordanas.com\/?author=1"}]}},"_links":{"self":[{"href":"https:\/\/www.prijedordanas.com\/index.php?rest_route=\/wp\/v2\/posts\/206014"}],"collection":[{"href":"https:\/\/www.prijedordanas.com\/index.php?rest_route=\/wp\/v2\/posts"}],"about":[{"href":"https:\/\/www.prijedordanas.com\/index.php?rest_route=\/wp\/v2\/types\/post"}],"author":[{"embeddable":true,"href":"https:\/\/www.prijedordanas.com\/index.php?rest_route=\/wp\/v2\/users\/1"}],"replies":[{"embeddable":true,"href":"https:\/\/www.prijedordanas.com\/index.php?rest_route=%2Fwp%2Fv2%2Fcomments&post=206014"}],"version-history":[{"count":1,"href":"https:\/\/www.prijedordanas.com\/index.php?rest_route=\/wp\/v2\/posts\/206014\/revisions"}],"predecessor-version":[{"id":206017,"href":"https:\/\/www.prijedordanas.com\/index.php?rest_route=\/wp\/v2\/posts\/206014\/revisions\/206017"}],"wp:attachment":[{"href":"https:\/\/www.prijedordanas.com\/index.php?rest_route=%2Fwp%2Fv2%2Fmedia&parent=206014"}],"wp:term":[{"taxonomy":"category","embeddable":true,"href":"https:\/\/www.prijedordanas.com\/index.php?rest_route=%2Fwp%2Fv2%2Fcategories&post=206014"},{"taxonomy":"post_tag","embeddable":true,"href":"https:\/\/www.prijedordanas.com\/index.php?rest_route=%2Fwp%2Fv2%2Ftags&post=206014"}],"curies":[{"name":"wp","href":"https:\/\/api.w.org\/{rel}","templated":true}]}}